{"id":51059,"date":"2024-11-29T10:00:33","date_gmt":"2024-11-29T09:00:33","guid":{"rendered":"https:\/\/www.covb.cat\/?p=51059"},"modified":"2024-11-27T16:52:48","modified_gmt":"2024-11-27T15:52:48","slug":"ya-puedes-ver-la-grabacion-de-la-formacion-sobre-la-comunicacion-de-prescripciones-de-antibioticos","status":"publish","type":"post","link":"https:\/\/www.covb.cat\/es\/actualitat\/noticies\/general\/ya-puedes-ver-la-grabacion-de-la-formacion-sobre-la-comunicacion-de-prescripciones-de-antibioticos\/","title":{"rendered":"Ya puedes ver la grabaci\u00f3n de la formaci\u00f3n sobre la comunicaci\u00f3n de prescripciones de antibi\u00f3ticos"},"content":{"rendered":"<p>La grabaci\u00f3n de la sesi\u00f3n formativa del pasado 26 de noviembre ya est\u00e1 disponible en el canal de YouTube del Consejo de Colegios Veterinarios de Catalu\u00f1a (CCVC). Esta jornada online, que cont\u00f3 con la participaci\u00f3n de m\u00e1s de 110 veterinarios, se centr\u00f3 en reforzar los conocimientos sobre la lucha contra las resistencias antimicrobianas y el procedimiento para comunicar las prescripciones de antibi\u00f3ticos para animales de compa\u00f1\u00eda.<\/p>\n<p>Durante la sesi\u00f3n, organizada por el Departamento de Agricultura, Ganader\u00eda, Pesca y Alimentaci\u00f3n (DARPA), se trataron temas cr\u00edticos como:<br \/>\n\ud83d\udd39 Lucha contra las resistencias antimicrobianas y vigilancia del consumo de antimicrobianos.<br \/>\n\ud83d\udd39 Procedimiento para la comunicaci\u00f3n de prescripciones de antibi\u00f3ticos.<\/p>\n<p>\ud83c\udfa5 Puedes ver la grabaci\u00f3n en este enlace: <a href=\"https:\/\/www.veterinaris.cat\/actualitat\/multimedia\/\">Canal multimedia del CCVC<\/a><\/p>\n<p>Actual\u00edzate en un tema clave para la salud p\u00fablica y animal.<\/p>\n","protected":false},"excerpt":{"rendered":"<p>La grabaci\u00f3n de la sesi\u00f3n formativa del pasado 26 de noviembre ya est\u00e1 disponible en el canal de YouTube del Consejo de Colegios Veterinarios de Catalu\u00f1a (CCVC). Esta jornada online, que cont\u00f3 con la participaci\u00f3n de m\u00e1s de 110 veterinarios, se centr\u00f3 en reforzar los conocimientos sobre la lucha contra las resistencias antimicrobianas y el [&hellip;]<\/p>\n","protected":false},"author":106,"featured_media":51057,"comment_status":"closed","ping_status":"closed","sticky":false,"template":"","format":"standard","meta":{"_monsterinsights_skip_tracking":false,"_monsterinsights_sitenote_active":false,"_monsterinsights_sitenote_note":"","_monsterinsights_sitenote_category":0,"_jetpack_memberships_contains_paid_content":false,"footnotes":""},"categories":[17,342],"tags":[],"class_list":["post-51059","post","type-post","status-publish","format-standard","has-post-thumbnail","hentry","category-general","category-pequenos-animales"],"yoast_head":"<!-- This site is optimized with the Yoast SEO plugin v27.0 - https:\/\/yoast.com\/product\/yoast-seo-wordpress\/ -->\n<title>Ya puedes ver la grabaci\u00f3n de la formaci\u00f3n sobre la comunicaci\u00f3n de prescripciones de antibi\u00f3ticos - COVB - Col\u00b7legi Oficial de Veterinaris de Barcelona<\/title>\n<meta name=\"description\" content=\"La grabaci\u00f3n de la sesi\u00f3n formativa del pasado 26 de noviembre ya est\u00e1 disponible en el canal de YouTube del Consejo de Colegios Veterinarios de Catalu\u00f1a\" \/>\n<meta name=\"robots\" content=\"index, follow, max-snippet:-1, max-image-preview:large, max-video-preview:-1\" \/>\n<link rel=\"canonical\" href=\"https:\/\/www.covb.cat\/es\/actualitat\/noticies\/general\/ya-puedes-ver-la-grabacion-de-la-formacion-sobre-la-comunicacion-de-prescripciones-de-antibioticos\/\" \/>\n<meta property=\"og:locale\" content=\"es_ES\" \/>\n<meta property=\"og:type\" content=\"article\" \/>\n<meta property=\"og:title\" content=\"Ya puedes ver la grabaci\u00f3n de la formaci\u00f3n sobre la comunicaci\u00f3n de prescripciones de antibi\u00f3ticos - COVB - Col\u00b7legi Oficial de Veterinaris de Barcelona\" \/>\n<meta property=\"og:description\" content=\"La grabaci\u00f3n de la sesi\u00f3n formativa del pasado 26 de noviembre ya est\u00e1 disponible en el canal de YouTube del Consejo de Colegios Veterinarios de Catalu\u00f1a\" \/>\n<meta property=\"og:url\" content=\"https:\/\/www.covb.cat\/es\/actualitat\/noticies\/general\/ya-puedes-ver-la-grabacion-de-la-formacion-sobre-la-comunicacion-de-prescripciones-de-antibioticos\/\" \/>\n<meta property=\"og:site_name\" content=\"COVB\" \/>\n<meta property=\"article:publisher\" content=\"https:\/\/www.facebook.com\/COVBcat\/\" \/>\n<meta property=\"article:published_time\" content=\"2024-11-29T09:00:33+00:00\" \/>\n<meta property=\"og:image\" content=\"https:\/\/www.covb.cat\/wp-content\/uploads\/2024\/11\/prescripcio-Ab-WEB.jpg\" \/>\n\t<meta property=\"og:image:width\" content=\"1200\" \/>\n\t<meta property=\"og:image:height\" content=\"800\" \/>\n\t<meta property=\"og:image:type\" content=\"image\/jpeg\" \/>\n<meta name=\"twitter:card\" content=\"summary_large_image\" \/>\n<meta name=\"twitter:creator\" content=\"@COVBcat\" \/>\n<meta name=\"twitter:site\" content=\"@COVBcat\" \/>\n<meta name=\"twitter:label1\" content=\"Escrito por\" \/>\n\t<meta name=\"twitter:data1\" content=\"\" \/>\n\t<meta name=\"twitter:label2\" content=\"Tiempo de lectura\" \/>\n\t<meta name=\"twitter:data2\" content=\"1 minuto\" \/>\n<script type=\"application\/ld+json\" class=\"yoast-schema-graph\">{\"@context\":\"https:\/\/schema.org\",\"@graph\":[{\"@type\":\"Article\",\"@id\":\"https:\/\/www.covb.cat\/es\/actualitat\/noticies\/general\/ya-puedes-ver-la-grabacion-de-la-formacion-sobre-la-comunicacion-de-prescripciones-de-antibioticos\/#article\",\"isPartOf\":{\"@id\":\"https:\/\/www.covb.cat\/es\/actualitat\/noticies\/general\/ya-puedes-ver-la-grabacion-de-la-formacion-sobre-la-comunicacion-de-prescripciones-de-antibioticos\/\"},\"author\":{\"name\":\"\",\"@id\":\"\"},\"headline\":\"Ya puedes ver la grabaci\u00f3n de la formaci\u00f3n sobre la comunicaci\u00f3n de prescripciones de antibi\u00f3ticos\",\"datePublished\":\"2024-11-29T09:00:33+00:00\",\"mainEntityOfPage\":{\"@id\":\"https:\/\/www.covb.cat\/es\/actualitat\/noticies\/general\/ya-puedes-ver-la-grabacion-de-la-formacion-sobre-la-comunicacion-de-prescripciones-de-antibioticos\/\"},\"wordCount\":159,\"publisher\":{\"@id\":\"https:\/\/www.covb.cat\/es\/#organization\"},\"image\":{\"@id\":\"https:\/\/www.covb.cat\/es\/actualitat\/noticies\/general\/ya-puedes-ver-la-grabacion-de-la-formacion-sobre-la-comunicacion-de-prescripciones-de-antibioticos\/#primaryimage\"},\"thumbnailUrl\":\"https:\/\/www.covb.cat\/wp-content\/uploads\/2024\/11\/prescripcio-Ab-WEB.jpg\",\"articleSection\":[\"General\",\"Peque\u00f1os animales\"],\"inLanguage\":\"es\"},{\"@type\":\"WebPage\",\"@id\":\"https:\/\/www.covb.cat\/es\/actualitat\/noticies\/general\/ya-puedes-ver-la-grabacion-de-la-formacion-sobre-la-comunicacion-de-prescripciones-de-antibioticos\/\",\"url\":\"https:\/\/www.covb.cat\/es\/actualitat\/noticies\/general\/ya-puedes-ver-la-grabacion-de-la-formacion-sobre-la-comunicacion-de-prescripciones-de-antibioticos\/\",\"name\":\"Ya puedes ver la grabaci\u00f3n de la formaci\u00f3n sobre la comunicaci\u00f3n de prescripciones de antibi\u00f3ticos - COVB - Col\u00b7legi Oficial de Veterinaris de Barcelona\",\"isPartOf\":{\"@id\":\"https:\/\/www.covb.cat\/es\/#website\"},\"primaryImageOfPage\":{\"@id\":\"https:\/\/www.covb.cat\/es\/actualitat\/noticies\/general\/ya-puedes-ver-la-grabacion-de-la-formacion-sobre-la-comunicacion-de-prescripciones-de-antibioticos\/#primaryimage\"},\"image\":{\"@id\":\"https:\/\/www.covb.cat\/es\/actualitat\/noticies\/general\/ya-puedes-ver-la-grabacion-de-la-formacion-sobre-la-comunicacion-de-prescripciones-de-antibioticos\/#primaryimage\"},\"thumbnailUrl\":\"https:\/\/www.covb.cat\/wp-content\/uploads\/2024\/11\/prescripcio-Ab-WEB.jpg\",\"datePublished\":\"2024-11-29T09:00:33+00:00\",\"description\":\"La grabaci\u00f3n de la sesi\u00f3n formativa del pasado 26 de noviembre ya est\u00e1 disponible en el canal de YouTube del Consejo de Colegios Veterinarios de Catalu\u00f1a\",\"breadcrumb\":{\"@id\":\"https:\/\/www.covb.cat\/es\/actualitat\/noticies\/general\/ya-puedes-ver-la-grabacion-de-la-formacion-sobre-la-comunicacion-de-prescripciones-de-antibioticos\/#breadcrumb\"},\"inLanguage\":\"es\",\"potentialAction\":[{\"@type\":\"ReadAction\",\"target\":[\"https:\/\/www.covb.cat\/es\/actualitat\/noticies\/general\/ya-puedes-ver-la-grabacion-de-la-formacion-sobre-la-comunicacion-de-prescripciones-de-antibioticos\/\"]}]},{\"@type\":\"ImageObject\",\"inLanguage\":\"es\",\"@id\":\"https:\/\/www.covb.cat\/es\/actualitat\/noticies\/general\/ya-puedes-ver-la-grabacion-de-la-formacion-sobre-la-comunicacion-de-prescripciones-de-antibioticos\/#primaryimage\",\"url\":\"https:\/\/www.covb.cat\/wp-content\/uploads\/2024\/11\/prescripcio-Ab-WEB.jpg\",\"contentUrl\":\"https:\/\/www.covb.cat\/wp-content\/uploads\/2024\/11\/prescripcio-Ab-WEB.jpg\",\"width\":1200,\"height\":800},{\"@type\":\"BreadcrumbList\",\"@id\":\"https:\/\/www.covb.cat\/es\/actualitat\/noticies\/general\/ya-puedes-ver-la-grabacion-de-la-formacion-sobre-la-comunicacion-de-prescripciones-de-antibioticos\/#breadcrumb\",\"itemListElement\":[{\"@type\":\"ListItem\",\"position\":1,\"name\":\"Inici\",\"item\":\"https:\/\/www.covb.cat\/es\/\"},{\"@type\":\"ListItem\",\"position\":2,\"name\":\"Ya puedes ver la grabaci\u00f3n de la formaci\u00f3n sobre la comunicaci\u00f3n de prescripciones de antibi\u00f3ticos\"}]},{\"@type\":\"WebSite\",\"@id\":\"https:\/\/www.covb.cat\/es\/#website\",\"url\":\"https:\/\/www.covb.cat\/es\/\",\"name\":\"COVB\",\"description\":\"Col\u00b7legi Oficial de Veterinaris de Barcelona\",\"publisher\":{\"@id\":\"https:\/\/www.covb.cat\/es\/#organization\"},\"potentialAction\":[{\"@type\":\"SearchAction\",\"target\":{\"@type\":\"EntryPoint\",\"urlTemplate\":\"https:\/\/www.covb.cat\/es\/?s={search_term_string}\"},\"query-input\":{\"@type\":\"PropertyValueSpecification\",\"valueRequired\":true,\"valueName\":\"search_term_string\"}}],\"inLanguage\":\"es\"},{\"@type\":\"Organization\",\"@id\":\"https:\/\/www.covb.cat\/es\/#organization\",\"name\":\"COVB\",\"url\":\"https:\/\/www.covb.cat\/es\/\",\"logo\":{\"@type\":\"ImageObject\",\"inLanguage\":\"es\",\"@id\":\"https:\/\/www.covb.cat\/es\/#\/schema\/logo\/image\/\",\"url\":\"https:\/\/www.covb.cat\/wp-content\/uploads\/2018\/07\/favicon-covb.png\",\"contentUrl\":\"https:\/\/www.covb.cat\/wp-content\/uploads\/2018\/07\/favicon-covb.png\",\"width\":512,\"height\":512,\"caption\":\"COVB\"},\"image\":{\"@id\":\"https:\/\/www.covb.cat\/es\/#\/schema\/logo\/image\/\"},\"sameAs\":[\"https:\/\/www.facebook.com\/COVBcat\/\",\"https:\/\/x.com\/COVBcat\",\"https:\/\/www.youtube.com\/user\/covbcn\"]},{\"@type\":\"Person\",\"@id\":\"\"}]}<\/script>\n<!-- \/ Yoast SEO plugin. -->","yoast_head_json":{"title":"Ya puedes ver la grabaci\u00f3n de la formaci\u00f3n sobre la comunicaci\u00f3n de prescripciones de antibi\u00f3ticos - COVB - Col\u00b7legi Oficial de Veterinaris de Barcelona","description":"La grabaci\u00f3n de la sesi\u00f3n formativa del pasado 26 de noviembre ya est\u00e1 disponible en el canal de YouTube del Consejo de Colegios Veterinarios de Catalu\u00f1a","robots":{"index":"index","follow":"follow","max-snippet":"max-snippet:-1","max-image-preview":"max-image-preview:large","max-video-preview":"max-video-preview:-1"},"canonical":"https:\/\/www.covb.cat\/es\/actualitat\/noticies\/general\/ya-puedes-ver-la-grabacion-de-la-formacion-sobre-la-comunicacion-de-prescripciones-de-antibioticos\/","og_locale":"es_ES","og_type":"article","og_title":"Ya puedes ver la grabaci\u00f3n de la formaci\u00f3n sobre la comunicaci\u00f3n de prescripciones de antibi\u00f3ticos - COVB - Col\u00b7legi Oficial de Veterinaris de Barcelona","og_description":"La grabaci\u00f3n de la sesi\u00f3n formativa del pasado 26 de noviembre ya est\u00e1 disponible en el canal de YouTube del Consejo de Colegios Veterinarios de Catalu\u00f1a","og_url":"https:\/\/www.covb.cat\/es\/actualitat\/noticies\/general\/ya-puedes-ver-la-grabacion-de-la-formacion-sobre-la-comunicacion-de-prescripciones-de-antibioticos\/","og_site_name":"COVB","article_publisher":"https:\/\/www.facebook.com\/COVBcat\/","article_published_time":"2024-11-29T09:00:33+00:00","og_image":[{"width":1200,"height":800,"url":"https:\/\/www.covb.cat\/wp-content\/uploads\/2024\/11\/prescripcio-Ab-WEB.jpg","type":"image\/jpeg"}],"twitter_card":"summary_large_image","twitter_creator":"@COVBcat","twitter_site":"@COVBcat","twitter_misc":{"Escrito por":"","Tiempo de lectura":"1 minuto"},"schema":{"@context":"https:\/\/schema.org","@graph":[{"@type":"Article","@id":"https:\/\/www.covb.cat\/es\/actualitat\/noticies\/general\/ya-puedes-ver-la-grabacion-de-la-formacion-sobre-la-comunicacion-de-prescripciones-de-antibioticos\/#article","isPartOf":{"@id":"https:\/\/www.covb.cat\/es\/actualitat\/noticies\/general\/ya-puedes-ver-la-grabacion-de-la-formacion-sobre-la-comunicacion-de-prescripciones-de-antibioticos\/"},"author":{"name":"","@id":""},"headline":"Ya puedes ver la grabaci\u00f3n de la formaci\u00f3n sobre la comunicaci\u00f3n de prescripciones de antibi\u00f3ticos","datePublished":"2024-11-29T09:00:33+00:00","mainEntityOfPage":{"@id":"https:\/\/www.covb.cat\/es\/actualitat\/noticies\/general\/ya-puedes-ver-la-grabacion-de-la-formacion-sobre-la-comunicacion-de-prescripciones-de-antibioticos\/"},"wordCount":159,"publisher":{"@id":"https:\/\/www.covb.cat\/es\/#organization"},"image":{"@id":"https:\/\/www.covb.cat\/es\/actualitat\/noticies\/general\/ya-puedes-ver-la-grabacion-de-la-formacion-sobre-la-comunicacion-de-prescripciones-de-antibioticos\/#primaryimage"},"thumbnailUrl":"https:\/\/www.covb.cat\/wp-content\/uploads\/2024\/11\/prescripcio-Ab-WEB.jpg","articleSection":["General","Peque\u00f1os animales"],"inLanguage":"es"},{"@type":"WebPage","@id":"https:\/\/www.covb.cat\/es\/actualitat\/noticies\/general\/ya-puedes-ver-la-grabacion-de-la-formacion-sobre-la-comunicacion-de-prescripciones-de-antibioticos\/","url":"https:\/\/www.covb.cat\/es\/actualitat\/noticies\/general\/ya-puedes-ver-la-grabacion-de-la-formacion-sobre-la-comunicacion-de-prescripciones-de-antibioticos\/","name":"Ya puedes ver la grabaci\u00f3n de la formaci\u00f3n sobre la comunicaci\u00f3n de prescripciones de antibi\u00f3ticos - COVB - Col\u00b7legi Oficial de Veterinaris de Barcelona","isPartOf":{"@id":"https:\/\/www.covb.cat\/es\/#website"},"primaryImageOfPage":{"@id":"https:\/\/www.covb.cat\/es\/actualitat\/noticies\/general\/ya-puedes-ver-la-grabacion-de-la-formacion-sobre-la-comunicacion-de-prescripciones-de-antibioticos\/#primaryimage"},"image":{"@id":"https:\/\/www.covb.cat\/es\/actualitat\/noticies\/general\/ya-puedes-ver-la-grabacion-de-la-formacion-sobre-la-comunicacion-de-prescripciones-de-antibioticos\/#primaryimage"},"thumbnailUrl":"https:\/\/www.covb.cat\/wp-content\/uploads\/2024\/11\/prescripcio-Ab-WEB.jpg","datePublished":"2024-11-29T09:00:33+00:00","description":"La grabaci\u00f3n de la sesi\u00f3n formativa del pasado 26 de noviembre ya est\u00e1 disponible en el canal de YouTube del Consejo de Colegios Veterinarios de Catalu\u00f1a","breadcrumb":{"@id":"https:\/\/www.covb.cat\/es\/actualitat\/noticies\/general\/ya-puedes-ver-la-grabacion-de-la-formacion-sobre-la-comunicacion-de-prescripciones-de-antibioticos\/#breadcrumb"},"inLanguage":"es","potentialAction":[{"@type":"ReadAction","target":["https:\/\/www.covb.cat\/es\/actualitat\/noticies\/general\/ya-puedes-ver-la-grabacion-de-la-formacion-sobre-la-comunicacion-de-prescripciones-de-antibioticos\/"]}]},{"@type":"ImageObject","inLanguage":"es","@id":"https:\/\/www.covb.cat\/es\/actualitat\/noticies\/general\/ya-puedes-ver-la-grabacion-de-la-formacion-sobre-la-comunicacion-de-prescripciones-de-antibioticos\/#primaryimage","url":"https:\/\/www.covb.cat\/wp-content\/uploads\/2024\/11\/prescripcio-Ab-WEB.jpg","contentUrl":"https:\/\/www.covb.cat\/wp-content\/uploads\/2024\/11\/prescripcio-Ab-WEB.jpg","width":1200,"height":800},{"@type":"BreadcrumbList","@id":"https:\/\/www.covb.cat\/es\/actualitat\/noticies\/general\/ya-puedes-ver-la-grabacion-de-la-formacion-sobre-la-comunicacion-de-prescripciones-de-antibioticos\/#breadcrumb","itemListElement":[{"@type":"ListItem","position":1,"name":"Inici","item":"https:\/\/www.covb.cat\/es\/"},{"@type":"ListItem","position":2,"name":"Ya puedes ver la grabaci\u00f3n de la formaci\u00f3n sobre la comunicaci\u00f3n de prescripciones de antibi\u00f3ticos"}]},{"@type":"WebSite","@id":"https:\/\/www.covb.cat\/es\/#website","url":"https:\/\/www.covb.cat\/es\/","name":"COVB","description":"Col\u00b7legi Oficial de Veterinaris de Barcelona","publisher":{"@id":"https:\/\/www.covb.cat\/es\/#organization"},"potentialAction":[{"@type":"SearchAction","target":{"@type":"EntryPoint","urlTemplate":"https:\/\/www.covb.cat\/es\/?s={search_term_string}"},"query-input":{"@type":"PropertyValueSpecification","valueRequired":true,"valueName":"search_term_string"}}],"inLanguage":"es"},{"@type":"Organization","@id":"https:\/\/www.covb.cat\/es\/#organization","name":"COVB","url":"https:\/\/www.covb.cat\/es\/","logo":{"@type":"ImageObject","inLanguage":"es","@id":"https:\/\/www.covb.cat\/es\/#\/schema\/logo\/image\/","url":"https:\/\/www.covb.cat\/wp-content\/uploads\/2018\/07\/favicon-covb.png","contentUrl":"https:\/\/www.covb.cat\/wp-content\/uploads\/2018\/07\/favicon-covb.png","width":512,"height":512,"caption":"COVB"},"image":{"@id":"https:\/\/www.covb.cat\/es\/#\/schema\/logo\/image\/"},"sameAs":["https:\/\/www.facebook.com\/COVBcat\/","https:\/\/x.com\/COVBcat","https:\/\/www.youtube.com\/user\/covbcn"]},{"@type":"Person","@id":""}]}},"jetpack_featured_media_url":"https:\/\/www.covb.cat\/wp-content\/uploads\/2024\/11\/prescripcio-Ab-WEB.jpg","jetpack_sharing_enabled":true,"_links":{"self":[{"href":"https:\/\/www.covb.cat\/es\/wp-json\/wp\/v2\/posts\/51059","targetHints":{"allow":["GET"]}}],"collection":[{"href":"https:\/\/www.covb.cat\/es\/wp-json\/wp\/v2\/posts"}],"about":[{"href":"https:\/\/www.covb.cat\/es\/wp-json\/wp\/v2\/types\/post"}],"author":[{"embeddable":true,"href":"https:\/\/www.covb.cat\/es\/wp-json\/wp\/v2\/users\/106"}],"replies":[{"embeddable":true,"href":"https:\/\/www.covb.cat\/es\/wp-json\/wp\/v2\/comments?post=51059"}],"version-history":[{"count":1,"href":"https:\/\/www.covb.cat\/es\/wp-json\/wp\/v2\/posts\/51059\/revisions"}],"predecessor-version":[{"id":51060,"href":"https:\/\/www.covb.cat\/es\/wp-json\/wp\/v2\/posts\/51059\/revisions\/51060"}],"wp:featuredmedia":[{"embeddable":true,"href":"https:\/\/www.covb.cat\/es\/wp-json\/wp\/v2\/media\/51057"}],"wp:attachment":[{"href":"https:\/\/www.covb.cat\/es\/wp-json\/wp\/v2\/media?parent=51059"}],"wp:term":[{"taxonomy":"category","embeddable":true,"href":"https:\/\/www.covb.cat\/es\/wp-json\/wp\/v2\/categories?post=51059"},{"taxonomy":"post_tag","embeddable":true,"href":"https:\/\/www.covb.cat\/es\/wp-json\/wp\/v2\/tags?post=51059"}],"curies":[{"name":"wp","href":"https:\/\/api.w.org\/{rel}","templated":true}]}}