{"id":49092,"date":"2024-09-20T19:50:38","date_gmt":"2024-09-20T17:50:38","guid":{"rendered":"https:\/\/www.covb.cat\/?p=49092"},"modified":"2024-10-01T19:50:57","modified_gmt":"2024-10-01T17:50:57","slug":"reconocido-oficialmente-el-proceso-de-acreditacion-de-avepa","status":"publish","type":"post","link":"https:\/\/www.covb.cat\/es\/actualitat\/noticies\/general\/reconocido-oficialmente-el-proceso-de-acreditacion-de-avepa\/","title":{"rendered":"Reconocido oficialmente el proceso de acreditaci\u00f3n de AVEPA"},"content":{"rendered":"<p>La Asociaci\u00f3n de Veterinarios Espa\u00f1oles Especialistas en Peque\u00f1os Animales (AVEPA) ha firmado un convenio con el Consejo General de Colegios Veterinarios de Espa\u00f1a que reconoce oficialmente su proceso de acreditaci\u00f3n en especialidades veterinarias.<\/p>\n<p>Este reconocimiento, formalizado el 28 de junio de 2024, permitir\u00e1 que los veterinarios acreditados por AVEPA obtengan t\u00edtulos de certificaci\u00f3n oficiales por parte del Consejo. El proyecto establece dos niveles de especializaci\u00f3n:<\/p>\n<ul>\n<li><strong>Nivel intermedio<\/strong>: \u00abCertificado OCV de peque\u00f1os animales\u00bb para los veterinarios acreditados por AVEPA.<\/li>\n<li><strong>Nivel superior<\/strong>: Diploma europeo o americano en especialidades veterinarias.<\/li>\n<\/ul>\n<p>Esta medida refuerza la confianza y el prestigio de las especialidades veterinarias, respondiendo a la demanda creciente del sector. Pr\u00f3ximamente, AVEPA continuar\u00e1 informando sobre los procedimientos para obtener el Certificado OCV de peque\u00f1os animales.<\/p>\n","protected":false},"excerpt":{"rendered":"<p>La Asociaci\u00f3n de Veterinarios Espa\u00f1oles Especialistas en Peque\u00f1os Animales (AVEPA) ha firmado un convenio con el Consejo General de Colegios Veterinarios de Espa\u00f1a que reconoce oficialmente su proceso de acreditaci\u00f3n en especialidades veterinarias. Este reconocimiento, formalizado el 28 de junio de 2024, permitir\u00e1 que los veterinarios acreditados por AVEPA obtengan t\u00edtulos de certificaci\u00f3n oficiales por [&hellip;]<\/p>\n","protected":false},"author":106,"featured_media":48730,"comment_status":"closed","ping_status":"closed","sticky":false,"template":"","format":"standard","meta":{"_monsterinsights_skip_tracking":false,"_monsterinsights_sitenote_active":false,"_monsterinsights_sitenote_note":"","_monsterinsights_sitenote_category":0,"_jetpack_memberships_contains_paid_content":false,"footnotes":""},"categories":[17,164],"tags":[],"class_list":["post-49092","post","type-post","status-publish","format-standard","has-post-thumbnail","hentry","category-general","category-profesional"],"yoast_head":"<!-- This site is optimized with the Yoast SEO plugin v27.0 - https:\/\/yoast.com\/product\/yoast-seo-wordpress\/ -->\n<title>Reconocido oficialmente el proceso de acreditaci\u00f3n de AVEPA - COVB - Col\u00b7legi Oficial de Veterinaris de Barcelona<\/title>\n<meta name=\"description\" content=\"La Asociaci\u00f3n de Veterinarios Espa\u00f1oles Especialistas en Peque\u00f1os Animales (AVEPA) ha firmado un convenio con el Consejo General de Colegios Veterinarios\" \/>\n<meta name=\"robots\" content=\"index, follow, max-snippet:-1, max-image-preview:large, max-video-preview:-1\" \/>\n<link rel=\"canonical\" href=\"https:\/\/www.covb.cat\/es\/actualitat\/noticies\/general\/reconocido-oficialmente-el-proceso-de-acreditacion-de-avepa\/\" \/>\n<meta property=\"og:locale\" content=\"es_ES\" \/>\n<meta property=\"og:type\" content=\"article\" \/>\n<meta property=\"og:title\" content=\"Reconocido oficialmente el proceso de acreditaci\u00f3n de AVEPA - COVB - Col\u00b7legi Oficial de Veterinaris de Barcelona\" \/>\n<meta property=\"og:description\" content=\"La Asociaci\u00f3n de Veterinarios Espa\u00f1oles Especialistas en Peque\u00f1os Animales (AVEPA) ha firmado un convenio con el Consejo General de Colegios Veterinarios\" \/>\n<meta property=\"og:url\" content=\"https:\/\/www.covb.cat\/es\/actualitat\/noticies\/general\/reconocido-oficialmente-el-proceso-de-acreditacion-de-avepa\/\" \/>\n<meta property=\"og:site_name\" content=\"COVB\" \/>\n<meta property=\"article:publisher\" content=\"https:\/\/www.facebook.com\/COVBcat\/\" \/>\n<meta property=\"article:published_time\" content=\"2024-09-20T17:50:38+00:00\" \/>\n<meta property=\"article:modified_time\" content=\"2024-10-01T17:50:57+00:00\" \/>\n<meta property=\"og:image\" content=\"https:\/\/www.covb.cat\/wp-content\/uploads\/2024\/09\/Acrecitacions-AVEPA-COVB-News-20_09_24.jpg\" \/>\n\t<meta property=\"og:image:width\" content=\"1080\" \/>\n\t<meta property=\"og:image:height\" content=\"1080\" \/>\n\t<meta property=\"og:image:type\" content=\"image\/jpeg\" \/>\n<meta name=\"twitter:card\" content=\"summary_large_image\" \/>\n<meta name=\"twitter:creator\" content=\"@COVBcat\" \/>\n<meta name=\"twitter:site\" content=\"@COVBcat\" \/>\n<meta name=\"twitter:label1\" content=\"Escrito por\" \/>\n\t<meta name=\"twitter:data1\" content=\"\" \/>\n\t<meta name=\"twitter:label2\" content=\"Tiempo de lectura\" \/>\n\t<meta name=\"twitter:data2\" content=\"1 minuto\" \/>\n<script type=\"application\/ld+json\" class=\"yoast-schema-graph\">{\"@context\":\"https:\/\/schema.org\",\"@graph\":[{\"@type\":\"Article\",\"@id\":\"https:\/\/www.covb.cat\/es\/actualitat\/noticies\/general\/reconocido-oficialmente-el-proceso-de-acreditacion-de-avepa\/#article\",\"isPartOf\":{\"@id\":\"https:\/\/www.covb.cat\/es\/actualitat\/noticies\/general\/reconocido-oficialmente-el-proceso-de-acreditacion-de-avepa\/\"},\"author\":{\"name\":\"\",\"@id\":\"\"},\"headline\":\"Reconocido oficialmente el proceso de acreditaci\u00f3n de AVEPA\",\"datePublished\":\"2024-09-20T17:50:38+00:00\",\"dateModified\":\"2024-10-01T17:50:57+00:00\",\"mainEntityOfPage\":{\"@id\":\"https:\/\/www.covb.cat\/es\/actualitat\/noticies\/general\/reconocido-oficialmente-el-proceso-de-acreditacion-de-avepa\/\"},\"wordCount\":139,\"publisher\":{\"@id\":\"https:\/\/www.covb.cat\/es\/#organization\"},\"image\":{\"@id\":\"https:\/\/www.covb.cat\/es\/actualitat\/noticies\/general\/reconocido-oficialmente-el-proceso-de-acreditacion-de-avepa\/#primaryimage\"},\"thumbnailUrl\":\"https:\/\/www.covb.cat\/wp-content\/uploads\/2024\/09\/Acrecitacions-AVEPA-COVB-News-20_09_24.jpg\",\"articleSection\":[\"General\",\"Profesi\u00f3n\"],\"inLanguage\":\"es\"},{\"@type\":\"WebPage\",\"@id\":\"https:\/\/www.covb.cat\/es\/actualitat\/noticies\/general\/reconocido-oficialmente-el-proceso-de-acreditacion-de-avepa\/\",\"url\":\"https:\/\/www.covb.cat\/es\/actualitat\/noticies\/general\/reconocido-oficialmente-el-proceso-de-acreditacion-de-avepa\/\",\"name\":\"Reconocido oficialmente el proceso de acreditaci\u00f3n de AVEPA - COVB - Col\u00b7legi Oficial de Veterinaris de Barcelona\",\"isPartOf\":{\"@id\":\"https:\/\/www.covb.cat\/es\/#website\"},\"primaryImageOfPage\":{\"@id\":\"https:\/\/www.covb.cat\/es\/actualitat\/noticies\/general\/reconocido-oficialmente-el-proceso-de-acreditacion-de-avepa\/#primaryimage\"},\"image\":{\"@id\":\"https:\/\/www.covb.cat\/es\/actualitat\/noticies\/general\/reconocido-oficialmente-el-proceso-de-acreditacion-de-avepa\/#primaryimage\"},\"thumbnailUrl\":\"https:\/\/www.covb.cat\/wp-content\/uploads\/2024\/09\/Acrecitacions-AVEPA-COVB-News-20_09_24.jpg\",\"datePublished\":\"2024-09-20T17:50:38+00:00\",\"dateModified\":\"2024-10-01T17:50:57+00:00\",\"description\":\"La Asociaci\u00f3n de Veterinarios Espa\u00f1oles Especialistas en Peque\u00f1os Animales (AVEPA) ha firmado un convenio con el Consejo General de Colegios Veterinarios\",\"breadcrumb\":{\"@id\":\"https:\/\/www.covb.cat\/es\/actualitat\/noticies\/general\/reconocido-oficialmente-el-proceso-de-acreditacion-de-avepa\/#breadcrumb\"},\"inLanguage\":\"es\",\"potentialAction\":[{\"@type\":\"ReadAction\",\"target\":[\"https:\/\/www.covb.cat\/es\/actualitat\/noticies\/general\/reconocido-oficialmente-el-proceso-de-acreditacion-de-avepa\/\"]}]},{\"@type\":\"ImageObject\",\"inLanguage\":\"es\",\"@id\":\"https:\/\/www.covb.cat\/es\/actualitat\/noticies\/general\/reconocido-oficialmente-el-proceso-de-acreditacion-de-avepa\/#primaryimage\",\"url\":\"https:\/\/www.covb.cat\/wp-content\/uploads\/2024\/09\/Acrecitacions-AVEPA-COVB-News-20_09_24.jpg\",\"contentUrl\":\"https:\/\/www.covb.cat\/wp-content\/uploads\/2024\/09\/Acrecitacions-AVEPA-COVB-News-20_09_24.jpg\",\"width\":1080,\"height\":1080},{\"@type\":\"BreadcrumbList\",\"@id\":\"https:\/\/www.covb.cat\/es\/actualitat\/noticies\/general\/reconocido-oficialmente-el-proceso-de-acreditacion-de-avepa\/#breadcrumb\",\"itemListElement\":[{\"@type\":\"ListItem\",\"position\":1,\"name\":\"Inici\",\"item\":\"https:\/\/www.covb.cat\/es\/\"},{\"@type\":\"ListItem\",\"position\":2,\"name\":\"Reconocido oficialmente el proceso de acreditaci\u00f3n de AVEPA\"}]},{\"@type\":\"WebSite\",\"@id\":\"https:\/\/www.covb.cat\/es\/#website\",\"url\":\"https:\/\/www.covb.cat\/es\/\",\"name\":\"COVB\",\"description\":\"Col\u00b7legi Oficial de Veterinaris de Barcelona\",\"publisher\":{\"@id\":\"https:\/\/www.covb.cat\/es\/#organization\"},\"potentialAction\":[{\"@type\":\"SearchAction\",\"target\":{\"@type\":\"EntryPoint\",\"urlTemplate\":\"https:\/\/www.covb.cat\/es\/?s={search_term_string}\"},\"query-input\":{\"@type\":\"PropertyValueSpecification\",\"valueRequired\":true,\"valueName\":\"search_term_string\"}}],\"inLanguage\":\"es\"},{\"@type\":\"Organization\",\"@id\":\"https:\/\/www.covb.cat\/es\/#organization\",\"name\":\"COVB\",\"url\":\"https:\/\/www.covb.cat\/es\/\",\"logo\":{\"@type\":\"ImageObject\",\"inLanguage\":\"es\",\"@id\":\"https:\/\/www.covb.cat\/es\/#\/schema\/logo\/image\/\",\"url\":\"https:\/\/www.covb.cat\/wp-content\/uploads\/2018\/07\/favicon-covb.png\",\"contentUrl\":\"https:\/\/www.covb.cat\/wp-content\/uploads\/2018\/07\/favicon-covb.png\",\"width\":512,\"height\":512,\"caption\":\"COVB\"},\"image\":{\"@id\":\"https:\/\/www.covb.cat\/es\/#\/schema\/logo\/image\/\"},\"sameAs\":[\"https:\/\/www.facebook.com\/COVBcat\/\",\"https:\/\/x.com\/COVBcat\",\"https:\/\/www.youtube.com\/user\/covbcn\"]},{\"@type\":\"Person\",\"@id\":\"\"}]}<\/script>\n<!-- \/ Yoast SEO plugin. -->","yoast_head_json":{"title":"Reconocido oficialmente el proceso de acreditaci\u00f3n de AVEPA - COVB - Col\u00b7legi Oficial de Veterinaris de Barcelona","description":"La Asociaci\u00f3n de Veterinarios Espa\u00f1oles Especialistas en Peque\u00f1os Animales (AVEPA) ha firmado un convenio con el Consejo General de Colegios Veterinarios","robots":{"index":"index","follow":"follow","max-snippet":"max-snippet:-1","max-image-preview":"max-image-preview:large","max-video-preview":"max-video-preview:-1"},"canonical":"https:\/\/www.covb.cat\/es\/actualitat\/noticies\/general\/reconocido-oficialmente-el-proceso-de-acreditacion-de-avepa\/","og_locale":"es_ES","og_type":"article","og_title":"Reconocido oficialmente el proceso de acreditaci\u00f3n de AVEPA - COVB - Col\u00b7legi Oficial de Veterinaris de Barcelona","og_description":"La Asociaci\u00f3n de Veterinarios Espa\u00f1oles Especialistas en Peque\u00f1os Animales (AVEPA) ha firmado un convenio con el Consejo General de Colegios Veterinarios","og_url":"https:\/\/www.covb.cat\/es\/actualitat\/noticies\/general\/reconocido-oficialmente-el-proceso-de-acreditacion-de-avepa\/","og_site_name":"COVB","article_publisher":"https:\/\/www.facebook.com\/COVBcat\/","article_published_time":"2024-09-20T17:50:38+00:00","article_modified_time":"2024-10-01T17:50:57+00:00","og_image":[{"width":1080,"height":1080,"url":"https:\/\/www.covb.cat\/wp-content\/uploads\/2024\/09\/Acrecitacions-AVEPA-COVB-News-20_09_24.jpg","type":"image\/jpeg"}],"twitter_card":"summary_large_image","twitter_creator":"@COVBcat","twitter_site":"@COVBcat","twitter_misc":{"Escrito por":"","Tiempo de lectura":"1 minuto"},"schema":{"@context":"https:\/\/schema.org","@graph":[{"@type":"Article","@id":"https:\/\/www.covb.cat\/es\/actualitat\/noticies\/general\/reconocido-oficialmente-el-proceso-de-acreditacion-de-avepa\/#article","isPartOf":{"@id":"https:\/\/www.covb.cat\/es\/actualitat\/noticies\/general\/reconocido-oficialmente-el-proceso-de-acreditacion-de-avepa\/"},"author":{"name":"","@id":""},"headline":"Reconocido oficialmente el proceso de acreditaci\u00f3n de AVEPA","datePublished":"2024-09-20T17:50:38+00:00","dateModified":"2024-10-01T17:50:57+00:00","mainEntityOfPage":{"@id":"https:\/\/www.covb.cat\/es\/actualitat\/noticies\/general\/reconocido-oficialmente-el-proceso-de-acreditacion-de-avepa\/"},"wordCount":139,"publisher":{"@id":"https:\/\/www.covb.cat\/es\/#organization"},"image":{"@id":"https:\/\/www.covb.cat\/es\/actualitat\/noticies\/general\/reconocido-oficialmente-el-proceso-de-acreditacion-de-avepa\/#primaryimage"},"thumbnailUrl":"https:\/\/www.covb.cat\/wp-content\/uploads\/2024\/09\/Acrecitacions-AVEPA-COVB-News-20_09_24.jpg","articleSection":["General","Profesi\u00f3n"],"inLanguage":"es"},{"@type":"WebPage","@id":"https:\/\/www.covb.cat\/es\/actualitat\/noticies\/general\/reconocido-oficialmente-el-proceso-de-acreditacion-de-avepa\/","url":"https:\/\/www.covb.cat\/es\/actualitat\/noticies\/general\/reconocido-oficialmente-el-proceso-de-acreditacion-de-avepa\/","name":"Reconocido oficialmente el proceso de acreditaci\u00f3n de AVEPA - COVB - Col\u00b7legi Oficial de Veterinaris de Barcelona","isPartOf":{"@id":"https:\/\/www.covb.cat\/es\/#website"},"primaryImageOfPage":{"@id":"https:\/\/www.covb.cat\/es\/actualitat\/noticies\/general\/reconocido-oficialmente-el-proceso-de-acreditacion-de-avepa\/#primaryimage"},"image":{"@id":"https:\/\/www.covb.cat\/es\/actualitat\/noticies\/general\/reconocido-oficialmente-el-proceso-de-acreditacion-de-avepa\/#primaryimage"},"thumbnailUrl":"https:\/\/www.covb.cat\/wp-content\/uploads\/2024\/09\/Acrecitacions-AVEPA-COVB-News-20_09_24.jpg","datePublished":"2024-09-20T17:50:38+00:00","dateModified":"2024-10-01T17:50:57+00:00","description":"La Asociaci\u00f3n de Veterinarios Espa\u00f1oles Especialistas en Peque\u00f1os Animales (AVEPA) ha firmado un convenio con el Consejo General de Colegios Veterinarios","breadcrumb":{"@id":"https:\/\/www.covb.cat\/es\/actualitat\/noticies\/general\/reconocido-oficialmente-el-proceso-de-acreditacion-de-avepa\/#breadcrumb"},"inLanguage":"es","potentialAction":[{"@type":"ReadAction","target":["https:\/\/www.covb.cat\/es\/actualitat\/noticies\/general\/reconocido-oficialmente-el-proceso-de-acreditacion-de-avepa\/"]}]},{"@type":"ImageObject","inLanguage":"es","@id":"https:\/\/www.covb.cat\/es\/actualitat\/noticies\/general\/reconocido-oficialmente-el-proceso-de-acreditacion-de-avepa\/#primaryimage","url":"https:\/\/www.covb.cat\/wp-content\/uploads\/2024\/09\/Acrecitacions-AVEPA-COVB-News-20_09_24.jpg","contentUrl":"https:\/\/www.covb.cat\/wp-content\/uploads\/2024\/09\/Acrecitacions-AVEPA-COVB-News-20_09_24.jpg","width":1080,"height":1080},{"@type":"BreadcrumbList","@id":"https:\/\/www.covb.cat\/es\/actualitat\/noticies\/general\/reconocido-oficialmente-el-proceso-de-acreditacion-de-avepa\/#breadcrumb","itemListElement":[{"@type":"ListItem","position":1,"name":"Inici","item":"https:\/\/www.covb.cat\/es\/"},{"@type":"ListItem","position":2,"name":"Reconocido oficialmente el proceso de acreditaci\u00f3n de AVEPA"}]},{"@type":"WebSite","@id":"https:\/\/www.covb.cat\/es\/#website","url":"https:\/\/www.covb.cat\/es\/","name":"COVB","description":"Col\u00b7legi Oficial de Veterinaris de Barcelona","publisher":{"@id":"https:\/\/www.covb.cat\/es\/#organization"},"potentialAction":[{"@type":"SearchAction","target":{"@type":"EntryPoint","urlTemplate":"https:\/\/www.covb.cat\/es\/?s={search_term_string}"},"query-input":{"@type":"PropertyValueSpecification","valueRequired":true,"valueName":"search_term_string"}}],"inLanguage":"es"},{"@type":"Organization","@id":"https:\/\/www.covb.cat\/es\/#organization","name":"COVB","url":"https:\/\/www.covb.cat\/es\/","logo":{"@type":"ImageObject","inLanguage":"es","@id":"https:\/\/www.covb.cat\/es\/#\/schema\/logo\/image\/","url":"https:\/\/www.covb.cat\/wp-content\/uploads\/2018\/07\/favicon-covb.png","contentUrl":"https:\/\/www.covb.cat\/wp-content\/uploads\/2018\/07\/favicon-covb.png","width":512,"height":512,"caption":"COVB"},"image":{"@id":"https:\/\/www.covb.cat\/es\/#\/schema\/logo\/image\/"},"sameAs":["https:\/\/www.facebook.com\/COVBcat\/","https:\/\/x.com\/COVBcat","https:\/\/www.youtube.com\/user\/covbcn"]},{"@type":"Person","@id":""}]}},"jetpack_featured_media_url":"https:\/\/www.covb.cat\/wp-content\/uploads\/2024\/09\/Acrecitacions-AVEPA-COVB-News-20_09_24.jpg","jetpack_sharing_enabled":true,"_links":{"self":[{"href":"https:\/\/www.covb.cat\/es\/wp-json\/wp\/v2\/posts\/49092","targetHints":{"allow":["GET"]}}],"collection":[{"href":"https:\/\/www.covb.cat\/es\/wp-json\/wp\/v2\/posts"}],"about":[{"href":"https:\/\/www.covb.cat\/es\/wp-json\/wp\/v2\/types\/post"}],"author":[{"embeddable":true,"href":"https:\/\/www.covb.cat\/es\/wp-json\/wp\/v2\/users\/106"}],"replies":[{"embeddable":true,"href":"https:\/\/www.covb.cat\/es\/wp-json\/wp\/v2\/comments?post=49092"}],"version-history":[{"count":0,"href":"https:\/\/www.covb.cat\/es\/wp-json\/wp\/v2\/posts\/49092\/revisions"}],"wp:featuredmedia":[{"embeddable":true,"href":"https:\/\/www.covb.cat\/es\/wp-json\/wp\/v2\/media\/48730"}],"wp:attachment":[{"href":"https:\/\/www.covb.cat\/es\/wp-json\/wp\/v2\/media?parent=49092"}],"wp:term":[{"taxonomy":"category","embeddable":true,"href":"https:\/\/www.covb.cat\/es\/wp-json\/wp\/v2\/categories?post=49092"},{"taxonomy":"post_tag","embeddable":true,"href":"https:\/\/www.covb.cat\/es\/wp-json\/wp\/v2\/tags?post=49092"}],"curies":[{"name":"wp","href":"https:\/\/api.w.org\/{rel}","templated":true}]}}