{"id":47568,"date":"2024-07-26T13:23:51","date_gmt":"2024-07-26T11:23:51","guid":{"rendered":"https:\/\/www.covb.cat\/?p=47568"},"modified":"2024-07-31T13:24:48","modified_gmt":"2024-07-31T11:24:48","slug":"recomendaciones-y-consejos-del-covb-para-adoptar-un-perro-en-verano","status":"publish","type":"post","link":"https:\/\/www.covb.cat\/es\/actualitat\/noticies\/general\/recomendaciones-y-consejos-del-covb-para-adoptar-un-perro-en-verano\/","title":{"rendered":"Recomendaciones y consejos del COVB para adoptar un perro en verano"},"content":{"rendered":"<p>Carolina Garc\u00eda, vocal de la Junta Directiva del COVB, ha participado en un reportaje publicado por el diario Ara que valora las ventajas y desventajas de la adopci\u00f3n durante el verano. Si bien las vacaciones son un buen momento para adoptar un perro, ya que las familias tienen m\u00e1s tiempo para dedicar al reci\u00e9n llegado, tambi\u00e9n hay que tener en cuenta que las rutinas y din\u00e1micas creadas no se rompan demasiado al volver del verano, ya que los perros tambi\u00e9n pueden sufrir estr\u00e9s post-vacacional.<br \/>\nLee <a href=\"https:\/\/www.ara.cat\/estils\/vols-adoptar-gos-l-estiu-pot-millor-moment_130_5092557.html\" target=\"_blank\" rel=\"noopener\">aqu\u00ed el art\u00edculo<\/a><\/p>\n","protected":false},"excerpt":{"rendered":"<p>Carolina Garc\u00eda, vocal de la Junta Directiva del COVB, ha participado en un reportaje publicado por el diario Ara que valora las ventajas y desventajas de la adopci\u00f3n durante el verano. Si bien las vacaciones son un buen momento para adoptar un perro, ya que las familias tienen m\u00e1s tiempo para dedicar al reci\u00e9n llegado, [&hellip;]<\/p>\n","protected":false},"author":106,"featured_media":28193,"comment_status":"closed","ping_status":"closed","sticky":false,"template":"","format":"standard","meta":{"_monsterinsights_skip_tracking":false,"_monsterinsights_sitenote_active":false,"_monsterinsights_sitenote_note":"","_monsterinsights_sitenote_category":0,"_jetpack_memberships_contains_paid_content":false,"footnotes":""},"categories":[17,342],"tags":[],"class_list":["post-47568","post","type-post","status-publish","format-standard","has-post-thumbnail","hentry","category-general","category-pequenos-animales"],"yoast_head":"<!-- This site is optimized with the Yoast SEO plugin v27.0 - https:\/\/yoast.com\/product\/yoast-seo-wordpress\/ -->\n<title>Recomendaciones y consejos del COVB para adoptar un perro en verano - COVB - Col\u00b7legi Oficial de Veterinaris de Barcelona<\/title>\n<meta name=\"description\" content=\"Carolina Garc\u00eda, vocal de la Junta Directiva del COVB, ha participado en un reportaje publicado por el diario Ara que valora las ventajas y desventajas de\" \/>\n<meta name=\"robots\" content=\"index, follow, max-snippet:-1, max-image-preview:large, max-video-preview:-1\" \/>\n<link rel=\"canonical\" href=\"https:\/\/www.covb.cat\/es\/actualitat\/noticies\/general\/recomendaciones-y-consejos-del-covb-para-adoptar-un-perro-en-verano\/\" \/>\n<meta property=\"og:locale\" content=\"es_ES\" \/>\n<meta property=\"og:type\" content=\"article\" \/>\n<meta property=\"og:title\" content=\"Recomendaciones y consejos del COVB para adoptar un perro en verano - COVB - Col\u00b7legi Oficial de Veterinaris de Barcelona\" \/>\n<meta property=\"og:description\" content=\"Carolina Garc\u00eda, vocal de la Junta Directiva del COVB, ha participado en un reportaje publicado por el diario Ara que valora las ventajas y desventajas de\" \/>\n<meta property=\"og:url\" content=\"https:\/\/www.covb.cat\/es\/actualitat\/noticies\/general\/recomendaciones-y-consejos-del-covb-para-adoptar-un-perro-en-verano\/\" \/>\n<meta property=\"og:site_name\" content=\"COVB\" \/>\n<meta property=\"article:publisher\" content=\"https:\/\/www.facebook.com\/COVBcat\/\" \/>\n<meta property=\"article:published_time\" content=\"2024-07-26T11:23:51+00:00\" \/>\n<meta property=\"article:modified_time\" content=\"2024-07-31T11:24:48+00:00\" \/>\n<meta property=\"og:image\" content=\"https:\/\/www.covb.cat\/wp-content\/uploads\/2023\/02\/perro-gato.jpg\" \/>\n\t<meta property=\"og:image:width\" content=\"640\" \/>\n\t<meta property=\"og:image:height\" content=\"456\" \/>\n\t<meta property=\"og:image:type\" content=\"image\/jpeg\" \/>\n<meta name=\"twitter:card\" content=\"summary_large_image\" \/>\n<meta name=\"twitter:creator\" content=\"@COVBcat\" \/>\n<meta name=\"twitter:site\" content=\"@COVBcat\" \/>\n<meta name=\"twitter:label1\" content=\"Escrito por\" \/>\n\t<meta name=\"twitter:data1\" content=\"\" \/>\n\t<meta name=\"twitter:label2\" content=\"Tiempo de lectura\" \/>\n\t<meta name=\"twitter:data2\" content=\"1 minuto\" \/>\n<script type=\"application\/ld+json\" class=\"yoast-schema-graph\">{\"@context\":\"https:\/\/schema.org\",\"@graph\":[{\"@type\":\"Article\",\"@id\":\"https:\/\/www.covb.cat\/es\/actualitat\/noticies\/general\/recomendaciones-y-consejos-del-covb-para-adoptar-un-perro-en-verano\/#article\",\"isPartOf\":{\"@id\":\"https:\/\/www.covb.cat\/es\/actualitat\/noticies\/general\/recomendaciones-y-consejos-del-covb-para-adoptar-un-perro-en-verano\/\"},\"author\":{\"name\":\"\",\"@id\":\"\"},\"headline\":\"Recomendaciones y consejos del COVB para adoptar un perro en verano\",\"datePublished\":\"2024-07-26T11:23:51+00:00\",\"dateModified\":\"2024-07-31T11:24:48+00:00\",\"mainEntityOfPage\":{\"@id\":\"https:\/\/www.covb.cat\/es\/actualitat\/noticies\/general\/recomendaciones-y-consejos-del-covb-para-adoptar-un-perro-en-verano\/\"},\"wordCount\":108,\"publisher\":{\"@id\":\"https:\/\/www.covb.cat\/es\/#organization\"},\"image\":{\"@id\":\"https:\/\/www.covb.cat\/es\/actualitat\/noticies\/general\/recomendaciones-y-consejos-del-covb-para-adoptar-un-perro-en-verano\/#primaryimage\"},\"thumbnailUrl\":\"https:\/\/www.covb.cat\/wp-content\/uploads\/2023\/02\/perro-gato.jpg\",\"articleSection\":[\"General\",\"Peque\u00f1os animales\"],\"inLanguage\":\"es\"},{\"@type\":\"WebPage\",\"@id\":\"https:\/\/www.covb.cat\/es\/actualitat\/noticies\/general\/recomendaciones-y-consejos-del-covb-para-adoptar-un-perro-en-verano\/\",\"url\":\"https:\/\/www.covb.cat\/es\/actualitat\/noticies\/general\/recomendaciones-y-consejos-del-covb-para-adoptar-un-perro-en-verano\/\",\"name\":\"Recomendaciones y consejos del COVB para adoptar un perro en verano - COVB - Col\u00b7legi Oficial de Veterinaris de Barcelona\",\"isPartOf\":{\"@id\":\"https:\/\/www.covb.cat\/es\/#website\"},\"primaryImageOfPage\":{\"@id\":\"https:\/\/www.covb.cat\/es\/actualitat\/noticies\/general\/recomendaciones-y-consejos-del-covb-para-adoptar-un-perro-en-verano\/#primaryimage\"},\"image\":{\"@id\":\"https:\/\/www.covb.cat\/es\/actualitat\/noticies\/general\/recomendaciones-y-consejos-del-covb-para-adoptar-un-perro-en-verano\/#primaryimage\"},\"thumbnailUrl\":\"https:\/\/www.covb.cat\/wp-content\/uploads\/2023\/02\/perro-gato.jpg\",\"datePublished\":\"2024-07-26T11:23:51+00:00\",\"dateModified\":\"2024-07-31T11:24:48+00:00\",\"description\":\"Carolina Garc\u00eda, vocal de la Junta Directiva del COVB, ha participado en un reportaje publicado por el diario Ara que valora las ventajas y desventajas de\",\"breadcrumb\":{\"@id\":\"https:\/\/www.covb.cat\/es\/actualitat\/noticies\/general\/recomendaciones-y-consejos-del-covb-para-adoptar-un-perro-en-verano\/#breadcrumb\"},\"inLanguage\":\"es\",\"potentialAction\":[{\"@type\":\"ReadAction\",\"target\":[\"https:\/\/www.covb.cat\/es\/actualitat\/noticies\/general\/recomendaciones-y-consejos-del-covb-para-adoptar-un-perro-en-verano\/\"]}]},{\"@type\":\"ImageObject\",\"inLanguage\":\"es\",\"@id\":\"https:\/\/www.covb.cat\/es\/actualitat\/noticies\/general\/recomendaciones-y-consejos-del-covb-para-adoptar-un-perro-en-verano\/#primaryimage\",\"url\":\"https:\/\/www.covb.cat\/wp-content\/uploads\/2023\/02\/perro-gato.jpg\",\"contentUrl\":\"https:\/\/www.covb.cat\/wp-content\/uploads\/2023\/02\/perro-gato.jpg\",\"width\":640,\"height\":456},{\"@type\":\"BreadcrumbList\",\"@id\":\"https:\/\/www.covb.cat\/es\/actualitat\/noticies\/general\/recomendaciones-y-consejos-del-covb-para-adoptar-un-perro-en-verano\/#breadcrumb\",\"itemListElement\":[{\"@type\":\"ListItem\",\"position\":1,\"name\":\"Inici\",\"item\":\"https:\/\/www.covb.cat\/es\/\"},{\"@type\":\"ListItem\",\"position\":2,\"name\":\"Recomendaciones y consejos del COVB para adoptar un perro en verano\"}]},{\"@type\":\"WebSite\",\"@id\":\"https:\/\/www.covb.cat\/es\/#website\",\"url\":\"https:\/\/www.covb.cat\/es\/\",\"name\":\"COVB\",\"description\":\"Col\u00b7legi Oficial de Veterinaris de Barcelona\",\"publisher\":{\"@id\":\"https:\/\/www.covb.cat\/es\/#organization\"},\"potentialAction\":[{\"@type\":\"SearchAction\",\"target\":{\"@type\":\"EntryPoint\",\"urlTemplate\":\"https:\/\/www.covb.cat\/es\/?s={search_term_string}\"},\"query-input\":{\"@type\":\"PropertyValueSpecification\",\"valueRequired\":true,\"valueName\":\"search_term_string\"}}],\"inLanguage\":\"es\"},{\"@type\":\"Organization\",\"@id\":\"https:\/\/www.covb.cat\/es\/#organization\",\"name\":\"COVB\",\"url\":\"https:\/\/www.covb.cat\/es\/\",\"logo\":{\"@type\":\"ImageObject\",\"inLanguage\":\"es\",\"@id\":\"https:\/\/www.covb.cat\/es\/#\/schema\/logo\/image\/\",\"url\":\"https:\/\/www.covb.cat\/wp-content\/uploads\/2018\/07\/favicon-covb.png\",\"contentUrl\":\"https:\/\/www.covb.cat\/wp-content\/uploads\/2018\/07\/favicon-covb.png\",\"width\":512,\"height\":512,\"caption\":\"COVB\"},\"image\":{\"@id\":\"https:\/\/www.covb.cat\/es\/#\/schema\/logo\/image\/\"},\"sameAs\":[\"https:\/\/www.facebook.com\/COVBcat\/\",\"https:\/\/x.com\/COVBcat\",\"https:\/\/www.youtube.com\/user\/covbcn\"]},{\"@type\":\"Person\",\"@id\":\"\"}]}<\/script>\n<!-- \/ Yoast SEO plugin. -->","yoast_head_json":{"title":"Recomendaciones y consejos del COVB para adoptar un perro en verano - COVB - Col\u00b7legi Oficial de Veterinaris de Barcelona","description":"Carolina Garc\u00eda, vocal de la Junta Directiva del COVB, ha participado en un reportaje publicado por el diario Ara que valora las ventajas y desventajas de","robots":{"index":"index","follow":"follow","max-snippet":"max-snippet:-1","max-image-preview":"max-image-preview:large","max-video-preview":"max-video-preview:-1"},"canonical":"https:\/\/www.covb.cat\/es\/actualitat\/noticies\/general\/recomendaciones-y-consejos-del-covb-para-adoptar-un-perro-en-verano\/","og_locale":"es_ES","og_type":"article","og_title":"Recomendaciones y consejos del COVB para adoptar un perro en verano - COVB - Col\u00b7legi Oficial de Veterinaris de Barcelona","og_description":"Carolina Garc\u00eda, vocal de la Junta Directiva del COVB, ha participado en un reportaje publicado por el diario Ara que valora las ventajas y desventajas de","og_url":"https:\/\/www.covb.cat\/es\/actualitat\/noticies\/general\/recomendaciones-y-consejos-del-covb-para-adoptar-un-perro-en-verano\/","og_site_name":"COVB","article_publisher":"https:\/\/www.facebook.com\/COVBcat\/","article_published_time":"2024-07-26T11:23:51+00:00","article_modified_time":"2024-07-31T11:24:48+00:00","og_image":[{"width":640,"height":456,"url":"https:\/\/www.covb.cat\/wp-content\/uploads\/2023\/02\/perro-gato.jpg","type":"image\/jpeg"}],"twitter_card":"summary_large_image","twitter_creator":"@COVBcat","twitter_site":"@COVBcat","twitter_misc":{"Escrito por":"","Tiempo de lectura":"1 minuto"},"schema":{"@context":"https:\/\/schema.org","@graph":[{"@type":"Article","@id":"https:\/\/www.covb.cat\/es\/actualitat\/noticies\/general\/recomendaciones-y-consejos-del-covb-para-adoptar-un-perro-en-verano\/#article","isPartOf":{"@id":"https:\/\/www.covb.cat\/es\/actualitat\/noticies\/general\/recomendaciones-y-consejos-del-covb-para-adoptar-un-perro-en-verano\/"},"author":{"name":"","@id":""},"headline":"Recomendaciones y consejos del COVB para adoptar un perro en verano","datePublished":"2024-07-26T11:23:51+00:00","dateModified":"2024-07-31T11:24:48+00:00","mainEntityOfPage":{"@id":"https:\/\/www.covb.cat\/es\/actualitat\/noticies\/general\/recomendaciones-y-consejos-del-covb-para-adoptar-un-perro-en-verano\/"},"wordCount":108,"publisher":{"@id":"https:\/\/www.covb.cat\/es\/#organization"},"image":{"@id":"https:\/\/www.covb.cat\/es\/actualitat\/noticies\/general\/recomendaciones-y-consejos-del-covb-para-adoptar-un-perro-en-verano\/#primaryimage"},"thumbnailUrl":"https:\/\/www.covb.cat\/wp-content\/uploads\/2023\/02\/perro-gato.jpg","articleSection":["General","Peque\u00f1os animales"],"inLanguage":"es"},{"@type":"WebPage","@id":"https:\/\/www.covb.cat\/es\/actualitat\/noticies\/general\/recomendaciones-y-consejos-del-covb-para-adoptar-un-perro-en-verano\/","url":"https:\/\/www.covb.cat\/es\/actualitat\/noticies\/general\/recomendaciones-y-consejos-del-covb-para-adoptar-un-perro-en-verano\/","name":"Recomendaciones y consejos del COVB para adoptar un perro en verano - COVB - Col\u00b7legi Oficial de Veterinaris de Barcelona","isPartOf":{"@id":"https:\/\/www.covb.cat\/es\/#website"},"primaryImageOfPage":{"@id":"https:\/\/www.covb.cat\/es\/actualitat\/noticies\/general\/recomendaciones-y-consejos-del-covb-para-adoptar-un-perro-en-verano\/#primaryimage"},"image":{"@id":"https:\/\/www.covb.cat\/es\/actualitat\/noticies\/general\/recomendaciones-y-consejos-del-covb-para-adoptar-un-perro-en-verano\/#primaryimage"},"thumbnailUrl":"https:\/\/www.covb.cat\/wp-content\/uploads\/2023\/02\/perro-gato.jpg","datePublished":"2024-07-26T11:23:51+00:00","dateModified":"2024-07-31T11:24:48+00:00","description":"Carolina Garc\u00eda, vocal de la Junta Directiva del COVB, ha participado en un reportaje publicado por el diario Ara que valora las ventajas y desventajas de","breadcrumb":{"@id":"https:\/\/www.covb.cat\/es\/actualitat\/noticies\/general\/recomendaciones-y-consejos-del-covb-para-adoptar-un-perro-en-verano\/#breadcrumb"},"inLanguage":"es","potentialAction":[{"@type":"ReadAction","target":["https:\/\/www.covb.cat\/es\/actualitat\/noticies\/general\/recomendaciones-y-consejos-del-covb-para-adoptar-un-perro-en-verano\/"]}]},{"@type":"ImageObject","inLanguage":"es","@id":"https:\/\/www.covb.cat\/es\/actualitat\/noticies\/general\/recomendaciones-y-consejos-del-covb-para-adoptar-un-perro-en-verano\/#primaryimage","url":"https:\/\/www.covb.cat\/wp-content\/uploads\/2023\/02\/perro-gato.jpg","contentUrl":"https:\/\/www.covb.cat\/wp-content\/uploads\/2023\/02\/perro-gato.jpg","width":640,"height":456},{"@type":"BreadcrumbList","@id":"https:\/\/www.covb.cat\/es\/actualitat\/noticies\/general\/recomendaciones-y-consejos-del-covb-para-adoptar-un-perro-en-verano\/#breadcrumb","itemListElement":[{"@type":"ListItem","position":1,"name":"Inici","item":"https:\/\/www.covb.cat\/es\/"},{"@type":"ListItem","position":2,"name":"Recomendaciones y consejos del COVB para adoptar un perro en verano"}]},{"@type":"WebSite","@id":"https:\/\/www.covb.cat\/es\/#website","url":"https:\/\/www.covb.cat\/es\/","name":"COVB","description":"Col\u00b7legi Oficial de Veterinaris de Barcelona","publisher":{"@id":"https:\/\/www.covb.cat\/es\/#organization"},"potentialAction":[{"@type":"SearchAction","target":{"@type":"EntryPoint","urlTemplate":"https:\/\/www.covb.cat\/es\/?s={search_term_string}"},"query-input":{"@type":"PropertyValueSpecification","valueRequired":true,"valueName":"search_term_string"}}],"inLanguage":"es"},{"@type":"Organization","@id":"https:\/\/www.covb.cat\/es\/#organization","name":"COVB","url":"https:\/\/www.covb.cat\/es\/","logo":{"@type":"ImageObject","inLanguage":"es","@id":"https:\/\/www.covb.cat\/es\/#\/schema\/logo\/image\/","url":"https:\/\/www.covb.cat\/wp-content\/uploads\/2018\/07\/favicon-covb.png","contentUrl":"https:\/\/www.covb.cat\/wp-content\/uploads\/2018\/07\/favicon-covb.png","width":512,"height":512,"caption":"COVB"},"image":{"@id":"https:\/\/www.covb.cat\/es\/#\/schema\/logo\/image\/"},"sameAs":["https:\/\/www.facebook.com\/COVBcat\/","https:\/\/x.com\/COVBcat","https:\/\/www.youtube.com\/user\/covbcn"]},{"@type":"Person","@id":""}]}},"jetpack_featured_media_url":"https:\/\/www.covb.cat\/wp-content\/uploads\/2023\/02\/perro-gato.jpg","jetpack_sharing_enabled":true,"_links":{"self":[{"href":"https:\/\/www.covb.cat\/es\/wp-json\/wp\/v2\/posts\/47568","targetHints":{"allow":["GET"]}}],"collection":[{"href":"https:\/\/www.covb.cat\/es\/wp-json\/wp\/v2\/posts"}],"about":[{"href":"https:\/\/www.covb.cat\/es\/wp-json\/wp\/v2\/types\/post"}],"author":[{"embeddable":true,"href":"https:\/\/www.covb.cat\/es\/wp-json\/wp\/v2\/users\/106"}],"replies":[{"embeddable":true,"href":"https:\/\/www.covb.cat\/es\/wp-json\/wp\/v2\/comments?post=47568"}],"version-history":[{"count":0,"href":"https:\/\/www.covb.cat\/es\/wp-json\/wp\/v2\/posts\/47568\/revisions"}],"wp:featuredmedia":[{"embeddable":true,"href":"https:\/\/www.covb.cat\/es\/wp-json\/wp\/v2\/media\/28193"}],"wp:attachment":[{"href":"https:\/\/www.covb.cat\/es\/wp-json\/wp\/v2\/media?parent=47568"}],"wp:term":[{"taxonomy":"category","embeddable":true,"href":"https:\/\/www.covb.cat\/es\/wp-json\/wp\/v2\/categories?post=47568"},{"taxonomy":"post_tag","embeddable":true,"href":"https:\/\/www.covb.cat\/es\/wp-json\/wp\/v2\/tags?post=47568"}],"curies":[{"name":"wp","href":"https:\/\/api.w.org\/{rel}","templated":true}]}}