{"id":46903,"date":"2024-07-05T10:13:50","date_gmt":"2024-07-05T08:13:50","guid":{"rendered":"https:\/\/www.covb.cat\/?p=46903"},"modified":"2024-07-08T10:20:53","modified_gmt":"2024-07-08T08:20:53","slug":"nuevos-focos-en-cataluna-de-lengua-azul-s8-2","status":"publish","type":"post","link":"https:\/\/www.covb.cat\/es\/actualitat\/noticies\/alertas\/nuevos-focos-en-cataluna-de-lengua-azul-s8-2\/","title":{"rendered":"Nuevos focos en Catalu\u00f1a de Lengua Azul S8"},"content":{"rendered":"<p>El Servicio de Prevenci\u00f3n en Salud Animal ha informado con fecha 1 de julio, de la declaraci\u00f3n de un nuevo foco de Lengua Azul en Catalu\u00f1a. De esta manera, ya son <strong>20 los focos confirmados oficialmente<\/strong> por el Laboratorio Nacional de Referencia de Algete.<\/p>\n<p>De los 17 focos, 5 se trata de explotaciones de ovino y 12 explotaciones de bovino. Las comarcas con alg\u00fan nuevo positivo confirmado son: Pla de l&#8217;Estany, Ripoll\u00e8s, Alt Empord\u00e0, La Selva, Osona, Baix Empord\u00e0, Giron\u00e8s, Maresme y Ripoll\u00e8s. Al igual que en los 3 focos anteriores, en estos casos, el LNR ha confirmado tambi\u00e9n que se trata del serotipo 8 del virus de la lengua azul.<\/p>\n<p>Con esta nueva declaraci\u00f3n, <strong>la zona restringida se ve modificada y pasar\u00e1 a englobar todos los municipios de las provincias de Girona, Barcelona, as\u00ed como todos los municipios de las comarcas de La Cerdanya, Alt Urgell, Pallars Sobir\u00e0, Vall d&#8217;Aran, Alta Ribagor\u00e7a, Pallars Juss\u00e0, Solson\u00e8s, Noguera, Segarra y Urgell<\/strong>. Se mantienen en zona libre, las comarcas de El Segri\u00e0, El Pla d&#8217;Urgell y Les Garrigues de la provincia de Lleida, as\u00ed como todos los municipios de la provincia de Tarragona.<\/p>\n<p>En esta zona, se contin\u00faan llevando a cabo inspecciones cl\u00ednicas en explotaciones de ovino y bovino, acompa\u00f1adas de una toma de muestras con el fin de valorar la extensi\u00f3n de la enfermedad y establecer medidas de control. En el transcurso de estas inspecciones ya se han detectado nuevas sospechas a ra\u00edz de signos cl\u00ednicos o resultados laboratoriales que habr\u00e1 que confirmar por el LNR.<\/p>\n<p>Es <strong>importante consultar los medios oficiales<\/strong> (<a href=\"http:\/\/agricultura.gencat.cat\/llenguablava\">http:\/\/agricultura.gencat.cat\/llenguablava<\/a>) y los <strong>avisos de GTR<\/strong> con el fin de manteneros actualizados. Para cualquier duda, pod\u00e9is dirigiros al Servicio de Prevenci\u00f3n en Salud Animal: <a href=\"salutanimal.daam@gencat.cat\">salutanimal.daam@gencat.cat<\/a><\/p>\n<p><a href=\"https:\/\/mcusercontent.com\/c131463000c5688473b8b34ba\/files\/b1f1cc64-cd21-072f-cd22-cfdb1bbda6e0\/Nota_actualizaci_oacute_n_serotipo_8_LA_Catalu_ntilde_a.pdf\" target=\"_blank\" rel=\"noopener\">Consulta la nota informativa<\/a><\/p>\n","protected":false},"excerpt":{"rendered":"<p>El Servicio de Prevenci\u00f3n en Salud Animal ha informado con fecha 1 de julio, de la declaraci\u00f3n de un nuevo foco de Lengua Azul en Catalu\u00f1a. De esta manera, ya son 20 los focos confirmados oficialmente por el Laboratorio Nacional de Referencia de Algete. De los 17 focos, 5 se trata de explotaciones de ovino [&hellip;]<\/p>\n","protected":false},"author":106,"featured_media":24638,"comment_status":"closed","ping_status":"closed","sticky":false,"template":"","format":"standard","meta":{"_monsterinsights_skip_tracking":false,"_monsterinsights_sitenote_active":false,"_monsterinsights_sitenote_note":"","_monsterinsights_sitenote_category":0,"_jetpack_memberships_contains_paid_content":false,"footnotes":""},"categories":[156,17],"tags":[],"class_list":["post-46903","post","type-post","status-publish","format-standard","has-post-thumbnail","hentry","category-alertas","category-general"],"yoast_head":"<!-- This site is optimized with the Yoast SEO plugin v27.0 - https:\/\/yoast.com\/product\/yoast-seo-wordpress\/ -->\n<title>Nuevos focos en Catalu\u00f1a de Lengua Azul S8 - COVB - Col\u00b7legi Oficial de Veterinaris de Barcelona<\/title>\n<meta name=\"description\" content=\"El Servicio de Prevenci\u00f3n en Salud Animal ha informado con fecha 1 de julio, de la declaraci\u00f3n de un nuevo foco de Lengua Azul en Catalu\u00f1a. De esta\" \/>\n<meta name=\"robots\" content=\"index, follow, max-snippet:-1, max-image-preview:large, max-video-preview:-1\" \/>\n<link rel=\"canonical\" href=\"https:\/\/www.covb.cat\/es\/actualitat\/noticies\/alertas\/nuevos-focos-en-cataluna-de-lengua-azul-s8-2\/\" \/>\n<meta property=\"og:locale\" content=\"es_ES\" \/>\n<meta property=\"og:type\" content=\"article\" \/>\n<meta property=\"og:title\" content=\"Nuevos focos en Catalu\u00f1a de Lengua Azul S8 - COVB - Col\u00b7legi Oficial de Veterinaris de Barcelona\" \/>\n<meta property=\"og:description\" content=\"El Servicio de Prevenci\u00f3n en Salud Animal ha informado con fecha 1 de julio, de la declaraci\u00f3n de un nuevo foco de Lengua Azul en Catalu\u00f1a. De esta\" \/>\n<meta property=\"og:url\" content=\"https:\/\/www.covb.cat\/es\/actualitat\/noticies\/alertas\/nuevos-focos-en-cataluna-de-lengua-azul-s8-2\/\" \/>\n<meta property=\"og:site_name\" content=\"COVB\" \/>\n<meta property=\"article:publisher\" content=\"https:\/\/www.facebook.com\/COVBcat\/\" \/>\n<meta property=\"article:published_time\" content=\"2024-07-05T08:13:50+00:00\" \/>\n<meta property=\"article:modified_time\" content=\"2024-07-08T08:20:53+00:00\" \/>\n<meta property=\"og:image\" content=\"https:\/\/www.covb.cat\/wp-content\/uploads\/2022\/11\/viruela-ovina.jpg\" \/>\n\t<meta property=\"og:image:width\" content=\"632\" \/>\n\t<meta property=\"og:image:height\" content=\"498\" \/>\n\t<meta property=\"og:image:type\" content=\"image\/jpeg\" \/>\n<meta name=\"twitter:card\" content=\"summary_large_image\" \/>\n<meta name=\"twitter:creator\" content=\"@COVBcat\" \/>\n<meta name=\"twitter:site\" content=\"@COVBcat\" \/>\n<meta name=\"twitter:label1\" content=\"Escrito por\" \/>\n\t<meta name=\"twitter:data1\" content=\"\" \/>\n\t<meta name=\"twitter:label2\" content=\"Tiempo de lectura\" \/>\n\t<meta name=\"twitter:data2\" content=\"2 minutos\" \/>\n<script type=\"application\/ld+json\" class=\"yoast-schema-graph\">{\"@context\":\"https:\/\/schema.org\",\"@graph\":[{\"@type\":\"Article\",\"@id\":\"https:\/\/www.covb.cat\/es\/actualitat\/noticies\/alertas\/nuevos-focos-en-cataluna-de-lengua-azul-s8-2\/#article\",\"isPartOf\":{\"@id\":\"https:\/\/www.covb.cat\/es\/actualitat\/noticies\/alertas\/nuevos-focos-en-cataluna-de-lengua-azul-s8-2\/\"},\"author\":{\"name\":\"\",\"@id\":\"\"},\"headline\":\"Nuevos focos en Catalu\u00f1a de Lengua Azul S8\",\"datePublished\":\"2024-07-05T08:13:50+00:00\",\"dateModified\":\"2024-07-08T08:20:53+00:00\",\"mainEntityOfPage\":{\"@id\":\"https:\/\/www.covb.cat\/es\/actualitat\/noticies\/alertas\/nuevos-focos-en-cataluna-de-lengua-azul-s8-2\/\"},\"wordCount\":321,\"publisher\":{\"@id\":\"https:\/\/www.covb.cat\/es\/#organization\"},\"image\":{\"@id\":\"https:\/\/www.covb.cat\/es\/actualitat\/noticies\/alertas\/nuevos-focos-en-cataluna-de-lengua-azul-s8-2\/#primaryimage\"},\"thumbnailUrl\":\"https:\/\/www.covb.cat\/wp-content\/uploads\/2022\/11\/viruela-ovina.jpg\",\"articleSection\":[\"Alertas\",\"General\"],\"inLanguage\":\"es\"},{\"@type\":\"WebPage\",\"@id\":\"https:\/\/www.covb.cat\/es\/actualitat\/noticies\/alertas\/nuevos-focos-en-cataluna-de-lengua-azul-s8-2\/\",\"url\":\"https:\/\/www.covb.cat\/es\/actualitat\/noticies\/alertas\/nuevos-focos-en-cataluna-de-lengua-azul-s8-2\/\",\"name\":\"Nuevos focos en Catalu\u00f1a de Lengua Azul S8 - COVB - Col\u00b7legi Oficial de Veterinaris de Barcelona\",\"isPartOf\":{\"@id\":\"https:\/\/www.covb.cat\/es\/#website\"},\"primaryImageOfPage\":{\"@id\":\"https:\/\/www.covb.cat\/es\/actualitat\/noticies\/alertas\/nuevos-focos-en-cataluna-de-lengua-azul-s8-2\/#primaryimage\"},\"image\":{\"@id\":\"https:\/\/www.covb.cat\/es\/actualitat\/noticies\/alertas\/nuevos-focos-en-cataluna-de-lengua-azul-s8-2\/#primaryimage\"},\"thumbnailUrl\":\"https:\/\/www.covb.cat\/wp-content\/uploads\/2022\/11\/viruela-ovina.jpg\",\"datePublished\":\"2024-07-05T08:13:50+00:00\",\"dateModified\":\"2024-07-08T08:20:53+00:00\",\"description\":\"El Servicio de Prevenci\u00f3n en Salud Animal ha informado con fecha 1 de julio, de la declaraci\u00f3n de un nuevo foco de Lengua Azul en Catalu\u00f1a. De esta\",\"breadcrumb\":{\"@id\":\"https:\/\/www.covb.cat\/es\/actualitat\/noticies\/alertas\/nuevos-focos-en-cataluna-de-lengua-azul-s8-2\/#breadcrumb\"},\"inLanguage\":\"es\",\"potentialAction\":[{\"@type\":\"ReadAction\",\"target\":[\"https:\/\/www.covb.cat\/es\/actualitat\/noticies\/alertas\/nuevos-focos-en-cataluna-de-lengua-azul-s8-2\/\"]}]},{\"@type\":\"ImageObject\",\"inLanguage\":\"es\",\"@id\":\"https:\/\/www.covb.cat\/es\/actualitat\/noticies\/alertas\/nuevos-focos-en-cataluna-de-lengua-azul-s8-2\/#primaryimage\",\"url\":\"https:\/\/www.covb.cat\/wp-content\/uploads\/2022\/11\/viruela-ovina.jpg\",\"contentUrl\":\"https:\/\/www.covb.cat\/wp-content\/uploads\/2022\/11\/viruela-ovina.jpg\",\"width\":632,\"height\":498},{\"@type\":\"BreadcrumbList\",\"@id\":\"https:\/\/www.covb.cat\/es\/actualitat\/noticies\/alertas\/nuevos-focos-en-cataluna-de-lengua-azul-s8-2\/#breadcrumb\",\"itemListElement\":[{\"@type\":\"ListItem\",\"position\":1,\"name\":\"Inici\",\"item\":\"https:\/\/www.covb.cat\/es\/\"},{\"@type\":\"ListItem\",\"position\":2,\"name\":\"Nuevos focos en Catalu\u00f1a de Lengua Azul S8\"}]},{\"@type\":\"WebSite\",\"@id\":\"https:\/\/www.covb.cat\/es\/#website\",\"url\":\"https:\/\/www.covb.cat\/es\/\",\"name\":\"COVB\",\"description\":\"Col\u00b7legi Oficial de Veterinaris de Barcelona\",\"publisher\":{\"@id\":\"https:\/\/www.covb.cat\/es\/#organization\"},\"potentialAction\":[{\"@type\":\"SearchAction\",\"target\":{\"@type\":\"EntryPoint\",\"urlTemplate\":\"https:\/\/www.covb.cat\/es\/?s={search_term_string}\"},\"query-input\":{\"@type\":\"PropertyValueSpecification\",\"valueRequired\":true,\"valueName\":\"search_term_string\"}}],\"inLanguage\":\"es\"},{\"@type\":\"Organization\",\"@id\":\"https:\/\/www.covb.cat\/es\/#organization\",\"name\":\"COVB\",\"url\":\"https:\/\/www.covb.cat\/es\/\",\"logo\":{\"@type\":\"ImageObject\",\"inLanguage\":\"es\",\"@id\":\"https:\/\/www.covb.cat\/es\/#\/schema\/logo\/image\/\",\"url\":\"https:\/\/www.covb.cat\/wp-content\/uploads\/2018\/07\/favicon-covb.png\",\"contentUrl\":\"https:\/\/www.covb.cat\/wp-content\/uploads\/2018\/07\/favicon-covb.png\",\"width\":512,\"height\":512,\"caption\":\"COVB\"},\"image\":{\"@id\":\"https:\/\/www.covb.cat\/es\/#\/schema\/logo\/image\/\"},\"sameAs\":[\"https:\/\/www.facebook.com\/COVBcat\/\",\"https:\/\/x.com\/COVBcat\",\"https:\/\/www.youtube.com\/user\/covbcn\"]},{\"@type\":\"Person\",\"@id\":\"\"}]}<\/script>\n<!-- \/ Yoast SEO plugin. -->","yoast_head_json":{"title":"Nuevos focos en Catalu\u00f1a de Lengua Azul S8 - COVB - Col\u00b7legi Oficial de Veterinaris de Barcelona","description":"El Servicio de Prevenci\u00f3n en Salud Animal ha informado con fecha 1 de julio, de la declaraci\u00f3n de un nuevo foco de Lengua Azul en Catalu\u00f1a. De esta","robots":{"index":"index","follow":"follow","max-snippet":"max-snippet:-1","max-image-preview":"max-image-preview:large","max-video-preview":"max-video-preview:-1"},"canonical":"https:\/\/www.covb.cat\/es\/actualitat\/noticies\/alertas\/nuevos-focos-en-cataluna-de-lengua-azul-s8-2\/","og_locale":"es_ES","og_type":"article","og_title":"Nuevos focos en Catalu\u00f1a de Lengua Azul S8 - COVB - Col\u00b7legi Oficial de Veterinaris de Barcelona","og_description":"El Servicio de Prevenci\u00f3n en Salud Animal ha informado con fecha 1 de julio, de la declaraci\u00f3n de un nuevo foco de Lengua Azul en Catalu\u00f1a. De esta","og_url":"https:\/\/www.covb.cat\/es\/actualitat\/noticies\/alertas\/nuevos-focos-en-cataluna-de-lengua-azul-s8-2\/","og_site_name":"COVB","article_publisher":"https:\/\/www.facebook.com\/COVBcat\/","article_published_time":"2024-07-05T08:13:50+00:00","article_modified_time":"2024-07-08T08:20:53+00:00","og_image":[{"width":632,"height":498,"url":"https:\/\/www.covb.cat\/wp-content\/uploads\/2022\/11\/viruela-ovina.jpg","type":"image\/jpeg"}],"twitter_card":"summary_large_image","twitter_creator":"@COVBcat","twitter_site":"@COVBcat","twitter_misc":{"Escrito por":"","Tiempo de lectura":"2 minutos"},"schema":{"@context":"https:\/\/schema.org","@graph":[{"@type":"Article","@id":"https:\/\/www.covb.cat\/es\/actualitat\/noticies\/alertas\/nuevos-focos-en-cataluna-de-lengua-azul-s8-2\/#article","isPartOf":{"@id":"https:\/\/www.covb.cat\/es\/actualitat\/noticies\/alertas\/nuevos-focos-en-cataluna-de-lengua-azul-s8-2\/"},"author":{"name":"","@id":""},"headline":"Nuevos focos en Catalu\u00f1a de Lengua Azul S8","datePublished":"2024-07-05T08:13:50+00:00","dateModified":"2024-07-08T08:20:53+00:00","mainEntityOfPage":{"@id":"https:\/\/www.covb.cat\/es\/actualitat\/noticies\/alertas\/nuevos-focos-en-cataluna-de-lengua-azul-s8-2\/"},"wordCount":321,"publisher":{"@id":"https:\/\/www.covb.cat\/es\/#organization"},"image":{"@id":"https:\/\/www.covb.cat\/es\/actualitat\/noticies\/alertas\/nuevos-focos-en-cataluna-de-lengua-azul-s8-2\/#primaryimage"},"thumbnailUrl":"https:\/\/www.covb.cat\/wp-content\/uploads\/2022\/11\/viruela-ovina.jpg","articleSection":["Alertas","General"],"inLanguage":"es"},{"@type":"WebPage","@id":"https:\/\/www.covb.cat\/es\/actualitat\/noticies\/alertas\/nuevos-focos-en-cataluna-de-lengua-azul-s8-2\/","url":"https:\/\/www.covb.cat\/es\/actualitat\/noticies\/alertas\/nuevos-focos-en-cataluna-de-lengua-azul-s8-2\/","name":"Nuevos focos en Catalu\u00f1a de Lengua Azul S8 - COVB - Col\u00b7legi Oficial de Veterinaris de Barcelona","isPartOf":{"@id":"https:\/\/www.covb.cat\/es\/#website"},"primaryImageOfPage":{"@id":"https:\/\/www.covb.cat\/es\/actualitat\/noticies\/alertas\/nuevos-focos-en-cataluna-de-lengua-azul-s8-2\/#primaryimage"},"image":{"@id":"https:\/\/www.covb.cat\/es\/actualitat\/noticies\/alertas\/nuevos-focos-en-cataluna-de-lengua-azul-s8-2\/#primaryimage"},"thumbnailUrl":"https:\/\/www.covb.cat\/wp-content\/uploads\/2022\/11\/viruela-ovina.jpg","datePublished":"2024-07-05T08:13:50+00:00","dateModified":"2024-07-08T08:20:53+00:00","description":"El Servicio de Prevenci\u00f3n en Salud Animal ha informado con fecha 1 de julio, de la declaraci\u00f3n de un nuevo foco de Lengua Azul en Catalu\u00f1a. De esta","breadcrumb":{"@id":"https:\/\/www.covb.cat\/es\/actualitat\/noticies\/alertas\/nuevos-focos-en-cataluna-de-lengua-azul-s8-2\/#breadcrumb"},"inLanguage":"es","potentialAction":[{"@type":"ReadAction","target":["https:\/\/www.covb.cat\/es\/actualitat\/noticies\/alertas\/nuevos-focos-en-cataluna-de-lengua-azul-s8-2\/"]}]},{"@type":"ImageObject","inLanguage":"es","@id":"https:\/\/www.covb.cat\/es\/actualitat\/noticies\/alertas\/nuevos-focos-en-cataluna-de-lengua-azul-s8-2\/#primaryimage","url":"https:\/\/www.covb.cat\/wp-content\/uploads\/2022\/11\/viruela-ovina.jpg","contentUrl":"https:\/\/www.covb.cat\/wp-content\/uploads\/2022\/11\/viruela-ovina.jpg","width":632,"height":498},{"@type":"BreadcrumbList","@id":"https:\/\/www.covb.cat\/es\/actualitat\/noticies\/alertas\/nuevos-focos-en-cataluna-de-lengua-azul-s8-2\/#breadcrumb","itemListElement":[{"@type":"ListItem","position":1,"name":"Inici","item":"https:\/\/www.covb.cat\/es\/"},{"@type":"ListItem","position":2,"name":"Nuevos focos en Catalu\u00f1a de Lengua Azul S8"}]},{"@type":"WebSite","@id":"https:\/\/www.covb.cat\/es\/#website","url":"https:\/\/www.covb.cat\/es\/","name":"COVB","description":"Col\u00b7legi Oficial de Veterinaris de Barcelona","publisher":{"@id":"https:\/\/www.covb.cat\/es\/#organization"},"potentialAction":[{"@type":"SearchAction","target":{"@type":"EntryPoint","urlTemplate":"https:\/\/www.covb.cat\/es\/?s={search_term_string}"},"query-input":{"@type":"PropertyValueSpecification","valueRequired":true,"valueName":"search_term_string"}}],"inLanguage":"es"},{"@type":"Organization","@id":"https:\/\/www.covb.cat\/es\/#organization","name":"COVB","url":"https:\/\/www.covb.cat\/es\/","logo":{"@type":"ImageObject","inLanguage":"es","@id":"https:\/\/www.covb.cat\/es\/#\/schema\/logo\/image\/","url":"https:\/\/www.covb.cat\/wp-content\/uploads\/2018\/07\/favicon-covb.png","contentUrl":"https:\/\/www.covb.cat\/wp-content\/uploads\/2018\/07\/favicon-covb.png","width":512,"height":512,"caption":"COVB"},"image":{"@id":"https:\/\/www.covb.cat\/es\/#\/schema\/logo\/image\/"},"sameAs":["https:\/\/www.facebook.com\/COVBcat\/","https:\/\/x.com\/COVBcat","https:\/\/www.youtube.com\/user\/covbcn"]},{"@type":"Person","@id":""}]}},"jetpack_featured_media_url":"https:\/\/www.covb.cat\/wp-content\/uploads\/2022\/11\/viruela-ovina.jpg","jetpack_sharing_enabled":true,"_links":{"self":[{"href":"https:\/\/www.covb.cat\/es\/wp-json\/wp\/v2\/posts\/46903","targetHints":{"allow":["GET"]}}],"collection":[{"href":"https:\/\/www.covb.cat\/es\/wp-json\/wp\/v2\/posts"}],"about":[{"href":"https:\/\/www.covb.cat\/es\/wp-json\/wp\/v2\/types\/post"}],"author":[{"embeddable":true,"href":"https:\/\/www.covb.cat\/es\/wp-json\/wp\/v2\/users\/106"}],"replies":[{"embeddable":true,"href":"https:\/\/www.covb.cat\/es\/wp-json\/wp\/v2\/comments?post=46903"}],"version-history":[{"count":0,"href":"https:\/\/www.covb.cat\/es\/wp-json\/wp\/v2\/posts\/46903\/revisions"}],"wp:featuredmedia":[{"embeddable":true,"href":"https:\/\/www.covb.cat\/es\/wp-json\/wp\/v2\/media\/24638"}],"wp:attachment":[{"href":"https:\/\/www.covb.cat\/es\/wp-json\/wp\/v2\/media?parent=46903"}],"wp:term":[{"taxonomy":"category","embeddable":true,"href":"https:\/\/www.covb.cat\/es\/wp-json\/wp\/v2\/categories?post=46903"},{"taxonomy":"post_tag","embeddable":true,"href":"https:\/\/www.covb.cat\/es\/wp-json\/wp\/v2\/tags?post=46903"}],"curies":[{"name":"wp","href":"https:\/\/api.w.org\/{rel}","templated":true}]}}