{"id":46343,"date":"2024-06-14T11:27:34","date_gmt":"2024-06-14T09:27:34","guid":{"rendered":"https:\/\/www.covb.cat\/?p=46343"},"modified":"2024-06-19T11:28:00","modified_gmt":"2024-06-19T09:28:00","slug":"el-servicio-de-sanidad-animal-de-la-generalitat-de-cataluna-ha-declarado-a-fecha-del-10-de-junio-el-primer-foco-de-lengua-azul-en-cataluna-desde-el-ano-2009","status":"publish","type":"post","link":"https:\/\/www.covb.cat\/es\/actualitat\/noticies\/alertas\/el-servicio-de-sanidad-animal-de-la-generalitat-de-cataluna-ha-declarado-a-fecha-del-10-de-junio-el-primer-foco-de-lengua-azul-en-cataluna-desde-el-ano-2009\/","title":{"rendered":"El Servicio de Sanidad Animal de la Generalitat de Catalu\u00f1a, ha declarado a fecha del 10 de junio, el primer foco de Lengua Azul en Catalu\u00f1a desde el a\u00f1o 2009."},"content":{"rendered":"<p>La explotaci\u00f3n afectada es un establecimiento de ovino de aptitud c\u00e1rnica del municipio de Vilademuls (Pla de l&#8217;Estany). Tan pronto como el veterinario cl\u00ednico lo puso en conocimiento de los SVO, se procedi\u00f3 a inspeccionar la explotaci\u00f3n y a tomar muestras de animales cl\u00ednicamente afectados. Las muestras se enviaron al LaSAC y fueron analizadas mediante PCR de Lengua Azul, obteniendo un resultado positivo y enviando muestras al Laboratorio Nacional de Referencia para esta enfermedad, que confirm\u00f3 la enfermedad y que se trataba del serotipo 8.<\/p>\n<p>A ra\u00edz de esta detecci\u00f3n se ha establecido una zona restringida en torno a la explotaci\u00f3n afectada, que integra todas las comarcas de las provincias de Girona y Barcelona.<\/p>\n<p>En esta zona se llevar\u00e1n a cabo inspecciones cl\u00ednicas y, en su caso, toma de muestras de animales con signos cl\u00ednicos compatibles con la enfermedad con el fin de valorar la extensi\u00f3n de la enfermedad y establecer medidas de control. Entre estas medidas, se establece la vacunaci\u00f3n obligatoria de los animales de especies sensibles (bovino y ovino), as\u00ed como medidas de control de movimientos.<\/p>\n<p>Os recordamos que la lengua azul o fiebre catarral ovina es una enfermedad infecciosa y no contagiosa transmitida por vectores, en este caso algunas especies de mosquito del g\u00e9nero <em>Culicoides<\/em>, y que puede afectar a rumiantes dom\u00e9sticos y salvajes. Dada la v\u00eda de transmisi\u00f3n, la \u00fanica manera de reducir el riesgo de aparici\u00f3n en una explotaci\u00f3n o diseminaci\u00f3n dentro del reba\u00f1o es la aplicaci\u00f3n de medidas de control vectorial (desinsectaci\u00f3n de animales e instalaciones, as\u00ed como eliminar o reducir lugares de cr\u00eda de larvas de <em>Culicoides<\/em>).<\/p>\n<p>Os rogamos estar atentos ante la aparici\u00f3n de signos cl\u00ednicos compatibles con esta enfermedad y, en caso de que sea as\u00ed, <u>ponerlo en conocimiento de los SVO de la OC tan pronto como sea posible<\/u>.<\/p>\n<p>Para cualquier duda o consulta, pod\u00e9is dirigiros al buz\u00f3n del Servicio de Prevenci\u00f3n en Salud Animal: <a href=\"salutanimal.daam@gencat.cat\">salutanimal.daam@gencat.cat<\/a><\/p>\n","protected":false},"excerpt":{"rendered":"<p>La explotaci\u00f3n afectada es un establecimiento de ovino de aptitud c\u00e1rnica del municipio de Vilademuls (Pla de l&#8217;Estany). Tan pronto como el veterinario cl\u00ednico lo puso en conocimiento de los SVO, se procedi\u00f3 a inspeccionar la explotaci\u00f3n y a tomar muestras de animales cl\u00ednicamente afectados. Las muestras se enviaron al LaSAC y fueron analizadas mediante [&hellip;]<\/p>\n","protected":false},"author":106,"featured_media":46243,"comment_status":"closed","ping_status":"closed","sticky":false,"template":"","format":"standard","meta":{"_monsterinsights_skip_tracking":false,"_monsterinsights_sitenote_active":false,"_monsterinsights_sitenote_note":"","_monsterinsights_sitenote_category":0,"_jetpack_memberships_contains_paid_content":false,"footnotes":""},"categories":[156,17],"tags":[],"class_list":["post-46343","post","type-post","status-publish","format-standard","has-post-thumbnail","hentry","category-alertas","category-general"],"yoast_head":"<!-- This site is optimized with the Yoast SEO plugin v27.0 - https:\/\/yoast.com\/product\/yoast-seo-wordpress\/ -->\n<title>El Servicio de Sanidad Animal de la Generalitat de Catalu\u00f1a, ha declarado a fecha del 10 de junio, el primer foco de Lengua Azul en Catalu\u00f1a desde el a\u00f1o 2009. - COVB - Col\u00b7legi Oficial de Veterinaris de Barcelona<\/title>\n<meta name=\"description\" content=\"La explotaci\u00f3n afectada es un establecimiento de ovino de aptitud c\u00e1rnica del municipio de Vilademuls (Pla de l&#039;Estany). Tan pronto como el veterinario\" \/>\n<meta name=\"robots\" content=\"index, follow, max-snippet:-1, max-image-preview:large, max-video-preview:-1\" \/>\n<link rel=\"canonical\" href=\"https:\/\/www.covb.cat\/es\/actualitat\/noticies\/alertas\/el-servicio-de-sanidad-animal-de-la-generalitat-de-cataluna-ha-declarado-a-fecha-del-10-de-junio-el-primer-foco-de-lengua-azul-en-cataluna-desde-el-ano-2009\/\" \/>\n<meta property=\"og:locale\" content=\"es_ES\" \/>\n<meta property=\"og:type\" content=\"article\" \/>\n<meta property=\"og:title\" content=\"El Servicio de Sanidad Animal de la Generalitat de Catalu\u00f1a, ha declarado a fecha del 10 de junio, el primer foco de Lengua Azul en Catalu\u00f1a desde el a\u00f1o 2009. - COVB - Col\u00b7legi Oficial de Veterinaris de Barcelona\" \/>\n<meta property=\"og:description\" content=\"La explotaci\u00f3n afectada es un establecimiento de ovino de aptitud c\u00e1rnica del municipio de Vilademuls (Pla de l&#039;Estany). Tan pronto como el veterinario\" \/>\n<meta property=\"og:url\" content=\"https:\/\/www.covb.cat\/es\/actualitat\/noticies\/alertas\/el-servicio-de-sanidad-animal-de-la-generalitat-de-cataluna-ha-declarado-a-fecha-del-10-de-junio-el-primer-foco-de-lengua-azul-en-cataluna-desde-el-ano-2009\/\" \/>\n<meta property=\"og:site_name\" content=\"COVB\" \/>\n<meta property=\"article:publisher\" content=\"https:\/\/www.facebook.com\/COVBcat\/\" \/>\n<meta property=\"article:published_time\" content=\"2024-06-14T09:27:34+00:00\" \/>\n<meta property=\"article:modified_time\" content=\"2024-06-19T09:28:00+00:00\" \/>\n<meta property=\"og:image\" content=\"https:\/\/www.covb.cat\/wp-content\/uploads\/2024\/06\/bovi_vaca.jpg\" \/>\n\t<meta property=\"og:image:width\" content=\"599\" \/>\n\t<meta property=\"og:image:height\" content=\"380\" \/>\n\t<meta property=\"og:image:type\" content=\"image\/jpeg\" \/>\n<meta name=\"twitter:card\" content=\"summary_large_image\" \/>\n<meta name=\"twitter:creator\" content=\"@COVBcat\" \/>\n<meta name=\"twitter:site\" content=\"@COVBcat\" \/>\n<meta name=\"twitter:label1\" content=\"Escrito por\" \/>\n\t<meta name=\"twitter:data1\" content=\"\" \/>\n\t<meta name=\"twitter:label2\" content=\"Tiempo de lectura\" \/>\n\t<meta name=\"twitter:data2\" content=\"2 minutos\" \/>\n<script type=\"application\/ld+json\" class=\"yoast-schema-graph\">{\"@context\":\"https:\/\/schema.org\",\"@graph\":[{\"@type\":\"Article\",\"@id\":\"https:\/\/www.covb.cat\/es\/actualitat\/noticies\/alertas\/el-servicio-de-sanidad-animal-de-la-generalitat-de-cataluna-ha-declarado-a-fecha-del-10-de-junio-el-primer-foco-de-lengua-azul-en-cataluna-desde-el-ano-2009\/#article\",\"isPartOf\":{\"@id\":\"https:\/\/www.covb.cat\/es\/actualitat\/noticies\/alertas\/el-servicio-de-sanidad-animal-de-la-generalitat-de-cataluna-ha-declarado-a-fecha-del-10-de-junio-el-primer-foco-de-lengua-azul-en-cataluna-desde-el-ano-2009\/\"},\"author\":{\"name\":\"\",\"@id\":\"\"},\"headline\":\"El Servicio de Sanidad Animal de la Generalitat de Catalu\u00f1a, ha declarado a fecha del 10 de junio, el primer foco de Lengua Azul en Catalu\u00f1a desde el a\u00f1o 2009.\",\"datePublished\":\"2024-06-14T09:27:34+00:00\",\"dateModified\":\"2024-06-19T09:28:00+00:00\",\"mainEntityOfPage\":{\"@id\":\"https:\/\/www.covb.cat\/es\/actualitat\/noticies\/alertas\/el-servicio-de-sanidad-animal-de-la-generalitat-de-cataluna-ha-declarado-a-fecha-del-10-de-junio-el-primer-foco-de-lengua-azul-en-cataluna-desde-el-ano-2009\/\"},\"wordCount\":379,\"publisher\":{\"@id\":\"https:\/\/www.covb.cat\/es\/#organization\"},\"image\":{\"@id\":\"https:\/\/www.covb.cat\/es\/actualitat\/noticies\/alertas\/el-servicio-de-sanidad-animal-de-la-generalitat-de-cataluna-ha-declarado-a-fecha-del-10-de-junio-el-primer-foco-de-lengua-azul-en-cataluna-desde-el-ano-2009\/#primaryimage\"},\"thumbnailUrl\":\"https:\/\/www.covb.cat\/wp-content\/uploads\/2024\/06\/bovi_vaca.jpg\",\"articleSection\":[\"Alertas\",\"General\"],\"inLanguage\":\"es\"},{\"@type\":\"WebPage\",\"@id\":\"https:\/\/www.covb.cat\/es\/actualitat\/noticies\/alertas\/el-servicio-de-sanidad-animal-de-la-generalitat-de-cataluna-ha-declarado-a-fecha-del-10-de-junio-el-primer-foco-de-lengua-azul-en-cataluna-desde-el-ano-2009\/\",\"url\":\"https:\/\/www.covb.cat\/es\/actualitat\/noticies\/alertas\/el-servicio-de-sanidad-animal-de-la-generalitat-de-cataluna-ha-declarado-a-fecha-del-10-de-junio-el-primer-foco-de-lengua-azul-en-cataluna-desde-el-ano-2009\/\",\"name\":\"El Servicio de Sanidad Animal de la Generalitat de Catalu\u00f1a, ha declarado a fecha del 10 de junio, el primer foco de Lengua Azul en Catalu\u00f1a desde el a\u00f1o 2009. - COVB - Col\u00b7legi Oficial de Veterinaris de Barcelona\",\"isPartOf\":{\"@id\":\"https:\/\/www.covb.cat\/es\/#website\"},\"primaryImageOfPage\":{\"@id\":\"https:\/\/www.covb.cat\/es\/actualitat\/noticies\/alertas\/el-servicio-de-sanidad-animal-de-la-generalitat-de-cataluna-ha-declarado-a-fecha-del-10-de-junio-el-primer-foco-de-lengua-azul-en-cataluna-desde-el-ano-2009\/#primaryimage\"},\"image\":{\"@id\":\"https:\/\/www.covb.cat\/es\/actualitat\/noticies\/alertas\/el-servicio-de-sanidad-animal-de-la-generalitat-de-cataluna-ha-declarado-a-fecha-del-10-de-junio-el-primer-foco-de-lengua-azul-en-cataluna-desde-el-ano-2009\/#primaryimage\"},\"thumbnailUrl\":\"https:\/\/www.covb.cat\/wp-content\/uploads\/2024\/06\/bovi_vaca.jpg\",\"datePublished\":\"2024-06-14T09:27:34+00:00\",\"dateModified\":\"2024-06-19T09:28:00+00:00\",\"description\":\"La explotaci\u00f3n afectada es un establecimiento de ovino de aptitud c\u00e1rnica del municipio de Vilademuls (Pla de l'Estany). Tan pronto como el veterinario\",\"breadcrumb\":{\"@id\":\"https:\/\/www.covb.cat\/es\/actualitat\/noticies\/alertas\/el-servicio-de-sanidad-animal-de-la-generalitat-de-cataluna-ha-declarado-a-fecha-del-10-de-junio-el-primer-foco-de-lengua-azul-en-cataluna-desde-el-ano-2009\/#breadcrumb\"},\"inLanguage\":\"es\",\"potentialAction\":[{\"@type\":\"ReadAction\",\"target\":[\"https:\/\/www.covb.cat\/es\/actualitat\/noticies\/alertas\/el-servicio-de-sanidad-animal-de-la-generalitat-de-cataluna-ha-declarado-a-fecha-del-10-de-junio-el-primer-foco-de-lengua-azul-en-cataluna-desde-el-ano-2009\/\"]}]},{\"@type\":\"ImageObject\",\"inLanguage\":\"es\",\"@id\":\"https:\/\/www.covb.cat\/es\/actualitat\/noticies\/alertas\/el-servicio-de-sanidad-animal-de-la-generalitat-de-cataluna-ha-declarado-a-fecha-del-10-de-junio-el-primer-foco-de-lengua-azul-en-cataluna-desde-el-ano-2009\/#primaryimage\",\"url\":\"https:\/\/www.covb.cat\/wp-content\/uploads\/2024\/06\/bovi_vaca.jpg\",\"contentUrl\":\"https:\/\/www.covb.cat\/wp-content\/uploads\/2024\/06\/bovi_vaca.jpg\",\"width\":599,\"height\":380},{\"@type\":\"BreadcrumbList\",\"@id\":\"https:\/\/www.covb.cat\/es\/actualitat\/noticies\/alertas\/el-servicio-de-sanidad-animal-de-la-generalitat-de-cataluna-ha-declarado-a-fecha-del-10-de-junio-el-primer-foco-de-lengua-azul-en-cataluna-desde-el-ano-2009\/#breadcrumb\",\"itemListElement\":[{\"@type\":\"ListItem\",\"position\":1,\"name\":\"Inici\",\"item\":\"https:\/\/www.covb.cat\/es\/\"},{\"@type\":\"ListItem\",\"position\":2,\"name\":\"El Servicio de Sanidad Animal de la Generalitat de Catalu\u00f1a, ha declarado a fecha del 10 de junio, el primer foco de Lengua Azul en Catalu\u00f1a desde el a\u00f1o 2009.\"}]},{\"@type\":\"WebSite\",\"@id\":\"https:\/\/www.covb.cat\/es\/#website\",\"url\":\"https:\/\/www.covb.cat\/es\/\",\"name\":\"COVB\",\"description\":\"Col\u00b7legi Oficial de Veterinaris de Barcelona\",\"publisher\":{\"@id\":\"https:\/\/www.covb.cat\/es\/#organization\"},\"potentialAction\":[{\"@type\":\"SearchAction\",\"target\":{\"@type\":\"EntryPoint\",\"urlTemplate\":\"https:\/\/www.covb.cat\/es\/?s={search_term_string}\"},\"query-input\":{\"@type\":\"PropertyValueSpecification\",\"valueRequired\":true,\"valueName\":\"search_term_string\"}}],\"inLanguage\":\"es\"},{\"@type\":\"Organization\",\"@id\":\"https:\/\/www.covb.cat\/es\/#organization\",\"name\":\"COVB\",\"url\":\"https:\/\/www.covb.cat\/es\/\",\"logo\":{\"@type\":\"ImageObject\",\"inLanguage\":\"es\",\"@id\":\"https:\/\/www.covb.cat\/es\/#\/schema\/logo\/image\/\",\"url\":\"https:\/\/www.covb.cat\/wp-content\/uploads\/2018\/07\/favicon-covb.png\",\"contentUrl\":\"https:\/\/www.covb.cat\/wp-content\/uploads\/2018\/07\/favicon-covb.png\",\"width\":512,\"height\":512,\"caption\":\"COVB\"},\"image\":{\"@id\":\"https:\/\/www.covb.cat\/es\/#\/schema\/logo\/image\/\"},\"sameAs\":[\"https:\/\/www.facebook.com\/COVBcat\/\",\"https:\/\/x.com\/COVBcat\",\"https:\/\/www.youtube.com\/user\/covbcn\"]},{\"@type\":\"Person\",\"@id\":\"\"}]}<\/script>\n<!-- \/ Yoast SEO plugin. -->","yoast_head_json":{"title":"El Servicio de Sanidad Animal de la Generalitat de Catalu\u00f1a, ha declarado a fecha del 10 de junio, el primer foco de Lengua Azul en Catalu\u00f1a desde el a\u00f1o 2009. - COVB - Col\u00b7legi Oficial de Veterinaris de Barcelona","description":"La explotaci\u00f3n afectada es un establecimiento de ovino de aptitud c\u00e1rnica del municipio de Vilademuls (Pla de l'Estany). Tan pronto como el veterinario","robots":{"index":"index","follow":"follow","max-snippet":"max-snippet:-1","max-image-preview":"max-image-preview:large","max-video-preview":"max-video-preview:-1"},"canonical":"https:\/\/www.covb.cat\/es\/actualitat\/noticies\/alertas\/el-servicio-de-sanidad-animal-de-la-generalitat-de-cataluna-ha-declarado-a-fecha-del-10-de-junio-el-primer-foco-de-lengua-azul-en-cataluna-desde-el-ano-2009\/","og_locale":"es_ES","og_type":"article","og_title":"El Servicio de Sanidad Animal de la Generalitat de Catalu\u00f1a, ha declarado a fecha del 10 de junio, el primer foco de Lengua Azul en Catalu\u00f1a desde el a\u00f1o 2009. - COVB - Col\u00b7legi Oficial de Veterinaris de Barcelona","og_description":"La explotaci\u00f3n afectada es un establecimiento de ovino de aptitud c\u00e1rnica del municipio de Vilademuls (Pla de l'Estany). Tan pronto como el veterinario","og_url":"https:\/\/www.covb.cat\/es\/actualitat\/noticies\/alertas\/el-servicio-de-sanidad-animal-de-la-generalitat-de-cataluna-ha-declarado-a-fecha-del-10-de-junio-el-primer-foco-de-lengua-azul-en-cataluna-desde-el-ano-2009\/","og_site_name":"COVB","article_publisher":"https:\/\/www.facebook.com\/COVBcat\/","article_published_time":"2024-06-14T09:27:34+00:00","article_modified_time":"2024-06-19T09:28:00+00:00","og_image":[{"width":599,"height":380,"url":"https:\/\/www.covb.cat\/wp-content\/uploads\/2024\/06\/bovi_vaca.jpg","type":"image\/jpeg"}],"twitter_card":"summary_large_image","twitter_creator":"@COVBcat","twitter_site":"@COVBcat","twitter_misc":{"Escrito por":"","Tiempo de lectura":"2 minutos"},"schema":{"@context":"https:\/\/schema.org","@graph":[{"@type":"Article","@id":"https:\/\/www.covb.cat\/es\/actualitat\/noticies\/alertas\/el-servicio-de-sanidad-animal-de-la-generalitat-de-cataluna-ha-declarado-a-fecha-del-10-de-junio-el-primer-foco-de-lengua-azul-en-cataluna-desde-el-ano-2009\/#article","isPartOf":{"@id":"https:\/\/www.covb.cat\/es\/actualitat\/noticies\/alertas\/el-servicio-de-sanidad-animal-de-la-generalitat-de-cataluna-ha-declarado-a-fecha-del-10-de-junio-el-primer-foco-de-lengua-azul-en-cataluna-desde-el-ano-2009\/"},"author":{"name":"","@id":""},"headline":"El Servicio de Sanidad Animal de la Generalitat de Catalu\u00f1a, ha declarado a fecha del 10 de junio, el primer foco de Lengua Azul en Catalu\u00f1a desde el a\u00f1o 2009.","datePublished":"2024-06-14T09:27:34+00:00","dateModified":"2024-06-19T09:28:00+00:00","mainEntityOfPage":{"@id":"https:\/\/www.covb.cat\/es\/actualitat\/noticies\/alertas\/el-servicio-de-sanidad-animal-de-la-generalitat-de-cataluna-ha-declarado-a-fecha-del-10-de-junio-el-primer-foco-de-lengua-azul-en-cataluna-desde-el-ano-2009\/"},"wordCount":379,"publisher":{"@id":"https:\/\/www.covb.cat\/es\/#organization"},"image":{"@id":"https:\/\/www.covb.cat\/es\/actualitat\/noticies\/alertas\/el-servicio-de-sanidad-animal-de-la-generalitat-de-cataluna-ha-declarado-a-fecha-del-10-de-junio-el-primer-foco-de-lengua-azul-en-cataluna-desde-el-ano-2009\/#primaryimage"},"thumbnailUrl":"https:\/\/www.covb.cat\/wp-content\/uploads\/2024\/06\/bovi_vaca.jpg","articleSection":["Alertas","General"],"inLanguage":"es"},{"@type":"WebPage","@id":"https:\/\/www.covb.cat\/es\/actualitat\/noticies\/alertas\/el-servicio-de-sanidad-animal-de-la-generalitat-de-cataluna-ha-declarado-a-fecha-del-10-de-junio-el-primer-foco-de-lengua-azul-en-cataluna-desde-el-ano-2009\/","url":"https:\/\/www.covb.cat\/es\/actualitat\/noticies\/alertas\/el-servicio-de-sanidad-animal-de-la-generalitat-de-cataluna-ha-declarado-a-fecha-del-10-de-junio-el-primer-foco-de-lengua-azul-en-cataluna-desde-el-ano-2009\/","name":"El Servicio de Sanidad Animal de la Generalitat de Catalu\u00f1a, ha declarado a fecha del 10 de junio, el primer foco de Lengua Azul en Catalu\u00f1a desde el a\u00f1o 2009. - COVB - Col\u00b7legi Oficial de Veterinaris de Barcelona","isPartOf":{"@id":"https:\/\/www.covb.cat\/es\/#website"},"primaryImageOfPage":{"@id":"https:\/\/www.covb.cat\/es\/actualitat\/noticies\/alertas\/el-servicio-de-sanidad-animal-de-la-generalitat-de-cataluna-ha-declarado-a-fecha-del-10-de-junio-el-primer-foco-de-lengua-azul-en-cataluna-desde-el-ano-2009\/#primaryimage"},"image":{"@id":"https:\/\/www.covb.cat\/es\/actualitat\/noticies\/alertas\/el-servicio-de-sanidad-animal-de-la-generalitat-de-cataluna-ha-declarado-a-fecha-del-10-de-junio-el-primer-foco-de-lengua-azul-en-cataluna-desde-el-ano-2009\/#primaryimage"},"thumbnailUrl":"https:\/\/www.covb.cat\/wp-content\/uploads\/2024\/06\/bovi_vaca.jpg","datePublished":"2024-06-14T09:27:34+00:00","dateModified":"2024-06-19T09:28:00+00:00","description":"La explotaci\u00f3n afectada es un establecimiento de ovino de aptitud c\u00e1rnica del municipio de Vilademuls (Pla de l'Estany). Tan pronto como el veterinario","breadcrumb":{"@id":"https:\/\/www.covb.cat\/es\/actualitat\/noticies\/alertas\/el-servicio-de-sanidad-animal-de-la-generalitat-de-cataluna-ha-declarado-a-fecha-del-10-de-junio-el-primer-foco-de-lengua-azul-en-cataluna-desde-el-ano-2009\/#breadcrumb"},"inLanguage":"es","potentialAction":[{"@type":"ReadAction","target":["https:\/\/www.covb.cat\/es\/actualitat\/noticies\/alertas\/el-servicio-de-sanidad-animal-de-la-generalitat-de-cataluna-ha-declarado-a-fecha-del-10-de-junio-el-primer-foco-de-lengua-azul-en-cataluna-desde-el-ano-2009\/"]}]},{"@type":"ImageObject","inLanguage":"es","@id":"https:\/\/www.covb.cat\/es\/actualitat\/noticies\/alertas\/el-servicio-de-sanidad-animal-de-la-generalitat-de-cataluna-ha-declarado-a-fecha-del-10-de-junio-el-primer-foco-de-lengua-azul-en-cataluna-desde-el-ano-2009\/#primaryimage","url":"https:\/\/www.covb.cat\/wp-content\/uploads\/2024\/06\/bovi_vaca.jpg","contentUrl":"https:\/\/www.covb.cat\/wp-content\/uploads\/2024\/06\/bovi_vaca.jpg","width":599,"height":380},{"@type":"BreadcrumbList","@id":"https:\/\/www.covb.cat\/es\/actualitat\/noticies\/alertas\/el-servicio-de-sanidad-animal-de-la-generalitat-de-cataluna-ha-declarado-a-fecha-del-10-de-junio-el-primer-foco-de-lengua-azul-en-cataluna-desde-el-ano-2009\/#breadcrumb","itemListElement":[{"@type":"ListItem","position":1,"name":"Inici","item":"https:\/\/www.covb.cat\/es\/"},{"@type":"ListItem","position":2,"name":"El Servicio de Sanidad Animal de la Generalitat de Catalu\u00f1a, ha declarado a fecha del 10 de junio, el primer foco de Lengua Azul en Catalu\u00f1a desde el a\u00f1o 2009."}]},{"@type":"WebSite","@id":"https:\/\/www.covb.cat\/es\/#website","url":"https:\/\/www.covb.cat\/es\/","name":"COVB","description":"Col\u00b7legi Oficial de Veterinaris de Barcelona","publisher":{"@id":"https:\/\/www.covb.cat\/es\/#organization"},"potentialAction":[{"@type":"SearchAction","target":{"@type":"EntryPoint","urlTemplate":"https:\/\/www.covb.cat\/es\/?s={search_term_string}"},"query-input":{"@type":"PropertyValueSpecification","valueRequired":true,"valueName":"search_term_string"}}],"inLanguage":"es"},{"@type":"Organization","@id":"https:\/\/www.covb.cat\/es\/#organization","name":"COVB","url":"https:\/\/www.covb.cat\/es\/","logo":{"@type":"ImageObject","inLanguage":"es","@id":"https:\/\/www.covb.cat\/es\/#\/schema\/logo\/image\/","url":"https:\/\/www.covb.cat\/wp-content\/uploads\/2018\/07\/favicon-covb.png","contentUrl":"https:\/\/www.covb.cat\/wp-content\/uploads\/2018\/07\/favicon-covb.png","width":512,"height":512,"caption":"COVB"},"image":{"@id":"https:\/\/www.covb.cat\/es\/#\/schema\/logo\/image\/"},"sameAs":["https:\/\/www.facebook.com\/COVBcat\/","https:\/\/x.com\/COVBcat","https:\/\/www.youtube.com\/user\/covbcn"]},{"@type":"Person","@id":""}]}},"jetpack_featured_media_url":"https:\/\/www.covb.cat\/wp-content\/uploads\/2024\/06\/bovi_vaca.jpg","jetpack_sharing_enabled":true,"_links":{"self":[{"href":"https:\/\/www.covb.cat\/es\/wp-json\/wp\/v2\/posts\/46343","targetHints":{"allow":["GET"]}}],"collection":[{"href":"https:\/\/www.covb.cat\/es\/wp-json\/wp\/v2\/posts"}],"about":[{"href":"https:\/\/www.covb.cat\/es\/wp-json\/wp\/v2\/types\/post"}],"author":[{"embeddable":true,"href":"https:\/\/www.covb.cat\/es\/wp-json\/wp\/v2\/users\/106"}],"replies":[{"embeddable":true,"href":"https:\/\/www.covb.cat\/es\/wp-json\/wp\/v2\/comments?post=46343"}],"version-history":[{"count":0,"href":"https:\/\/www.covb.cat\/es\/wp-json\/wp\/v2\/posts\/46343\/revisions"}],"wp:featuredmedia":[{"embeddable":true,"href":"https:\/\/www.covb.cat\/es\/wp-json\/wp\/v2\/media\/46243"}],"wp:attachment":[{"href":"https:\/\/www.covb.cat\/es\/wp-json\/wp\/v2\/media?parent=46343"}],"wp:term":[{"taxonomy":"category","embeddable":true,"href":"https:\/\/www.covb.cat\/es\/wp-json\/wp\/v2\/categories?post=46343"},{"taxonomy":"post_tag","embeddable":true,"href":"https:\/\/www.covb.cat\/es\/wp-json\/wp\/v2\/tags?post=46343"}],"curies":[{"name":"wp","href":"https:\/\/api.w.org\/{rel}","templated":true}]}}