{"id":45710,"date":"2024-05-17T21:05:23","date_gmt":"2024-05-17T19:05:23","guid":{"rendered":"https:\/\/www.covb.cat\/?p=45710"},"modified":"2024-05-27T21:05:58","modified_gmt":"2024-05-27T19:05:58","slug":"acto-de-ingreso-del-dr-jordi-miro-en-la-academia-de-ciencies-veterinaries-de-catalunya-acvc","status":"publish","type":"post","link":"https:\/\/www.covb.cat\/es\/actualitat\/noticies\/general\/acto-de-ingreso-del-dr-jordi-miro-en-la-academia-de-ciencies-veterinaries-de-catalunya-acvc\/","title":{"rendered":"Acto de ingreso del Dr. Jordi Mir\u00f3 en la Acad\u00e8mia de Ci\u00e8ncies Veterin\u00e0ries de Catalunya (ACVC)"},"content":{"rendered":"<p>El 31 de mayo a las 18.30 h, se celebrar\u00e1 en la Sala de actos del Colegio Oficial de Veterinarios de Barcelona, la sesi\u00f3n extraordinaria de ingreso en la Academia de Ciencias Veterinarias de Catalu\u00f1a del Dr. Joan Miro i Roig, catedr\u00e1tico de Medicina y Cirug\u00eda Animales de la facultad de Veterinaria de la UAB.<\/p>\n<p><a href=\"https:\/\/mcusercontent.com\/c131463000c5688473b8b34ba\/files\/040f9c77-81ec-9fdb-75dc-87aff3d1246d\/Invitacio_Jordi_MIRO.pdf\" target=\"_blank\" rel=\"noopener\">Adjuntamos invitaci\u00f3n<\/a><\/p>\n","protected":false},"excerpt":{"rendered":"<p>El 31 de mayo a las 18.30 h, se celebrar\u00e1 en la Sala de actos del Colegio Oficial de Veterinarios de Barcelona, la sesi\u00f3n extraordinaria de ingreso en la Academia de Ciencias Veterinarias de Catalu\u00f1a del Dr. Joan Miro i Roig, catedr\u00e1tico de Medicina y Cirug\u00eda Animales de la facultad de Veterinaria de la UAB. [&hellip;]<\/p>\n","protected":false},"author":106,"featured_media":45465,"comment_status":"closed","ping_status":"closed","sticky":false,"template":"","format":"standard","meta":{"_monsterinsights_skip_tracking":false,"_monsterinsights_sitenote_active":false,"_monsterinsights_sitenote_note":"","_monsterinsights_sitenote_category":0,"_jetpack_memberships_contains_paid_content":false,"footnotes":""},"categories":[138,17],"tags":[],"class_list":["post-45710","post","type-post","status-publish","format-standard","has-post-thumbnail","hentry","category-corporativo","category-general"],"yoast_head":"<!-- This site is optimized with the Yoast SEO plugin v27.0 - https:\/\/yoast.com\/product\/yoast-seo-wordpress\/ -->\n<title>Acto de ingreso del Dr. Jordi Mir\u00f3 en la Acad\u00e8mia de Ci\u00e8ncies Veterin\u00e0ries de Catalunya (ACVC) - COVB - Col\u00b7legi Oficial de Veterinaris de Barcelona<\/title>\n<meta name=\"description\" content=\"El 31 de mayo a las 18.30 h, se celebrar\u00e1 en la Sala de actos del Colegio Oficial de Veterinarios de Barcelona, la sesi\u00f3n extraordinaria de ingreso en la\" \/>\n<meta name=\"robots\" content=\"index, follow, max-snippet:-1, max-image-preview:large, max-video-preview:-1\" \/>\n<link rel=\"canonical\" href=\"https:\/\/www.covb.cat\/es\/actualitat\/noticies\/general\/acto-de-ingreso-del-dr-jordi-miro-en-la-academia-de-ciencies-veterinaries-de-catalunya-acvc\/\" \/>\n<meta property=\"og:locale\" content=\"es_ES\" \/>\n<meta property=\"og:type\" content=\"article\" \/>\n<meta property=\"og:title\" content=\"Acto de ingreso del Dr. Jordi Mir\u00f3 en la Acad\u00e8mia de Ci\u00e8ncies Veterin\u00e0ries de Catalunya (ACVC) - COVB - Col\u00b7legi Oficial de Veterinaris de Barcelona\" \/>\n<meta property=\"og:description\" content=\"El 31 de mayo a las 18.30 h, se celebrar\u00e1 en la Sala de actos del Colegio Oficial de Veterinarios de Barcelona, la sesi\u00f3n extraordinaria de ingreso en la\" \/>\n<meta property=\"og:url\" content=\"https:\/\/www.covb.cat\/es\/actualitat\/noticies\/general\/acto-de-ingreso-del-dr-jordi-miro-en-la-academia-de-ciencies-veterinaries-de-catalunya-acvc\/\" \/>\n<meta property=\"og:site_name\" content=\"COVB\" \/>\n<meta property=\"article:publisher\" content=\"https:\/\/www.facebook.com\/COVBcat\/\" \/>\n<meta property=\"article:published_time\" content=\"2024-05-17T19:05:23+00:00\" \/>\n<meta property=\"article:modified_time\" content=\"2024-05-27T19:05:58+00:00\" \/>\n<meta property=\"og:image\" content=\"https:\/\/www.covb.cat\/wp-content\/uploads\/2024\/05\/acvc.png\" \/>\n\t<meta property=\"og:image:width\" content=\"806\" \/>\n\t<meta property=\"og:image:height\" content=\"447\" \/>\n\t<meta property=\"og:image:type\" content=\"image\/png\" \/>\n<meta name=\"twitter:card\" content=\"summary_large_image\" \/>\n<meta name=\"twitter:creator\" content=\"@COVBcat\" \/>\n<meta name=\"twitter:site\" content=\"@COVBcat\" \/>\n<meta name=\"twitter:label1\" content=\"Escrito por\" \/>\n\t<meta name=\"twitter:data1\" content=\"\" \/>\n\t<meta name=\"twitter:label2\" content=\"Tiempo de lectura\" \/>\n\t<meta name=\"twitter:data2\" content=\"1 minuto\" \/>\n<script type=\"application\/ld+json\" class=\"yoast-schema-graph\">{\"@context\":\"https:\/\/schema.org\",\"@graph\":[{\"@type\":\"Article\",\"@id\":\"https:\/\/www.covb.cat\/es\/actualitat\/noticies\/general\/acto-de-ingreso-del-dr-jordi-miro-en-la-academia-de-ciencies-veterinaries-de-catalunya-acvc\/#article\",\"isPartOf\":{\"@id\":\"https:\/\/www.covb.cat\/es\/actualitat\/noticies\/general\/acto-de-ingreso-del-dr-jordi-miro-en-la-academia-de-ciencies-veterinaries-de-catalunya-acvc\/\"},\"author\":{\"name\":\"\",\"@id\":\"\"},\"headline\":\"Acto de ingreso del Dr. Jordi Mir\u00f3 en la Acad\u00e8mia de Ci\u00e8ncies Veterin\u00e0ries de Catalunya (ACVC)\",\"datePublished\":\"2024-05-17T19:05:23+00:00\",\"dateModified\":\"2024-05-27T19:05:58+00:00\",\"mainEntityOfPage\":{\"@id\":\"https:\/\/www.covb.cat\/es\/actualitat\/noticies\/general\/acto-de-ingreso-del-dr-jordi-miro-en-la-academia-de-ciencies-veterinaries-de-catalunya-acvc\/\"},\"wordCount\":79,\"publisher\":{\"@id\":\"https:\/\/www.covb.cat\/es\/#organization\"},\"image\":{\"@id\":\"https:\/\/www.covb.cat\/es\/actualitat\/noticies\/general\/acto-de-ingreso-del-dr-jordi-miro-en-la-academia-de-ciencies-veterinaries-de-catalunya-acvc\/#primaryimage\"},\"thumbnailUrl\":\"https:\/\/www.covb.cat\/wp-content\/uploads\/2024\/05\/acvc.png\",\"articleSection\":[\"Corporativo\",\"General\"],\"inLanguage\":\"es\"},{\"@type\":\"WebPage\",\"@id\":\"https:\/\/www.covb.cat\/es\/actualitat\/noticies\/general\/acto-de-ingreso-del-dr-jordi-miro-en-la-academia-de-ciencies-veterinaries-de-catalunya-acvc\/\",\"url\":\"https:\/\/www.covb.cat\/es\/actualitat\/noticies\/general\/acto-de-ingreso-del-dr-jordi-miro-en-la-academia-de-ciencies-veterinaries-de-catalunya-acvc\/\",\"name\":\"Acto de ingreso del Dr. Jordi Mir\u00f3 en la Acad\u00e8mia de Ci\u00e8ncies Veterin\u00e0ries de Catalunya (ACVC) - COVB - Col\u00b7legi Oficial de Veterinaris de Barcelona\",\"isPartOf\":{\"@id\":\"https:\/\/www.covb.cat\/es\/#website\"},\"primaryImageOfPage\":{\"@id\":\"https:\/\/www.covb.cat\/es\/actualitat\/noticies\/general\/acto-de-ingreso-del-dr-jordi-miro-en-la-academia-de-ciencies-veterinaries-de-catalunya-acvc\/#primaryimage\"},\"image\":{\"@id\":\"https:\/\/www.covb.cat\/es\/actualitat\/noticies\/general\/acto-de-ingreso-del-dr-jordi-miro-en-la-academia-de-ciencies-veterinaries-de-catalunya-acvc\/#primaryimage\"},\"thumbnailUrl\":\"https:\/\/www.covb.cat\/wp-content\/uploads\/2024\/05\/acvc.png\",\"datePublished\":\"2024-05-17T19:05:23+00:00\",\"dateModified\":\"2024-05-27T19:05:58+00:00\",\"description\":\"El 31 de mayo a las 18.30 h, se celebrar\u00e1 en la Sala de actos del Colegio Oficial de Veterinarios de Barcelona, la sesi\u00f3n extraordinaria de ingreso en la\",\"breadcrumb\":{\"@id\":\"https:\/\/www.covb.cat\/es\/actualitat\/noticies\/general\/acto-de-ingreso-del-dr-jordi-miro-en-la-academia-de-ciencies-veterinaries-de-catalunya-acvc\/#breadcrumb\"},\"inLanguage\":\"es\",\"potentialAction\":[{\"@type\":\"ReadAction\",\"target\":[\"https:\/\/www.covb.cat\/es\/actualitat\/noticies\/general\/acto-de-ingreso-del-dr-jordi-miro-en-la-academia-de-ciencies-veterinaries-de-catalunya-acvc\/\"]}]},{\"@type\":\"ImageObject\",\"inLanguage\":\"es\",\"@id\":\"https:\/\/www.covb.cat\/es\/actualitat\/noticies\/general\/acto-de-ingreso-del-dr-jordi-miro-en-la-academia-de-ciencies-veterinaries-de-catalunya-acvc\/#primaryimage\",\"url\":\"https:\/\/www.covb.cat\/wp-content\/uploads\/2024\/05\/acvc.png\",\"contentUrl\":\"https:\/\/www.covb.cat\/wp-content\/uploads\/2024\/05\/acvc.png\",\"width\":806,\"height\":447},{\"@type\":\"BreadcrumbList\",\"@id\":\"https:\/\/www.covb.cat\/es\/actualitat\/noticies\/general\/acto-de-ingreso-del-dr-jordi-miro-en-la-academia-de-ciencies-veterinaries-de-catalunya-acvc\/#breadcrumb\",\"itemListElement\":[{\"@type\":\"ListItem\",\"position\":1,\"name\":\"Inici\",\"item\":\"https:\/\/www.covb.cat\/es\/\"},{\"@type\":\"ListItem\",\"position\":2,\"name\":\"Acto de ingreso del Dr. Jordi Mir\u00f3 en la Acad\u00e8mia de Ci\u00e8ncies Veterin\u00e0ries de Catalunya (ACVC)\"}]},{\"@type\":\"WebSite\",\"@id\":\"https:\/\/www.covb.cat\/es\/#website\",\"url\":\"https:\/\/www.covb.cat\/es\/\",\"name\":\"COVB\",\"description\":\"Col\u00b7legi Oficial de Veterinaris de Barcelona\",\"publisher\":{\"@id\":\"https:\/\/www.covb.cat\/es\/#organization\"},\"potentialAction\":[{\"@type\":\"SearchAction\",\"target\":{\"@type\":\"EntryPoint\",\"urlTemplate\":\"https:\/\/www.covb.cat\/es\/?s={search_term_string}\"},\"query-input\":{\"@type\":\"PropertyValueSpecification\",\"valueRequired\":true,\"valueName\":\"search_term_string\"}}],\"inLanguage\":\"es\"},{\"@type\":\"Organization\",\"@id\":\"https:\/\/www.covb.cat\/es\/#organization\",\"name\":\"COVB\",\"url\":\"https:\/\/www.covb.cat\/es\/\",\"logo\":{\"@type\":\"ImageObject\",\"inLanguage\":\"es\",\"@id\":\"https:\/\/www.covb.cat\/es\/#\/schema\/logo\/image\/\",\"url\":\"https:\/\/www.covb.cat\/wp-content\/uploads\/2018\/07\/favicon-covb.png\",\"contentUrl\":\"https:\/\/www.covb.cat\/wp-content\/uploads\/2018\/07\/favicon-covb.png\",\"width\":512,\"height\":512,\"caption\":\"COVB\"},\"image\":{\"@id\":\"https:\/\/www.covb.cat\/es\/#\/schema\/logo\/image\/\"},\"sameAs\":[\"https:\/\/www.facebook.com\/COVBcat\/\",\"https:\/\/x.com\/COVBcat\",\"https:\/\/www.youtube.com\/user\/covbcn\"]},{\"@type\":\"Person\",\"@id\":\"\"}]}<\/script>\n<!-- \/ Yoast SEO plugin. -->","yoast_head_json":{"title":"Acto de ingreso del Dr. Jordi Mir\u00f3 en la Acad\u00e8mia de Ci\u00e8ncies Veterin\u00e0ries de Catalunya (ACVC) - COVB - Col\u00b7legi Oficial de Veterinaris de Barcelona","description":"El 31 de mayo a las 18.30 h, se celebrar\u00e1 en la Sala de actos del Colegio Oficial de Veterinarios de Barcelona, la sesi\u00f3n extraordinaria de ingreso en la","robots":{"index":"index","follow":"follow","max-snippet":"max-snippet:-1","max-image-preview":"max-image-preview:large","max-video-preview":"max-video-preview:-1"},"canonical":"https:\/\/www.covb.cat\/es\/actualitat\/noticies\/general\/acto-de-ingreso-del-dr-jordi-miro-en-la-academia-de-ciencies-veterinaries-de-catalunya-acvc\/","og_locale":"es_ES","og_type":"article","og_title":"Acto de ingreso del Dr. Jordi Mir\u00f3 en la Acad\u00e8mia de Ci\u00e8ncies Veterin\u00e0ries de Catalunya (ACVC) - COVB - Col\u00b7legi Oficial de Veterinaris de Barcelona","og_description":"El 31 de mayo a las 18.30 h, se celebrar\u00e1 en la Sala de actos del Colegio Oficial de Veterinarios de Barcelona, la sesi\u00f3n extraordinaria de ingreso en la","og_url":"https:\/\/www.covb.cat\/es\/actualitat\/noticies\/general\/acto-de-ingreso-del-dr-jordi-miro-en-la-academia-de-ciencies-veterinaries-de-catalunya-acvc\/","og_site_name":"COVB","article_publisher":"https:\/\/www.facebook.com\/COVBcat\/","article_published_time":"2024-05-17T19:05:23+00:00","article_modified_time":"2024-05-27T19:05:58+00:00","og_image":[{"width":806,"height":447,"url":"https:\/\/www.covb.cat\/wp-content\/uploads\/2024\/05\/acvc.png","type":"image\/png"}],"twitter_card":"summary_large_image","twitter_creator":"@COVBcat","twitter_site":"@COVBcat","twitter_misc":{"Escrito por":"","Tiempo de lectura":"1 minuto"},"schema":{"@context":"https:\/\/schema.org","@graph":[{"@type":"Article","@id":"https:\/\/www.covb.cat\/es\/actualitat\/noticies\/general\/acto-de-ingreso-del-dr-jordi-miro-en-la-academia-de-ciencies-veterinaries-de-catalunya-acvc\/#article","isPartOf":{"@id":"https:\/\/www.covb.cat\/es\/actualitat\/noticies\/general\/acto-de-ingreso-del-dr-jordi-miro-en-la-academia-de-ciencies-veterinaries-de-catalunya-acvc\/"},"author":{"name":"","@id":""},"headline":"Acto de ingreso del Dr. Jordi Mir\u00f3 en la Acad\u00e8mia de Ci\u00e8ncies Veterin\u00e0ries de Catalunya (ACVC)","datePublished":"2024-05-17T19:05:23+00:00","dateModified":"2024-05-27T19:05:58+00:00","mainEntityOfPage":{"@id":"https:\/\/www.covb.cat\/es\/actualitat\/noticies\/general\/acto-de-ingreso-del-dr-jordi-miro-en-la-academia-de-ciencies-veterinaries-de-catalunya-acvc\/"},"wordCount":79,"publisher":{"@id":"https:\/\/www.covb.cat\/es\/#organization"},"image":{"@id":"https:\/\/www.covb.cat\/es\/actualitat\/noticies\/general\/acto-de-ingreso-del-dr-jordi-miro-en-la-academia-de-ciencies-veterinaries-de-catalunya-acvc\/#primaryimage"},"thumbnailUrl":"https:\/\/www.covb.cat\/wp-content\/uploads\/2024\/05\/acvc.png","articleSection":["Corporativo","General"],"inLanguage":"es"},{"@type":"WebPage","@id":"https:\/\/www.covb.cat\/es\/actualitat\/noticies\/general\/acto-de-ingreso-del-dr-jordi-miro-en-la-academia-de-ciencies-veterinaries-de-catalunya-acvc\/","url":"https:\/\/www.covb.cat\/es\/actualitat\/noticies\/general\/acto-de-ingreso-del-dr-jordi-miro-en-la-academia-de-ciencies-veterinaries-de-catalunya-acvc\/","name":"Acto de ingreso del Dr. Jordi Mir\u00f3 en la Acad\u00e8mia de Ci\u00e8ncies Veterin\u00e0ries de Catalunya (ACVC) - COVB - Col\u00b7legi Oficial de Veterinaris de Barcelona","isPartOf":{"@id":"https:\/\/www.covb.cat\/es\/#website"},"primaryImageOfPage":{"@id":"https:\/\/www.covb.cat\/es\/actualitat\/noticies\/general\/acto-de-ingreso-del-dr-jordi-miro-en-la-academia-de-ciencies-veterinaries-de-catalunya-acvc\/#primaryimage"},"image":{"@id":"https:\/\/www.covb.cat\/es\/actualitat\/noticies\/general\/acto-de-ingreso-del-dr-jordi-miro-en-la-academia-de-ciencies-veterinaries-de-catalunya-acvc\/#primaryimage"},"thumbnailUrl":"https:\/\/www.covb.cat\/wp-content\/uploads\/2024\/05\/acvc.png","datePublished":"2024-05-17T19:05:23+00:00","dateModified":"2024-05-27T19:05:58+00:00","description":"El 31 de mayo a las 18.30 h, se celebrar\u00e1 en la Sala de actos del Colegio Oficial de Veterinarios de Barcelona, la sesi\u00f3n extraordinaria de ingreso en la","breadcrumb":{"@id":"https:\/\/www.covb.cat\/es\/actualitat\/noticies\/general\/acto-de-ingreso-del-dr-jordi-miro-en-la-academia-de-ciencies-veterinaries-de-catalunya-acvc\/#breadcrumb"},"inLanguage":"es","potentialAction":[{"@type":"ReadAction","target":["https:\/\/www.covb.cat\/es\/actualitat\/noticies\/general\/acto-de-ingreso-del-dr-jordi-miro-en-la-academia-de-ciencies-veterinaries-de-catalunya-acvc\/"]}]},{"@type":"ImageObject","inLanguage":"es","@id":"https:\/\/www.covb.cat\/es\/actualitat\/noticies\/general\/acto-de-ingreso-del-dr-jordi-miro-en-la-academia-de-ciencies-veterinaries-de-catalunya-acvc\/#primaryimage","url":"https:\/\/www.covb.cat\/wp-content\/uploads\/2024\/05\/acvc.png","contentUrl":"https:\/\/www.covb.cat\/wp-content\/uploads\/2024\/05\/acvc.png","width":806,"height":447},{"@type":"BreadcrumbList","@id":"https:\/\/www.covb.cat\/es\/actualitat\/noticies\/general\/acto-de-ingreso-del-dr-jordi-miro-en-la-academia-de-ciencies-veterinaries-de-catalunya-acvc\/#breadcrumb","itemListElement":[{"@type":"ListItem","position":1,"name":"Inici","item":"https:\/\/www.covb.cat\/es\/"},{"@type":"ListItem","position":2,"name":"Acto de ingreso del Dr. Jordi Mir\u00f3 en la Acad\u00e8mia de Ci\u00e8ncies Veterin\u00e0ries de Catalunya (ACVC)"}]},{"@type":"WebSite","@id":"https:\/\/www.covb.cat\/es\/#website","url":"https:\/\/www.covb.cat\/es\/","name":"COVB","description":"Col\u00b7legi Oficial de Veterinaris de Barcelona","publisher":{"@id":"https:\/\/www.covb.cat\/es\/#organization"},"potentialAction":[{"@type":"SearchAction","target":{"@type":"EntryPoint","urlTemplate":"https:\/\/www.covb.cat\/es\/?s={search_term_string}"},"query-input":{"@type":"PropertyValueSpecification","valueRequired":true,"valueName":"search_term_string"}}],"inLanguage":"es"},{"@type":"Organization","@id":"https:\/\/www.covb.cat\/es\/#organization","name":"COVB","url":"https:\/\/www.covb.cat\/es\/","logo":{"@type":"ImageObject","inLanguage":"es","@id":"https:\/\/www.covb.cat\/es\/#\/schema\/logo\/image\/","url":"https:\/\/www.covb.cat\/wp-content\/uploads\/2018\/07\/favicon-covb.png","contentUrl":"https:\/\/www.covb.cat\/wp-content\/uploads\/2018\/07\/favicon-covb.png","width":512,"height":512,"caption":"COVB"},"image":{"@id":"https:\/\/www.covb.cat\/es\/#\/schema\/logo\/image\/"},"sameAs":["https:\/\/www.facebook.com\/COVBcat\/","https:\/\/x.com\/COVBcat","https:\/\/www.youtube.com\/user\/covbcn"]},{"@type":"Person","@id":""}]}},"jetpack_featured_media_url":"https:\/\/www.covb.cat\/wp-content\/uploads\/2024\/05\/acvc.png","jetpack_sharing_enabled":true,"_links":{"self":[{"href":"https:\/\/www.covb.cat\/es\/wp-json\/wp\/v2\/posts\/45710","targetHints":{"allow":["GET"]}}],"collection":[{"href":"https:\/\/www.covb.cat\/es\/wp-json\/wp\/v2\/posts"}],"about":[{"href":"https:\/\/www.covb.cat\/es\/wp-json\/wp\/v2\/types\/post"}],"author":[{"embeddable":true,"href":"https:\/\/www.covb.cat\/es\/wp-json\/wp\/v2\/users\/106"}],"replies":[{"embeddable":true,"href":"https:\/\/www.covb.cat\/es\/wp-json\/wp\/v2\/comments?post=45710"}],"version-history":[{"count":0,"href":"https:\/\/www.covb.cat\/es\/wp-json\/wp\/v2\/posts\/45710\/revisions"}],"wp:featuredmedia":[{"embeddable":true,"href":"https:\/\/www.covb.cat\/es\/wp-json\/wp\/v2\/media\/45465"}],"wp:attachment":[{"href":"https:\/\/www.covb.cat\/es\/wp-json\/wp\/v2\/media?parent=45710"}],"wp:term":[{"taxonomy":"category","embeddable":true,"href":"https:\/\/www.covb.cat\/es\/wp-json\/wp\/v2\/categories?post=45710"},{"taxonomy":"post_tag","embeddable":true,"href":"https:\/\/www.covb.cat\/es\/wp-json\/wp\/v2\/tags?post=45710"}],"curies":[{"name":"wp","href":"https:\/\/api.w.org\/{rel}","templated":true}]}}