{"id":45658,"date":"2024-05-24T19:24:13","date_gmt":"2024-05-24T17:24:13","guid":{"rendered":"https:\/\/www.covb.cat\/?p=45658"},"modified":"2024-05-26T09:25:10","modified_gmt":"2024-05-26T07:25:10","slug":"save-the-date-14-de-junio-jornada-sobre-la-ley-de-proteccion-con-jose-ramon-becerra-director-general-de-derechos-de-los-animales","status":"publish","type":"post","link":"https:\/\/www.covb.cat\/es\/actualitat\/noticies\/general\/save-the-date-14-de-junio-jornada-sobre-la-ley-de-proteccion-con-jose-ramon-becerra-director-general-de-derechos-de-los-animales\/","title":{"rendered":"SAVE THE DATE: 14 de junio, Jornada sobre la Ley de Protecci\u00f3n con Jos\u00e9 Ram\u00f3n Becerra, director general de Derechos de los Animales"},"content":{"rendered":"<p>El Colegio Oficial de Veterinarios de Barcelona organiza el viernes 14 de junio por la ma\u00f1ana la <em>\u00abJornada sobre la Ley Estatal de Protecci\u00f3n de los Derechos y Bienestar Animal\u00bb<\/em> para debatir diferentes aspectos jur\u00eddicos y de aplicaci\u00f3n y desarrollo reglamentario de la presente ley. Participar\u00e1n como ponentes el director general de Derechos de los Animales del Ministerio de Derechos Sociales, Consumo y Agenda 2030, Jos\u00e9 Ram\u00f3n Becerra, y Ana Mar\u00eda Catal\u00e1n, coordinadora del \u00e1rea de la direcci\u00f3n general. Tambi\u00e9n intervendr\u00e1n en la mesa redonda posterior Carmen Mate, directora en Servei de Drets dels Animals, Ajuntament de Barcelona, y Antoni Gumbau, <em>cap de <\/em>la <em>Secci\u00f3 de Biodiversitat <\/em>i Medi Natural <em>de<\/em> Barcelona del Departament d\u2019Acci\u00f3 Clim\u00e0tica de la Generalitat de Catalunya.<\/p>\n<p>La sesi\u00f3n se celebrar\u00e1 en el sal\u00f3n de actos del Colegio y se podr\u00e1 seguir tambi\u00e9n en l\u00ednea.<\/p>\n<p><a href=\"https:\/\/www.covb.cat\/wp-content\/uploads\/2024\/05\/Formacio-COVB_-Jornada-llei-estatal-de-proteccio-dels-drets-i-benestar-animal-14.06.2024.CAST_.pdf\" target=\"_blank\" rel=\"noopener\">Adjuntamos el programa<\/a> de la sesi\u00f3n que incluye el formulario de inscripci\u00f3n.<\/p>\n","protected":false},"excerpt":{"rendered":"<p>El Colegio Oficial de Veterinarios de Barcelona organiza el viernes 14 de junio por la ma\u00f1ana la \u00abJornada sobre la Ley Estatal de Protecci\u00f3n de los Derechos y Bienestar Animal\u00bb para debatir diferentes aspectos jur\u00eddicos y de aplicaci\u00f3n y desarrollo reglamentario de la presente ley. Participar\u00e1n como ponentes el director general de Derechos de los [&hellip;]<\/p>\n","protected":false},"author":106,"featured_media":45650,"comment_status":"closed","ping_status":"closed","sticky":false,"template":"","format":"standard","meta":{"_monsterinsights_skip_tracking":false,"_monsterinsights_sitenote_active":false,"_monsterinsights_sitenote_note":"","_monsterinsights_sitenote_category":0,"_jetpack_memberships_contains_paid_content":false,"footnotes":""},"categories":[138,17],"tags":[],"class_list":["post-45658","post","type-post","status-publish","format-standard","has-post-thumbnail","hentry","category-corporativo","category-general"],"yoast_head":"<!-- This site is optimized with the Yoast SEO plugin v27.0 - https:\/\/yoast.com\/product\/yoast-seo-wordpress\/ -->\n<title>SAVE THE DATE: 14 de junio, Jornada sobre la Ley de Protecci\u00f3n con Jos\u00e9 Ram\u00f3n Becerra, director general de Derechos de los Animales - COVB - Col\u00b7legi Oficial de Veterinaris de Barcelona<\/title>\n<meta name=\"description\" content=\"El Colegio Oficial de Veterinarios de Barcelona organiza el viernes 14 de junio por la ma\u00f1ana la &quot;Jornada sobre la Ley Estatal de Protecci\u00f3n de los\" \/>\n<meta name=\"robots\" content=\"index, follow, max-snippet:-1, max-image-preview:large, max-video-preview:-1\" \/>\n<link rel=\"canonical\" href=\"https:\/\/www.covb.cat\/es\/actualitat\/noticies\/general\/save-the-date-14-de-junio-jornada-sobre-la-ley-de-proteccion-con-jose-ramon-becerra-director-general-de-derechos-de-los-animales\/\" \/>\n<meta property=\"og:locale\" content=\"es_ES\" \/>\n<meta property=\"og:type\" content=\"article\" \/>\n<meta property=\"og:title\" content=\"SAVE THE DATE: 14 de junio, Jornada sobre la Ley de Protecci\u00f3n con Jos\u00e9 Ram\u00f3n Becerra, director general de Derechos de los Animales - COVB - Col\u00b7legi Oficial de Veterinaris de Barcelona\" \/>\n<meta property=\"og:description\" content=\"El Colegio Oficial de Veterinarios de Barcelona organiza el viernes 14 de junio por la ma\u00f1ana la &quot;Jornada sobre la Ley Estatal de Protecci\u00f3n de los\" \/>\n<meta property=\"og:url\" content=\"https:\/\/www.covb.cat\/es\/actualitat\/noticies\/general\/save-the-date-14-de-junio-jornada-sobre-la-ley-de-proteccion-con-jose-ramon-becerra-director-general-de-derechos-de-los-animales\/\" \/>\n<meta property=\"og:site_name\" content=\"COVB\" \/>\n<meta property=\"article:publisher\" content=\"https:\/\/www.facebook.com\/COVBcat\/\" \/>\n<meta property=\"article:published_time\" content=\"2024-05-24T17:24:13+00:00\" \/>\n<meta property=\"article:modified_time\" content=\"2024-05-26T07:25:10+00:00\" \/>\n<meta property=\"og:image\" content=\"https:\/\/www.covb.cat\/wp-content\/uploads\/2024\/05\/897960bf-c85a-f97f-e319-269259cfa0bb.jpg\" \/>\n\t<meta property=\"og:image:width\" content=\"450\" \/>\n\t<meta property=\"og:image:height\" content=\"300\" \/>\n\t<meta property=\"og:image:type\" content=\"image\/jpeg\" \/>\n<meta name=\"twitter:card\" content=\"summary_large_image\" \/>\n<meta name=\"twitter:creator\" content=\"@COVBcat\" \/>\n<meta name=\"twitter:site\" content=\"@COVBcat\" \/>\n<meta name=\"twitter:label1\" content=\"Escrito por\" \/>\n\t<meta name=\"twitter:data1\" content=\"\" \/>\n\t<meta name=\"twitter:label2\" content=\"Tiempo de lectura\" \/>\n\t<meta name=\"twitter:data2\" content=\"1 minuto\" \/>\n<script type=\"application\/ld+json\" class=\"yoast-schema-graph\">{\"@context\":\"https:\/\/schema.org\",\"@graph\":[{\"@type\":\"Article\",\"@id\":\"https:\/\/www.covb.cat\/es\/actualitat\/noticies\/general\/save-the-date-14-de-junio-jornada-sobre-la-ley-de-proteccion-con-jose-ramon-becerra-director-general-de-derechos-de-los-animales\/#article\",\"isPartOf\":{\"@id\":\"https:\/\/www.covb.cat\/es\/actualitat\/noticies\/general\/save-the-date-14-de-junio-jornada-sobre-la-ley-de-proteccion-con-jose-ramon-becerra-director-general-de-derechos-de-los-animales\/\"},\"author\":{\"name\":\"\",\"@id\":\"\"},\"headline\":\"SAVE THE DATE: 14 de junio, Jornada sobre la Ley de Protecci\u00f3n con Jos\u00e9 Ram\u00f3n Becerra, director general de Derechos de los Animales\",\"datePublished\":\"2024-05-24T17:24:13+00:00\",\"dateModified\":\"2024-05-26T07:25:10+00:00\",\"mainEntityOfPage\":{\"@id\":\"https:\/\/www.covb.cat\/es\/actualitat\/noticies\/general\/save-the-date-14-de-junio-jornada-sobre-la-ley-de-proteccion-con-jose-ramon-becerra-director-general-de-derechos-de-los-animales\/\"},\"wordCount\":192,\"publisher\":{\"@id\":\"https:\/\/www.covb.cat\/es\/#organization\"},\"image\":{\"@id\":\"https:\/\/www.covb.cat\/es\/actualitat\/noticies\/general\/save-the-date-14-de-junio-jornada-sobre-la-ley-de-proteccion-con-jose-ramon-becerra-director-general-de-derechos-de-los-animales\/#primaryimage\"},\"thumbnailUrl\":\"https:\/\/www.covb.cat\/wp-content\/uploads\/2024\/05\/897960bf-c85a-f97f-e319-269259cfa0bb.jpg\",\"articleSection\":[\"Corporativo\",\"General\"],\"inLanguage\":\"es\"},{\"@type\":\"WebPage\",\"@id\":\"https:\/\/www.covb.cat\/es\/actualitat\/noticies\/general\/save-the-date-14-de-junio-jornada-sobre-la-ley-de-proteccion-con-jose-ramon-becerra-director-general-de-derechos-de-los-animales\/\",\"url\":\"https:\/\/www.covb.cat\/es\/actualitat\/noticies\/general\/save-the-date-14-de-junio-jornada-sobre-la-ley-de-proteccion-con-jose-ramon-becerra-director-general-de-derechos-de-los-animales\/\",\"name\":\"SAVE THE DATE: 14 de junio, Jornada sobre la Ley de Protecci\u00f3n con Jos\u00e9 Ram\u00f3n Becerra, director general de Derechos de los Animales - COVB - Col\u00b7legi Oficial de Veterinaris de Barcelona\",\"isPartOf\":{\"@id\":\"https:\/\/www.covb.cat\/es\/#website\"},\"primaryImageOfPage\":{\"@id\":\"https:\/\/www.covb.cat\/es\/actualitat\/noticies\/general\/save-the-date-14-de-junio-jornada-sobre-la-ley-de-proteccion-con-jose-ramon-becerra-director-general-de-derechos-de-los-animales\/#primaryimage\"},\"image\":{\"@id\":\"https:\/\/www.covb.cat\/es\/actualitat\/noticies\/general\/save-the-date-14-de-junio-jornada-sobre-la-ley-de-proteccion-con-jose-ramon-becerra-director-general-de-derechos-de-los-animales\/#primaryimage\"},\"thumbnailUrl\":\"https:\/\/www.covb.cat\/wp-content\/uploads\/2024\/05\/897960bf-c85a-f97f-e319-269259cfa0bb.jpg\",\"datePublished\":\"2024-05-24T17:24:13+00:00\",\"dateModified\":\"2024-05-26T07:25:10+00:00\",\"description\":\"El Colegio Oficial de Veterinarios de Barcelona organiza el viernes 14 de junio por la ma\u00f1ana la \\\"Jornada sobre la Ley Estatal de Protecci\u00f3n de los\",\"breadcrumb\":{\"@id\":\"https:\/\/www.covb.cat\/es\/actualitat\/noticies\/general\/save-the-date-14-de-junio-jornada-sobre-la-ley-de-proteccion-con-jose-ramon-becerra-director-general-de-derechos-de-los-animales\/#breadcrumb\"},\"inLanguage\":\"es\",\"potentialAction\":[{\"@type\":\"ReadAction\",\"target\":[\"https:\/\/www.covb.cat\/es\/actualitat\/noticies\/general\/save-the-date-14-de-junio-jornada-sobre-la-ley-de-proteccion-con-jose-ramon-becerra-director-general-de-derechos-de-los-animales\/\"]}]},{\"@type\":\"ImageObject\",\"inLanguage\":\"es\",\"@id\":\"https:\/\/www.covb.cat\/es\/actualitat\/noticies\/general\/save-the-date-14-de-junio-jornada-sobre-la-ley-de-proteccion-con-jose-ramon-becerra-director-general-de-derechos-de-los-animales\/#primaryimage\",\"url\":\"https:\/\/www.covb.cat\/wp-content\/uploads\/2024\/05\/897960bf-c85a-f97f-e319-269259cfa0bb.jpg\",\"contentUrl\":\"https:\/\/www.covb.cat\/wp-content\/uploads\/2024\/05\/897960bf-c85a-f97f-e319-269259cfa0bb.jpg\",\"width\":450,\"height\":300},{\"@type\":\"BreadcrumbList\",\"@id\":\"https:\/\/www.covb.cat\/es\/actualitat\/noticies\/general\/save-the-date-14-de-junio-jornada-sobre-la-ley-de-proteccion-con-jose-ramon-becerra-director-general-de-derechos-de-los-animales\/#breadcrumb\",\"itemListElement\":[{\"@type\":\"ListItem\",\"position\":1,\"name\":\"Inici\",\"item\":\"https:\/\/www.covb.cat\/es\/\"},{\"@type\":\"ListItem\",\"position\":2,\"name\":\"SAVE THE DATE: 14 de junio, Jornada sobre la Ley de Protecci\u00f3n con Jos\u00e9 Ram\u00f3n Becerra, director general de Derechos de los Animales\"}]},{\"@type\":\"WebSite\",\"@id\":\"https:\/\/www.covb.cat\/es\/#website\",\"url\":\"https:\/\/www.covb.cat\/es\/\",\"name\":\"COVB\",\"description\":\"Col\u00b7legi Oficial de Veterinaris de Barcelona\",\"publisher\":{\"@id\":\"https:\/\/www.covb.cat\/es\/#organization\"},\"potentialAction\":[{\"@type\":\"SearchAction\",\"target\":{\"@type\":\"EntryPoint\",\"urlTemplate\":\"https:\/\/www.covb.cat\/es\/?s={search_term_string}\"},\"query-input\":{\"@type\":\"PropertyValueSpecification\",\"valueRequired\":true,\"valueName\":\"search_term_string\"}}],\"inLanguage\":\"es\"},{\"@type\":\"Organization\",\"@id\":\"https:\/\/www.covb.cat\/es\/#organization\",\"name\":\"COVB\",\"url\":\"https:\/\/www.covb.cat\/es\/\",\"logo\":{\"@type\":\"ImageObject\",\"inLanguage\":\"es\",\"@id\":\"https:\/\/www.covb.cat\/es\/#\/schema\/logo\/image\/\",\"url\":\"https:\/\/www.covb.cat\/wp-content\/uploads\/2018\/07\/favicon-covb.png\",\"contentUrl\":\"https:\/\/www.covb.cat\/wp-content\/uploads\/2018\/07\/favicon-covb.png\",\"width\":512,\"height\":512,\"caption\":\"COVB\"},\"image\":{\"@id\":\"https:\/\/www.covb.cat\/es\/#\/schema\/logo\/image\/\"},\"sameAs\":[\"https:\/\/www.facebook.com\/COVBcat\/\",\"https:\/\/x.com\/COVBcat\",\"https:\/\/www.youtube.com\/user\/covbcn\"]},{\"@type\":\"Person\",\"@id\":\"\"}]}<\/script>\n<!-- \/ Yoast SEO plugin. -->","yoast_head_json":{"title":"SAVE THE DATE: 14 de junio, Jornada sobre la Ley de Protecci\u00f3n con Jos\u00e9 Ram\u00f3n Becerra, director general de Derechos de los Animales - COVB - Col\u00b7legi Oficial de Veterinaris de Barcelona","description":"El Colegio Oficial de Veterinarios de Barcelona organiza el viernes 14 de junio por la ma\u00f1ana la \"Jornada sobre la Ley Estatal de Protecci\u00f3n de los","robots":{"index":"index","follow":"follow","max-snippet":"max-snippet:-1","max-image-preview":"max-image-preview:large","max-video-preview":"max-video-preview:-1"},"canonical":"https:\/\/www.covb.cat\/es\/actualitat\/noticies\/general\/save-the-date-14-de-junio-jornada-sobre-la-ley-de-proteccion-con-jose-ramon-becerra-director-general-de-derechos-de-los-animales\/","og_locale":"es_ES","og_type":"article","og_title":"SAVE THE DATE: 14 de junio, Jornada sobre la Ley de Protecci\u00f3n con Jos\u00e9 Ram\u00f3n Becerra, director general de Derechos de los Animales - COVB - Col\u00b7legi Oficial de Veterinaris de Barcelona","og_description":"El Colegio Oficial de Veterinarios de Barcelona organiza el viernes 14 de junio por la ma\u00f1ana la \"Jornada sobre la Ley Estatal de Protecci\u00f3n de los","og_url":"https:\/\/www.covb.cat\/es\/actualitat\/noticies\/general\/save-the-date-14-de-junio-jornada-sobre-la-ley-de-proteccion-con-jose-ramon-becerra-director-general-de-derechos-de-los-animales\/","og_site_name":"COVB","article_publisher":"https:\/\/www.facebook.com\/COVBcat\/","article_published_time":"2024-05-24T17:24:13+00:00","article_modified_time":"2024-05-26T07:25:10+00:00","og_image":[{"width":450,"height":300,"url":"https:\/\/www.covb.cat\/wp-content\/uploads\/2024\/05\/897960bf-c85a-f97f-e319-269259cfa0bb.jpg","type":"image\/jpeg"}],"twitter_card":"summary_large_image","twitter_creator":"@COVBcat","twitter_site":"@COVBcat","twitter_misc":{"Escrito por":"","Tiempo de lectura":"1 minuto"},"schema":{"@context":"https:\/\/schema.org","@graph":[{"@type":"Article","@id":"https:\/\/www.covb.cat\/es\/actualitat\/noticies\/general\/save-the-date-14-de-junio-jornada-sobre-la-ley-de-proteccion-con-jose-ramon-becerra-director-general-de-derechos-de-los-animales\/#article","isPartOf":{"@id":"https:\/\/www.covb.cat\/es\/actualitat\/noticies\/general\/save-the-date-14-de-junio-jornada-sobre-la-ley-de-proteccion-con-jose-ramon-becerra-director-general-de-derechos-de-los-animales\/"},"author":{"name":"","@id":""},"headline":"SAVE THE DATE: 14 de junio, Jornada sobre la Ley de Protecci\u00f3n con Jos\u00e9 Ram\u00f3n Becerra, director general de Derechos de los Animales","datePublished":"2024-05-24T17:24:13+00:00","dateModified":"2024-05-26T07:25:10+00:00","mainEntityOfPage":{"@id":"https:\/\/www.covb.cat\/es\/actualitat\/noticies\/general\/save-the-date-14-de-junio-jornada-sobre-la-ley-de-proteccion-con-jose-ramon-becerra-director-general-de-derechos-de-los-animales\/"},"wordCount":192,"publisher":{"@id":"https:\/\/www.covb.cat\/es\/#organization"},"image":{"@id":"https:\/\/www.covb.cat\/es\/actualitat\/noticies\/general\/save-the-date-14-de-junio-jornada-sobre-la-ley-de-proteccion-con-jose-ramon-becerra-director-general-de-derechos-de-los-animales\/#primaryimage"},"thumbnailUrl":"https:\/\/www.covb.cat\/wp-content\/uploads\/2024\/05\/897960bf-c85a-f97f-e319-269259cfa0bb.jpg","articleSection":["Corporativo","General"],"inLanguage":"es"},{"@type":"WebPage","@id":"https:\/\/www.covb.cat\/es\/actualitat\/noticies\/general\/save-the-date-14-de-junio-jornada-sobre-la-ley-de-proteccion-con-jose-ramon-becerra-director-general-de-derechos-de-los-animales\/","url":"https:\/\/www.covb.cat\/es\/actualitat\/noticies\/general\/save-the-date-14-de-junio-jornada-sobre-la-ley-de-proteccion-con-jose-ramon-becerra-director-general-de-derechos-de-los-animales\/","name":"SAVE THE DATE: 14 de junio, Jornada sobre la Ley de Protecci\u00f3n con Jos\u00e9 Ram\u00f3n Becerra, director general de Derechos de los Animales - COVB - Col\u00b7legi Oficial de Veterinaris de Barcelona","isPartOf":{"@id":"https:\/\/www.covb.cat\/es\/#website"},"primaryImageOfPage":{"@id":"https:\/\/www.covb.cat\/es\/actualitat\/noticies\/general\/save-the-date-14-de-junio-jornada-sobre-la-ley-de-proteccion-con-jose-ramon-becerra-director-general-de-derechos-de-los-animales\/#primaryimage"},"image":{"@id":"https:\/\/www.covb.cat\/es\/actualitat\/noticies\/general\/save-the-date-14-de-junio-jornada-sobre-la-ley-de-proteccion-con-jose-ramon-becerra-director-general-de-derechos-de-los-animales\/#primaryimage"},"thumbnailUrl":"https:\/\/www.covb.cat\/wp-content\/uploads\/2024\/05\/897960bf-c85a-f97f-e319-269259cfa0bb.jpg","datePublished":"2024-05-24T17:24:13+00:00","dateModified":"2024-05-26T07:25:10+00:00","description":"El Colegio Oficial de Veterinarios de Barcelona organiza el viernes 14 de junio por la ma\u00f1ana la \"Jornada sobre la Ley Estatal de Protecci\u00f3n de los","breadcrumb":{"@id":"https:\/\/www.covb.cat\/es\/actualitat\/noticies\/general\/save-the-date-14-de-junio-jornada-sobre-la-ley-de-proteccion-con-jose-ramon-becerra-director-general-de-derechos-de-los-animales\/#breadcrumb"},"inLanguage":"es","potentialAction":[{"@type":"ReadAction","target":["https:\/\/www.covb.cat\/es\/actualitat\/noticies\/general\/save-the-date-14-de-junio-jornada-sobre-la-ley-de-proteccion-con-jose-ramon-becerra-director-general-de-derechos-de-los-animales\/"]}]},{"@type":"ImageObject","inLanguage":"es","@id":"https:\/\/www.covb.cat\/es\/actualitat\/noticies\/general\/save-the-date-14-de-junio-jornada-sobre-la-ley-de-proteccion-con-jose-ramon-becerra-director-general-de-derechos-de-los-animales\/#primaryimage","url":"https:\/\/www.covb.cat\/wp-content\/uploads\/2024\/05\/897960bf-c85a-f97f-e319-269259cfa0bb.jpg","contentUrl":"https:\/\/www.covb.cat\/wp-content\/uploads\/2024\/05\/897960bf-c85a-f97f-e319-269259cfa0bb.jpg","width":450,"height":300},{"@type":"BreadcrumbList","@id":"https:\/\/www.covb.cat\/es\/actualitat\/noticies\/general\/save-the-date-14-de-junio-jornada-sobre-la-ley-de-proteccion-con-jose-ramon-becerra-director-general-de-derechos-de-los-animales\/#breadcrumb","itemListElement":[{"@type":"ListItem","position":1,"name":"Inici","item":"https:\/\/www.covb.cat\/es\/"},{"@type":"ListItem","position":2,"name":"SAVE THE DATE: 14 de junio, Jornada sobre la Ley de Protecci\u00f3n con Jos\u00e9 Ram\u00f3n Becerra, director general de Derechos de los Animales"}]},{"@type":"WebSite","@id":"https:\/\/www.covb.cat\/es\/#website","url":"https:\/\/www.covb.cat\/es\/","name":"COVB","description":"Col\u00b7legi Oficial de Veterinaris de Barcelona","publisher":{"@id":"https:\/\/www.covb.cat\/es\/#organization"},"potentialAction":[{"@type":"SearchAction","target":{"@type":"EntryPoint","urlTemplate":"https:\/\/www.covb.cat\/es\/?s={search_term_string}"},"query-input":{"@type":"PropertyValueSpecification","valueRequired":true,"valueName":"search_term_string"}}],"inLanguage":"es"},{"@type":"Organization","@id":"https:\/\/www.covb.cat\/es\/#organization","name":"COVB","url":"https:\/\/www.covb.cat\/es\/","logo":{"@type":"ImageObject","inLanguage":"es","@id":"https:\/\/www.covb.cat\/es\/#\/schema\/logo\/image\/","url":"https:\/\/www.covb.cat\/wp-content\/uploads\/2018\/07\/favicon-covb.png","contentUrl":"https:\/\/www.covb.cat\/wp-content\/uploads\/2018\/07\/favicon-covb.png","width":512,"height":512,"caption":"COVB"},"image":{"@id":"https:\/\/www.covb.cat\/es\/#\/schema\/logo\/image\/"},"sameAs":["https:\/\/www.facebook.com\/COVBcat\/","https:\/\/x.com\/COVBcat","https:\/\/www.youtube.com\/user\/covbcn"]},{"@type":"Person","@id":""}]}},"jetpack_featured_media_url":"https:\/\/www.covb.cat\/wp-content\/uploads\/2024\/05\/897960bf-c85a-f97f-e319-269259cfa0bb.jpg","jetpack_sharing_enabled":true,"_links":{"self":[{"href":"https:\/\/www.covb.cat\/es\/wp-json\/wp\/v2\/posts\/45658","targetHints":{"allow":["GET"]}}],"collection":[{"href":"https:\/\/www.covb.cat\/es\/wp-json\/wp\/v2\/posts"}],"about":[{"href":"https:\/\/www.covb.cat\/es\/wp-json\/wp\/v2\/types\/post"}],"author":[{"embeddable":true,"href":"https:\/\/www.covb.cat\/es\/wp-json\/wp\/v2\/users\/106"}],"replies":[{"embeddable":true,"href":"https:\/\/www.covb.cat\/es\/wp-json\/wp\/v2\/comments?post=45658"}],"version-history":[{"count":0,"href":"https:\/\/www.covb.cat\/es\/wp-json\/wp\/v2\/posts\/45658\/revisions"}],"wp:featuredmedia":[{"embeddable":true,"href":"https:\/\/www.covb.cat\/es\/wp-json\/wp\/v2\/media\/45650"}],"wp:attachment":[{"href":"https:\/\/www.covb.cat\/es\/wp-json\/wp\/v2\/media?parent=45658"}],"wp:term":[{"taxonomy":"category","embeddable":true,"href":"https:\/\/www.covb.cat\/es\/wp-json\/wp\/v2\/categories?post=45658"},{"taxonomy":"post_tag","embeddable":true,"href":"https:\/\/www.covb.cat\/es\/wp-json\/wp\/v2\/tags?post=45658"}],"curies":[{"name":"wp","href":"https:\/\/api.w.org\/{rel}","templated":true}]}}