{"id":45113,"date":"2024-05-03T17:10:09","date_gmt":"2024-05-03T15:10:09","guid":{"rendered":"https:\/\/www.covb.cat\/?p=45113"},"modified":"2024-05-06T17:11:06","modified_gmt":"2024-05-06T15:11:06","slug":"en-marcha-la-11a-edicion-del-concurso-de-fotografia-del-ccvc","status":"publish","type":"post","link":"https:\/\/www.covb.cat\/es\/actualitat\/noticies\/actividades\/en-marcha-la-11a-edicion-del-concurso-de-fotografia-del-ccvc\/","title":{"rendered":"En marcha la 11\u00aa edici\u00f3n del Concurso de fotograf\u00eda del CCVC"},"content":{"rendered":"<p>El Consell de Col\u00b7legis Veterinaris de Catalunya convoca una nueva edici\u00f3n del Concurso de Fotograf\u00eda \u00abEl mundo animal\u00bb con dos categor\u00edas: una, para los profesionales de la veterinaria, colegiados; y \u00a0otra, para los propietarios de animales de compa\u00f1\u00eda que est\u00e9n inscritos en el AIAC. La tem\u00e1tica es \u00abEl mundo animal\u00bb. En el caso de los veterinarios, las fotograf\u00edas deber\u00e1n estar relacionadas con su actividad profesional, mientras que en el caso de los propietarios deben estar relacionadas con los animales. Para las dos categor\u00edas, se establece un primer premio dotado con 1.500 euros y un acc\u00e9sit de 1.000 euros.<\/p>\n<p>El plazo para presentar fotograf\u00edas finalizar\u00e1 el 30 de junio.<\/p>\n<p>Adjuntamos las <a href=\"https:\/\/mcusercontent.com\/c131463000c5688473b8b34ba\/files\/637e91bb-240e-ec15-9e53-ab6eea67b894\/Bases_Concurs_Fotografia_2024_comprimido.pdf\" target=\"_blank\" rel=\"noopener\">bases del concurso<\/a> y el <a href=\"https:\/\/mcusercontent.com\/c131463000c5688473b8b34ba\/_compresseds\/c0525717-21c1-82fe-082b-c0d612c8172d.jpg\" target=\"_blank\" rel=\"noopener\">cartel informativo<\/a><\/p>\n","protected":false},"excerpt":{"rendered":"<p>El Consell de Col\u00b7legis Veterinaris de Catalunya convoca una nueva edici\u00f3n del Concurso de Fotograf\u00eda \u00abEl mundo animal\u00bb con dos categor\u00edas: una, para los profesionales de la veterinaria, colegiados; y \u00a0otra, para los propietarios de animales de compa\u00f1\u00eda que est\u00e9n inscritos en el AIAC. La tem\u00e1tica es \u00abEl mundo animal\u00bb. En el caso de los [&hellip;]<\/p>\n","protected":false},"author":106,"featured_media":45042,"comment_status":"closed","ping_status":"closed","sticky":false,"template":"","format":"standard","meta":{"_monsterinsights_skip_tracking":false,"_monsterinsights_sitenote_active":false,"_monsterinsights_sitenote_note":"","_monsterinsights_sitenote_category":0,"_jetpack_memberships_contains_paid_content":false,"footnotes":""},"categories":[183,17],"tags":[],"class_list":["post-45113","post","type-post","status-publish","format-standard","has-post-thumbnail","hentry","category-actividades","category-general"],"yoast_head":"<!-- This site is optimized with the Yoast SEO plugin v27.0 - https:\/\/yoast.com\/product\/yoast-seo-wordpress\/ -->\n<title>En marcha la 11\u00aa edici\u00f3n del Concurso de fotograf\u00eda del CCVC - COVB - Col\u00b7legi Oficial de Veterinaris de Barcelona<\/title>\n<meta name=\"description\" content=\"El Consell de Col\u00b7legis Veterinaris de Catalunya convoca una nueva edici\u00f3n del Concurso de Fotograf\u00eda &quot;El mundo animal&quot; con dos categor\u00edas: una, para los\" \/>\n<meta name=\"robots\" content=\"index, follow, max-snippet:-1, max-image-preview:large, max-video-preview:-1\" \/>\n<link rel=\"canonical\" href=\"https:\/\/www.covb.cat\/es\/actualitat\/noticies\/actividades\/en-marcha-la-11a-edicion-del-concurso-de-fotografia-del-ccvc\/\" \/>\n<meta property=\"og:locale\" content=\"es_ES\" \/>\n<meta property=\"og:type\" content=\"article\" \/>\n<meta property=\"og:title\" content=\"En marcha la 11\u00aa edici\u00f3n del Concurso de fotograf\u00eda del CCVC - COVB - Col\u00b7legi Oficial de Veterinaris de Barcelona\" \/>\n<meta property=\"og:description\" content=\"El Consell de Col\u00b7legis Veterinaris de Catalunya convoca una nueva edici\u00f3n del Concurso de Fotograf\u00eda &quot;El mundo animal&quot; con dos categor\u00edas: una, para los\" \/>\n<meta property=\"og:url\" content=\"https:\/\/www.covb.cat\/es\/actualitat\/noticies\/actividades\/en-marcha-la-11a-edicion-del-concurso-de-fotografia-del-ccvc\/\" \/>\n<meta property=\"og:site_name\" content=\"COVB\" \/>\n<meta property=\"article:publisher\" content=\"https:\/\/www.facebook.com\/COVBcat\/\" \/>\n<meta property=\"article:published_time\" content=\"2024-05-03T15:10:09+00:00\" \/>\n<meta property=\"article:modified_time\" content=\"2024-05-06T15:11:06+00:00\" \/>\n<meta property=\"og:image\" content=\"https:\/\/www.covb.cat\/wp-content\/uploads\/2024\/05\/concursccvc.jpg\" \/>\n\t<meta property=\"og:image:width\" content=\"651\" \/>\n\t<meta property=\"og:image:height\" content=\"397\" \/>\n\t<meta property=\"og:image:type\" content=\"image\/jpeg\" \/>\n<meta name=\"twitter:card\" content=\"summary_large_image\" \/>\n<meta name=\"twitter:creator\" content=\"@COVBcat\" \/>\n<meta name=\"twitter:site\" content=\"@COVBcat\" \/>\n<meta name=\"twitter:label1\" content=\"Escrito por\" \/>\n\t<meta name=\"twitter:data1\" content=\"\" \/>\n\t<meta name=\"twitter:label2\" content=\"Tiempo de lectura\" \/>\n\t<meta name=\"twitter:data2\" content=\"1 minuto\" \/>\n<script type=\"application\/ld+json\" class=\"yoast-schema-graph\">{\"@context\":\"https:\/\/schema.org\",\"@graph\":[{\"@type\":\"Article\",\"@id\":\"https:\/\/www.covb.cat\/es\/actualitat\/noticies\/actividades\/en-marcha-la-11a-edicion-del-concurso-de-fotografia-del-ccvc\/#article\",\"isPartOf\":{\"@id\":\"https:\/\/www.covb.cat\/es\/actualitat\/noticies\/actividades\/en-marcha-la-11a-edicion-del-concurso-de-fotografia-del-ccvc\/\"},\"author\":{\"name\":\"\",\"@id\":\"\"},\"headline\":\"En marcha la 11\u00aa edici\u00f3n del Concurso de fotograf\u00eda del CCVC\",\"datePublished\":\"2024-05-03T15:10:09+00:00\",\"dateModified\":\"2024-05-06T15:11:06+00:00\",\"mainEntityOfPage\":{\"@id\":\"https:\/\/www.covb.cat\/es\/actualitat\/noticies\/actividades\/en-marcha-la-11a-edicion-del-concurso-de-fotografia-del-ccvc\/\"},\"wordCount\":138,\"publisher\":{\"@id\":\"https:\/\/www.covb.cat\/es\/#organization\"},\"image\":{\"@id\":\"https:\/\/www.covb.cat\/es\/actualitat\/noticies\/actividades\/en-marcha-la-11a-edicion-del-concurso-de-fotografia-del-ccvc\/#primaryimage\"},\"thumbnailUrl\":\"https:\/\/www.covb.cat\/wp-content\/uploads\/2024\/05\/concursccvc.jpg\",\"articleSection\":[\"Actividades\",\"General\"],\"inLanguage\":\"es\"},{\"@type\":\"WebPage\",\"@id\":\"https:\/\/www.covb.cat\/es\/actualitat\/noticies\/actividades\/en-marcha-la-11a-edicion-del-concurso-de-fotografia-del-ccvc\/\",\"url\":\"https:\/\/www.covb.cat\/es\/actualitat\/noticies\/actividades\/en-marcha-la-11a-edicion-del-concurso-de-fotografia-del-ccvc\/\",\"name\":\"En marcha la 11\u00aa edici\u00f3n del Concurso de fotograf\u00eda del CCVC - COVB - Col\u00b7legi Oficial de Veterinaris de Barcelona\",\"isPartOf\":{\"@id\":\"https:\/\/www.covb.cat\/es\/#website\"},\"primaryImageOfPage\":{\"@id\":\"https:\/\/www.covb.cat\/es\/actualitat\/noticies\/actividades\/en-marcha-la-11a-edicion-del-concurso-de-fotografia-del-ccvc\/#primaryimage\"},\"image\":{\"@id\":\"https:\/\/www.covb.cat\/es\/actualitat\/noticies\/actividades\/en-marcha-la-11a-edicion-del-concurso-de-fotografia-del-ccvc\/#primaryimage\"},\"thumbnailUrl\":\"https:\/\/www.covb.cat\/wp-content\/uploads\/2024\/05\/concursccvc.jpg\",\"datePublished\":\"2024-05-03T15:10:09+00:00\",\"dateModified\":\"2024-05-06T15:11:06+00:00\",\"description\":\"El Consell de Col\u00b7legis Veterinaris de Catalunya convoca una nueva edici\u00f3n del Concurso de Fotograf\u00eda \\\"El mundo animal\\\" con dos categor\u00edas: una, para los\",\"breadcrumb\":{\"@id\":\"https:\/\/www.covb.cat\/es\/actualitat\/noticies\/actividades\/en-marcha-la-11a-edicion-del-concurso-de-fotografia-del-ccvc\/#breadcrumb\"},\"inLanguage\":\"es\",\"potentialAction\":[{\"@type\":\"ReadAction\",\"target\":[\"https:\/\/www.covb.cat\/es\/actualitat\/noticies\/actividades\/en-marcha-la-11a-edicion-del-concurso-de-fotografia-del-ccvc\/\"]}]},{\"@type\":\"ImageObject\",\"inLanguage\":\"es\",\"@id\":\"https:\/\/www.covb.cat\/es\/actualitat\/noticies\/actividades\/en-marcha-la-11a-edicion-del-concurso-de-fotografia-del-ccvc\/#primaryimage\",\"url\":\"https:\/\/www.covb.cat\/wp-content\/uploads\/2024\/05\/concursccvc.jpg\",\"contentUrl\":\"https:\/\/www.covb.cat\/wp-content\/uploads\/2024\/05\/concursccvc.jpg\",\"width\":651,\"height\":397},{\"@type\":\"BreadcrumbList\",\"@id\":\"https:\/\/www.covb.cat\/es\/actualitat\/noticies\/actividades\/en-marcha-la-11a-edicion-del-concurso-de-fotografia-del-ccvc\/#breadcrumb\",\"itemListElement\":[{\"@type\":\"ListItem\",\"position\":1,\"name\":\"Inici\",\"item\":\"https:\/\/www.covb.cat\/es\/\"},{\"@type\":\"ListItem\",\"position\":2,\"name\":\"En marcha la 11\u00aa edici\u00f3n del Concurso de fotograf\u00eda del CCVC\"}]},{\"@type\":\"WebSite\",\"@id\":\"https:\/\/www.covb.cat\/es\/#website\",\"url\":\"https:\/\/www.covb.cat\/es\/\",\"name\":\"COVB\",\"description\":\"Col\u00b7legi Oficial de Veterinaris de Barcelona\",\"publisher\":{\"@id\":\"https:\/\/www.covb.cat\/es\/#organization\"},\"potentialAction\":[{\"@type\":\"SearchAction\",\"target\":{\"@type\":\"EntryPoint\",\"urlTemplate\":\"https:\/\/www.covb.cat\/es\/?s={search_term_string}\"},\"query-input\":{\"@type\":\"PropertyValueSpecification\",\"valueRequired\":true,\"valueName\":\"search_term_string\"}}],\"inLanguage\":\"es\"},{\"@type\":\"Organization\",\"@id\":\"https:\/\/www.covb.cat\/es\/#organization\",\"name\":\"COVB\",\"url\":\"https:\/\/www.covb.cat\/es\/\",\"logo\":{\"@type\":\"ImageObject\",\"inLanguage\":\"es\",\"@id\":\"https:\/\/www.covb.cat\/es\/#\/schema\/logo\/image\/\",\"url\":\"https:\/\/www.covb.cat\/wp-content\/uploads\/2018\/07\/favicon-covb.png\",\"contentUrl\":\"https:\/\/www.covb.cat\/wp-content\/uploads\/2018\/07\/favicon-covb.png\",\"width\":512,\"height\":512,\"caption\":\"COVB\"},\"image\":{\"@id\":\"https:\/\/www.covb.cat\/es\/#\/schema\/logo\/image\/\"},\"sameAs\":[\"https:\/\/www.facebook.com\/COVBcat\/\",\"https:\/\/x.com\/COVBcat\",\"https:\/\/www.youtube.com\/user\/covbcn\"]},{\"@type\":\"Person\",\"@id\":\"\"}]}<\/script>\n<!-- \/ Yoast SEO plugin. -->","yoast_head_json":{"title":"En marcha la 11\u00aa edici\u00f3n del Concurso de fotograf\u00eda del CCVC - COVB - Col\u00b7legi Oficial de Veterinaris de Barcelona","description":"El Consell de Col\u00b7legis Veterinaris de Catalunya convoca una nueva edici\u00f3n del Concurso de Fotograf\u00eda \"El mundo animal\" con dos categor\u00edas: una, para los","robots":{"index":"index","follow":"follow","max-snippet":"max-snippet:-1","max-image-preview":"max-image-preview:large","max-video-preview":"max-video-preview:-1"},"canonical":"https:\/\/www.covb.cat\/es\/actualitat\/noticies\/actividades\/en-marcha-la-11a-edicion-del-concurso-de-fotografia-del-ccvc\/","og_locale":"es_ES","og_type":"article","og_title":"En marcha la 11\u00aa edici\u00f3n del Concurso de fotograf\u00eda del CCVC - COVB - Col\u00b7legi Oficial de Veterinaris de Barcelona","og_description":"El Consell de Col\u00b7legis Veterinaris de Catalunya convoca una nueva edici\u00f3n del Concurso de Fotograf\u00eda \"El mundo animal\" con dos categor\u00edas: una, para los","og_url":"https:\/\/www.covb.cat\/es\/actualitat\/noticies\/actividades\/en-marcha-la-11a-edicion-del-concurso-de-fotografia-del-ccvc\/","og_site_name":"COVB","article_publisher":"https:\/\/www.facebook.com\/COVBcat\/","article_published_time":"2024-05-03T15:10:09+00:00","article_modified_time":"2024-05-06T15:11:06+00:00","og_image":[{"width":651,"height":397,"url":"https:\/\/www.covb.cat\/wp-content\/uploads\/2024\/05\/concursccvc.jpg","type":"image\/jpeg"}],"twitter_card":"summary_large_image","twitter_creator":"@COVBcat","twitter_site":"@COVBcat","twitter_misc":{"Escrito por":"","Tiempo de lectura":"1 minuto"},"schema":{"@context":"https:\/\/schema.org","@graph":[{"@type":"Article","@id":"https:\/\/www.covb.cat\/es\/actualitat\/noticies\/actividades\/en-marcha-la-11a-edicion-del-concurso-de-fotografia-del-ccvc\/#article","isPartOf":{"@id":"https:\/\/www.covb.cat\/es\/actualitat\/noticies\/actividades\/en-marcha-la-11a-edicion-del-concurso-de-fotografia-del-ccvc\/"},"author":{"name":"","@id":""},"headline":"En marcha la 11\u00aa edici\u00f3n del Concurso de fotograf\u00eda del CCVC","datePublished":"2024-05-03T15:10:09+00:00","dateModified":"2024-05-06T15:11:06+00:00","mainEntityOfPage":{"@id":"https:\/\/www.covb.cat\/es\/actualitat\/noticies\/actividades\/en-marcha-la-11a-edicion-del-concurso-de-fotografia-del-ccvc\/"},"wordCount":138,"publisher":{"@id":"https:\/\/www.covb.cat\/es\/#organization"},"image":{"@id":"https:\/\/www.covb.cat\/es\/actualitat\/noticies\/actividades\/en-marcha-la-11a-edicion-del-concurso-de-fotografia-del-ccvc\/#primaryimage"},"thumbnailUrl":"https:\/\/www.covb.cat\/wp-content\/uploads\/2024\/05\/concursccvc.jpg","articleSection":["Actividades","General"],"inLanguage":"es"},{"@type":"WebPage","@id":"https:\/\/www.covb.cat\/es\/actualitat\/noticies\/actividades\/en-marcha-la-11a-edicion-del-concurso-de-fotografia-del-ccvc\/","url":"https:\/\/www.covb.cat\/es\/actualitat\/noticies\/actividades\/en-marcha-la-11a-edicion-del-concurso-de-fotografia-del-ccvc\/","name":"En marcha la 11\u00aa edici\u00f3n del Concurso de fotograf\u00eda del CCVC - COVB - Col\u00b7legi Oficial de Veterinaris de Barcelona","isPartOf":{"@id":"https:\/\/www.covb.cat\/es\/#website"},"primaryImageOfPage":{"@id":"https:\/\/www.covb.cat\/es\/actualitat\/noticies\/actividades\/en-marcha-la-11a-edicion-del-concurso-de-fotografia-del-ccvc\/#primaryimage"},"image":{"@id":"https:\/\/www.covb.cat\/es\/actualitat\/noticies\/actividades\/en-marcha-la-11a-edicion-del-concurso-de-fotografia-del-ccvc\/#primaryimage"},"thumbnailUrl":"https:\/\/www.covb.cat\/wp-content\/uploads\/2024\/05\/concursccvc.jpg","datePublished":"2024-05-03T15:10:09+00:00","dateModified":"2024-05-06T15:11:06+00:00","description":"El Consell de Col\u00b7legis Veterinaris de Catalunya convoca una nueva edici\u00f3n del Concurso de Fotograf\u00eda \"El mundo animal\" con dos categor\u00edas: una, para los","breadcrumb":{"@id":"https:\/\/www.covb.cat\/es\/actualitat\/noticies\/actividades\/en-marcha-la-11a-edicion-del-concurso-de-fotografia-del-ccvc\/#breadcrumb"},"inLanguage":"es","potentialAction":[{"@type":"ReadAction","target":["https:\/\/www.covb.cat\/es\/actualitat\/noticies\/actividades\/en-marcha-la-11a-edicion-del-concurso-de-fotografia-del-ccvc\/"]}]},{"@type":"ImageObject","inLanguage":"es","@id":"https:\/\/www.covb.cat\/es\/actualitat\/noticies\/actividades\/en-marcha-la-11a-edicion-del-concurso-de-fotografia-del-ccvc\/#primaryimage","url":"https:\/\/www.covb.cat\/wp-content\/uploads\/2024\/05\/concursccvc.jpg","contentUrl":"https:\/\/www.covb.cat\/wp-content\/uploads\/2024\/05\/concursccvc.jpg","width":651,"height":397},{"@type":"BreadcrumbList","@id":"https:\/\/www.covb.cat\/es\/actualitat\/noticies\/actividades\/en-marcha-la-11a-edicion-del-concurso-de-fotografia-del-ccvc\/#breadcrumb","itemListElement":[{"@type":"ListItem","position":1,"name":"Inici","item":"https:\/\/www.covb.cat\/es\/"},{"@type":"ListItem","position":2,"name":"En marcha la 11\u00aa edici\u00f3n del Concurso de fotograf\u00eda del CCVC"}]},{"@type":"WebSite","@id":"https:\/\/www.covb.cat\/es\/#website","url":"https:\/\/www.covb.cat\/es\/","name":"COVB","description":"Col\u00b7legi Oficial de Veterinaris de Barcelona","publisher":{"@id":"https:\/\/www.covb.cat\/es\/#organization"},"potentialAction":[{"@type":"SearchAction","target":{"@type":"EntryPoint","urlTemplate":"https:\/\/www.covb.cat\/es\/?s={search_term_string}"},"query-input":{"@type":"PropertyValueSpecification","valueRequired":true,"valueName":"search_term_string"}}],"inLanguage":"es"},{"@type":"Organization","@id":"https:\/\/www.covb.cat\/es\/#organization","name":"COVB","url":"https:\/\/www.covb.cat\/es\/","logo":{"@type":"ImageObject","inLanguage":"es","@id":"https:\/\/www.covb.cat\/es\/#\/schema\/logo\/image\/","url":"https:\/\/www.covb.cat\/wp-content\/uploads\/2018\/07\/favicon-covb.png","contentUrl":"https:\/\/www.covb.cat\/wp-content\/uploads\/2018\/07\/favicon-covb.png","width":512,"height":512,"caption":"COVB"},"image":{"@id":"https:\/\/www.covb.cat\/es\/#\/schema\/logo\/image\/"},"sameAs":["https:\/\/www.facebook.com\/COVBcat\/","https:\/\/x.com\/COVBcat","https:\/\/www.youtube.com\/user\/covbcn"]},{"@type":"Person","@id":""}]}},"jetpack_featured_media_url":"https:\/\/www.covb.cat\/wp-content\/uploads\/2024\/05\/concursccvc.jpg","jetpack_sharing_enabled":true,"_links":{"self":[{"href":"https:\/\/www.covb.cat\/es\/wp-json\/wp\/v2\/posts\/45113","targetHints":{"allow":["GET"]}}],"collection":[{"href":"https:\/\/www.covb.cat\/es\/wp-json\/wp\/v2\/posts"}],"about":[{"href":"https:\/\/www.covb.cat\/es\/wp-json\/wp\/v2\/types\/post"}],"author":[{"embeddable":true,"href":"https:\/\/www.covb.cat\/es\/wp-json\/wp\/v2\/users\/106"}],"replies":[{"embeddable":true,"href":"https:\/\/www.covb.cat\/es\/wp-json\/wp\/v2\/comments?post=45113"}],"version-history":[{"count":0,"href":"https:\/\/www.covb.cat\/es\/wp-json\/wp\/v2\/posts\/45113\/revisions"}],"wp:featuredmedia":[{"embeddable":true,"href":"https:\/\/www.covb.cat\/es\/wp-json\/wp\/v2\/media\/45042"}],"wp:attachment":[{"href":"https:\/\/www.covb.cat\/es\/wp-json\/wp\/v2\/media?parent=45113"}],"wp:term":[{"taxonomy":"category","embeddable":true,"href":"https:\/\/www.covb.cat\/es\/wp-json\/wp\/v2\/categories?post=45113"},{"taxonomy":"post_tag","embeddable":true,"href":"https:\/\/www.covb.cat\/es\/wp-json\/wp\/v2\/tags?post=45113"}],"curies":[{"name":"wp","href":"https:\/\/api.w.org\/{rel}","templated":true}]}}