{"id":4438,"date":"2020-12-23T09:38:16","date_gmt":"2020-12-23T08:38:16","guid":{"rendered":"https:\/\/www.covb.cat\/?p=4438"},"modified":"2020-12-23T09:38:16","modified_gmt":"2020-12-23T08:38:16","slug":"nueva-herramienta-informatica-sobre-etiquetado-de-los-alimentos","status":"publish","type":"post","link":"https:\/\/www.covb.cat\/es\/actualitat\/noticies\/general\/nueva-herramienta-informatica-sobre-etiquetado-de-los-alimentos\/","title":{"rendered":"Nueva herramienta inform\u00e1tica sobre etiquetado de los alimentos"},"content":{"rendered":"<p>Desde la Subdirecci\u00f3 General de Seguretat Aliment\u00e0ria i Protecci\u00f3 de la Salut de l&#8217;Ag\u00e8ncia de Salut P\u00fablica de Catalunya nos informan que la Comisi\u00f3n Europea ha puesto en marcha el Sistema de Informaci\u00f3n sobre el Etiquetado de los Alimentos (FLIS, Food Labelling Information System), que proporciona una soluci\u00f3n inform\u00e1tica f\u00e1cil de utilizar.<\/p>\n<p>La herramienta est\u00e1 dise\u00f1ada para ayudar los operadores econ\u00f3micos a identificar las indicaciones obligatorias de etiquetado en sus productos y mejorar as\u00ed la correcta implementaci\u00f3n de la legislaci\u00f3n. Tambi\u00e9n aporta informaci\u00f3n clara a los consumidores sobre el etiquetado y los ayuda a tomar decisiones alimentarias sobreinformadas.<\/p>\n<p>La herramienta est\u00e1 en versi\u00f3n en castellano y pod\u00e9is acceder desde <a href=\"http:\/\/acsa.gencat.cat\/ca\/detall\/noticia\/Nova-eina-informatica-europea-sobre-etiquetatge-daliments\">AQU\u00cd<\/a>.<\/p>\n","protected":false},"excerpt":{"rendered":"<p>Desde la Subdirecci\u00f3 General de Seguretat Aliment\u00e0ria i Protecci\u00f3 de la Salut de l&#8217;Ag\u00e8ncia de Salut P\u00fablica de Catalunya nos informan que la Comisi\u00f3n Europea ha puesto en marcha el Sistema de Informaci\u00f3n sobre el Etiquetado de los Alimentos (FLIS, Food Labelling Information System), que proporciona una soluci\u00f3n inform\u00e1tica f\u00e1cil de utilizar. La herramienta est\u00e1 [&hellip;]<\/p>\n","protected":false},"author":106,"featured_media":4427,"comment_status":"closed","ping_status":"closed","sticky":false,"template":"","format":"standard","meta":{"_monsterinsights_skip_tracking":false,"_monsterinsights_sitenote_active":false,"_monsterinsights_sitenote_note":"","_monsterinsights_sitenote_category":0,"_jetpack_memberships_contains_paid_content":false,"footnotes":""},"categories":[17],"tags":[],"class_list":["post-4438","post","type-post","status-publish","format-standard","has-post-thumbnail","hentry","category-general"],"yoast_head":"<!-- This site is optimized with the Yoast SEO plugin v27.0 - https:\/\/yoast.com\/product\/yoast-seo-wordpress\/ -->\n<title>Nueva herramienta inform\u00e1tica sobre etiquetado de los alimentos - COVB - Col\u00b7legi Oficial de Veterinaris de Barcelona<\/title>\n<meta name=\"description\" content=\"Desde la Subdirecci\u00f3 General de Seguretat Aliment\u00e0ria i Protecci\u00f3 de la Salut de l&#039;Ag\u00e8ncia de Salut P\u00fablica de Catalunya nos informan que la Comisi\u00f3n\" \/>\n<meta name=\"robots\" content=\"index, follow, max-snippet:-1, max-image-preview:large, max-video-preview:-1\" \/>\n<link rel=\"canonical\" href=\"https:\/\/www.covb.cat\/es\/actualitat\/noticies\/general\/nueva-herramienta-informatica-sobre-etiquetado-de-los-alimentos\/\" \/>\n<meta property=\"og:locale\" content=\"es_ES\" \/>\n<meta property=\"og:type\" content=\"article\" \/>\n<meta property=\"og:title\" content=\"Nueva herramienta inform\u00e1tica sobre etiquetado de los alimentos - COVB - Col\u00b7legi Oficial de Veterinaris de Barcelona\" \/>\n<meta property=\"og:description\" content=\"Desde la Subdirecci\u00f3 General de Seguretat Aliment\u00e0ria i Protecci\u00f3 de la Salut de l&#039;Ag\u00e8ncia de Salut P\u00fablica de Catalunya nos informan que la Comisi\u00f3n\" \/>\n<meta property=\"og:url\" content=\"https:\/\/www.covb.cat\/es\/actualitat\/noticies\/general\/nueva-herramienta-informatica-sobre-etiquetado-de-los-alimentos\/\" \/>\n<meta property=\"og:site_name\" content=\"COVB\" \/>\n<meta property=\"article:publisher\" content=\"https:\/\/www.facebook.com\/COVBcat\/\" \/>\n<meta property=\"article:published_time\" content=\"2020-12-23T08:38:16+00:00\" \/>\n<meta property=\"og:image\" content=\"https:\/\/www.covb.cat\/wp-content\/uploads\/2020\/12\/bgetiqaliments.jpg\" \/>\n\t<meta property=\"og:image:width\" content=\"600\" \/>\n\t<meta property=\"og:image:height\" content=\"247\" \/>\n\t<meta property=\"og:image:type\" content=\"image\/jpeg\" \/>\n<meta name=\"twitter:card\" content=\"summary_large_image\" \/>\n<meta name=\"twitter:creator\" content=\"@COVBcat\" \/>\n<meta name=\"twitter:site\" content=\"@COVBcat\" \/>\n<meta name=\"twitter:label1\" content=\"Escrito por\" \/>\n\t<meta name=\"twitter:data1\" content=\"\" \/>\n\t<meta name=\"twitter:label2\" content=\"Tiempo de lectura\" \/>\n\t<meta name=\"twitter:data2\" content=\"1 minuto\" \/>\n<script type=\"application\/ld+json\" class=\"yoast-schema-graph\">{\"@context\":\"https:\/\/schema.org\",\"@graph\":[{\"@type\":\"Article\",\"@id\":\"https:\/\/www.covb.cat\/es\/actualitat\/noticies\/general\/nueva-herramienta-informatica-sobre-etiquetado-de-los-alimentos\/#article\",\"isPartOf\":{\"@id\":\"https:\/\/www.covb.cat\/es\/actualitat\/noticies\/general\/nueva-herramienta-informatica-sobre-etiquetado-de-los-alimentos\/\"},\"author\":{\"name\":\"\",\"@id\":\"\"},\"headline\":\"Nueva herramienta inform\u00e1tica sobre etiquetado de los alimentos\",\"datePublished\":\"2020-12-23T08:38:16+00:00\",\"mainEntityOfPage\":{\"@id\":\"https:\/\/www.covb.cat\/es\/actualitat\/noticies\/general\/nueva-herramienta-informatica-sobre-etiquetado-de-los-alimentos\/\"},\"wordCount\":136,\"publisher\":{\"@id\":\"https:\/\/www.covb.cat\/es\/#organization\"},\"image\":{\"@id\":\"https:\/\/www.covb.cat\/es\/actualitat\/noticies\/general\/nueva-herramienta-informatica-sobre-etiquetado-de-los-alimentos\/#primaryimage\"},\"thumbnailUrl\":\"https:\/\/www.covb.cat\/wp-content\/uploads\/2020\/12\/bgetiqaliments.jpg\",\"articleSection\":[\"General\"],\"inLanguage\":\"es\"},{\"@type\":\"WebPage\",\"@id\":\"https:\/\/www.covb.cat\/es\/actualitat\/noticies\/general\/nueva-herramienta-informatica-sobre-etiquetado-de-los-alimentos\/\",\"url\":\"https:\/\/www.covb.cat\/es\/actualitat\/noticies\/general\/nueva-herramienta-informatica-sobre-etiquetado-de-los-alimentos\/\",\"name\":\"Nueva herramienta inform\u00e1tica sobre etiquetado de los alimentos - COVB - Col\u00b7legi Oficial de Veterinaris de Barcelona\",\"isPartOf\":{\"@id\":\"https:\/\/www.covb.cat\/es\/#website\"},\"primaryImageOfPage\":{\"@id\":\"https:\/\/www.covb.cat\/es\/actualitat\/noticies\/general\/nueva-herramienta-informatica-sobre-etiquetado-de-los-alimentos\/#primaryimage\"},\"image\":{\"@id\":\"https:\/\/www.covb.cat\/es\/actualitat\/noticies\/general\/nueva-herramienta-informatica-sobre-etiquetado-de-los-alimentos\/#primaryimage\"},\"thumbnailUrl\":\"https:\/\/www.covb.cat\/wp-content\/uploads\/2020\/12\/bgetiqaliments.jpg\",\"datePublished\":\"2020-12-23T08:38:16+00:00\",\"description\":\"Desde la Subdirecci\u00f3 General de Seguretat Aliment\u00e0ria i Protecci\u00f3 de la Salut de l'Ag\u00e8ncia de Salut P\u00fablica de Catalunya nos informan que la Comisi\u00f3n\",\"breadcrumb\":{\"@id\":\"https:\/\/www.covb.cat\/es\/actualitat\/noticies\/general\/nueva-herramienta-informatica-sobre-etiquetado-de-los-alimentos\/#breadcrumb\"},\"inLanguage\":\"es\",\"potentialAction\":[{\"@type\":\"ReadAction\",\"target\":[\"https:\/\/www.covb.cat\/es\/actualitat\/noticies\/general\/nueva-herramienta-informatica-sobre-etiquetado-de-los-alimentos\/\"]}]},{\"@type\":\"ImageObject\",\"inLanguage\":\"es\",\"@id\":\"https:\/\/www.covb.cat\/es\/actualitat\/noticies\/general\/nueva-herramienta-informatica-sobre-etiquetado-de-los-alimentos\/#primaryimage\",\"url\":\"https:\/\/www.covb.cat\/wp-content\/uploads\/2020\/12\/bgetiqaliments.jpg\",\"contentUrl\":\"https:\/\/www.covb.cat\/wp-content\/uploads\/2020\/12\/bgetiqaliments.jpg\",\"width\":600,\"height\":247},{\"@type\":\"BreadcrumbList\",\"@id\":\"https:\/\/www.covb.cat\/es\/actualitat\/noticies\/general\/nueva-herramienta-informatica-sobre-etiquetado-de-los-alimentos\/#breadcrumb\",\"itemListElement\":[{\"@type\":\"ListItem\",\"position\":1,\"name\":\"Inici\",\"item\":\"https:\/\/www.covb.cat\/es\/\"},{\"@type\":\"ListItem\",\"position\":2,\"name\":\"Nueva herramienta inform\u00e1tica sobre etiquetado de los alimentos\"}]},{\"@type\":\"WebSite\",\"@id\":\"https:\/\/www.covb.cat\/es\/#website\",\"url\":\"https:\/\/www.covb.cat\/es\/\",\"name\":\"COVB\",\"description\":\"Col\u00b7legi Oficial de Veterinaris de Barcelona\",\"publisher\":{\"@id\":\"https:\/\/www.covb.cat\/es\/#organization\"},\"potentialAction\":[{\"@type\":\"SearchAction\",\"target\":{\"@type\":\"EntryPoint\",\"urlTemplate\":\"https:\/\/www.covb.cat\/es\/?s={search_term_string}\"},\"query-input\":{\"@type\":\"PropertyValueSpecification\",\"valueRequired\":true,\"valueName\":\"search_term_string\"}}],\"inLanguage\":\"es\"},{\"@type\":\"Organization\",\"@id\":\"https:\/\/www.covb.cat\/es\/#organization\",\"name\":\"COVB\",\"url\":\"https:\/\/www.covb.cat\/es\/\",\"logo\":{\"@type\":\"ImageObject\",\"inLanguage\":\"es\",\"@id\":\"https:\/\/www.covb.cat\/es\/#\/schema\/logo\/image\/\",\"url\":\"https:\/\/www.covb.cat\/wp-content\/uploads\/2018\/07\/favicon-covb.png\",\"contentUrl\":\"https:\/\/www.covb.cat\/wp-content\/uploads\/2018\/07\/favicon-covb.png\",\"width\":512,\"height\":512,\"caption\":\"COVB\"},\"image\":{\"@id\":\"https:\/\/www.covb.cat\/es\/#\/schema\/logo\/image\/\"},\"sameAs\":[\"https:\/\/www.facebook.com\/COVBcat\/\",\"https:\/\/x.com\/COVBcat\",\"https:\/\/www.youtube.com\/user\/covbcn\"]},{\"@type\":\"Person\",\"@id\":\"\"}]}<\/script>\n<!-- \/ Yoast SEO plugin. -->","yoast_head_json":{"title":"Nueva herramienta inform\u00e1tica sobre etiquetado de los alimentos - COVB - Col\u00b7legi Oficial de Veterinaris de Barcelona","description":"Desde la Subdirecci\u00f3 General de Seguretat Aliment\u00e0ria i Protecci\u00f3 de la Salut de l'Ag\u00e8ncia de Salut P\u00fablica de Catalunya nos informan que la Comisi\u00f3n","robots":{"index":"index","follow":"follow","max-snippet":"max-snippet:-1","max-image-preview":"max-image-preview:large","max-video-preview":"max-video-preview:-1"},"canonical":"https:\/\/www.covb.cat\/es\/actualitat\/noticies\/general\/nueva-herramienta-informatica-sobre-etiquetado-de-los-alimentos\/","og_locale":"es_ES","og_type":"article","og_title":"Nueva herramienta inform\u00e1tica sobre etiquetado de los alimentos - COVB - Col\u00b7legi Oficial de Veterinaris de Barcelona","og_description":"Desde la Subdirecci\u00f3 General de Seguretat Aliment\u00e0ria i Protecci\u00f3 de la Salut de l'Ag\u00e8ncia de Salut P\u00fablica de Catalunya nos informan que la Comisi\u00f3n","og_url":"https:\/\/www.covb.cat\/es\/actualitat\/noticies\/general\/nueva-herramienta-informatica-sobre-etiquetado-de-los-alimentos\/","og_site_name":"COVB","article_publisher":"https:\/\/www.facebook.com\/COVBcat\/","article_published_time":"2020-12-23T08:38:16+00:00","og_image":[{"width":600,"height":247,"url":"https:\/\/www.covb.cat\/wp-content\/uploads\/2020\/12\/bgetiqaliments.jpg","type":"image\/jpeg"}],"twitter_card":"summary_large_image","twitter_creator":"@COVBcat","twitter_site":"@COVBcat","twitter_misc":{"Escrito por":"","Tiempo de lectura":"1 minuto"},"schema":{"@context":"https:\/\/schema.org","@graph":[{"@type":"Article","@id":"https:\/\/www.covb.cat\/es\/actualitat\/noticies\/general\/nueva-herramienta-informatica-sobre-etiquetado-de-los-alimentos\/#article","isPartOf":{"@id":"https:\/\/www.covb.cat\/es\/actualitat\/noticies\/general\/nueva-herramienta-informatica-sobre-etiquetado-de-los-alimentos\/"},"author":{"name":"","@id":""},"headline":"Nueva herramienta inform\u00e1tica sobre etiquetado de los alimentos","datePublished":"2020-12-23T08:38:16+00:00","mainEntityOfPage":{"@id":"https:\/\/www.covb.cat\/es\/actualitat\/noticies\/general\/nueva-herramienta-informatica-sobre-etiquetado-de-los-alimentos\/"},"wordCount":136,"publisher":{"@id":"https:\/\/www.covb.cat\/es\/#organization"},"image":{"@id":"https:\/\/www.covb.cat\/es\/actualitat\/noticies\/general\/nueva-herramienta-informatica-sobre-etiquetado-de-los-alimentos\/#primaryimage"},"thumbnailUrl":"https:\/\/www.covb.cat\/wp-content\/uploads\/2020\/12\/bgetiqaliments.jpg","articleSection":["General"],"inLanguage":"es"},{"@type":"WebPage","@id":"https:\/\/www.covb.cat\/es\/actualitat\/noticies\/general\/nueva-herramienta-informatica-sobre-etiquetado-de-los-alimentos\/","url":"https:\/\/www.covb.cat\/es\/actualitat\/noticies\/general\/nueva-herramienta-informatica-sobre-etiquetado-de-los-alimentos\/","name":"Nueva herramienta inform\u00e1tica sobre etiquetado de los alimentos - COVB - Col\u00b7legi Oficial de Veterinaris de Barcelona","isPartOf":{"@id":"https:\/\/www.covb.cat\/es\/#website"},"primaryImageOfPage":{"@id":"https:\/\/www.covb.cat\/es\/actualitat\/noticies\/general\/nueva-herramienta-informatica-sobre-etiquetado-de-los-alimentos\/#primaryimage"},"image":{"@id":"https:\/\/www.covb.cat\/es\/actualitat\/noticies\/general\/nueva-herramienta-informatica-sobre-etiquetado-de-los-alimentos\/#primaryimage"},"thumbnailUrl":"https:\/\/www.covb.cat\/wp-content\/uploads\/2020\/12\/bgetiqaliments.jpg","datePublished":"2020-12-23T08:38:16+00:00","description":"Desde la Subdirecci\u00f3 General de Seguretat Aliment\u00e0ria i Protecci\u00f3 de la Salut de l'Ag\u00e8ncia de Salut P\u00fablica de Catalunya nos informan que la Comisi\u00f3n","breadcrumb":{"@id":"https:\/\/www.covb.cat\/es\/actualitat\/noticies\/general\/nueva-herramienta-informatica-sobre-etiquetado-de-los-alimentos\/#breadcrumb"},"inLanguage":"es","potentialAction":[{"@type":"ReadAction","target":["https:\/\/www.covb.cat\/es\/actualitat\/noticies\/general\/nueva-herramienta-informatica-sobre-etiquetado-de-los-alimentos\/"]}]},{"@type":"ImageObject","inLanguage":"es","@id":"https:\/\/www.covb.cat\/es\/actualitat\/noticies\/general\/nueva-herramienta-informatica-sobre-etiquetado-de-los-alimentos\/#primaryimage","url":"https:\/\/www.covb.cat\/wp-content\/uploads\/2020\/12\/bgetiqaliments.jpg","contentUrl":"https:\/\/www.covb.cat\/wp-content\/uploads\/2020\/12\/bgetiqaliments.jpg","width":600,"height":247},{"@type":"BreadcrumbList","@id":"https:\/\/www.covb.cat\/es\/actualitat\/noticies\/general\/nueva-herramienta-informatica-sobre-etiquetado-de-los-alimentos\/#breadcrumb","itemListElement":[{"@type":"ListItem","position":1,"name":"Inici","item":"https:\/\/www.covb.cat\/es\/"},{"@type":"ListItem","position":2,"name":"Nueva herramienta inform\u00e1tica sobre etiquetado de los alimentos"}]},{"@type":"WebSite","@id":"https:\/\/www.covb.cat\/es\/#website","url":"https:\/\/www.covb.cat\/es\/","name":"COVB","description":"Col\u00b7legi Oficial de Veterinaris de Barcelona","publisher":{"@id":"https:\/\/www.covb.cat\/es\/#organization"},"potentialAction":[{"@type":"SearchAction","target":{"@type":"EntryPoint","urlTemplate":"https:\/\/www.covb.cat\/es\/?s={search_term_string}"},"query-input":{"@type":"PropertyValueSpecification","valueRequired":true,"valueName":"search_term_string"}}],"inLanguage":"es"},{"@type":"Organization","@id":"https:\/\/www.covb.cat\/es\/#organization","name":"COVB","url":"https:\/\/www.covb.cat\/es\/","logo":{"@type":"ImageObject","inLanguage":"es","@id":"https:\/\/www.covb.cat\/es\/#\/schema\/logo\/image\/","url":"https:\/\/www.covb.cat\/wp-content\/uploads\/2018\/07\/favicon-covb.png","contentUrl":"https:\/\/www.covb.cat\/wp-content\/uploads\/2018\/07\/favicon-covb.png","width":512,"height":512,"caption":"COVB"},"image":{"@id":"https:\/\/www.covb.cat\/es\/#\/schema\/logo\/image\/"},"sameAs":["https:\/\/www.facebook.com\/COVBcat\/","https:\/\/x.com\/COVBcat","https:\/\/www.youtube.com\/user\/covbcn"]},{"@type":"Person","@id":""}]}},"jetpack_featured_media_url":"https:\/\/www.covb.cat\/wp-content\/uploads\/2020\/12\/bgetiqaliments.jpg","jetpack_sharing_enabled":true,"_links":{"self":[{"href":"https:\/\/www.covb.cat\/es\/wp-json\/wp\/v2\/posts\/4438","targetHints":{"allow":["GET"]}}],"collection":[{"href":"https:\/\/www.covb.cat\/es\/wp-json\/wp\/v2\/posts"}],"about":[{"href":"https:\/\/www.covb.cat\/es\/wp-json\/wp\/v2\/types\/post"}],"author":[{"embeddable":true,"href":"https:\/\/www.covb.cat\/es\/wp-json\/wp\/v2\/users\/106"}],"replies":[{"embeddable":true,"href":"https:\/\/www.covb.cat\/es\/wp-json\/wp\/v2\/comments?post=4438"}],"version-history":[{"count":0,"href":"https:\/\/www.covb.cat\/es\/wp-json\/wp\/v2\/posts\/4438\/revisions"}],"wp:featuredmedia":[{"embeddable":true,"href":"https:\/\/www.covb.cat\/es\/wp-json\/wp\/v2\/media\/4427"}],"wp:attachment":[{"href":"https:\/\/www.covb.cat\/es\/wp-json\/wp\/v2\/media?parent=4438"}],"wp:term":[{"taxonomy":"category","embeddable":true,"href":"https:\/\/www.covb.cat\/es\/wp-json\/wp\/v2\/categories?post=4438"},{"taxonomy":"post_tag","embeddable":true,"href":"https:\/\/www.covb.cat\/es\/wp-json\/wp\/v2\/tags?post=4438"}],"curies":[{"name":"wp","href":"https:\/\/api.w.org\/{rel}","templated":true}]}}