{"id":43835,"date":"2024-03-15T16:03:18","date_gmt":"2024-03-15T15:03:18","guid":{"rendered":"https:\/\/www.covb.cat\/?p=43835"},"modified":"2024-03-18T16:08:46","modified_gmt":"2024-03-18T15:08:46","slug":"v-congreso-andaluz-de-salud-publica-veterinaria","status":"publish","type":"post","link":"https:\/\/www.covb.cat\/es\/actualitat\/noticies\/general\/v-congreso-andaluz-de-salud-publica-veterinaria\/","title":{"rendered":"V Congreso Andaluz de Salud P\u00fablica Veterinaria"},"content":{"rendered":"<p>Impulsado por el Consejo Andaluz de Colegios Oficiales de Veterinarios, con el apoyo de las Consejer\u00edas de Salud y de Agricultura, el V Congreso de Salud P\u00fablica Veterinaria se celebrar\u00e1 los d\u00edas 25, 26 y 27 de abril de 2024 en Ayamonte para tratar aspectos claves de la Vigilancia Epidemiol\u00f3gica Veterinaria.<\/p>\n<p>M\u00e1s informaci\u00f3n <a href=\"https:\/\/www.congresosaludpublicaveterinaria.com\/2024\/\">https:\/\/www.congresosaludpublicaveterinaria.com\/2024\/<\/a><\/p>\n<p>&nbsp;<\/p>\n<p><img loading=\"lazy\" decoding=\"async\" src=\"https:\/\/mcusercontent.com\/c131463000c5688473b8b34ba\/images\/3c016512-cf40-2d93-f363-bb1e91c4e0bd.jpg\" width=\"520\" height=\"520\" data-file-id=\"5438426\" \/><\/p>\n","protected":false},"excerpt":{"rendered":"<p>Impulsado por el Consejo Andaluz de Colegios Oficiales de Veterinarios, con el apoyo de las Consejer\u00edas de Salud y de Agricultura, el V Congreso de Salud P\u00fablica Veterinaria se celebrar\u00e1 los d\u00edas 25, 26 y 27 de abril de 2024 en Ayamonte para tratar aspectos claves de la Vigilancia Epidemiol\u00f3gica Veterinaria. M\u00e1s informaci\u00f3n https:\/\/www.congresosaludpublicaveterinaria.com\/2024\/ &nbsp;<\/p>\n","protected":false},"author":106,"featured_media":43825,"comment_status":"closed","ping_status":"closed","sticky":false,"template":"","format":"standard","meta":{"_monsterinsights_skip_tracking":false,"_monsterinsights_sitenote_active":false,"_monsterinsights_sitenote_note":"","_monsterinsights_sitenote_category":0,"_jetpack_memberships_contains_paid_content":false,"footnotes":""},"categories":[17,347],"tags":[],"class_list":["post-43835","post","type-post","status-publish","format-standard","has-post-thumbnail","hentry","category-general","category-salud-publica-2"],"yoast_head":"<!-- This site is optimized with the Yoast SEO plugin v27.0 - https:\/\/yoast.com\/product\/yoast-seo-wordpress\/ -->\n<title>V Congreso Andaluz de Salud P\u00fablica Veterinaria - COVB - Col\u00b7legi Oficial de Veterinaris de Barcelona<\/title>\n<meta name=\"description\" content=\"Impulsado por el Consejo Andaluz de Colegios Oficiales de Veterinarios, con el apoyo de las Consejer\u00edas de Salud y de Agricultura, el V Congreso de Salud\" \/>\n<meta name=\"robots\" content=\"index, follow, max-snippet:-1, max-image-preview:large, max-video-preview:-1\" \/>\n<link rel=\"canonical\" href=\"https:\/\/www.covb.cat\/es\/actualitat\/noticies\/general\/v-congreso-andaluz-de-salud-publica-veterinaria\/\" \/>\n<meta property=\"og:locale\" content=\"es_ES\" \/>\n<meta property=\"og:type\" content=\"article\" \/>\n<meta property=\"og:title\" content=\"V Congreso Andaluz de Salud P\u00fablica Veterinaria - COVB - Col\u00b7legi Oficial de Veterinaris de Barcelona\" \/>\n<meta property=\"og:description\" content=\"Impulsado por el Consejo Andaluz de Colegios Oficiales de Veterinarios, con el apoyo de las Consejer\u00edas de Salud y de Agricultura, el V Congreso de Salud\" \/>\n<meta property=\"og:url\" content=\"https:\/\/www.covb.cat\/es\/actualitat\/noticies\/general\/v-congreso-andaluz-de-salud-publica-veterinaria\/\" \/>\n<meta property=\"og:site_name\" content=\"COVB\" \/>\n<meta property=\"article:publisher\" content=\"https:\/\/www.facebook.com\/COVBcat\/\" \/>\n<meta property=\"article:published_time\" content=\"2024-03-15T15:03:18+00:00\" \/>\n<meta property=\"article:modified_time\" content=\"2024-03-18T15:08:46+00:00\" \/>\n<meta property=\"og:image\" content=\"https:\/\/www.covb.cat\/wp-content\/uploads\/2024\/03\/congressalut.png\" \/>\n\t<meta property=\"og:image:width\" content=\"615\" \/>\n\t<meta property=\"og:image:height\" content=\"401\" \/>\n\t<meta property=\"og:image:type\" content=\"image\/png\" \/>\n<meta name=\"twitter:card\" content=\"summary_large_image\" \/>\n<meta name=\"twitter:creator\" content=\"@COVBcat\" \/>\n<meta name=\"twitter:site\" content=\"@COVBcat\" \/>\n<meta name=\"twitter:label1\" content=\"Escrito por\" \/>\n\t<meta name=\"twitter:data1\" content=\"\" \/>\n\t<meta name=\"twitter:label2\" content=\"Tiempo de lectura\" \/>\n\t<meta name=\"twitter:data2\" content=\"1 minuto\" \/>\n<script type=\"application\/ld+json\" class=\"yoast-schema-graph\">{\"@context\":\"https:\/\/schema.org\",\"@graph\":[{\"@type\":\"Article\",\"@id\":\"https:\/\/www.covb.cat\/es\/actualitat\/noticies\/general\/v-congreso-andaluz-de-salud-publica-veterinaria\/#article\",\"isPartOf\":{\"@id\":\"https:\/\/www.covb.cat\/es\/actualitat\/noticies\/general\/v-congreso-andaluz-de-salud-publica-veterinaria\/\"},\"author\":{\"name\":\"\",\"@id\":\"\"},\"headline\":\"V Congreso Andaluz de Salud P\u00fablica Veterinaria\",\"datePublished\":\"2024-03-15T15:03:18+00:00\",\"dateModified\":\"2024-03-18T15:08:46+00:00\",\"mainEntityOfPage\":{\"@id\":\"https:\/\/www.covb.cat\/es\/actualitat\/noticies\/general\/v-congreso-andaluz-de-salud-publica-veterinaria\/\"},\"wordCount\":68,\"publisher\":{\"@id\":\"https:\/\/www.covb.cat\/es\/#organization\"},\"image\":{\"@id\":\"https:\/\/www.covb.cat\/es\/actualitat\/noticies\/general\/v-congreso-andaluz-de-salud-publica-veterinaria\/#primaryimage\"},\"thumbnailUrl\":\"https:\/\/www.covb.cat\/wp-content\/uploads\/2024\/03\/congressalut.png\",\"articleSection\":[\"General\",\"Salud p\u00fablica\"],\"inLanguage\":\"es\"},{\"@type\":\"WebPage\",\"@id\":\"https:\/\/www.covb.cat\/es\/actualitat\/noticies\/general\/v-congreso-andaluz-de-salud-publica-veterinaria\/\",\"url\":\"https:\/\/www.covb.cat\/es\/actualitat\/noticies\/general\/v-congreso-andaluz-de-salud-publica-veterinaria\/\",\"name\":\"V Congreso Andaluz de Salud P\u00fablica Veterinaria - COVB - Col\u00b7legi Oficial de Veterinaris de Barcelona\",\"isPartOf\":{\"@id\":\"https:\/\/www.covb.cat\/es\/#website\"},\"primaryImageOfPage\":{\"@id\":\"https:\/\/www.covb.cat\/es\/actualitat\/noticies\/general\/v-congreso-andaluz-de-salud-publica-veterinaria\/#primaryimage\"},\"image\":{\"@id\":\"https:\/\/www.covb.cat\/es\/actualitat\/noticies\/general\/v-congreso-andaluz-de-salud-publica-veterinaria\/#primaryimage\"},\"thumbnailUrl\":\"https:\/\/www.covb.cat\/wp-content\/uploads\/2024\/03\/congressalut.png\",\"datePublished\":\"2024-03-15T15:03:18+00:00\",\"dateModified\":\"2024-03-18T15:08:46+00:00\",\"description\":\"Impulsado por el Consejo Andaluz de Colegios Oficiales de Veterinarios, con el apoyo de las Consejer\u00edas de Salud y de Agricultura, el V Congreso de Salud\",\"breadcrumb\":{\"@id\":\"https:\/\/www.covb.cat\/es\/actualitat\/noticies\/general\/v-congreso-andaluz-de-salud-publica-veterinaria\/#breadcrumb\"},\"inLanguage\":\"es\",\"potentialAction\":[{\"@type\":\"ReadAction\",\"target\":[\"https:\/\/www.covb.cat\/es\/actualitat\/noticies\/general\/v-congreso-andaluz-de-salud-publica-veterinaria\/\"]}]},{\"@type\":\"ImageObject\",\"inLanguage\":\"es\",\"@id\":\"https:\/\/www.covb.cat\/es\/actualitat\/noticies\/general\/v-congreso-andaluz-de-salud-publica-veterinaria\/#primaryimage\",\"url\":\"https:\/\/www.covb.cat\/wp-content\/uploads\/2024\/03\/congressalut.png\",\"contentUrl\":\"https:\/\/www.covb.cat\/wp-content\/uploads\/2024\/03\/congressalut.png\",\"width\":615,\"height\":401},{\"@type\":\"BreadcrumbList\",\"@id\":\"https:\/\/www.covb.cat\/es\/actualitat\/noticies\/general\/v-congreso-andaluz-de-salud-publica-veterinaria\/#breadcrumb\",\"itemListElement\":[{\"@type\":\"ListItem\",\"position\":1,\"name\":\"Inici\",\"item\":\"https:\/\/www.covb.cat\/es\/\"},{\"@type\":\"ListItem\",\"position\":2,\"name\":\"V Congreso Andaluz de Salud P\u00fablica Veterinaria\"}]},{\"@type\":\"WebSite\",\"@id\":\"https:\/\/www.covb.cat\/es\/#website\",\"url\":\"https:\/\/www.covb.cat\/es\/\",\"name\":\"COVB\",\"description\":\"Col\u00b7legi Oficial de Veterinaris de Barcelona\",\"publisher\":{\"@id\":\"https:\/\/www.covb.cat\/es\/#organization\"},\"potentialAction\":[{\"@type\":\"SearchAction\",\"target\":{\"@type\":\"EntryPoint\",\"urlTemplate\":\"https:\/\/www.covb.cat\/es\/?s={search_term_string}\"},\"query-input\":{\"@type\":\"PropertyValueSpecification\",\"valueRequired\":true,\"valueName\":\"search_term_string\"}}],\"inLanguage\":\"es\"},{\"@type\":\"Organization\",\"@id\":\"https:\/\/www.covb.cat\/es\/#organization\",\"name\":\"COVB\",\"url\":\"https:\/\/www.covb.cat\/es\/\",\"logo\":{\"@type\":\"ImageObject\",\"inLanguage\":\"es\",\"@id\":\"https:\/\/www.covb.cat\/es\/#\/schema\/logo\/image\/\",\"url\":\"https:\/\/www.covb.cat\/wp-content\/uploads\/2018\/07\/favicon-covb.png\",\"contentUrl\":\"https:\/\/www.covb.cat\/wp-content\/uploads\/2018\/07\/favicon-covb.png\",\"width\":512,\"height\":512,\"caption\":\"COVB\"},\"image\":{\"@id\":\"https:\/\/www.covb.cat\/es\/#\/schema\/logo\/image\/\"},\"sameAs\":[\"https:\/\/www.facebook.com\/COVBcat\/\",\"https:\/\/x.com\/COVBcat\",\"https:\/\/www.youtube.com\/user\/covbcn\"]},{\"@type\":\"Person\",\"@id\":\"\"}]}<\/script>\n<!-- \/ Yoast SEO plugin. -->","yoast_head_json":{"title":"V Congreso Andaluz de Salud P\u00fablica Veterinaria - COVB - Col\u00b7legi Oficial de Veterinaris de Barcelona","description":"Impulsado por el Consejo Andaluz de Colegios Oficiales de Veterinarios, con el apoyo de las Consejer\u00edas de Salud y de Agricultura, el V Congreso de Salud","robots":{"index":"index","follow":"follow","max-snippet":"max-snippet:-1","max-image-preview":"max-image-preview:large","max-video-preview":"max-video-preview:-1"},"canonical":"https:\/\/www.covb.cat\/es\/actualitat\/noticies\/general\/v-congreso-andaluz-de-salud-publica-veterinaria\/","og_locale":"es_ES","og_type":"article","og_title":"V Congreso Andaluz de Salud P\u00fablica Veterinaria - COVB - Col\u00b7legi Oficial de Veterinaris de Barcelona","og_description":"Impulsado por el Consejo Andaluz de Colegios Oficiales de Veterinarios, con el apoyo de las Consejer\u00edas de Salud y de Agricultura, el V Congreso de Salud","og_url":"https:\/\/www.covb.cat\/es\/actualitat\/noticies\/general\/v-congreso-andaluz-de-salud-publica-veterinaria\/","og_site_name":"COVB","article_publisher":"https:\/\/www.facebook.com\/COVBcat\/","article_published_time":"2024-03-15T15:03:18+00:00","article_modified_time":"2024-03-18T15:08:46+00:00","og_image":[{"width":615,"height":401,"url":"https:\/\/www.covb.cat\/wp-content\/uploads\/2024\/03\/congressalut.png","type":"image\/png"}],"twitter_card":"summary_large_image","twitter_creator":"@COVBcat","twitter_site":"@COVBcat","twitter_misc":{"Escrito por":"","Tiempo de lectura":"1 minuto"},"schema":{"@context":"https:\/\/schema.org","@graph":[{"@type":"Article","@id":"https:\/\/www.covb.cat\/es\/actualitat\/noticies\/general\/v-congreso-andaluz-de-salud-publica-veterinaria\/#article","isPartOf":{"@id":"https:\/\/www.covb.cat\/es\/actualitat\/noticies\/general\/v-congreso-andaluz-de-salud-publica-veterinaria\/"},"author":{"name":"","@id":""},"headline":"V Congreso Andaluz de Salud P\u00fablica Veterinaria","datePublished":"2024-03-15T15:03:18+00:00","dateModified":"2024-03-18T15:08:46+00:00","mainEntityOfPage":{"@id":"https:\/\/www.covb.cat\/es\/actualitat\/noticies\/general\/v-congreso-andaluz-de-salud-publica-veterinaria\/"},"wordCount":68,"publisher":{"@id":"https:\/\/www.covb.cat\/es\/#organization"},"image":{"@id":"https:\/\/www.covb.cat\/es\/actualitat\/noticies\/general\/v-congreso-andaluz-de-salud-publica-veterinaria\/#primaryimage"},"thumbnailUrl":"https:\/\/www.covb.cat\/wp-content\/uploads\/2024\/03\/congressalut.png","articleSection":["General","Salud p\u00fablica"],"inLanguage":"es"},{"@type":"WebPage","@id":"https:\/\/www.covb.cat\/es\/actualitat\/noticies\/general\/v-congreso-andaluz-de-salud-publica-veterinaria\/","url":"https:\/\/www.covb.cat\/es\/actualitat\/noticies\/general\/v-congreso-andaluz-de-salud-publica-veterinaria\/","name":"V Congreso Andaluz de Salud P\u00fablica Veterinaria - COVB - Col\u00b7legi Oficial de Veterinaris de Barcelona","isPartOf":{"@id":"https:\/\/www.covb.cat\/es\/#website"},"primaryImageOfPage":{"@id":"https:\/\/www.covb.cat\/es\/actualitat\/noticies\/general\/v-congreso-andaluz-de-salud-publica-veterinaria\/#primaryimage"},"image":{"@id":"https:\/\/www.covb.cat\/es\/actualitat\/noticies\/general\/v-congreso-andaluz-de-salud-publica-veterinaria\/#primaryimage"},"thumbnailUrl":"https:\/\/www.covb.cat\/wp-content\/uploads\/2024\/03\/congressalut.png","datePublished":"2024-03-15T15:03:18+00:00","dateModified":"2024-03-18T15:08:46+00:00","description":"Impulsado por el Consejo Andaluz de Colegios Oficiales de Veterinarios, con el apoyo de las Consejer\u00edas de Salud y de Agricultura, el V Congreso de Salud","breadcrumb":{"@id":"https:\/\/www.covb.cat\/es\/actualitat\/noticies\/general\/v-congreso-andaluz-de-salud-publica-veterinaria\/#breadcrumb"},"inLanguage":"es","potentialAction":[{"@type":"ReadAction","target":["https:\/\/www.covb.cat\/es\/actualitat\/noticies\/general\/v-congreso-andaluz-de-salud-publica-veterinaria\/"]}]},{"@type":"ImageObject","inLanguage":"es","@id":"https:\/\/www.covb.cat\/es\/actualitat\/noticies\/general\/v-congreso-andaluz-de-salud-publica-veterinaria\/#primaryimage","url":"https:\/\/www.covb.cat\/wp-content\/uploads\/2024\/03\/congressalut.png","contentUrl":"https:\/\/www.covb.cat\/wp-content\/uploads\/2024\/03\/congressalut.png","width":615,"height":401},{"@type":"BreadcrumbList","@id":"https:\/\/www.covb.cat\/es\/actualitat\/noticies\/general\/v-congreso-andaluz-de-salud-publica-veterinaria\/#breadcrumb","itemListElement":[{"@type":"ListItem","position":1,"name":"Inici","item":"https:\/\/www.covb.cat\/es\/"},{"@type":"ListItem","position":2,"name":"V Congreso Andaluz de Salud P\u00fablica Veterinaria"}]},{"@type":"WebSite","@id":"https:\/\/www.covb.cat\/es\/#website","url":"https:\/\/www.covb.cat\/es\/","name":"COVB","description":"Col\u00b7legi Oficial de Veterinaris de Barcelona","publisher":{"@id":"https:\/\/www.covb.cat\/es\/#organization"},"potentialAction":[{"@type":"SearchAction","target":{"@type":"EntryPoint","urlTemplate":"https:\/\/www.covb.cat\/es\/?s={search_term_string}"},"query-input":{"@type":"PropertyValueSpecification","valueRequired":true,"valueName":"search_term_string"}}],"inLanguage":"es"},{"@type":"Organization","@id":"https:\/\/www.covb.cat\/es\/#organization","name":"COVB","url":"https:\/\/www.covb.cat\/es\/","logo":{"@type":"ImageObject","inLanguage":"es","@id":"https:\/\/www.covb.cat\/es\/#\/schema\/logo\/image\/","url":"https:\/\/www.covb.cat\/wp-content\/uploads\/2018\/07\/favicon-covb.png","contentUrl":"https:\/\/www.covb.cat\/wp-content\/uploads\/2018\/07\/favicon-covb.png","width":512,"height":512,"caption":"COVB"},"image":{"@id":"https:\/\/www.covb.cat\/es\/#\/schema\/logo\/image\/"},"sameAs":["https:\/\/www.facebook.com\/COVBcat\/","https:\/\/x.com\/COVBcat","https:\/\/www.youtube.com\/user\/covbcn"]},{"@type":"Person","@id":""}]}},"jetpack_featured_media_url":"https:\/\/www.covb.cat\/wp-content\/uploads\/2024\/03\/congressalut.png","jetpack_sharing_enabled":true,"_links":{"self":[{"href":"https:\/\/www.covb.cat\/es\/wp-json\/wp\/v2\/posts\/43835","targetHints":{"allow":["GET"]}}],"collection":[{"href":"https:\/\/www.covb.cat\/es\/wp-json\/wp\/v2\/posts"}],"about":[{"href":"https:\/\/www.covb.cat\/es\/wp-json\/wp\/v2\/types\/post"}],"author":[{"embeddable":true,"href":"https:\/\/www.covb.cat\/es\/wp-json\/wp\/v2\/users\/106"}],"replies":[{"embeddable":true,"href":"https:\/\/www.covb.cat\/es\/wp-json\/wp\/v2\/comments?post=43835"}],"version-history":[{"count":0,"href":"https:\/\/www.covb.cat\/es\/wp-json\/wp\/v2\/posts\/43835\/revisions"}],"wp:featuredmedia":[{"embeddable":true,"href":"https:\/\/www.covb.cat\/es\/wp-json\/wp\/v2\/media\/43825"}],"wp:attachment":[{"href":"https:\/\/www.covb.cat\/es\/wp-json\/wp\/v2\/media?parent=43835"}],"wp:term":[{"taxonomy":"category","embeddable":true,"href":"https:\/\/www.covb.cat\/es\/wp-json\/wp\/v2\/categories?post=43835"},{"taxonomy":"post_tag","embeddable":true,"href":"https:\/\/www.covb.cat\/es\/wp-json\/wp\/v2\/tags?post=43835"}],"curies":[{"name":"wp","href":"https:\/\/api.w.org\/{rel}","templated":true}]}}