{"id":43646,"date":"2024-03-08T16:07:37","date_gmt":"2024-03-08T15:07:37","guid":{"rendered":"https:\/\/www.covb.cat\/?p=43646"},"modified":"2024-03-11T16:07:48","modified_gmt":"2024-03-11T15:07:48","slug":"actualizacion-de-razas-de-perros-autoctonas-y-grupos-etnicos","status":"publish","type":"post","link":"https:\/\/www.covb.cat\/es\/actualitat\/noticies\/general\/actualizacion-de-razas-de-perros-autoctonas-y-grupos-etnicos\/","title":{"rendered":"Actualizaci\u00f3n de razas de perros aut\u00f3ctonas y grupos \u00e9tnicos"},"content":{"rendered":"<p>La Real Sociedad Canina de Espa\u00f1a ha elaborado un listado de razas aut\u00f3ctonas de Espa\u00f1a y de aquellas que llama Grupos \u00c9tnicos, porque todav\u00eda no son consideradas como razas por el Ministerio de Agricultura. Desde el COVB hemos dinamizado este listado enlazando para cada raza informaci\u00f3n espec\u00edfica, imagen y caracter\u00edsticas detalladas, pensando os pueda ser de ayuda a la hora de registrar la raza de un perro cuando se le identifica con el microchip.<\/p>\n<p><a href=\"https:\/\/mcusercontent.com\/c131463000c5688473b8b34ba\/files\/a2bb10b6-6173-9194-72c0-103dfb594a37\/Razas_aut_oacute_ctonas_de_Espa_ntilde_a_y_de_Grupos_Eacute_tnicos_seg_uacute_n_la_RSCE.pdf\" target=\"_blank\" rel=\"noopener\">Ver listado<\/a><\/p>\n","protected":false},"excerpt":{"rendered":"<p>La Real Sociedad Canina de Espa\u00f1a ha elaborado un listado de razas aut\u00f3ctonas de Espa\u00f1a y de aquellas que llama Grupos \u00c9tnicos, porque todav\u00eda no son consideradas como razas por el Ministerio de Agricultura. Desde el COVB hemos dinamizado este listado enlazando para cada raza informaci\u00f3n espec\u00edfica, imagen y caracter\u00edsticas detalladas, pensando os pueda ser [&hellip;]<\/p>\n","protected":false},"author":106,"featured_media":33138,"comment_status":"closed","ping_status":"closed","sticky":false,"template":"","format":"standard","meta":{"_monsterinsights_skip_tracking":false,"_monsterinsights_sitenote_active":false,"_monsterinsights_sitenote_note":"","_monsterinsights_sitenote_category":0,"_jetpack_memberships_contains_paid_content":false,"footnotes":""},"categories":[17,342],"tags":[],"class_list":["post-43646","post","type-post","status-publish","format-standard","has-post-thumbnail","hentry","category-general","category-pequenos-animales"],"yoast_head":"<!-- This site is optimized with the Yoast SEO plugin v27.0 - https:\/\/yoast.com\/product\/yoast-seo-wordpress\/ -->\n<title>Actualizaci\u00f3n de razas de perros aut\u00f3ctonas y grupos \u00e9tnicos - COVB - Col\u00b7legi Oficial de Veterinaris de Barcelona<\/title>\n<meta name=\"description\" content=\"La Real Sociedad Canina de Espa\u00f1a ha elaborado un listado de razas aut\u00f3ctonas de Espa\u00f1a y de aquellas que llama Grupos \u00c9tnicos, porque todav\u00eda no son\" \/>\n<meta name=\"robots\" content=\"index, follow, max-snippet:-1, max-image-preview:large, max-video-preview:-1\" \/>\n<link rel=\"canonical\" href=\"https:\/\/www.covb.cat\/es\/actualitat\/noticies\/general\/actualizacion-de-razas-de-perros-autoctonas-y-grupos-etnicos\/\" \/>\n<meta property=\"og:locale\" content=\"es_ES\" \/>\n<meta property=\"og:type\" content=\"article\" \/>\n<meta property=\"og:title\" content=\"Actualizaci\u00f3n de razas de perros aut\u00f3ctonas y grupos \u00e9tnicos - COVB - Col\u00b7legi Oficial de Veterinaris de Barcelona\" \/>\n<meta property=\"og:description\" content=\"La Real Sociedad Canina de Espa\u00f1a ha elaborado un listado de razas aut\u00f3ctonas de Espa\u00f1a y de aquellas que llama Grupos \u00c9tnicos, porque todav\u00eda no son\" \/>\n<meta property=\"og:url\" content=\"https:\/\/www.covb.cat\/es\/actualitat\/noticies\/general\/actualizacion-de-razas-de-perros-autoctonas-y-grupos-etnicos\/\" \/>\n<meta property=\"og:site_name\" content=\"COVB\" \/>\n<meta property=\"article:publisher\" content=\"https:\/\/www.facebook.com\/COVBcat\/\" \/>\n<meta property=\"article:published_time\" content=\"2024-03-08T15:07:37+00:00\" \/>\n<meta property=\"article:modified_time\" content=\"2024-03-11T15:07:48+00:00\" \/>\n<meta property=\"og:image\" content=\"https:\/\/www.covb.cat\/wp-content\/uploads\/2023\/06\/perro.jpg\" \/>\n\t<meta property=\"og:image:width\" content=\"1280\" \/>\n\t<meta property=\"og:image:height\" content=\"853\" \/>\n\t<meta property=\"og:image:type\" content=\"image\/jpeg\" \/>\n<meta name=\"twitter:card\" content=\"summary_large_image\" \/>\n<meta name=\"twitter:creator\" content=\"@COVBcat\" \/>\n<meta name=\"twitter:site\" content=\"@COVBcat\" \/>\n<meta name=\"twitter:label1\" content=\"Escrito por\" \/>\n\t<meta name=\"twitter:data1\" content=\"\" \/>\n\t<meta name=\"twitter:label2\" content=\"Tiempo de lectura\" \/>\n\t<meta name=\"twitter:data2\" content=\"1 minuto\" \/>\n<script type=\"application\/ld+json\" class=\"yoast-schema-graph\">{\"@context\":\"https:\/\/schema.org\",\"@graph\":[{\"@type\":\"Article\",\"@id\":\"https:\/\/www.covb.cat\/es\/actualitat\/noticies\/general\/actualizacion-de-razas-de-perros-autoctonas-y-grupos-etnicos\/#article\",\"isPartOf\":{\"@id\":\"https:\/\/www.covb.cat\/es\/actualitat\/noticies\/general\/actualizacion-de-razas-de-perros-autoctonas-y-grupos-etnicos\/\"},\"author\":{\"name\":\"\",\"@id\":\"\"},\"headline\":\"Actualizaci\u00f3n de razas de perros aut\u00f3ctonas y grupos \u00e9tnicos\",\"datePublished\":\"2024-03-08T15:07:37+00:00\",\"dateModified\":\"2024-03-11T15:07:48+00:00\",\"mainEntityOfPage\":{\"@id\":\"https:\/\/www.covb.cat\/es\/actualitat\/noticies\/general\/actualizacion-de-razas-de-perros-autoctonas-y-grupos-etnicos\/\"},\"wordCount\":94,\"publisher\":{\"@id\":\"https:\/\/www.covb.cat\/es\/#organization\"},\"image\":{\"@id\":\"https:\/\/www.covb.cat\/es\/actualitat\/noticies\/general\/actualizacion-de-razas-de-perros-autoctonas-y-grupos-etnicos\/#primaryimage\"},\"thumbnailUrl\":\"https:\/\/www.covb.cat\/wp-content\/uploads\/2023\/06\/perro.jpg\",\"articleSection\":[\"General\",\"Peque\u00f1os animales\"],\"inLanguage\":\"es\"},{\"@type\":\"WebPage\",\"@id\":\"https:\/\/www.covb.cat\/es\/actualitat\/noticies\/general\/actualizacion-de-razas-de-perros-autoctonas-y-grupos-etnicos\/\",\"url\":\"https:\/\/www.covb.cat\/es\/actualitat\/noticies\/general\/actualizacion-de-razas-de-perros-autoctonas-y-grupos-etnicos\/\",\"name\":\"Actualizaci\u00f3n de razas de perros aut\u00f3ctonas y grupos \u00e9tnicos - COVB - Col\u00b7legi Oficial de Veterinaris de Barcelona\",\"isPartOf\":{\"@id\":\"https:\/\/www.covb.cat\/es\/#website\"},\"primaryImageOfPage\":{\"@id\":\"https:\/\/www.covb.cat\/es\/actualitat\/noticies\/general\/actualizacion-de-razas-de-perros-autoctonas-y-grupos-etnicos\/#primaryimage\"},\"image\":{\"@id\":\"https:\/\/www.covb.cat\/es\/actualitat\/noticies\/general\/actualizacion-de-razas-de-perros-autoctonas-y-grupos-etnicos\/#primaryimage\"},\"thumbnailUrl\":\"https:\/\/www.covb.cat\/wp-content\/uploads\/2023\/06\/perro.jpg\",\"datePublished\":\"2024-03-08T15:07:37+00:00\",\"dateModified\":\"2024-03-11T15:07:48+00:00\",\"description\":\"La Real Sociedad Canina de Espa\u00f1a ha elaborado un listado de razas aut\u00f3ctonas de Espa\u00f1a y de aquellas que llama Grupos \u00c9tnicos, porque todav\u00eda no son\",\"breadcrumb\":{\"@id\":\"https:\/\/www.covb.cat\/es\/actualitat\/noticies\/general\/actualizacion-de-razas-de-perros-autoctonas-y-grupos-etnicos\/#breadcrumb\"},\"inLanguage\":\"es\",\"potentialAction\":[{\"@type\":\"ReadAction\",\"target\":[\"https:\/\/www.covb.cat\/es\/actualitat\/noticies\/general\/actualizacion-de-razas-de-perros-autoctonas-y-grupos-etnicos\/\"]}]},{\"@type\":\"ImageObject\",\"inLanguage\":\"es\",\"@id\":\"https:\/\/www.covb.cat\/es\/actualitat\/noticies\/general\/actualizacion-de-razas-de-perros-autoctonas-y-grupos-etnicos\/#primaryimage\",\"url\":\"https:\/\/www.covb.cat\/wp-content\/uploads\/2023\/06\/perro.jpg\",\"contentUrl\":\"https:\/\/www.covb.cat\/wp-content\/uploads\/2023\/06\/perro.jpg\",\"width\":1280,\"height\":853},{\"@type\":\"BreadcrumbList\",\"@id\":\"https:\/\/www.covb.cat\/es\/actualitat\/noticies\/general\/actualizacion-de-razas-de-perros-autoctonas-y-grupos-etnicos\/#breadcrumb\",\"itemListElement\":[{\"@type\":\"ListItem\",\"position\":1,\"name\":\"Inici\",\"item\":\"https:\/\/www.covb.cat\/es\/\"},{\"@type\":\"ListItem\",\"position\":2,\"name\":\"Actualizaci\u00f3n de razas de perros aut\u00f3ctonas y grupos \u00e9tnicos\"}]},{\"@type\":\"WebSite\",\"@id\":\"https:\/\/www.covb.cat\/es\/#website\",\"url\":\"https:\/\/www.covb.cat\/es\/\",\"name\":\"COVB\",\"description\":\"Col\u00b7legi Oficial de Veterinaris de Barcelona\",\"publisher\":{\"@id\":\"https:\/\/www.covb.cat\/es\/#organization\"},\"potentialAction\":[{\"@type\":\"SearchAction\",\"target\":{\"@type\":\"EntryPoint\",\"urlTemplate\":\"https:\/\/www.covb.cat\/es\/?s={search_term_string}\"},\"query-input\":{\"@type\":\"PropertyValueSpecification\",\"valueRequired\":true,\"valueName\":\"search_term_string\"}}],\"inLanguage\":\"es\"},{\"@type\":\"Organization\",\"@id\":\"https:\/\/www.covb.cat\/es\/#organization\",\"name\":\"COVB\",\"url\":\"https:\/\/www.covb.cat\/es\/\",\"logo\":{\"@type\":\"ImageObject\",\"inLanguage\":\"es\",\"@id\":\"https:\/\/www.covb.cat\/es\/#\/schema\/logo\/image\/\",\"url\":\"https:\/\/www.covb.cat\/wp-content\/uploads\/2018\/07\/favicon-covb.png\",\"contentUrl\":\"https:\/\/www.covb.cat\/wp-content\/uploads\/2018\/07\/favicon-covb.png\",\"width\":512,\"height\":512,\"caption\":\"COVB\"},\"image\":{\"@id\":\"https:\/\/www.covb.cat\/es\/#\/schema\/logo\/image\/\"},\"sameAs\":[\"https:\/\/www.facebook.com\/COVBcat\/\",\"https:\/\/x.com\/COVBcat\",\"https:\/\/www.youtube.com\/user\/covbcn\"]},{\"@type\":\"Person\",\"@id\":\"\"}]}<\/script>\n<!-- \/ Yoast SEO plugin. -->","yoast_head_json":{"title":"Actualizaci\u00f3n de razas de perros aut\u00f3ctonas y grupos \u00e9tnicos - COVB - Col\u00b7legi Oficial de Veterinaris de Barcelona","description":"La Real Sociedad Canina de Espa\u00f1a ha elaborado un listado de razas aut\u00f3ctonas de Espa\u00f1a y de aquellas que llama Grupos \u00c9tnicos, porque todav\u00eda no son","robots":{"index":"index","follow":"follow","max-snippet":"max-snippet:-1","max-image-preview":"max-image-preview:large","max-video-preview":"max-video-preview:-1"},"canonical":"https:\/\/www.covb.cat\/es\/actualitat\/noticies\/general\/actualizacion-de-razas-de-perros-autoctonas-y-grupos-etnicos\/","og_locale":"es_ES","og_type":"article","og_title":"Actualizaci\u00f3n de razas de perros aut\u00f3ctonas y grupos \u00e9tnicos - COVB - Col\u00b7legi Oficial de Veterinaris de Barcelona","og_description":"La Real Sociedad Canina de Espa\u00f1a ha elaborado un listado de razas aut\u00f3ctonas de Espa\u00f1a y de aquellas que llama Grupos \u00c9tnicos, porque todav\u00eda no son","og_url":"https:\/\/www.covb.cat\/es\/actualitat\/noticies\/general\/actualizacion-de-razas-de-perros-autoctonas-y-grupos-etnicos\/","og_site_name":"COVB","article_publisher":"https:\/\/www.facebook.com\/COVBcat\/","article_published_time":"2024-03-08T15:07:37+00:00","article_modified_time":"2024-03-11T15:07:48+00:00","og_image":[{"width":1280,"height":853,"url":"https:\/\/www.covb.cat\/wp-content\/uploads\/2023\/06\/perro.jpg","type":"image\/jpeg"}],"twitter_card":"summary_large_image","twitter_creator":"@COVBcat","twitter_site":"@COVBcat","twitter_misc":{"Escrito por":"","Tiempo de lectura":"1 minuto"},"schema":{"@context":"https:\/\/schema.org","@graph":[{"@type":"Article","@id":"https:\/\/www.covb.cat\/es\/actualitat\/noticies\/general\/actualizacion-de-razas-de-perros-autoctonas-y-grupos-etnicos\/#article","isPartOf":{"@id":"https:\/\/www.covb.cat\/es\/actualitat\/noticies\/general\/actualizacion-de-razas-de-perros-autoctonas-y-grupos-etnicos\/"},"author":{"name":"","@id":""},"headline":"Actualizaci\u00f3n de razas de perros aut\u00f3ctonas y grupos \u00e9tnicos","datePublished":"2024-03-08T15:07:37+00:00","dateModified":"2024-03-11T15:07:48+00:00","mainEntityOfPage":{"@id":"https:\/\/www.covb.cat\/es\/actualitat\/noticies\/general\/actualizacion-de-razas-de-perros-autoctonas-y-grupos-etnicos\/"},"wordCount":94,"publisher":{"@id":"https:\/\/www.covb.cat\/es\/#organization"},"image":{"@id":"https:\/\/www.covb.cat\/es\/actualitat\/noticies\/general\/actualizacion-de-razas-de-perros-autoctonas-y-grupos-etnicos\/#primaryimage"},"thumbnailUrl":"https:\/\/www.covb.cat\/wp-content\/uploads\/2023\/06\/perro.jpg","articleSection":["General","Peque\u00f1os animales"],"inLanguage":"es"},{"@type":"WebPage","@id":"https:\/\/www.covb.cat\/es\/actualitat\/noticies\/general\/actualizacion-de-razas-de-perros-autoctonas-y-grupos-etnicos\/","url":"https:\/\/www.covb.cat\/es\/actualitat\/noticies\/general\/actualizacion-de-razas-de-perros-autoctonas-y-grupos-etnicos\/","name":"Actualizaci\u00f3n de razas de perros aut\u00f3ctonas y grupos \u00e9tnicos - COVB - Col\u00b7legi Oficial de Veterinaris de Barcelona","isPartOf":{"@id":"https:\/\/www.covb.cat\/es\/#website"},"primaryImageOfPage":{"@id":"https:\/\/www.covb.cat\/es\/actualitat\/noticies\/general\/actualizacion-de-razas-de-perros-autoctonas-y-grupos-etnicos\/#primaryimage"},"image":{"@id":"https:\/\/www.covb.cat\/es\/actualitat\/noticies\/general\/actualizacion-de-razas-de-perros-autoctonas-y-grupos-etnicos\/#primaryimage"},"thumbnailUrl":"https:\/\/www.covb.cat\/wp-content\/uploads\/2023\/06\/perro.jpg","datePublished":"2024-03-08T15:07:37+00:00","dateModified":"2024-03-11T15:07:48+00:00","description":"La Real Sociedad Canina de Espa\u00f1a ha elaborado un listado de razas aut\u00f3ctonas de Espa\u00f1a y de aquellas que llama Grupos \u00c9tnicos, porque todav\u00eda no son","breadcrumb":{"@id":"https:\/\/www.covb.cat\/es\/actualitat\/noticies\/general\/actualizacion-de-razas-de-perros-autoctonas-y-grupos-etnicos\/#breadcrumb"},"inLanguage":"es","potentialAction":[{"@type":"ReadAction","target":["https:\/\/www.covb.cat\/es\/actualitat\/noticies\/general\/actualizacion-de-razas-de-perros-autoctonas-y-grupos-etnicos\/"]}]},{"@type":"ImageObject","inLanguage":"es","@id":"https:\/\/www.covb.cat\/es\/actualitat\/noticies\/general\/actualizacion-de-razas-de-perros-autoctonas-y-grupos-etnicos\/#primaryimage","url":"https:\/\/www.covb.cat\/wp-content\/uploads\/2023\/06\/perro.jpg","contentUrl":"https:\/\/www.covb.cat\/wp-content\/uploads\/2023\/06\/perro.jpg","width":1280,"height":853},{"@type":"BreadcrumbList","@id":"https:\/\/www.covb.cat\/es\/actualitat\/noticies\/general\/actualizacion-de-razas-de-perros-autoctonas-y-grupos-etnicos\/#breadcrumb","itemListElement":[{"@type":"ListItem","position":1,"name":"Inici","item":"https:\/\/www.covb.cat\/es\/"},{"@type":"ListItem","position":2,"name":"Actualizaci\u00f3n de razas de perros aut\u00f3ctonas y grupos \u00e9tnicos"}]},{"@type":"WebSite","@id":"https:\/\/www.covb.cat\/es\/#website","url":"https:\/\/www.covb.cat\/es\/","name":"COVB","description":"Col\u00b7legi Oficial de Veterinaris de Barcelona","publisher":{"@id":"https:\/\/www.covb.cat\/es\/#organization"},"potentialAction":[{"@type":"SearchAction","target":{"@type":"EntryPoint","urlTemplate":"https:\/\/www.covb.cat\/es\/?s={search_term_string}"},"query-input":{"@type":"PropertyValueSpecification","valueRequired":true,"valueName":"search_term_string"}}],"inLanguage":"es"},{"@type":"Organization","@id":"https:\/\/www.covb.cat\/es\/#organization","name":"COVB","url":"https:\/\/www.covb.cat\/es\/","logo":{"@type":"ImageObject","inLanguage":"es","@id":"https:\/\/www.covb.cat\/es\/#\/schema\/logo\/image\/","url":"https:\/\/www.covb.cat\/wp-content\/uploads\/2018\/07\/favicon-covb.png","contentUrl":"https:\/\/www.covb.cat\/wp-content\/uploads\/2018\/07\/favicon-covb.png","width":512,"height":512,"caption":"COVB"},"image":{"@id":"https:\/\/www.covb.cat\/es\/#\/schema\/logo\/image\/"},"sameAs":["https:\/\/www.facebook.com\/COVBcat\/","https:\/\/x.com\/COVBcat","https:\/\/www.youtube.com\/user\/covbcn"]},{"@type":"Person","@id":""}]}},"jetpack_featured_media_url":"https:\/\/www.covb.cat\/wp-content\/uploads\/2023\/06\/perro.jpg","jetpack_sharing_enabled":true,"_links":{"self":[{"href":"https:\/\/www.covb.cat\/es\/wp-json\/wp\/v2\/posts\/43646","targetHints":{"allow":["GET"]}}],"collection":[{"href":"https:\/\/www.covb.cat\/es\/wp-json\/wp\/v2\/posts"}],"about":[{"href":"https:\/\/www.covb.cat\/es\/wp-json\/wp\/v2\/types\/post"}],"author":[{"embeddable":true,"href":"https:\/\/www.covb.cat\/es\/wp-json\/wp\/v2\/users\/106"}],"replies":[{"embeddable":true,"href":"https:\/\/www.covb.cat\/es\/wp-json\/wp\/v2\/comments?post=43646"}],"version-history":[{"count":0,"href":"https:\/\/www.covb.cat\/es\/wp-json\/wp\/v2\/posts\/43646\/revisions"}],"wp:featuredmedia":[{"embeddable":true,"href":"https:\/\/www.covb.cat\/es\/wp-json\/wp\/v2\/media\/33138"}],"wp:attachment":[{"href":"https:\/\/www.covb.cat\/es\/wp-json\/wp\/v2\/media?parent=43646"}],"wp:term":[{"taxonomy":"category","embeddable":true,"href":"https:\/\/www.covb.cat\/es\/wp-json\/wp\/v2\/categories?post=43646"},{"taxonomy":"post_tag","embeddable":true,"href":"https:\/\/www.covb.cat\/es\/wp-json\/wp\/v2\/tags?post=43646"}],"curies":[{"name":"wp","href":"https:\/\/api.w.org\/{rel}","templated":true}]}}