{"id":42871,"date":"2024-02-09T16:36:09","date_gmt":"2024-02-09T15:36:09","guid":{"rendered":"https:\/\/www.covb.cat\/?p=42871"},"modified":"2024-02-19T16:36:53","modified_gmt":"2024-02-19T15:36:53","slug":"listado-de-peritos-veterinarios-del-departamento-de-justicia-derechos-y-memoria","status":"publish","type":"post","link":"https:\/\/www.covb.cat\/es\/actualitat\/noticies\/general\/listado-de-peritos-veterinarios-del-departamento-de-justicia-derechos-y-memoria\/","title":{"rendered":"RECORDATORIO: Listado de peritos veterinarios del Departamento de Justicia, Derechos y Memoria"},"content":{"rendered":"<p>El Departamento de Justicia de la Generalidad de Catalu\u00f1a est\u00e1 actualizando las listas de peritos dispuestos a actuar ante los \u00f3rganos judiciales de Catalu\u00f1a para el a\u00f1o 2024. Os adjuntamos la <u>nota informativa<\/u> que resume los requisitos para formar parte de la lista.<\/p>\n<p>Si quer\u00e9is <strong>formar parte de las listas de peritos judiciales<\/strong> ten\u00e9is que rellenar el formulario que pod\u00e9is descargar en <u>este enlace<\/u> y enviarlo con vuestra firma al Colegio<strong> hasta el d\u00eda 23.02.24<\/strong>. Si dispones de firma electr\u00f3nica, puedes enviar el formulario al correo electr\u00f3nico <u>covb@covb.cat<\/u>. Si la firma es manuscrita es necesario presentar el documento original.<\/p>\n<p>Un mismo perito puede elegir un m\u00e1ximo de 8 especialidades\/subespecialidades que constan en el formulario. Recuerde que la inclusi\u00f3n en el listado es voluntaria, pero una vez inscritos qued\u00e1is sujetos a las obligaciones legales que pod\u00e9is consultar en la informaci\u00f3n anexa.<\/p>\n<p>Asimismo, se pueden consultar las siguientes normas:<\/p>\n<ul>\n<li><a href=\"https:\/\/www.boe.es\/buscar\/act.php?id=BOE-A-2000-323&amp;p=20231220&amp;tn=1#s5\" target=\"_blank\" rel=\"noopener\">Regulaci\u00f3n de la prueba pericial en los art\u00edculos 335 a 352 de la Ley de Enjuiciamiento Civil<\/a><\/li>\n<li><a href=\"https:\/\/www.covb.cat\/wp-content\/uploads\/2020\/07\/CO%CC%81DIGO-DEONTOLO%CC%81GICO-PARA-EL-EJERCICIO-DE-LA-PROFESIO%CC%81N-VETERINARIA-Aprobado-AGPtes.-15-12-2018_0.pdf\" target=\"_blank\" rel=\"noopener\">Art\u00edculo 30 del C\u00f3digo Deontol\u00f3gico para el ejercicio de la profesi\u00f3n Veterinaria<\/a><\/li>\n<\/ul>\n","protected":false},"excerpt":{"rendered":"<p>El Departamento de Justicia de la Generalidad de Catalu\u00f1a est\u00e1 actualizando las listas de peritos dispuestos a actuar ante los \u00f3rganos judiciales de Catalu\u00f1a para el a\u00f1o 2024. Os adjuntamos la nota informativa que resume los requisitos para formar parte de la lista. Si quer\u00e9is formar parte de las listas de peritos judiciales ten\u00e9is que [&hellip;]<\/p>\n","protected":false},"author":106,"featured_media":40134,"comment_status":"closed","ping_status":"closed","sticky":false,"template":"","format":"standard","meta":{"_monsterinsights_skip_tracking":false,"_monsterinsights_sitenote_active":false,"_monsterinsights_sitenote_note":"","_monsterinsights_sitenote_category":0,"_jetpack_memberships_contains_paid_content":false,"footnotes":""},"categories":[17,164],"tags":[],"class_list":["post-42871","post","type-post","status-publish","format-standard","has-post-thumbnail","hentry","category-general","category-profesional"],"yoast_head":"<!-- This site is optimized with the Yoast SEO plugin v27.0 - https:\/\/yoast.com\/product\/yoast-seo-wordpress\/ -->\n<title>RECORDATORIO: Listado de peritos veterinarios del Departamento de Justicia, Derechos y Memoria - COVB - Col\u00b7legi Oficial de Veterinaris de Barcelona<\/title>\n<meta name=\"description\" content=\"El Departamento de Justicia de la Generalidad de Catalu\u00f1a est\u00e1 actualizando las listas de peritos dispuestos a actuar ante los \u00f3rganos judiciales de\" \/>\n<meta name=\"robots\" content=\"index, follow, max-snippet:-1, max-image-preview:large, max-video-preview:-1\" \/>\n<link rel=\"canonical\" href=\"https:\/\/www.covb.cat\/es\/actualitat\/noticies\/general\/listado-de-peritos-veterinarios-del-departamento-de-justicia-derechos-y-memoria\/\" \/>\n<meta property=\"og:locale\" content=\"es_ES\" \/>\n<meta property=\"og:type\" content=\"article\" \/>\n<meta property=\"og:title\" content=\"RECORDATORIO: Listado de peritos veterinarios del Departamento de Justicia, Derechos y Memoria - COVB - Col\u00b7legi Oficial de Veterinaris de Barcelona\" \/>\n<meta property=\"og:description\" content=\"El Departamento de Justicia de la Generalidad de Catalu\u00f1a est\u00e1 actualizando las listas de peritos dispuestos a actuar ante los \u00f3rganos judiciales de\" \/>\n<meta property=\"og:url\" content=\"https:\/\/www.covb.cat\/es\/actualitat\/noticies\/general\/listado-de-peritos-veterinarios-del-departamento-de-justicia-derechos-y-memoria\/\" \/>\n<meta property=\"og:site_name\" content=\"COVB\" \/>\n<meta property=\"article:publisher\" content=\"https:\/\/www.facebook.com\/COVBcat\/\" \/>\n<meta property=\"article:published_time\" content=\"2024-02-09T15:36:09+00:00\" \/>\n<meta property=\"article:modified_time\" content=\"2024-02-19T15:36:53+00:00\" \/>\n<meta property=\"og:image\" content=\"https:\/\/www.covb.cat\/wp-content\/uploads\/2023\/11\/juridic-e1707467468381.jpg\" \/>\n\t<meta property=\"og:image:width\" content=\"1200\" \/>\n\t<meta property=\"og:image:height\" content=\"518\" \/>\n\t<meta property=\"og:image:type\" content=\"image\/jpeg\" \/>\n<meta name=\"twitter:card\" content=\"summary_large_image\" \/>\n<meta name=\"twitter:creator\" content=\"@COVBcat\" \/>\n<meta name=\"twitter:site\" content=\"@COVBcat\" \/>\n<meta name=\"twitter:label1\" content=\"Escrito por\" \/>\n\t<meta name=\"twitter:data1\" content=\"\" \/>\n\t<meta name=\"twitter:label2\" content=\"Tiempo de lectura\" \/>\n\t<meta name=\"twitter:data2\" content=\"2 minutos\" \/>\n<script type=\"application\/ld+json\" class=\"yoast-schema-graph\">{\"@context\":\"https:\/\/schema.org\",\"@graph\":[{\"@type\":\"Article\",\"@id\":\"https:\/\/www.covb.cat\/es\/actualitat\/noticies\/general\/listado-de-peritos-veterinarios-del-departamento-de-justicia-derechos-y-memoria\/#article\",\"isPartOf\":{\"@id\":\"https:\/\/www.covb.cat\/es\/actualitat\/noticies\/general\/listado-de-peritos-veterinarios-del-departamento-de-justicia-derechos-y-memoria\/\"},\"author\":{\"name\":\"\",\"@id\":\"\"},\"headline\":\"RECORDATORIO: Listado de peritos veterinarios del Departamento de Justicia, Derechos y Memoria\",\"datePublished\":\"2024-02-09T15:36:09+00:00\",\"dateModified\":\"2024-02-19T15:36:53+00:00\",\"mainEntityOfPage\":{\"@id\":\"https:\/\/www.covb.cat\/es\/actualitat\/noticies\/general\/listado-de-peritos-veterinarios-del-departamento-de-justicia-derechos-y-memoria\/\"},\"wordCount\":205,\"publisher\":{\"@id\":\"https:\/\/www.covb.cat\/es\/#organization\"},\"image\":{\"@id\":\"https:\/\/www.covb.cat\/es\/actualitat\/noticies\/general\/listado-de-peritos-veterinarios-del-departamento-de-justicia-derechos-y-memoria\/#primaryimage\"},\"thumbnailUrl\":\"https:\/\/www.covb.cat\/wp-content\/uploads\/2023\/11\/juridic-e1707467468381.jpg\",\"articleSection\":[\"General\",\"Profesi\u00f3n\"],\"inLanguage\":\"es\"},{\"@type\":\"WebPage\",\"@id\":\"https:\/\/www.covb.cat\/es\/actualitat\/noticies\/general\/listado-de-peritos-veterinarios-del-departamento-de-justicia-derechos-y-memoria\/\",\"url\":\"https:\/\/www.covb.cat\/es\/actualitat\/noticies\/general\/listado-de-peritos-veterinarios-del-departamento-de-justicia-derechos-y-memoria\/\",\"name\":\"RECORDATORIO: Listado de peritos veterinarios del Departamento de Justicia, Derechos y Memoria - COVB - Col\u00b7legi Oficial de Veterinaris de Barcelona\",\"isPartOf\":{\"@id\":\"https:\/\/www.covb.cat\/es\/#website\"},\"primaryImageOfPage\":{\"@id\":\"https:\/\/www.covb.cat\/es\/actualitat\/noticies\/general\/listado-de-peritos-veterinarios-del-departamento-de-justicia-derechos-y-memoria\/#primaryimage\"},\"image\":{\"@id\":\"https:\/\/www.covb.cat\/es\/actualitat\/noticies\/general\/listado-de-peritos-veterinarios-del-departamento-de-justicia-derechos-y-memoria\/#primaryimage\"},\"thumbnailUrl\":\"https:\/\/www.covb.cat\/wp-content\/uploads\/2023\/11\/juridic-e1707467468381.jpg\",\"datePublished\":\"2024-02-09T15:36:09+00:00\",\"dateModified\":\"2024-02-19T15:36:53+00:00\",\"description\":\"El Departamento de Justicia de la Generalidad de Catalu\u00f1a est\u00e1 actualizando las listas de peritos dispuestos a actuar ante los \u00f3rganos judiciales de\",\"breadcrumb\":{\"@id\":\"https:\/\/www.covb.cat\/es\/actualitat\/noticies\/general\/listado-de-peritos-veterinarios-del-departamento-de-justicia-derechos-y-memoria\/#breadcrumb\"},\"inLanguage\":\"es\",\"potentialAction\":[{\"@type\":\"ReadAction\",\"target\":[\"https:\/\/www.covb.cat\/es\/actualitat\/noticies\/general\/listado-de-peritos-veterinarios-del-departamento-de-justicia-derechos-y-memoria\/\"]}]},{\"@type\":\"ImageObject\",\"inLanguage\":\"es\",\"@id\":\"https:\/\/www.covb.cat\/es\/actualitat\/noticies\/general\/listado-de-peritos-veterinarios-del-departamento-de-justicia-derechos-y-memoria\/#primaryimage\",\"url\":\"https:\/\/www.covb.cat\/wp-content\/uploads\/2023\/11\/juridic-e1707467468381.jpg\",\"contentUrl\":\"https:\/\/www.covb.cat\/wp-content\/uploads\/2023\/11\/juridic-e1707467468381.jpg\",\"width\":1200,\"height\":518},{\"@type\":\"BreadcrumbList\",\"@id\":\"https:\/\/www.covb.cat\/es\/actualitat\/noticies\/general\/listado-de-peritos-veterinarios-del-departamento-de-justicia-derechos-y-memoria\/#breadcrumb\",\"itemListElement\":[{\"@type\":\"ListItem\",\"position\":1,\"name\":\"Inici\",\"item\":\"https:\/\/www.covb.cat\/es\/\"},{\"@type\":\"ListItem\",\"position\":2,\"name\":\"RECORDATORIO: Listado de peritos veterinarios del Departamento de Justicia, Derechos y Memoria\"}]},{\"@type\":\"WebSite\",\"@id\":\"https:\/\/www.covb.cat\/es\/#website\",\"url\":\"https:\/\/www.covb.cat\/es\/\",\"name\":\"COVB\",\"description\":\"Col\u00b7legi Oficial de Veterinaris de Barcelona\",\"publisher\":{\"@id\":\"https:\/\/www.covb.cat\/es\/#organization\"},\"potentialAction\":[{\"@type\":\"SearchAction\",\"target\":{\"@type\":\"EntryPoint\",\"urlTemplate\":\"https:\/\/www.covb.cat\/es\/?s={search_term_string}\"},\"query-input\":{\"@type\":\"PropertyValueSpecification\",\"valueRequired\":true,\"valueName\":\"search_term_string\"}}],\"inLanguage\":\"es\"},{\"@type\":\"Organization\",\"@id\":\"https:\/\/www.covb.cat\/es\/#organization\",\"name\":\"COVB\",\"url\":\"https:\/\/www.covb.cat\/es\/\",\"logo\":{\"@type\":\"ImageObject\",\"inLanguage\":\"es\",\"@id\":\"https:\/\/www.covb.cat\/es\/#\/schema\/logo\/image\/\",\"url\":\"https:\/\/www.covb.cat\/wp-content\/uploads\/2018\/07\/favicon-covb.png\",\"contentUrl\":\"https:\/\/www.covb.cat\/wp-content\/uploads\/2018\/07\/favicon-covb.png\",\"width\":512,\"height\":512,\"caption\":\"COVB\"},\"image\":{\"@id\":\"https:\/\/www.covb.cat\/es\/#\/schema\/logo\/image\/\"},\"sameAs\":[\"https:\/\/www.facebook.com\/COVBcat\/\",\"https:\/\/x.com\/COVBcat\",\"https:\/\/www.youtube.com\/user\/covbcn\"]},{\"@type\":\"Person\",\"@id\":\"\"}]}<\/script>\n<!-- \/ Yoast SEO plugin. -->","yoast_head_json":{"title":"RECORDATORIO: Listado de peritos veterinarios del Departamento de Justicia, Derechos y Memoria - COVB - Col\u00b7legi Oficial de Veterinaris de Barcelona","description":"El Departamento de Justicia de la Generalidad de Catalu\u00f1a est\u00e1 actualizando las listas de peritos dispuestos a actuar ante los \u00f3rganos judiciales de","robots":{"index":"index","follow":"follow","max-snippet":"max-snippet:-1","max-image-preview":"max-image-preview:large","max-video-preview":"max-video-preview:-1"},"canonical":"https:\/\/www.covb.cat\/es\/actualitat\/noticies\/general\/listado-de-peritos-veterinarios-del-departamento-de-justicia-derechos-y-memoria\/","og_locale":"es_ES","og_type":"article","og_title":"RECORDATORIO: Listado de peritos veterinarios del Departamento de Justicia, Derechos y Memoria - COVB - Col\u00b7legi Oficial de Veterinaris de Barcelona","og_description":"El Departamento de Justicia de la Generalidad de Catalu\u00f1a est\u00e1 actualizando las listas de peritos dispuestos a actuar ante los \u00f3rganos judiciales de","og_url":"https:\/\/www.covb.cat\/es\/actualitat\/noticies\/general\/listado-de-peritos-veterinarios-del-departamento-de-justicia-derechos-y-memoria\/","og_site_name":"COVB","article_publisher":"https:\/\/www.facebook.com\/COVBcat\/","article_published_time":"2024-02-09T15:36:09+00:00","article_modified_time":"2024-02-19T15:36:53+00:00","og_image":[{"width":1200,"height":518,"url":"https:\/\/www.covb.cat\/wp-content\/uploads\/2023\/11\/juridic-e1707467468381.jpg","type":"image\/jpeg"}],"twitter_card":"summary_large_image","twitter_creator":"@COVBcat","twitter_site":"@COVBcat","twitter_misc":{"Escrito por":"","Tiempo de lectura":"2 minutos"},"schema":{"@context":"https:\/\/schema.org","@graph":[{"@type":"Article","@id":"https:\/\/www.covb.cat\/es\/actualitat\/noticies\/general\/listado-de-peritos-veterinarios-del-departamento-de-justicia-derechos-y-memoria\/#article","isPartOf":{"@id":"https:\/\/www.covb.cat\/es\/actualitat\/noticies\/general\/listado-de-peritos-veterinarios-del-departamento-de-justicia-derechos-y-memoria\/"},"author":{"name":"","@id":""},"headline":"RECORDATORIO: Listado de peritos veterinarios del Departamento de Justicia, Derechos y Memoria","datePublished":"2024-02-09T15:36:09+00:00","dateModified":"2024-02-19T15:36:53+00:00","mainEntityOfPage":{"@id":"https:\/\/www.covb.cat\/es\/actualitat\/noticies\/general\/listado-de-peritos-veterinarios-del-departamento-de-justicia-derechos-y-memoria\/"},"wordCount":205,"publisher":{"@id":"https:\/\/www.covb.cat\/es\/#organization"},"image":{"@id":"https:\/\/www.covb.cat\/es\/actualitat\/noticies\/general\/listado-de-peritos-veterinarios-del-departamento-de-justicia-derechos-y-memoria\/#primaryimage"},"thumbnailUrl":"https:\/\/www.covb.cat\/wp-content\/uploads\/2023\/11\/juridic-e1707467468381.jpg","articleSection":["General","Profesi\u00f3n"],"inLanguage":"es"},{"@type":"WebPage","@id":"https:\/\/www.covb.cat\/es\/actualitat\/noticies\/general\/listado-de-peritos-veterinarios-del-departamento-de-justicia-derechos-y-memoria\/","url":"https:\/\/www.covb.cat\/es\/actualitat\/noticies\/general\/listado-de-peritos-veterinarios-del-departamento-de-justicia-derechos-y-memoria\/","name":"RECORDATORIO: Listado de peritos veterinarios del Departamento de Justicia, Derechos y Memoria - COVB - Col\u00b7legi Oficial de Veterinaris de Barcelona","isPartOf":{"@id":"https:\/\/www.covb.cat\/es\/#website"},"primaryImageOfPage":{"@id":"https:\/\/www.covb.cat\/es\/actualitat\/noticies\/general\/listado-de-peritos-veterinarios-del-departamento-de-justicia-derechos-y-memoria\/#primaryimage"},"image":{"@id":"https:\/\/www.covb.cat\/es\/actualitat\/noticies\/general\/listado-de-peritos-veterinarios-del-departamento-de-justicia-derechos-y-memoria\/#primaryimage"},"thumbnailUrl":"https:\/\/www.covb.cat\/wp-content\/uploads\/2023\/11\/juridic-e1707467468381.jpg","datePublished":"2024-02-09T15:36:09+00:00","dateModified":"2024-02-19T15:36:53+00:00","description":"El Departamento de Justicia de la Generalidad de Catalu\u00f1a est\u00e1 actualizando las listas de peritos dispuestos a actuar ante los \u00f3rganos judiciales de","breadcrumb":{"@id":"https:\/\/www.covb.cat\/es\/actualitat\/noticies\/general\/listado-de-peritos-veterinarios-del-departamento-de-justicia-derechos-y-memoria\/#breadcrumb"},"inLanguage":"es","potentialAction":[{"@type":"ReadAction","target":["https:\/\/www.covb.cat\/es\/actualitat\/noticies\/general\/listado-de-peritos-veterinarios-del-departamento-de-justicia-derechos-y-memoria\/"]}]},{"@type":"ImageObject","inLanguage":"es","@id":"https:\/\/www.covb.cat\/es\/actualitat\/noticies\/general\/listado-de-peritos-veterinarios-del-departamento-de-justicia-derechos-y-memoria\/#primaryimage","url":"https:\/\/www.covb.cat\/wp-content\/uploads\/2023\/11\/juridic-e1707467468381.jpg","contentUrl":"https:\/\/www.covb.cat\/wp-content\/uploads\/2023\/11\/juridic-e1707467468381.jpg","width":1200,"height":518},{"@type":"BreadcrumbList","@id":"https:\/\/www.covb.cat\/es\/actualitat\/noticies\/general\/listado-de-peritos-veterinarios-del-departamento-de-justicia-derechos-y-memoria\/#breadcrumb","itemListElement":[{"@type":"ListItem","position":1,"name":"Inici","item":"https:\/\/www.covb.cat\/es\/"},{"@type":"ListItem","position":2,"name":"RECORDATORIO: Listado de peritos veterinarios del Departamento de Justicia, Derechos y Memoria"}]},{"@type":"WebSite","@id":"https:\/\/www.covb.cat\/es\/#website","url":"https:\/\/www.covb.cat\/es\/","name":"COVB","description":"Col\u00b7legi Oficial de Veterinaris de Barcelona","publisher":{"@id":"https:\/\/www.covb.cat\/es\/#organization"},"potentialAction":[{"@type":"SearchAction","target":{"@type":"EntryPoint","urlTemplate":"https:\/\/www.covb.cat\/es\/?s={search_term_string}"},"query-input":{"@type":"PropertyValueSpecification","valueRequired":true,"valueName":"search_term_string"}}],"inLanguage":"es"},{"@type":"Organization","@id":"https:\/\/www.covb.cat\/es\/#organization","name":"COVB","url":"https:\/\/www.covb.cat\/es\/","logo":{"@type":"ImageObject","inLanguage":"es","@id":"https:\/\/www.covb.cat\/es\/#\/schema\/logo\/image\/","url":"https:\/\/www.covb.cat\/wp-content\/uploads\/2018\/07\/favicon-covb.png","contentUrl":"https:\/\/www.covb.cat\/wp-content\/uploads\/2018\/07\/favicon-covb.png","width":512,"height":512,"caption":"COVB"},"image":{"@id":"https:\/\/www.covb.cat\/es\/#\/schema\/logo\/image\/"},"sameAs":["https:\/\/www.facebook.com\/COVBcat\/","https:\/\/x.com\/COVBcat","https:\/\/www.youtube.com\/user\/covbcn"]},{"@type":"Person","@id":""}]}},"jetpack_featured_media_url":"https:\/\/www.covb.cat\/wp-content\/uploads\/2023\/11\/juridic-e1707467468381.jpg","jetpack_sharing_enabled":true,"_links":{"self":[{"href":"https:\/\/www.covb.cat\/es\/wp-json\/wp\/v2\/posts\/42871","targetHints":{"allow":["GET"]}}],"collection":[{"href":"https:\/\/www.covb.cat\/es\/wp-json\/wp\/v2\/posts"}],"about":[{"href":"https:\/\/www.covb.cat\/es\/wp-json\/wp\/v2\/types\/post"}],"author":[{"embeddable":true,"href":"https:\/\/www.covb.cat\/es\/wp-json\/wp\/v2\/users\/106"}],"replies":[{"embeddable":true,"href":"https:\/\/www.covb.cat\/es\/wp-json\/wp\/v2\/comments?post=42871"}],"version-history":[{"count":0,"href":"https:\/\/www.covb.cat\/es\/wp-json\/wp\/v2\/posts\/42871\/revisions"}],"wp:featuredmedia":[{"embeddable":true,"href":"https:\/\/www.covb.cat\/es\/wp-json\/wp\/v2\/media\/40134"}],"wp:attachment":[{"href":"https:\/\/www.covb.cat\/es\/wp-json\/wp\/v2\/media?parent=42871"}],"wp:term":[{"taxonomy":"category","embeddable":true,"href":"https:\/\/www.covb.cat\/es\/wp-json\/wp\/v2\/categories?post=42871"},{"taxonomy":"post_tag","embeddable":true,"href":"https:\/\/www.covb.cat\/es\/wp-json\/wp\/v2\/tags?post=42871"}],"curies":[{"name":"wp","href":"https:\/\/api.w.org\/{rel}","templated":true}]}}