{"id":40799,"date":"2023-12-01T10:47:19","date_gmt":"2023-12-01T09:47:19","guid":{"rendered":"https:\/\/www.covb.cat\/?p=40799"},"modified":"2023-12-04T11:35:08","modified_gmt":"2023-12-04T10:35:08","slug":"el-covb-en-el-dia-del-perro-guia-con-la-asociacion-de-usuarios-de-perros-guia-de-cataluna","status":"publish","type":"post","link":"https:\/\/www.covb.cat\/es\/actualitat\/noticies\/general\/el-covb-en-el-dia-del-perro-guia-con-la-asociacion-de-usuarios-de-perros-guia-de-cataluna\/","title":{"rendered":"El COVB en el D\u00eda del Perro Gu\u00eda con la Asociaci\u00f3n de Usuarios de Perros Gu\u00eda de Catalu\u00f1a"},"content":{"rendered":"<p>El s\u00e1bado, 25 de noviembre, Carolina Garc\u00eda, vocal de la Junta de gobierno del COVB particip\u00f3\u00a0en el <strong>D\u00eda del Perro Gu\u00eda <\/strong>organizado por la Asociaci\u00f3n de Usuarios de Perros Gu\u00eda de Catalu\u00f1a en el Parc de l\u2019Estaci\u00f3 del Nord, reservado durante dos horas para el uso exclusivo de estos animales que pudieron liberarse de su arn\u00e9s gu\u00eda, jugar, correr y disfrutar libremente.<\/p>\n<p>Participaron unos 50 perros y m\u00e1s de 70 personas con el objetivo de visibilizar la funci\u00f3n de estos animales en el d\u00eda a d\u00eda de las personas con ceguera. La jornada acab\u00f3 con un almuerzo en el que se present\u00f3 la campa\u00f1a \u201c<strong>Di s\u00ed al Perro Gu\u00eda<\/strong>\u201d para poner fin a las situaciones de discriminaci\u00f3n que siguen viviendo las persones usuarias cuando se mueven con sus animales. Tambi\u00e9n se homenaje\u00f3 a los perros que este a\u00f1o se jubilan como perro gu\u00eda con la entrega a las personas usuarias de una estatuilla para reconocer la gran labor realizada durante 10 a\u00f1os por el perro gu\u00eda que los ha acompa\u00f1ado.<\/p>\n","protected":false},"excerpt":{"rendered":"<p>El s\u00e1bado, 25 de noviembre, Carolina Garc\u00eda, vocal de la Junta de gobierno del COVB particip\u00f3\u00a0en el D\u00eda del Perro Gu\u00eda organizado por la Asociaci\u00f3n de Usuarios de Perros Gu\u00eda de Catalu\u00f1a en el Parc de l\u2019Estaci\u00f3 del Nord, reservado durante dos horas para el uso exclusivo de estos animales que pudieron liberarse de su [&hellip;]<\/p>\n","protected":false},"author":106,"featured_media":40769,"comment_status":"closed","ping_status":"closed","sticky":false,"template":"","format":"standard","meta":{"_monsterinsights_skip_tracking":false,"_monsterinsights_sitenote_active":false,"_monsterinsights_sitenote_note":"","_monsterinsights_sitenote_category":0,"_jetpack_memberships_contains_paid_content":false,"footnotes":""},"categories":[138,17],"tags":[],"class_list":["post-40799","post","type-post","status-publish","format-standard","has-post-thumbnail","hentry","category-corporativo","category-general"],"yoast_head":"<!-- This site is optimized with the Yoast SEO plugin v27.0 - https:\/\/yoast.com\/product\/yoast-seo-wordpress\/ -->\n<title>El COVB en el D\u00eda del Perro Gu\u00eda con la Asociaci\u00f3n de Usuarios de Perros Gu\u00eda de Catalu\u00f1a - COVB - Col\u00b7legi Oficial de Veterinaris de Barcelona<\/title>\n<meta name=\"description\" content=\"El s\u00e1bado, 25 de noviembre, Carolina Garc\u00eda, vocal de la Junta de gobierno del COVB particip\u00f3\u00a0en el D\u00eda del Perro Gu\u00eda organizado por la Asociaci\u00f3n de\" \/>\n<meta name=\"robots\" content=\"index, follow, max-snippet:-1, max-image-preview:large, max-video-preview:-1\" \/>\n<link rel=\"canonical\" href=\"https:\/\/www.covb.cat\/es\/actualitat\/noticies\/general\/el-covb-en-el-dia-del-perro-guia-con-la-asociacion-de-usuarios-de-perros-guia-de-cataluna\/\" \/>\n<meta property=\"og:locale\" content=\"es_ES\" \/>\n<meta property=\"og:type\" content=\"article\" \/>\n<meta property=\"og:title\" content=\"El COVB en el D\u00eda del Perro Gu\u00eda con la Asociaci\u00f3n de Usuarios de Perros Gu\u00eda de Catalu\u00f1a - COVB - Col\u00b7legi Oficial de Veterinaris de Barcelona\" \/>\n<meta property=\"og:description\" content=\"El s\u00e1bado, 25 de noviembre, Carolina Garc\u00eda, vocal de la Junta de gobierno del COVB particip\u00f3\u00a0en el D\u00eda del Perro Gu\u00eda organizado por la Asociaci\u00f3n de\" \/>\n<meta property=\"og:url\" content=\"https:\/\/www.covb.cat\/es\/actualitat\/noticies\/general\/el-covb-en-el-dia-del-perro-guia-con-la-asociacion-de-usuarios-de-perros-guia-de-cataluna\/\" \/>\n<meta property=\"og:site_name\" content=\"COVB\" \/>\n<meta property=\"article:publisher\" content=\"https:\/\/www.facebook.com\/COVBcat\/\" \/>\n<meta property=\"article:published_time\" content=\"2023-12-01T09:47:19+00:00\" \/>\n<meta property=\"article:modified_time\" content=\"2023-12-04T10:35:08+00:00\" \/>\n<meta property=\"og:image\" content=\"https:\/\/www.covb.cat\/wp-content\/uploads\/2023\/12\/68d39316-6953-913c-25c7-b40d28ec78aa.jpg\" \/>\n\t<meta property=\"og:image:width\" content=\"1200\" \/>\n\t<meta property=\"og:image:height\" content=\"799\" \/>\n\t<meta property=\"og:image:type\" content=\"image\/jpeg\" \/>\n<meta name=\"twitter:card\" content=\"summary_large_image\" \/>\n<meta name=\"twitter:creator\" content=\"@COVBcat\" \/>\n<meta name=\"twitter:site\" content=\"@COVBcat\" \/>\n<meta name=\"twitter:label1\" content=\"Escrito por\" \/>\n\t<meta name=\"twitter:data1\" content=\"\" \/>\n\t<meta name=\"twitter:label2\" content=\"Tiempo de lectura\" \/>\n\t<meta name=\"twitter:data2\" content=\"1 minuto\" \/>\n<script type=\"application\/ld+json\" class=\"yoast-schema-graph\">{\"@context\":\"https:\/\/schema.org\",\"@graph\":[{\"@type\":\"Article\",\"@id\":\"https:\/\/www.covb.cat\/es\/actualitat\/noticies\/general\/el-covb-en-el-dia-del-perro-guia-con-la-asociacion-de-usuarios-de-perros-guia-de-cataluna\/#article\",\"isPartOf\":{\"@id\":\"https:\/\/www.covb.cat\/es\/actualitat\/noticies\/general\/el-covb-en-el-dia-del-perro-guia-con-la-asociacion-de-usuarios-de-perros-guia-de-cataluna\/\"},\"author\":{\"name\":\"\",\"@id\":\"\"},\"headline\":\"El COVB en el D\u00eda del Perro Gu\u00eda con la Asociaci\u00f3n de Usuarios de Perros Gu\u00eda de Catalu\u00f1a\",\"datePublished\":\"2023-12-01T09:47:19+00:00\",\"dateModified\":\"2023-12-04T10:35:08+00:00\",\"mainEntityOfPage\":{\"@id\":\"https:\/\/www.covb.cat\/es\/actualitat\/noticies\/general\/el-covb-en-el-dia-del-perro-guia-con-la-asociacion-de-usuarios-de-perros-guia-de-cataluna\/\"},\"wordCount\":213,\"publisher\":{\"@id\":\"https:\/\/www.covb.cat\/es\/#organization\"},\"image\":{\"@id\":\"https:\/\/www.covb.cat\/es\/actualitat\/noticies\/general\/el-covb-en-el-dia-del-perro-guia-con-la-asociacion-de-usuarios-de-perros-guia-de-cataluna\/#primaryimage\"},\"thumbnailUrl\":\"https:\/\/www.covb.cat\/wp-content\/uploads\/2023\/12\/68d39316-6953-913c-25c7-b40d28ec78aa.jpg\",\"articleSection\":[\"Corporativo\",\"General\"],\"inLanguage\":\"es\"},{\"@type\":\"WebPage\",\"@id\":\"https:\/\/www.covb.cat\/es\/actualitat\/noticies\/general\/el-covb-en-el-dia-del-perro-guia-con-la-asociacion-de-usuarios-de-perros-guia-de-cataluna\/\",\"url\":\"https:\/\/www.covb.cat\/es\/actualitat\/noticies\/general\/el-covb-en-el-dia-del-perro-guia-con-la-asociacion-de-usuarios-de-perros-guia-de-cataluna\/\",\"name\":\"El COVB en el D\u00eda del Perro Gu\u00eda con la Asociaci\u00f3n de Usuarios de Perros Gu\u00eda de Catalu\u00f1a - COVB - Col\u00b7legi Oficial de Veterinaris de Barcelona\",\"isPartOf\":{\"@id\":\"https:\/\/www.covb.cat\/es\/#website\"},\"primaryImageOfPage\":{\"@id\":\"https:\/\/www.covb.cat\/es\/actualitat\/noticies\/general\/el-covb-en-el-dia-del-perro-guia-con-la-asociacion-de-usuarios-de-perros-guia-de-cataluna\/#primaryimage\"},\"image\":{\"@id\":\"https:\/\/www.covb.cat\/es\/actualitat\/noticies\/general\/el-covb-en-el-dia-del-perro-guia-con-la-asociacion-de-usuarios-de-perros-guia-de-cataluna\/#primaryimage\"},\"thumbnailUrl\":\"https:\/\/www.covb.cat\/wp-content\/uploads\/2023\/12\/68d39316-6953-913c-25c7-b40d28ec78aa.jpg\",\"datePublished\":\"2023-12-01T09:47:19+00:00\",\"dateModified\":\"2023-12-04T10:35:08+00:00\",\"description\":\"El s\u00e1bado, 25 de noviembre, Carolina Garc\u00eda, vocal de la Junta de gobierno del COVB particip\u00f3\u00a0en el D\u00eda del Perro Gu\u00eda organizado por la Asociaci\u00f3n de\",\"breadcrumb\":{\"@id\":\"https:\/\/www.covb.cat\/es\/actualitat\/noticies\/general\/el-covb-en-el-dia-del-perro-guia-con-la-asociacion-de-usuarios-de-perros-guia-de-cataluna\/#breadcrumb\"},\"inLanguage\":\"es\",\"potentialAction\":[{\"@type\":\"ReadAction\",\"target\":[\"https:\/\/www.covb.cat\/es\/actualitat\/noticies\/general\/el-covb-en-el-dia-del-perro-guia-con-la-asociacion-de-usuarios-de-perros-guia-de-cataluna\/\"]}]},{\"@type\":\"ImageObject\",\"inLanguage\":\"es\",\"@id\":\"https:\/\/www.covb.cat\/es\/actualitat\/noticies\/general\/el-covb-en-el-dia-del-perro-guia-con-la-asociacion-de-usuarios-de-perros-guia-de-cataluna\/#primaryimage\",\"url\":\"https:\/\/www.covb.cat\/wp-content\/uploads\/2023\/12\/68d39316-6953-913c-25c7-b40d28ec78aa.jpg\",\"contentUrl\":\"https:\/\/www.covb.cat\/wp-content\/uploads\/2023\/12\/68d39316-6953-913c-25c7-b40d28ec78aa.jpg\",\"width\":1200,\"height\":799},{\"@type\":\"BreadcrumbList\",\"@id\":\"https:\/\/www.covb.cat\/es\/actualitat\/noticies\/general\/el-covb-en-el-dia-del-perro-guia-con-la-asociacion-de-usuarios-de-perros-guia-de-cataluna\/#breadcrumb\",\"itemListElement\":[{\"@type\":\"ListItem\",\"position\":1,\"name\":\"Inici\",\"item\":\"https:\/\/www.covb.cat\/es\/\"},{\"@type\":\"ListItem\",\"position\":2,\"name\":\"El COVB en el D\u00eda del Perro Gu\u00eda con la Asociaci\u00f3n de Usuarios de Perros Gu\u00eda de Catalu\u00f1a\"}]},{\"@type\":\"WebSite\",\"@id\":\"https:\/\/www.covb.cat\/es\/#website\",\"url\":\"https:\/\/www.covb.cat\/es\/\",\"name\":\"COVB\",\"description\":\"Col\u00b7legi Oficial de Veterinaris de Barcelona\",\"publisher\":{\"@id\":\"https:\/\/www.covb.cat\/es\/#organization\"},\"potentialAction\":[{\"@type\":\"SearchAction\",\"target\":{\"@type\":\"EntryPoint\",\"urlTemplate\":\"https:\/\/www.covb.cat\/es\/?s={search_term_string}\"},\"query-input\":{\"@type\":\"PropertyValueSpecification\",\"valueRequired\":true,\"valueName\":\"search_term_string\"}}],\"inLanguage\":\"es\"},{\"@type\":\"Organization\",\"@id\":\"https:\/\/www.covb.cat\/es\/#organization\",\"name\":\"COVB\",\"url\":\"https:\/\/www.covb.cat\/es\/\",\"logo\":{\"@type\":\"ImageObject\",\"inLanguage\":\"es\",\"@id\":\"https:\/\/www.covb.cat\/es\/#\/schema\/logo\/image\/\",\"url\":\"https:\/\/www.covb.cat\/wp-content\/uploads\/2018\/07\/favicon-covb.png\",\"contentUrl\":\"https:\/\/www.covb.cat\/wp-content\/uploads\/2018\/07\/favicon-covb.png\",\"width\":512,\"height\":512,\"caption\":\"COVB\"},\"image\":{\"@id\":\"https:\/\/www.covb.cat\/es\/#\/schema\/logo\/image\/\"},\"sameAs\":[\"https:\/\/www.facebook.com\/COVBcat\/\",\"https:\/\/x.com\/COVBcat\",\"https:\/\/www.youtube.com\/user\/covbcn\"]},{\"@type\":\"Person\",\"@id\":\"\"}]}<\/script>\n<!-- \/ Yoast SEO plugin. -->","yoast_head_json":{"title":"El COVB en el D\u00eda del Perro Gu\u00eda con la Asociaci\u00f3n de Usuarios de Perros Gu\u00eda de Catalu\u00f1a - COVB - Col\u00b7legi Oficial de Veterinaris de Barcelona","description":"El s\u00e1bado, 25 de noviembre, Carolina Garc\u00eda, vocal de la Junta de gobierno del COVB particip\u00f3\u00a0en el D\u00eda del Perro Gu\u00eda organizado por la Asociaci\u00f3n de","robots":{"index":"index","follow":"follow","max-snippet":"max-snippet:-1","max-image-preview":"max-image-preview:large","max-video-preview":"max-video-preview:-1"},"canonical":"https:\/\/www.covb.cat\/es\/actualitat\/noticies\/general\/el-covb-en-el-dia-del-perro-guia-con-la-asociacion-de-usuarios-de-perros-guia-de-cataluna\/","og_locale":"es_ES","og_type":"article","og_title":"El COVB en el D\u00eda del Perro Gu\u00eda con la Asociaci\u00f3n de Usuarios de Perros Gu\u00eda de Catalu\u00f1a - COVB - Col\u00b7legi Oficial de Veterinaris de Barcelona","og_description":"El s\u00e1bado, 25 de noviembre, Carolina Garc\u00eda, vocal de la Junta de gobierno del COVB particip\u00f3\u00a0en el D\u00eda del Perro Gu\u00eda organizado por la Asociaci\u00f3n de","og_url":"https:\/\/www.covb.cat\/es\/actualitat\/noticies\/general\/el-covb-en-el-dia-del-perro-guia-con-la-asociacion-de-usuarios-de-perros-guia-de-cataluna\/","og_site_name":"COVB","article_publisher":"https:\/\/www.facebook.com\/COVBcat\/","article_published_time":"2023-12-01T09:47:19+00:00","article_modified_time":"2023-12-04T10:35:08+00:00","og_image":[{"width":1200,"height":799,"url":"https:\/\/www.covb.cat\/wp-content\/uploads\/2023\/12\/68d39316-6953-913c-25c7-b40d28ec78aa.jpg","type":"image\/jpeg"}],"twitter_card":"summary_large_image","twitter_creator":"@COVBcat","twitter_site":"@COVBcat","twitter_misc":{"Escrito por":"","Tiempo de lectura":"1 minuto"},"schema":{"@context":"https:\/\/schema.org","@graph":[{"@type":"Article","@id":"https:\/\/www.covb.cat\/es\/actualitat\/noticies\/general\/el-covb-en-el-dia-del-perro-guia-con-la-asociacion-de-usuarios-de-perros-guia-de-cataluna\/#article","isPartOf":{"@id":"https:\/\/www.covb.cat\/es\/actualitat\/noticies\/general\/el-covb-en-el-dia-del-perro-guia-con-la-asociacion-de-usuarios-de-perros-guia-de-cataluna\/"},"author":{"name":"","@id":""},"headline":"El COVB en el D\u00eda del Perro Gu\u00eda con la Asociaci\u00f3n de Usuarios de Perros Gu\u00eda de Catalu\u00f1a","datePublished":"2023-12-01T09:47:19+00:00","dateModified":"2023-12-04T10:35:08+00:00","mainEntityOfPage":{"@id":"https:\/\/www.covb.cat\/es\/actualitat\/noticies\/general\/el-covb-en-el-dia-del-perro-guia-con-la-asociacion-de-usuarios-de-perros-guia-de-cataluna\/"},"wordCount":213,"publisher":{"@id":"https:\/\/www.covb.cat\/es\/#organization"},"image":{"@id":"https:\/\/www.covb.cat\/es\/actualitat\/noticies\/general\/el-covb-en-el-dia-del-perro-guia-con-la-asociacion-de-usuarios-de-perros-guia-de-cataluna\/#primaryimage"},"thumbnailUrl":"https:\/\/www.covb.cat\/wp-content\/uploads\/2023\/12\/68d39316-6953-913c-25c7-b40d28ec78aa.jpg","articleSection":["Corporativo","General"],"inLanguage":"es"},{"@type":"WebPage","@id":"https:\/\/www.covb.cat\/es\/actualitat\/noticies\/general\/el-covb-en-el-dia-del-perro-guia-con-la-asociacion-de-usuarios-de-perros-guia-de-cataluna\/","url":"https:\/\/www.covb.cat\/es\/actualitat\/noticies\/general\/el-covb-en-el-dia-del-perro-guia-con-la-asociacion-de-usuarios-de-perros-guia-de-cataluna\/","name":"El COVB en el D\u00eda del Perro Gu\u00eda con la Asociaci\u00f3n de Usuarios de Perros Gu\u00eda de Catalu\u00f1a - COVB - Col\u00b7legi Oficial de Veterinaris de Barcelona","isPartOf":{"@id":"https:\/\/www.covb.cat\/es\/#website"},"primaryImageOfPage":{"@id":"https:\/\/www.covb.cat\/es\/actualitat\/noticies\/general\/el-covb-en-el-dia-del-perro-guia-con-la-asociacion-de-usuarios-de-perros-guia-de-cataluna\/#primaryimage"},"image":{"@id":"https:\/\/www.covb.cat\/es\/actualitat\/noticies\/general\/el-covb-en-el-dia-del-perro-guia-con-la-asociacion-de-usuarios-de-perros-guia-de-cataluna\/#primaryimage"},"thumbnailUrl":"https:\/\/www.covb.cat\/wp-content\/uploads\/2023\/12\/68d39316-6953-913c-25c7-b40d28ec78aa.jpg","datePublished":"2023-12-01T09:47:19+00:00","dateModified":"2023-12-04T10:35:08+00:00","description":"El s\u00e1bado, 25 de noviembre, Carolina Garc\u00eda, vocal de la Junta de gobierno del COVB particip\u00f3\u00a0en el D\u00eda del Perro Gu\u00eda organizado por la Asociaci\u00f3n de","breadcrumb":{"@id":"https:\/\/www.covb.cat\/es\/actualitat\/noticies\/general\/el-covb-en-el-dia-del-perro-guia-con-la-asociacion-de-usuarios-de-perros-guia-de-cataluna\/#breadcrumb"},"inLanguage":"es","potentialAction":[{"@type":"ReadAction","target":["https:\/\/www.covb.cat\/es\/actualitat\/noticies\/general\/el-covb-en-el-dia-del-perro-guia-con-la-asociacion-de-usuarios-de-perros-guia-de-cataluna\/"]}]},{"@type":"ImageObject","inLanguage":"es","@id":"https:\/\/www.covb.cat\/es\/actualitat\/noticies\/general\/el-covb-en-el-dia-del-perro-guia-con-la-asociacion-de-usuarios-de-perros-guia-de-cataluna\/#primaryimage","url":"https:\/\/www.covb.cat\/wp-content\/uploads\/2023\/12\/68d39316-6953-913c-25c7-b40d28ec78aa.jpg","contentUrl":"https:\/\/www.covb.cat\/wp-content\/uploads\/2023\/12\/68d39316-6953-913c-25c7-b40d28ec78aa.jpg","width":1200,"height":799},{"@type":"BreadcrumbList","@id":"https:\/\/www.covb.cat\/es\/actualitat\/noticies\/general\/el-covb-en-el-dia-del-perro-guia-con-la-asociacion-de-usuarios-de-perros-guia-de-cataluna\/#breadcrumb","itemListElement":[{"@type":"ListItem","position":1,"name":"Inici","item":"https:\/\/www.covb.cat\/es\/"},{"@type":"ListItem","position":2,"name":"El COVB en el D\u00eda del Perro Gu\u00eda con la Asociaci\u00f3n de Usuarios de Perros Gu\u00eda de Catalu\u00f1a"}]},{"@type":"WebSite","@id":"https:\/\/www.covb.cat\/es\/#website","url":"https:\/\/www.covb.cat\/es\/","name":"COVB","description":"Col\u00b7legi Oficial de Veterinaris de Barcelona","publisher":{"@id":"https:\/\/www.covb.cat\/es\/#organization"},"potentialAction":[{"@type":"SearchAction","target":{"@type":"EntryPoint","urlTemplate":"https:\/\/www.covb.cat\/es\/?s={search_term_string}"},"query-input":{"@type":"PropertyValueSpecification","valueRequired":true,"valueName":"search_term_string"}}],"inLanguage":"es"},{"@type":"Organization","@id":"https:\/\/www.covb.cat\/es\/#organization","name":"COVB","url":"https:\/\/www.covb.cat\/es\/","logo":{"@type":"ImageObject","inLanguage":"es","@id":"https:\/\/www.covb.cat\/es\/#\/schema\/logo\/image\/","url":"https:\/\/www.covb.cat\/wp-content\/uploads\/2018\/07\/favicon-covb.png","contentUrl":"https:\/\/www.covb.cat\/wp-content\/uploads\/2018\/07\/favicon-covb.png","width":512,"height":512,"caption":"COVB"},"image":{"@id":"https:\/\/www.covb.cat\/es\/#\/schema\/logo\/image\/"},"sameAs":["https:\/\/www.facebook.com\/COVBcat\/","https:\/\/x.com\/COVBcat","https:\/\/www.youtube.com\/user\/covbcn"]},{"@type":"Person","@id":""}]}},"jetpack_featured_media_url":"https:\/\/www.covb.cat\/wp-content\/uploads\/2023\/12\/68d39316-6953-913c-25c7-b40d28ec78aa.jpg","jetpack_sharing_enabled":true,"_links":{"self":[{"href":"https:\/\/www.covb.cat\/es\/wp-json\/wp\/v2\/posts\/40799","targetHints":{"allow":["GET"]}}],"collection":[{"href":"https:\/\/www.covb.cat\/es\/wp-json\/wp\/v2\/posts"}],"about":[{"href":"https:\/\/www.covb.cat\/es\/wp-json\/wp\/v2\/types\/post"}],"author":[{"embeddable":true,"href":"https:\/\/www.covb.cat\/es\/wp-json\/wp\/v2\/users\/106"}],"replies":[{"embeddable":true,"href":"https:\/\/www.covb.cat\/es\/wp-json\/wp\/v2\/comments?post=40799"}],"version-history":[{"count":0,"href":"https:\/\/www.covb.cat\/es\/wp-json\/wp\/v2\/posts\/40799\/revisions"}],"wp:featuredmedia":[{"embeddable":true,"href":"https:\/\/www.covb.cat\/es\/wp-json\/wp\/v2\/media\/40769"}],"wp:attachment":[{"href":"https:\/\/www.covb.cat\/es\/wp-json\/wp\/v2\/media?parent=40799"}],"wp:term":[{"taxonomy":"category","embeddable":true,"href":"https:\/\/www.covb.cat\/es\/wp-json\/wp\/v2\/categories?post=40799"},{"taxonomy":"post_tag","embeddable":true,"href":"https:\/\/www.covb.cat\/es\/wp-json\/wp\/v2\/tags?post=40799"}],"curies":[{"name":"wp","href":"https:\/\/api.w.org\/{rel}","templated":true}]}}