{"id":40101,"date":"2023-11-09T18:40:52","date_gmt":"2023-11-09T17:40:52","guid":{"rendered":"https:\/\/www.covb.cat\/?p=40101"},"modified":"2023-11-10T11:42:13","modified_gmt":"2023-11-10T10:42:13","slug":"actualizacion-fiebre-del-nilo-occidental-dos-nuevos-casos-en-el-segria","status":"publish","type":"post","link":"https:\/\/www.covb.cat\/es\/actualitat\/noticies\/alertas\/actualizacion-fiebre-del-nilo-occidental-dos-nuevos-casos-en-el-segria\/","title":{"rendered":"Actualizaci\u00f3n Fiebre del Nilo Occidental: Dos nuevos casos en el Segri\u00e0"},"content":{"rendered":"<ul>\n<li>El Laboratorio Central de Veterinaria de Algete comunic\u00f3 el 2 de noviembre la confirmaci\u00f3n del resultado positivo del IRTA-CReSA en la muestra de un azor (Accipiter gentilis) sospechoso, encontrado en el interior de una granja de perdices en Benavent de Segri\u00e0. Se ha notificado a RASVE con el n\u00famero 2023\/51.En esta explotaci\u00f3n, los Servicios Veterinarios Oficiales realizar\u00e1n un muestreo en las perdices para descartar que la fuente de contagio pueda ser la propia granja. Tambi\u00e9n se prev\u00e9 realizar una inspecci\u00f3n entomol\u00f3gica. Para continuar la investigaci\u00f3n sobre el alcance de la circulaci\u00f3n del VNO, se mantiene la intensificaci\u00f3n de la vigilancia pasiva en aves salvajes en un radio de 10 km alrededor de la explotaci\u00f3n.<\/li>\n<\/ul>\n<ul>\n<li>Tambi\u00e9n el 2 de noviembre, el Laboratorio Central de Veterinaria de Algete confirm\u00f3 el resultado positivo del IRTA-CReSA en la muestra de un azor ubicado en Alfarr\u00e0s, a la ribera del r\u00edo Noguera Ribagor\u00e7ana. Se ha notificado a RASVE (n\u00famero de Focus 2023\/52). Se intensifica la vigilancia activa en el \u00e1rea de 10 km alrededor del municipio de Alfarr\u00e0s.<\/li>\n<\/ul>\n<p>Ambos hallazgos se han producido en la comarca del Segri\u00e0, considerada end\u00e9mica. Por este motivo, y debido a la dificultad de encontrar \u00e9quidos que no hayan estado en contacto previamente con el VNO, no se realizan acciones de muestreo dentro del componente de vigilancia activa en \u00e9quidos. No obstante, la vigilancia pasiva es un componente b\u00e1sico para el seguimiento de la circulaci\u00f3n v\u00edrica.<\/p>\n<p>Es necesario que los propietarios\/as y veterinarios\/as de \u00e9quidos contin\u00faen alerta, y en caso de que aparezca alg\u00fan \u00e9quido con sintomatolog\u00eda nerviosa, se env\u00eden muestras al IRTA &#8211; CReSA e informen a los Servicios Veterinarios Oficiales del DACC.<\/p>\n<p>Incluimos el enlace del Procedimiento de actuaci\u00f3n del\/de la veterinario\/a en caso de sospecha cl\u00ednica en \u00e9quidos para la vigilancia de la fiebre del Nilo Occidental en Catalu\u00f1a y el documento de env\u00edo de muestras (Anexo VIII. Solicitud de an\u00e1lisis de la fiebre del Nilo Occidental en \u00e9quidos \u2013 vigilancia pasiva).<\/p>\n<p>Para cualquier duda, pueden ponerse en contacto con el Servicio de Prevenci\u00f3n en Salud Animal (<a href=\"mailto:salutanimal.daam@gencat.cat\">salutanimal.daam@gencat.cat<\/a>).<\/p>\n","protected":false},"excerpt":{"rendered":"<p>El Laboratorio Central de Veterinaria de Algete comunic\u00f3 el 2 de noviembre la confirmaci\u00f3n del resultado positivo del IRTA-CReSA en la muestra de un azor (Accipiter gentilis) sospechoso, encontrado en el interior de una granja de perdices en Benavent de Segri\u00e0. Se ha notificado a RASVE con el n\u00famero 2023\/51.En esta explotaci\u00f3n, los Servicios Veterinarios [&hellip;]<\/p>\n","protected":false},"author":106,"featured_media":40087,"comment_status":"closed","ping_status":"closed","sticky":false,"template":"","format":"standard","meta":{"_monsterinsights_skip_tracking":false,"_monsterinsights_sitenote_active":false,"_monsterinsights_sitenote_note":"","_monsterinsights_sitenote_category":0,"_jetpack_memberships_contains_paid_content":false,"footnotes":""},"categories":[156],"tags":[],"class_list":["post-40101","post","type-post","status-publish","format-standard","has-post-thumbnail","hentry","category-alertas"],"yoast_head":"<!-- This site is optimized with the Yoast SEO plugin v27.0 - https:\/\/yoast.com\/product\/yoast-seo-wordpress\/ -->\n<title>Actualizaci\u00f3n Fiebre del Nilo Occidental: Dos nuevos casos en el Segri\u00e0 - COVB - Col\u00b7legi Oficial de Veterinaris de Barcelona<\/title>\n<meta name=\"description\" content=\"El Laboratorio Central de Veterinaria de Algete comunic\u00f3 el 2 de noviembre la confirmaci\u00f3n del resultado positivo del IRTA-CReSA en la muestra de un azor\" \/>\n<meta name=\"robots\" content=\"index, follow, max-snippet:-1, max-image-preview:large, max-video-preview:-1\" \/>\n<link rel=\"canonical\" href=\"https:\/\/www.covb.cat\/es\/actualitat\/noticies\/alertas\/actualizacion-fiebre-del-nilo-occidental-dos-nuevos-casos-en-el-segria\/\" \/>\n<meta property=\"og:locale\" content=\"es_ES\" \/>\n<meta property=\"og:type\" content=\"article\" \/>\n<meta property=\"og:title\" content=\"Actualizaci\u00f3n Fiebre del Nilo Occidental: Dos nuevos casos en el Segri\u00e0 - COVB - Col\u00b7legi Oficial de Veterinaris de Barcelona\" \/>\n<meta property=\"og:description\" content=\"El Laboratorio Central de Veterinaria de Algete comunic\u00f3 el 2 de noviembre la confirmaci\u00f3n del resultado positivo del IRTA-CReSA en la muestra de un azor\" \/>\n<meta property=\"og:url\" content=\"https:\/\/www.covb.cat\/es\/actualitat\/noticies\/alertas\/actualizacion-fiebre-del-nilo-occidental-dos-nuevos-casos-en-el-segria\/\" \/>\n<meta property=\"og:site_name\" content=\"COVB\" \/>\n<meta property=\"article:publisher\" content=\"https:\/\/www.facebook.com\/COVBcat\/\" \/>\n<meta property=\"article:published_time\" content=\"2023-11-09T17:40:52+00:00\" \/>\n<meta property=\"article:modified_time\" content=\"2023-11-10T10:42:13+00:00\" \/>\n<meta property=\"og:image\" content=\"https:\/\/www.covb.cat\/wp-content\/uploads\/2023\/11\/perdiu.jpg\" \/>\n\t<meta property=\"og:image:width\" content=\"489\" \/>\n\t<meta property=\"og:image:height\" content=\"331\" \/>\n\t<meta property=\"og:image:type\" content=\"image\/jpeg\" \/>\n<meta name=\"twitter:card\" content=\"summary_large_image\" \/>\n<meta name=\"twitter:creator\" content=\"@COVBcat\" \/>\n<meta name=\"twitter:site\" content=\"@COVBcat\" \/>\n<meta name=\"twitter:label1\" content=\"Escrito por\" \/>\n\t<meta name=\"twitter:data1\" content=\"\" \/>\n\t<meta name=\"twitter:label2\" content=\"Tiempo de lectura\" \/>\n\t<meta name=\"twitter:data2\" content=\"2 minutos\" \/>\n<script type=\"application\/ld+json\" class=\"yoast-schema-graph\">{\"@context\":\"https:\/\/schema.org\",\"@graph\":[{\"@type\":\"Article\",\"@id\":\"https:\/\/www.covb.cat\/es\/actualitat\/noticies\/alertas\/actualizacion-fiebre-del-nilo-occidental-dos-nuevos-casos-en-el-segria\/#article\",\"isPartOf\":{\"@id\":\"https:\/\/www.covb.cat\/es\/actualitat\/noticies\/alertas\/actualizacion-fiebre-del-nilo-occidental-dos-nuevos-casos-en-el-segria\/\"},\"author\":{\"name\":\"\",\"@id\":\"\"},\"headline\":\"Actualizaci\u00f3n Fiebre del Nilo Occidental: Dos nuevos casos en el Segri\u00e0\",\"datePublished\":\"2023-11-09T17:40:52+00:00\",\"dateModified\":\"2023-11-10T10:42:13+00:00\",\"mainEntityOfPage\":{\"@id\":\"https:\/\/www.covb.cat\/es\/actualitat\/noticies\/alertas\/actualizacion-fiebre-del-nilo-occidental-dos-nuevos-casos-en-el-segria\/\"},\"wordCount\":385,\"publisher\":{\"@id\":\"https:\/\/www.covb.cat\/es\/#organization\"},\"image\":{\"@id\":\"https:\/\/www.covb.cat\/es\/actualitat\/noticies\/alertas\/actualizacion-fiebre-del-nilo-occidental-dos-nuevos-casos-en-el-segria\/#primaryimage\"},\"thumbnailUrl\":\"https:\/\/www.covb.cat\/wp-content\/uploads\/2023\/11\/perdiu.jpg\",\"articleSection\":[\"Alertas\"],\"inLanguage\":\"es\"},{\"@type\":\"WebPage\",\"@id\":\"https:\/\/www.covb.cat\/es\/actualitat\/noticies\/alertas\/actualizacion-fiebre-del-nilo-occidental-dos-nuevos-casos-en-el-segria\/\",\"url\":\"https:\/\/www.covb.cat\/es\/actualitat\/noticies\/alertas\/actualizacion-fiebre-del-nilo-occidental-dos-nuevos-casos-en-el-segria\/\",\"name\":\"Actualizaci\u00f3n Fiebre del Nilo Occidental: Dos nuevos casos en el Segri\u00e0 - COVB - Col\u00b7legi Oficial de Veterinaris de Barcelona\",\"isPartOf\":{\"@id\":\"https:\/\/www.covb.cat\/es\/#website\"},\"primaryImageOfPage\":{\"@id\":\"https:\/\/www.covb.cat\/es\/actualitat\/noticies\/alertas\/actualizacion-fiebre-del-nilo-occidental-dos-nuevos-casos-en-el-segria\/#primaryimage\"},\"image\":{\"@id\":\"https:\/\/www.covb.cat\/es\/actualitat\/noticies\/alertas\/actualizacion-fiebre-del-nilo-occidental-dos-nuevos-casos-en-el-segria\/#primaryimage\"},\"thumbnailUrl\":\"https:\/\/www.covb.cat\/wp-content\/uploads\/2023\/11\/perdiu.jpg\",\"datePublished\":\"2023-11-09T17:40:52+00:00\",\"dateModified\":\"2023-11-10T10:42:13+00:00\",\"description\":\"El Laboratorio Central de Veterinaria de Algete comunic\u00f3 el 2 de noviembre la confirmaci\u00f3n del resultado positivo del IRTA-CReSA en la muestra de un azor\",\"breadcrumb\":{\"@id\":\"https:\/\/www.covb.cat\/es\/actualitat\/noticies\/alertas\/actualizacion-fiebre-del-nilo-occidental-dos-nuevos-casos-en-el-segria\/#breadcrumb\"},\"inLanguage\":\"es\",\"potentialAction\":[{\"@type\":\"ReadAction\",\"target\":[\"https:\/\/www.covb.cat\/es\/actualitat\/noticies\/alertas\/actualizacion-fiebre-del-nilo-occidental-dos-nuevos-casos-en-el-segria\/\"]}]},{\"@type\":\"ImageObject\",\"inLanguage\":\"es\",\"@id\":\"https:\/\/www.covb.cat\/es\/actualitat\/noticies\/alertas\/actualizacion-fiebre-del-nilo-occidental-dos-nuevos-casos-en-el-segria\/#primaryimage\",\"url\":\"https:\/\/www.covb.cat\/wp-content\/uploads\/2023\/11\/perdiu.jpg\",\"contentUrl\":\"https:\/\/www.covb.cat\/wp-content\/uploads\/2023\/11\/perdiu.jpg\",\"width\":489,\"height\":331},{\"@type\":\"BreadcrumbList\",\"@id\":\"https:\/\/www.covb.cat\/es\/actualitat\/noticies\/alertas\/actualizacion-fiebre-del-nilo-occidental-dos-nuevos-casos-en-el-segria\/#breadcrumb\",\"itemListElement\":[{\"@type\":\"ListItem\",\"position\":1,\"name\":\"Inici\",\"item\":\"https:\/\/www.covb.cat\/es\/\"},{\"@type\":\"ListItem\",\"position\":2,\"name\":\"Actualizaci\u00f3n Fiebre del Nilo Occidental: Dos nuevos casos en el Segri\u00e0\"}]},{\"@type\":\"WebSite\",\"@id\":\"https:\/\/www.covb.cat\/es\/#website\",\"url\":\"https:\/\/www.covb.cat\/es\/\",\"name\":\"COVB\",\"description\":\"Col\u00b7legi Oficial de Veterinaris de Barcelona\",\"publisher\":{\"@id\":\"https:\/\/www.covb.cat\/es\/#organization\"},\"potentialAction\":[{\"@type\":\"SearchAction\",\"target\":{\"@type\":\"EntryPoint\",\"urlTemplate\":\"https:\/\/www.covb.cat\/es\/?s={search_term_string}\"},\"query-input\":{\"@type\":\"PropertyValueSpecification\",\"valueRequired\":true,\"valueName\":\"search_term_string\"}}],\"inLanguage\":\"es\"},{\"@type\":\"Organization\",\"@id\":\"https:\/\/www.covb.cat\/es\/#organization\",\"name\":\"COVB\",\"url\":\"https:\/\/www.covb.cat\/es\/\",\"logo\":{\"@type\":\"ImageObject\",\"inLanguage\":\"es\",\"@id\":\"https:\/\/www.covb.cat\/es\/#\/schema\/logo\/image\/\",\"url\":\"https:\/\/www.covb.cat\/wp-content\/uploads\/2018\/07\/favicon-covb.png\",\"contentUrl\":\"https:\/\/www.covb.cat\/wp-content\/uploads\/2018\/07\/favicon-covb.png\",\"width\":512,\"height\":512,\"caption\":\"COVB\"},\"image\":{\"@id\":\"https:\/\/www.covb.cat\/es\/#\/schema\/logo\/image\/\"},\"sameAs\":[\"https:\/\/www.facebook.com\/COVBcat\/\",\"https:\/\/x.com\/COVBcat\",\"https:\/\/www.youtube.com\/user\/covbcn\"]},{\"@type\":\"Person\",\"@id\":\"\"}]}<\/script>\n<!-- \/ Yoast SEO plugin. -->","yoast_head_json":{"title":"Actualizaci\u00f3n Fiebre del Nilo Occidental: Dos nuevos casos en el Segri\u00e0 - COVB - Col\u00b7legi Oficial de Veterinaris de Barcelona","description":"El Laboratorio Central de Veterinaria de Algete comunic\u00f3 el 2 de noviembre la confirmaci\u00f3n del resultado positivo del IRTA-CReSA en la muestra de un azor","robots":{"index":"index","follow":"follow","max-snippet":"max-snippet:-1","max-image-preview":"max-image-preview:large","max-video-preview":"max-video-preview:-1"},"canonical":"https:\/\/www.covb.cat\/es\/actualitat\/noticies\/alertas\/actualizacion-fiebre-del-nilo-occidental-dos-nuevos-casos-en-el-segria\/","og_locale":"es_ES","og_type":"article","og_title":"Actualizaci\u00f3n Fiebre del Nilo Occidental: Dos nuevos casos en el Segri\u00e0 - COVB - Col\u00b7legi Oficial de Veterinaris de Barcelona","og_description":"El Laboratorio Central de Veterinaria de Algete comunic\u00f3 el 2 de noviembre la confirmaci\u00f3n del resultado positivo del IRTA-CReSA en la muestra de un azor","og_url":"https:\/\/www.covb.cat\/es\/actualitat\/noticies\/alertas\/actualizacion-fiebre-del-nilo-occidental-dos-nuevos-casos-en-el-segria\/","og_site_name":"COVB","article_publisher":"https:\/\/www.facebook.com\/COVBcat\/","article_published_time":"2023-11-09T17:40:52+00:00","article_modified_time":"2023-11-10T10:42:13+00:00","og_image":[{"width":489,"height":331,"url":"https:\/\/www.covb.cat\/wp-content\/uploads\/2023\/11\/perdiu.jpg","type":"image\/jpeg"}],"twitter_card":"summary_large_image","twitter_creator":"@COVBcat","twitter_site":"@COVBcat","twitter_misc":{"Escrito por":"","Tiempo de lectura":"2 minutos"},"schema":{"@context":"https:\/\/schema.org","@graph":[{"@type":"Article","@id":"https:\/\/www.covb.cat\/es\/actualitat\/noticies\/alertas\/actualizacion-fiebre-del-nilo-occidental-dos-nuevos-casos-en-el-segria\/#article","isPartOf":{"@id":"https:\/\/www.covb.cat\/es\/actualitat\/noticies\/alertas\/actualizacion-fiebre-del-nilo-occidental-dos-nuevos-casos-en-el-segria\/"},"author":{"name":"","@id":""},"headline":"Actualizaci\u00f3n Fiebre del Nilo Occidental: Dos nuevos casos en el Segri\u00e0","datePublished":"2023-11-09T17:40:52+00:00","dateModified":"2023-11-10T10:42:13+00:00","mainEntityOfPage":{"@id":"https:\/\/www.covb.cat\/es\/actualitat\/noticies\/alertas\/actualizacion-fiebre-del-nilo-occidental-dos-nuevos-casos-en-el-segria\/"},"wordCount":385,"publisher":{"@id":"https:\/\/www.covb.cat\/es\/#organization"},"image":{"@id":"https:\/\/www.covb.cat\/es\/actualitat\/noticies\/alertas\/actualizacion-fiebre-del-nilo-occidental-dos-nuevos-casos-en-el-segria\/#primaryimage"},"thumbnailUrl":"https:\/\/www.covb.cat\/wp-content\/uploads\/2023\/11\/perdiu.jpg","articleSection":["Alertas"],"inLanguage":"es"},{"@type":"WebPage","@id":"https:\/\/www.covb.cat\/es\/actualitat\/noticies\/alertas\/actualizacion-fiebre-del-nilo-occidental-dos-nuevos-casos-en-el-segria\/","url":"https:\/\/www.covb.cat\/es\/actualitat\/noticies\/alertas\/actualizacion-fiebre-del-nilo-occidental-dos-nuevos-casos-en-el-segria\/","name":"Actualizaci\u00f3n Fiebre del Nilo Occidental: Dos nuevos casos en el Segri\u00e0 - COVB - Col\u00b7legi Oficial de Veterinaris de Barcelona","isPartOf":{"@id":"https:\/\/www.covb.cat\/es\/#website"},"primaryImageOfPage":{"@id":"https:\/\/www.covb.cat\/es\/actualitat\/noticies\/alertas\/actualizacion-fiebre-del-nilo-occidental-dos-nuevos-casos-en-el-segria\/#primaryimage"},"image":{"@id":"https:\/\/www.covb.cat\/es\/actualitat\/noticies\/alertas\/actualizacion-fiebre-del-nilo-occidental-dos-nuevos-casos-en-el-segria\/#primaryimage"},"thumbnailUrl":"https:\/\/www.covb.cat\/wp-content\/uploads\/2023\/11\/perdiu.jpg","datePublished":"2023-11-09T17:40:52+00:00","dateModified":"2023-11-10T10:42:13+00:00","description":"El Laboratorio Central de Veterinaria de Algete comunic\u00f3 el 2 de noviembre la confirmaci\u00f3n del resultado positivo del IRTA-CReSA en la muestra de un azor","breadcrumb":{"@id":"https:\/\/www.covb.cat\/es\/actualitat\/noticies\/alertas\/actualizacion-fiebre-del-nilo-occidental-dos-nuevos-casos-en-el-segria\/#breadcrumb"},"inLanguage":"es","potentialAction":[{"@type":"ReadAction","target":["https:\/\/www.covb.cat\/es\/actualitat\/noticies\/alertas\/actualizacion-fiebre-del-nilo-occidental-dos-nuevos-casos-en-el-segria\/"]}]},{"@type":"ImageObject","inLanguage":"es","@id":"https:\/\/www.covb.cat\/es\/actualitat\/noticies\/alertas\/actualizacion-fiebre-del-nilo-occidental-dos-nuevos-casos-en-el-segria\/#primaryimage","url":"https:\/\/www.covb.cat\/wp-content\/uploads\/2023\/11\/perdiu.jpg","contentUrl":"https:\/\/www.covb.cat\/wp-content\/uploads\/2023\/11\/perdiu.jpg","width":489,"height":331},{"@type":"BreadcrumbList","@id":"https:\/\/www.covb.cat\/es\/actualitat\/noticies\/alertas\/actualizacion-fiebre-del-nilo-occidental-dos-nuevos-casos-en-el-segria\/#breadcrumb","itemListElement":[{"@type":"ListItem","position":1,"name":"Inici","item":"https:\/\/www.covb.cat\/es\/"},{"@type":"ListItem","position":2,"name":"Actualizaci\u00f3n Fiebre del Nilo Occidental: Dos nuevos casos en el Segri\u00e0"}]},{"@type":"WebSite","@id":"https:\/\/www.covb.cat\/es\/#website","url":"https:\/\/www.covb.cat\/es\/","name":"COVB","description":"Col\u00b7legi Oficial de Veterinaris de Barcelona","publisher":{"@id":"https:\/\/www.covb.cat\/es\/#organization"},"potentialAction":[{"@type":"SearchAction","target":{"@type":"EntryPoint","urlTemplate":"https:\/\/www.covb.cat\/es\/?s={search_term_string}"},"query-input":{"@type":"PropertyValueSpecification","valueRequired":true,"valueName":"search_term_string"}}],"inLanguage":"es"},{"@type":"Organization","@id":"https:\/\/www.covb.cat\/es\/#organization","name":"COVB","url":"https:\/\/www.covb.cat\/es\/","logo":{"@type":"ImageObject","inLanguage":"es","@id":"https:\/\/www.covb.cat\/es\/#\/schema\/logo\/image\/","url":"https:\/\/www.covb.cat\/wp-content\/uploads\/2018\/07\/favicon-covb.png","contentUrl":"https:\/\/www.covb.cat\/wp-content\/uploads\/2018\/07\/favicon-covb.png","width":512,"height":512,"caption":"COVB"},"image":{"@id":"https:\/\/www.covb.cat\/es\/#\/schema\/logo\/image\/"},"sameAs":["https:\/\/www.facebook.com\/COVBcat\/","https:\/\/x.com\/COVBcat","https:\/\/www.youtube.com\/user\/covbcn"]},{"@type":"Person","@id":""}]}},"jetpack_featured_media_url":"https:\/\/www.covb.cat\/wp-content\/uploads\/2023\/11\/perdiu.jpg","jetpack_sharing_enabled":true,"_links":{"self":[{"href":"https:\/\/www.covb.cat\/es\/wp-json\/wp\/v2\/posts\/40101","targetHints":{"allow":["GET"]}}],"collection":[{"href":"https:\/\/www.covb.cat\/es\/wp-json\/wp\/v2\/posts"}],"about":[{"href":"https:\/\/www.covb.cat\/es\/wp-json\/wp\/v2\/types\/post"}],"author":[{"embeddable":true,"href":"https:\/\/www.covb.cat\/es\/wp-json\/wp\/v2\/users\/106"}],"replies":[{"embeddable":true,"href":"https:\/\/www.covb.cat\/es\/wp-json\/wp\/v2\/comments?post=40101"}],"version-history":[{"count":0,"href":"https:\/\/www.covb.cat\/es\/wp-json\/wp\/v2\/posts\/40101\/revisions"}],"wp:featuredmedia":[{"embeddable":true,"href":"https:\/\/www.covb.cat\/es\/wp-json\/wp\/v2\/media\/40087"}],"wp:attachment":[{"href":"https:\/\/www.covb.cat\/es\/wp-json\/wp\/v2\/media?parent=40101"}],"wp:term":[{"taxonomy":"category","embeddable":true,"href":"https:\/\/www.covb.cat\/es\/wp-json\/wp\/v2\/categories?post=40101"},{"taxonomy":"post_tag","embeddable":true,"href":"https:\/\/www.covb.cat\/es\/wp-json\/wp\/v2\/tags?post=40101"}],"curies":[{"name":"wp","href":"https:\/\/api.w.org\/{rel}","templated":true}]}}