{"id":39896,"date":"2023-11-06T13:02:02","date_gmt":"2023-11-06T12:02:02","guid":{"rendered":"https:\/\/www.covb.cat\/?p=39896"},"modified":"2023-11-06T13:02:02","modified_gmt":"2023-11-06T12:02:02","slug":"actualizacion-enfermedad-hemorragica-epizootica-mhe-primer-foco-declarado-en-el-alt-urgell","status":"publish","type":"post","link":"https:\/\/www.covb.cat\/es\/actualitat\/noticies\/alertas\/actualizacion-enfermedad-hemorragica-epizootica-mhe-primer-foco-declarado-en-el-alt-urgell\/","title":{"rendered":"Actualizaci\u00f3n Enfermedad Hemorr\u00e1gica Epizo\u00f3tica (MHE): primer foco declarado en el Alt Urgell"},"content":{"rendered":"<p style=\"font-weight: 400;\">La \u00faltima nota informativa sobre la Enfermedad Hemorr\u00e1gica Epizo\u00f3tica (MHE)\u00a0que ha enviado el Ministerio de Agricultura Pesca y Alimentaci\u00f3n (MAPA) alerta del primer foco de la enfermedad en la comarca del Alt Urgell.<\/p>\n<p>Los veterinarios\/arias colegiados\/adas, especialmente a aquellos\/as\u00a0que trabajen con rumiantes, hace falta que est\u00e9n atentos ante la aparici\u00f3n de signos cl\u00ednicos compatibles con la Enfermedad Hemorr\u00e1gica Epizo\u00f3tica en los animales y, en caso de que sea as\u00ed, ponerlo en conocimiento de los Servicios Veterinarios Oficiales y realizar la presa de muestras correspondiente para confirmar\/descartar la enfermedad.<\/p>\n<p style=\"font-weight: 400;\">En la UE no existe vacuna autorizada para esta enfermedad, por lo cual, dado que esta se transmite por picadura de un insecto vector (Culicoides\u00a0spp.) la \u00fanica manera para reducir el riesgo de aparici\u00f3n en una explotaci\u00f3n o diseminaci\u00f3n dentro de la manada es la aplicaci\u00f3n de medidas de control vectorial (desinsectaci\u00f3n de animales e instalaciones, as\u00ed como eliminar o reducir lugares de cr\u00eda de larvas de\u00a0Culicides).<\/p>\n<p>Adjuntamos Nota Informativa del MAPA.<\/p>\n","protected":false},"excerpt":{"rendered":"<p>La \u00faltima nota informativa sobre la Enfermedad Hemorr\u00e1gica Epizo\u00f3tica (MHE)\u00a0que ha enviado el Ministerio de Agricultura Pesca y Alimentaci\u00f3n (MAPA) alerta del primer foco de la enfermedad en la comarca del Alt Urgell. Los veterinarios\/arias colegiados\/adas, especialmente a aquellos\/as\u00a0que trabajen con rumiantes, hace falta que est\u00e9n atentos ante la aparici\u00f3n de signos cl\u00ednicos compatibles con [&hellip;]<\/p>\n","protected":false},"author":106,"featured_media":34134,"comment_status":"closed","ping_status":"closed","sticky":false,"template":"","format":"standard","meta":{"_monsterinsights_skip_tracking":false,"_monsterinsights_sitenote_active":false,"_monsterinsights_sitenote_note":"","_monsterinsights_sitenote_category":0,"_jetpack_memberships_contains_paid_content":false,"footnotes":""},"categories":[156,17],"tags":[],"class_list":["post-39896","post","type-post","status-publish","format-standard","has-post-thumbnail","hentry","category-alertas","category-general"],"yoast_head":"<!-- This site is optimized with the Yoast SEO plugin v27.0 - https:\/\/yoast.com\/product\/yoast-seo-wordpress\/ -->\n<title>Actualizaci\u00f3n Enfermedad Hemorr\u00e1gica Epizo\u00f3tica (MHE): primer foco declarado en el Alt Urgell - COVB - Col\u00b7legi Oficial de Veterinaris de Barcelona<\/title>\n<meta name=\"description\" content=\"La \u00faltima nota informativa sobre la Enfermedad Hemorr\u00e1gica Epizo\u00f3tica (MHE)\u00a0que ha enviado el Ministerio de Agricultura Pesca y Alimentaci\u00f3n (MAPA) alerta\" \/>\n<meta name=\"robots\" content=\"index, follow, max-snippet:-1, max-image-preview:large, max-video-preview:-1\" \/>\n<link rel=\"canonical\" href=\"https:\/\/www.covb.cat\/es\/actualitat\/noticies\/alertas\/actualizacion-enfermedad-hemorragica-epizootica-mhe-primer-foco-declarado-en-el-alt-urgell\/\" \/>\n<meta property=\"og:locale\" content=\"es_ES\" \/>\n<meta property=\"og:type\" content=\"article\" \/>\n<meta property=\"og:title\" content=\"Actualizaci\u00f3n Enfermedad Hemorr\u00e1gica Epizo\u00f3tica (MHE): primer foco declarado en el Alt Urgell - COVB - Col\u00b7legi Oficial de Veterinaris de Barcelona\" \/>\n<meta property=\"og:description\" content=\"La \u00faltima nota informativa sobre la Enfermedad Hemorr\u00e1gica Epizo\u00f3tica (MHE)\u00a0que ha enviado el Ministerio de Agricultura Pesca y Alimentaci\u00f3n (MAPA) alerta\" \/>\n<meta property=\"og:url\" content=\"https:\/\/www.covb.cat\/es\/actualitat\/noticies\/alertas\/actualizacion-enfermedad-hemorragica-epizootica-mhe-primer-foco-declarado-en-el-alt-urgell\/\" \/>\n<meta property=\"og:site_name\" content=\"COVB\" \/>\n<meta property=\"article:publisher\" content=\"https:\/\/www.facebook.com\/COVBcat\/\" \/>\n<meta property=\"article:published_time\" content=\"2023-11-06T12:02:02+00:00\" \/>\n<meta property=\"og:image\" content=\"https:\/\/www.covb.cat\/wp-content\/uploads\/2023\/06\/vacas-scaled.jpg\" \/>\n\t<meta property=\"og:image:width\" content=\"2560\" \/>\n\t<meta property=\"og:image:height\" content=\"1882\" \/>\n\t<meta property=\"og:image:type\" content=\"image\/jpeg\" \/>\n<meta name=\"twitter:card\" content=\"summary_large_image\" \/>\n<meta name=\"twitter:creator\" content=\"@COVBcat\" \/>\n<meta name=\"twitter:site\" content=\"@COVBcat\" \/>\n<meta name=\"twitter:label1\" content=\"Escrito por\" \/>\n\t<meta name=\"twitter:data1\" content=\"\" \/>\n\t<meta name=\"twitter:label2\" content=\"Tiempo de lectura\" \/>\n\t<meta name=\"twitter:data2\" content=\"1 minuto\" \/>\n<script type=\"application\/ld+json\" class=\"yoast-schema-graph\">{\"@context\":\"https:\/\/schema.org\",\"@graph\":[{\"@type\":\"Article\",\"@id\":\"https:\/\/www.covb.cat\/es\/actualitat\/noticies\/alertas\/actualizacion-enfermedad-hemorragica-epizootica-mhe-primer-foco-declarado-en-el-alt-urgell\/#article\",\"isPartOf\":{\"@id\":\"https:\/\/www.covb.cat\/es\/actualitat\/noticies\/alertas\/actualizacion-enfermedad-hemorragica-epizootica-mhe-primer-foco-declarado-en-el-alt-urgell\/\"},\"author\":{\"name\":\"\",\"@id\":\"\"},\"headline\":\"Actualizaci\u00f3n Enfermedad Hemorr\u00e1gica Epizo\u00f3tica (MHE): primer foco declarado en el Alt Urgell\",\"datePublished\":\"2023-11-06T12:02:02+00:00\",\"mainEntityOfPage\":{\"@id\":\"https:\/\/www.covb.cat\/es\/actualitat\/noticies\/alertas\/actualizacion-enfermedad-hemorragica-epizootica-mhe-primer-foco-declarado-en-el-alt-urgell\/\"},\"wordCount\":197,\"publisher\":{\"@id\":\"https:\/\/www.covb.cat\/es\/#organization\"},\"image\":{\"@id\":\"https:\/\/www.covb.cat\/es\/actualitat\/noticies\/alertas\/actualizacion-enfermedad-hemorragica-epizootica-mhe-primer-foco-declarado-en-el-alt-urgell\/#primaryimage\"},\"thumbnailUrl\":\"https:\/\/www.covb.cat\/wp-content\/uploads\/2023\/06\/vacas-scaled.jpg\",\"articleSection\":[\"Alertas\",\"General\"],\"inLanguage\":\"es\"},{\"@type\":\"WebPage\",\"@id\":\"https:\/\/www.covb.cat\/es\/actualitat\/noticies\/alertas\/actualizacion-enfermedad-hemorragica-epizootica-mhe-primer-foco-declarado-en-el-alt-urgell\/\",\"url\":\"https:\/\/www.covb.cat\/es\/actualitat\/noticies\/alertas\/actualizacion-enfermedad-hemorragica-epizootica-mhe-primer-foco-declarado-en-el-alt-urgell\/\",\"name\":\"Actualizaci\u00f3n Enfermedad Hemorr\u00e1gica Epizo\u00f3tica (MHE): primer foco declarado en el Alt Urgell - COVB - Col\u00b7legi Oficial de Veterinaris de Barcelona\",\"isPartOf\":{\"@id\":\"https:\/\/www.covb.cat\/es\/#website\"},\"primaryImageOfPage\":{\"@id\":\"https:\/\/www.covb.cat\/es\/actualitat\/noticies\/alertas\/actualizacion-enfermedad-hemorragica-epizootica-mhe-primer-foco-declarado-en-el-alt-urgell\/#primaryimage\"},\"image\":{\"@id\":\"https:\/\/www.covb.cat\/es\/actualitat\/noticies\/alertas\/actualizacion-enfermedad-hemorragica-epizootica-mhe-primer-foco-declarado-en-el-alt-urgell\/#primaryimage\"},\"thumbnailUrl\":\"https:\/\/www.covb.cat\/wp-content\/uploads\/2023\/06\/vacas-scaled.jpg\",\"datePublished\":\"2023-11-06T12:02:02+00:00\",\"description\":\"La \u00faltima nota informativa sobre la Enfermedad Hemorr\u00e1gica Epizo\u00f3tica (MHE)\u00a0que ha enviado el Ministerio de Agricultura Pesca y Alimentaci\u00f3n (MAPA) alerta\",\"breadcrumb\":{\"@id\":\"https:\/\/www.covb.cat\/es\/actualitat\/noticies\/alertas\/actualizacion-enfermedad-hemorragica-epizootica-mhe-primer-foco-declarado-en-el-alt-urgell\/#breadcrumb\"},\"inLanguage\":\"es\",\"potentialAction\":[{\"@type\":\"ReadAction\",\"target\":[\"https:\/\/www.covb.cat\/es\/actualitat\/noticies\/alertas\/actualizacion-enfermedad-hemorragica-epizootica-mhe-primer-foco-declarado-en-el-alt-urgell\/\"]}]},{\"@type\":\"ImageObject\",\"inLanguage\":\"es\",\"@id\":\"https:\/\/www.covb.cat\/es\/actualitat\/noticies\/alertas\/actualizacion-enfermedad-hemorragica-epizootica-mhe-primer-foco-declarado-en-el-alt-urgell\/#primaryimage\",\"url\":\"https:\/\/www.covb.cat\/wp-content\/uploads\/2023\/06\/vacas-scaled.jpg\",\"contentUrl\":\"https:\/\/www.covb.cat\/wp-content\/uploads\/2023\/06\/vacas-scaled.jpg\",\"width\":2560,\"height\":1882},{\"@type\":\"BreadcrumbList\",\"@id\":\"https:\/\/www.covb.cat\/es\/actualitat\/noticies\/alertas\/actualizacion-enfermedad-hemorragica-epizootica-mhe-primer-foco-declarado-en-el-alt-urgell\/#breadcrumb\",\"itemListElement\":[{\"@type\":\"ListItem\",\"position\":1,\"name\":\"Inici\",\"item\":\"https:\/\/www.covb.cat\/es\/\"},{\"@type\":\"ListItem\",\"position\":2,\"name\":\"Actualizaci\u00f3n Enfermedad Hemorr\u00e1gica Epizo\u00f3tica (MHE): primer foco declarado en el Alt Urgell\"}]},{\"@type\":\"WebSite\",\"@id\":\"https:\/\/www.covb.cat\/es\/#website\",\"url\":\"https:\/\/www.covb.cat\/es\/\",\"name\":\"COVB\",\"description\":\"Col\u00b7legi Oficial de Veterinaris de Barcelona\",\"publisher\":{\"@id\":\"https:\/\/www.covb.cat\/es\/#organization\"},\"potentialAction\":[{\"@type\":\"SearchAction\",\"target\":{\"@type\":\"EntryPoint\",\"urlTemplate\":\"https:\/\/www.covb.cat\/es\/?s={search_term_string}\"},\"query-input\":{\"@type\":\"PropertyValueSpecification\",\"valueRequired\":true,\"valueName\":\"search_term_string\"}}],\"inLanguage\":\"es\"},{\"@type\":\"Organization\",\"@id\":\"https:\/\/www.covb.cat\/es\/#organization\",\"name\":\"COVB\",\"url\":\"https:\/\/www.covb.cat\/es\/\",\"logo\":{\"@type\":\"ImageObject\",\"inLanguage\":\"es\",\"@id\":\"https:\/\/www.covb.cat\/es\/#\/schema\/logo\/image\/\",\"url\":\"https:\/\/www.covb.cat\/wp-content\/uploads\/2018\/07\/favicon-covb.png\",\"contentUrl\":\"https:\/\/www.covb.cat\/wp-content\/uploads\/2018\/07\/favicon-covb.png\",\"width\":512,\"height\":512,\"caption\":\"COVB\"},\"image\":{\"@id\":\"https:\/\/www.covb.cat\/es\/#\/schema\/logo\/image\/\"},\"sameAs\":[\"https:\/\/www.facebook.com\/COVBcat\/\",\"https:\/\/x.com\/COVBcat\",\"https:\/\/www.youtube.com\/user\/covbcn\"]},{\"@type\":\"Person\",\"@id\":\"\"}]}<\/script>\n<!-- \/ Yoast SEO plugin. -->","yoast_head_json":{"title":"Actualizaci\u00f3n Enfermedad Hemorr\u00e1gica Epizo\u00f3tica (MHE): primer foco declarado en el Alt Urgell - COVB - Col\u00b7legi Oficial de Veterinaris de Barcelona","description":"La \u00faltima nota informativa sobre la Enfermedad Hemorr\u00e1gica Epizo\u00f3tica (MHE)\u00a0que ha enviado el Ministerio de Agricultura Pesca y Alimentaci\u00f3n (MAPA) alerta","robots":{"index":"index","follow":"follow","max-snippet":"max-snippet:-1","max-image-preview":"max-image-preview:large","max-video-preview":"max-video-preview:-1"},"canonical":"https:\/\/www.covb.cat\/es\/actualitat\/noticies\/alertas\/actualizacion-enfermedad-hemorragica-epizootica-mhe-primer-foco-declarado-en-el-alt-urgell\/","og_locale":"es_ES","og_type":"article","og_title":"Actualizaci\u00f3n Enfermedad Hemorr\u00e1gica Epizo\u00f3tica (MHE): primer foco declarado en el Alt Urgell - COVB - Col\u00b7legi Oficial de Veterinaris de Barcelona","og_description":"La \u00faltima nota informativa sobre la Enfermedad Hemorr\u00e1gica Epizo\u00f3tica (MHE)\u00a0que ha enviado el Ministerio de Agricultura Pesca y Alimentaci\u00f3n (MAPA) alerta","og_url":"https:\/\/www.covb.cat\/es\/actualitat\/noticies\/alertas\/actualizacion-enfermedad-hemorragica-epizootica-mhe-primer-foco-declarado-en-el-alt-urgell\/","og_site_name":"COVB","article_publisher":"https:\/\/www.facebook.com\/COVBcat\/","article_published_time":"2023-11-06T12:02:02+00:00","og_image":[{"width":2560,"height":1882,"url":"https:\/\/www.covb.cat\/wp-content\/uploads\/2023\/06\/vacas-scaled.jpg","type":"image\/jpeg"}],"twitter_card":"summary_large_image","twitter_creator":"@COVBcat","twitter_site":"@COVBcat","twitter_misc":{"Escrito por":"","Tiempo de lectura":"1 minuto"},"schema":{"@context":"https:\/\/schema.org","@graph":[{"@type":"Article","@id":"https:\/\/www.covb.cat\/es\/actualitat\/noticies\/alertas\/actualizacion-enfermedad-hemorragica-epizootica-mhe-primer-foco-declarado-en-el-alt-urgell\/#article","isPartOf":{"@id":"https:\/\/www.covb.cat\/es\/actualitat\/noticies\/alertas\/actualizacion-enfermedad-hemorragica-epizootica-mhe-primer-foco-declarado-en-el-alt-urgell\/"},"author":{"name":"","@id":""},"headline":"Actualizaci\u00f3n Enfermedad Hemorr\u00e1gica Epizo\u00f3tica (MHE): primer foco declarado en el Alt Urgell","datePublished":"2023-11-06T12:02:02+00:00","mainEntityOfPage":{"@id":"https:\/\/www.covb.cat\/es\/actualitat\/noticies\/alertas\/actualizacion-enfermedad-hemorragica-epizootica-mhe-primer-foco-declarado-en-el-alt-urgell\/"},"wordCount":197,"publisher":{"@id":"https:\/\/www.covb.cat\/es\/#organization"},"image":{"@id":"https:\/\/www.covb.cat\/es\/actualitat\/noticies\/alertas\/actualizacion-enfermedad-hemorragica-epizootica-mhe-primer-foco-declarado-en-el-alt-urgell\/#primaryimage"},"thumbnailUrl":"https:\/\/www.covb.cat\/wp-content\/uploads\/2023\/06\/vacas-scaled.jpg","articleSection":["Alertas","General"],"inLanguage":"es"},{"@type":"WebPage","@id":"https:\/\/www.covb.cat\/es\/actualitat\/noticies\/alertas\/actualizacion-enfermedad-hemorragica-epizootica-mhe-primer-foco-declarado-en-el-alt-urgell\/","url":"https:\/\/www.covb.cat\/es\/actualitat\/noticies\/alertas\/actualizacion-enfermedad-hemorragica-epizootica-mhe-primer-foco-declarado-en-el-alt-urgell\/","name":"Actualizaci\u00f3n Enfermedad Hemorr\u00e1gica Epizo\u00f3tica (MHE): primer foco declarado en el Alt Urgell - COVB - Col\u00b7legi Oficial de Veterinaris de Barcelona","isPartOf":{"@id":"https:\/\/www.covb.cat\/es\/#website"},"primaryImageOfPage":{"@id":"https:\/\/www.covb.cat\/es\/actualitat\/noticies\/alertas\/actualizacion-enfermedad-hemorragica-epizootica-mhe-primer-foco-declarado-en-el-alt-urgell\/#primaryimage"},"image":{"@id":"https:\/\/www.covb.cat\/es\/actualitat\/noticies\/alertas\/actualizacion-enfermedad-hemorragica-epizootica-mhe-primer-foco-declarado-en-el-alt-urgell\/#primaryimage"},"thumbnailUrl":"https:\/\/www.covb.cat\/wp-content\/uploads\/2023\/06\/vacas-scaled.jpg","datePublished":"2023-11-06T12:02:02+00:00","description":"La \u00faltima nota informativa sobre la Enfermedad Hemorr\u00e1gica Epizo\u00f3tica (MHE)\u00a0que ha enviado el Ministerio de Agricultura Pesca y Alimentaci\u00f3n (MAPA) alerta","breadcrumb":{"@id":"https:\/\/www.covb.cat\/es\/actualitat\/noticies\/alertas\/actualizacion-enfermedad-hemorragica-epizootica-mhe-primer-foco-declarado-en-el-alt-urgell\/#breadcrumb"},"inLanguage":"es","potentialAction":[{"@type":"ReadAction","target":["https:\/\/www.covb.cat\/es\/actualitat\/noticies\/alertas\/actualizacion-enfermedad-hemorragica-epizootica-mhe-primer-foco-declarado-en-el-alt-urgell\/"]}]},{"@type":"ImageObject","inLanguage":"es","@id":"https:\/\/www.covb.cat\/es\/actualitat\/noticies\/alertas\/actualizacion-enfermedad-hemorragica-epizootica-mhe-primer-foco-declarado-en-el-alt-urgell\/#primaryimage","url":"https:\/\/www.covb.cat\/wp-content\/uploads\/2023\/06\/vacas-scaled.jpg","contentUrl":"https:\/\/www.covb.cat\/wp-content\/uploads\/2023\/06\/vacas-scaled.jpg","width":2560,"height":1882},{"@type":"BreadcrumbList","@id":"https:\/\/www.covb.cat\/es\/actualitat\/noticies\/alertas\/actualizacion-enfermedad-hemorragica-epizootica-mhe-primer-foco-declarado-en-el-alt-urgell\/#breadcrumb","itemListElement":[{"@type":"ListItem","position":1,"name":"Inici","item":"https:\/\/www.covb.cat\/es\/"},{"@type":"ListItem","position":2,"name":"Actualizaci\u00f3n Enfermedad Hemorr\u00e1gica Epizo\u00f3tica (MHE): primer foco declarado en el Alt Urgell"}]},{"@type":"WebSite","@id":"https:\/\/www.covb.cat\/es\/#website","url":"https:\/\/www.covb.cat\/es\/","name":"COVB","description":"Col\u00b7legi Oficial de Veterinaris de Barcelona","publisher":{"@id":"https:\/\/www.covb.cat\/es\/#organization"},"potentialAction":[{"@type":"SearchAction","target":{"@type":"EntryPoint","urlTemplate":"https:\/\/www.covb.cat\/es\/?s={search_term_string}"},"query-input":{"@type":"PropertyValueSpecification","valueRequired":true,"valueName":"search_term_string"}}],"inLanguage":"es"},{"@type":"Organization","@id":"https:\/\/www.covb.cat\/es\/#organization","name":"COVB","url":"https:\/\/www.covb.cat\/es\/","logo":{"@type":"ImageObject","inLanguage":"es","@id":"https:\/\/www.covb.cat\/es\/#\/schema\/logo\/image\/","url":"https:\/\/www.covb.cat\/wp-content\/uploads\/2018\/07\/favicon-covb.png","contentUrl":"https:\/\/www.covb.cat\/wp-content\/uploads\/2018\/07\/favicon-covb.png","width":512,"height":512,"caption":"COVB"},"image":{"@id":"https:\/\/www.covb.cat\/es\/#\/schema\/logo\/image\/"},"sameAs":["https:\/\/www.facebook.com\/COVBcat\/","https:\/\/x.com\/COVBcat","https:\/\/www.youtube.com\/user\/covbcn"]},{"@type":"Person","@id":""}]}},"jetpack_featured_media_url":"https:\/\/www.covb.cat\/wp-content\/uploads\/2023\/06\/vacas-scaled.jpg","jetpack_sharing_enabled":true,"_links":{"self":[{"href":"https:\/\/www.covb.cat\/es\/wp-json\/wp\/v2\/posts\/39896","targetHints":{"allow":["GET"]}}],"collection":[{"href":"https:\/\/www.covb.cat\/es\/wp-json\/wp\/v2\/posts"}],"about":[{"href":"https:\/\/www.covb.cat\/es\/wp-json\/wp\/v2\/types\/post"}],"author":[{"embeddable":true,"href":"https:\/\/www.covb.cat\/es\/wp-json\/wp\/v2\/users\/106"}],"replies":[{"embeddable":true,"href":"https:\/\/www.covb.cat\/es\/wp-json\/wp\/v2\/comments?post=39896"}],"version-history":[{"count":0,"href":"https:\/\/www.covb.cat\/es\/wp-json\/wp\/v2\/posts\/39896\/revisions"}],"wp:featuredmedia":[{"embeddable":true,"href":"https:\/\/www.covb.cat\/es\/wp-json\/wp\/v2\/media\/34134"}],"wp:attachment":[{"href":"https:\/\/www.covb.cat\/es\/wp-json\/wp\/v2\/media?parent=39896"}],"wp:term":[{"taxonomy":"category","embeddable":true,"href":"https:\/\/www.covb.cat\/es\/wp-json\/wp\/v2\/categories?post=39896"},{"taxonomy":"post_tag","embeddable":true,"href":"https:\/\/www.covb.cat\/es\/wp-json\/wp\/v2\/tags?post=39896"}],"curies":[{"name":"wp","href":"https:\/\/api.w.org\/{rel}","templated":true}]}}