{"id":39004,"date":"2023-10-27T20:23:21","date_gmt":"2023-10-27T18:23:21","guid":{"rendered":"https:\/\/www.covb.cat\/?p=39004"},"modified":"2023-10-30T21:09:23","modified_gmt":"2023-10-30T20:09:23","slug":"impuls-vet-un-espacio-de-debate-para-la-veterinaria-de-barcelona","status":"publish","type":"post","link":"https:\/\/www.covb.cat\/es\/actualitat\/noticies\/corporativo\/impuls-vet-un-espacio-de-debate-para-la-veterinaria-de-barcelona\/","title":{"rendered":"Impuls Vet: Un espacio de debate para la Veterinaria de Barcelona"},"content":{"rendered":"<p>La II Jornada Veterinaria de Barcelona, \u200b\u200bImpuls_VET, que se celebr\u00f3 el s\u00e1bado 21 de octubre, volvi\u00f3 a ser un excelente punto de encuentro para hablar de la profesi\u00f3n y de los retos presentes y futuros, englobando a todos los sectores de la veterinaria representados en el COVB.<\/p>\n<p>En la conferencia inaugural, Manel L\u00f3pez B\u00e9jar, decano de la Facultad de Veterinaria de la UAB, destac\u00f3 la importancia de dar visibilidad a la profesi\u00f3n para que la sociedad conozca y valore qui\u00e9nes somos y qu\u00e9 hacemos. En su charla, hizo un retrato de la profesi\u00f3n desde el punto de vista ocupacional y de especializaci\u00f3n. Tambi\u00e9n se\u00f1al\u00f3 los retos de la veterinaria, entre los que destac\u00f3 la salud emocional de los profesionales, el incremento de sensibilidad por los animales a la sociedad, la nueva Ley de Protecci\u00f3n y derechos de los Animales, el cambio de modelo de negocio y la necesidad de prestigiar la profesi\u00f3n.<\/p>\n<p>A continuaci\u00f3n, los participantes se dividieron en mesas tem\u00e1ticas para tratar temas espec\u00edficos como el estr\u00e9s laboral y c\u00f3mo preverlo, la necesidad de una cultura de seguridad alimentaria, verdades y mentiras sobre la ganader\u00eda actual, la importancia de la veterinaria forense en la resoluci\u00f3n de conflictos y herramientas de detecci\u00f3n de maltrato.<\/p>\n<p>Para finalizar la jornada, Francesc Mauri nos hizo tomar conciencia de la velocidad del cambio clim\u00e1tico y sus consecuencias, del papel de los combustibles f\u00f3siles y nos explic\u00f3 por qu\u00e9 apuesta por la electrificaci\u00f3n mediante el uso de la energ\u00eda verde.<\/p>\n<p>Puede acceder a una recopilaci\u00f3n de <a href=\"https:\/\/www.covb.cat\/actualitat\/noticies\/general\/jornada-impuls-vet\/\">fotograf\u00edas de Impulso_VET<\/a> en la galer\u00eda multimedia del COVB.<\/p>\n<p>En el pr\u00f3ximo Accent del COVB, comentaremos con m\u00e1s detalle el contenido de las ponencias de las mesas de trabajo de la jornada.<\/p>\n<p><strong>\u00a0<\/strong><\/p>\n","protected":false},"excerpt":{"rendered":"<p>La II Jornada Veterinaria de Barcelona, \u200b\u200bImpuls_VET, que se celebr\u00f3 el s\u00e1bado 21 de octubre, volvi\u00f3 a ser un excelente punto de encuentro para hablar de la profesi\u00f3n y de los retos presentes y futuros, englobando a todos los sectores de la veterinaria representados en el COVB. En la conferencia inaugural, Manel L\u00f3pez B\u00e9jar, decano [&hellip;]<\/p>\n","protected":false},"author":106,"featured_media":38927,"comment_status":"closed","ping_status":"closed","sticky":false,"template":"","format":"standard","meta":{"_monsterinsights_skip_tracking":false,"_monsterinsights_sitenote_active":false,"_monsterinsights_sitenote_note":"","_monsterinsights_sitenote_category":0,"_jetpack_memberships_contains_paid_content":false,"footnotes":""},"categories":[138,17],"tags":[257,326],"class_list":["post-39004","post","type-post","status-publish","format-standard","has-post-thumbnail","hentry","category-corporativo","category-general","tag-eventos","tag-impulsvet-2023-es"],"yoast_head":"<!-- This site is optimized with the Yoast SEO plugin v27.0 - https:\/\/yoast.com\/product\/yoast-seo-wordpress\/ -->\n<title>Impuls Vet: Un espacio de debate para la Veterinaria de Barcelona - COVB - Col\u00b7legi Oficial de Veterinaris de Barcelona<\/title>\n<meta name=\"description\" content=\"La II Jornada Veterinaria de Barcelona, \u200b\u200bImpuls_VET, que se celebr\u00f3 el s\u00e1bado 21 de octubre, volvi\u00f3 a ser un excelente punto de encuentro para hablar de\" \/>\n<meta name=\"robots\" content=\"index, follow, max-snippet:-1, max-image-preview:large, max-video-preview:-1\" \/>\n<link rel=\"canonical\" href=\"https:\/\/www.covb.cat\/es\/actualitat\/noticies\/corporativo\/impuls-vet-un-espacio-de-debate-para-la-veterinaria-de-barcelona\/\" \/>\n<meta property=\"og:locale\" content=\"es_ES\" \/>\n<meta property=\"og:type\" content=\"article\" \/>\n<meta property=\"og:title\" content=\"Impuls Vet: Un espacio de debate para la Veterinaria de Barcelona - COVB - Col\u00b7legi Oficial de Veterinaris de Barcelona\" \/>\n<meta property=\"og:description\" content=\"La II Jornada Veterinaria de Barcelona, \u200b\u200bImpuls_VET, que se celebr\u00f3 el s\u00e1bado 21 de octubre, volvi\u00f3 a ser un excelente punto de encuentro para hablar de\" \/>\n<meta property=\"og:url\" content=\"https:\/\/www.covb.cat\/es\/actualitat\/noticies\/corporativo\/impuls-vet-un-espacio-de-debate-para-la-veterinaria-de-barcelona\/\" \/>\n<meta property=\"og:site_name\" content=\"COVB\" \/>\n<meta property=\"article:publisher\" content=\"https:\/\/www.facebook.com\/COVBcat\/\" \/>\n<meta property=\"article:published_time\" content=\"2023-10-27T18:23:21+00:00\" \/>\n<meta property=\"article:modified_time\" content=\"2023-10-30T20:09:23+00:00\" \/>\n<meta property=\"og:image\" content=\"https:\/\/www.covb.cat\/wp-content\/uploads\/2023\/10\/94eef818-9f41-4968-f440-e92925cf0ae3.jpg\" \/>\n\t<meta property=\"og:image:width\" content=\"1298\" \/>\n\t<meta property=\"og:image:height\" content=\"867\" \/>\n\t<meta property=\"og:image:type\" content=\"image\/jpeg\" \/>\n<meta name=\"twitter:card\" content=\"summary_large_image\" \/>\n<meta name=\"twitter:creator\" content=\"@COVBcat\" \/>\n<meta name=\"twitter:site\" content=\"@COVBcat\" \/>\n<meta name=\"twitter:label1\" content=\"Escrito por\" \/>\n\t<meta name=\"twitter:data1\" content=\"\" \/>\n\t<meta name=\"twitter:label2\" content=\"Tiempo de lectura\" \/>\n\t<meta name=\"twitter:data2\" content=\"2 minutos\" \/>\n<script type=\"application\/ld+json\" class=\"yoast-schema-graph\">{\"@context\":\"https:\/\/schema.org\",\"@graph\":[{\"@type\":\"Article\",\"@id\":\"https:\/\/www.covb.cat\/es\/actualitat\/noticies\/corporativo\/impuls-vet-un-espacio-de-debate-para-la-veterinaria-de-barcelona\/#article\",\"isPartOf\":{\"@id\":\"https:\/\/www.covb.cat\/es\/actualitat\/noticies\/corporativo\/impuls-vet-un-espacio-de-debate-para-la-veterinaria-de-barcelona\/\"},\"author\":{\"name\":\"\",\"@id\":\"\"},\"headline\":\"Impuls Vet: Un espacio de debate para la Veterinaria de Barcelona\",\"datePublished\":\"2023-10-27T18:23:21+00:00\",\"dateModified\":\"2023-10-30T20:09:23+00:00\",\"mainEntityOfPage\":{\"@id\":\"https:\/\/www.covb.cat\/es\/actualitat\/noticies\/corporativo\/impuls-vet-un-espacio-de-debate-para-la-veterinaria-de-barcelona\/\"},\"wordCount\":324,\"publisher\":{\"@id\":\"https:\/\/www.covb.cat\/es\/#organization\"},\"image\":{\"@id\":\"https:\/\/www.covb.cat\/es\/actualitat\/noticies\/corporativo\/impuls-vet-un-espacio-de-debate-para-la-veterinaria-de-barcelona\/#primaryimage\"},\"thumbnailUrl\":\"https:\/\/www.covb.cat\/wp-content\/uploads\/2023\/10\/94eef818-9f41-4968-f440-e92925cf0ae3.jpg\",\"keywords\":[\"eventos\",\"Impuls_VET 2023\"],\"articleSection\":[\"Corporativo\",\"General\"],\"inLanguage\":\"es\"},{\"@type\":\"WebPage\",\"@id\":\"https:\/\/www.covb.cat\/es\/actualitat\/noticies\/corporativo\/impuls-vet-un-espacio-de-debate-para-la-veterinaria-de-barcelona\/\",\"url\":\"https:\/\/www.covb.cat\/es\/actualitat\/noticies\/corporativo\/impuls-vet-un-espacio-de-debate-para-la-veterinaria-de-barcelona\/\",\"name\":\"Impuls Vet: Un espacio de debate para la Veterinaria de Barcelona - COVB - Col\u00b7legi Oficial de Veterinaris de Barcelona\",\"isPartOf\":{\"@id\":\"https:\/\/www.covb.cat\/es\/#website\"},\"primaryImageOfPage\":{\"@id\":\"https:\/\/www.covb.cat\/es\/actualitat\/noticies\/corporativo\/impuls-vet-un-espacio-de-debate-para-la-veterinaria-de-barcelona\/#primaryimage\"},\"image\":{\"@id\":\"https:\/\/www.covb.cat\/es\/actualitat\/noticies\/corporativo\/impuls-vet-un-espacio-de-debate-para-la-veterinaria-de-barcelona\/#primaryimage\"},\"thumbnailUrl\":\"https:\/\/www.covb.cat\/wp-content\/uploads\/2023\/10\/94eef818-9f41-4968-f440-e92925cf0ae3.jpg\",\"datePublished\":\"2023-10-27T18:23:21+00:00\",\"dateModified\":\"2023-10-30T20:09:23+00:00\",\"description\":\"La II Jornada Veterinaria de Barcelona, \u200b\u200bImpuls_VET, que se celebr\u00f3 el s\u00e1bado 21 de octubre, volvi\u00f3 a ser un excelente punto de encuentro para hablar de\",\"breadcrumb\":{\"@id\":\"https:\/\/www.covb.cat\/es\/actualitat\/noticies\/corporativo\/impuls-vet-un-espacio-de-debate-para-la-veterinaria-de-barcelona\/#breadcrumb\"},\"inLanguage\":\"es\",\"potentialAction\":[{\"@type\":\"ReadAction\",\"target\":[\"https:\/\/www.covb.cat\/es\/actualitat\/noticies\/corporativo\/impuls-vet-un-espacio-de-debate-para-la-veterinaria-de-barcelona\/\"]}]},{\"@type\":\"ImageObject\",\"inLanguage\":\"es\",\"@id\":\"https:\/\/www.covb.cat\/es\/actualitat\/noticies\/corporativo\/impuls-vet-un-espacio-de-debate-para-la-veterinaria-de-barcelona\/#primaryimage\",\"url\":\"https:\/\/www.covb.cat\/wp-content\/uploads\/2023\/10\/94eef818-9f41-4968-f440-e92925cf0ae3.jpg\",\"contentUrl\":\"https:\/\/www.covb.cat\/wp-content\/uploads\/2023\/10\/94eef818-9f41-4968-f440-e92925cf0ae3.jpg\",\"width\":1298,\"height\":867},{\"@type\":\"BreadcrumbList\",\"@id\":\"https:\/\/www.covb.cat\/es\/actualitat\/noticies\/corporativo\/impuls-vet-un-espacio-de-debate-para-la-veterinaria-de-barcelona\/#breadcrumb\",\"itemListElement\":[{\"@type\":\"ListItem\",\"position\":1,\"name\":\"Inici\",\"item\":\"https:\/\/www.covb.cat\/es\/\"},{\"@type\":\"ListItem\",\"position\":2,\"name\":\"Impuls Vet: Un espacio de debate para la Veterinaria de Barcelona\"}]},{\"@type\":\"WebSite\",\"@id\":\"https:\/\/www.covb.cat\/es\/#website\",\"url\":\"https:\/\/www.covb.cat\/es\/\",\"name\":\"COVB\",\"description\":\"Col\u00b7legi Oficial de Veterinaris de Barcelona\",\"publisher\":{\"@id\":\"https:\/\/www.covb.cat\/es\/#organization\"},\"potentialAction\":[{\"@type\":\"SearchAction\",\"target\":{\"@type\":\"EntryPoint\",\"urlTemplate\":\"https:\/\/www.covb.cat\/es\/?s={search_term_string}\"},\"query-input\":{\"@type\":\"PropertyValueSpecification\",\"valueRequired\":true,\"valueName\":\"search_term_string\"}}],\"inLanguage\":\"es\"},{\"@type\":\"Organization\",\"@id\":\"https:\/\/www.covb.cat\/es\/#organization\",\"name\":\"COVB\",\"url\":\"https:\/\/www.covb.cat\/es\/\",\"logo\":{\"@type\":\"ImageObject\",\"inLanguage\":\"es\",\"@id\":\"https:\/\/www.covb.cat\/es\/#\/schema\/logo\/image\/\",\"url\":\"https:\/\/www.covb.cat\/wp-content\/uploads\/2018\/07\/favicon-covb.png\",\"contentUrl\":\"https:\/\/www.covb.cat\/wp-content\/uploads\/2018\/07\/favicon-covb.png\",\"width\":512,\"height\":512,\"caption\":\"COVB\"},\"image\":{\"@id\":\"https:\/\/www.covb.cat\/es\/#\/schema\/logo\/image\/\"},\"sameAs\":[\"https:\/\/www.facebook.com\/COVBcat\/\",\"https:\/\/x.com\/COVBcat\",\"https:\/\/www.youtube.com\/user\/covbcn\"]},{\"@type\":\"Person\",\"@id\":\"\"}]}<\/script>\n<!-- \/ Yoast SEO plugin. -->","yoast_head_json":{"title":"Impuls Vet: Un espacio de debate para la Veterinaria de Barcelona - COVB - Col\u00b7legi Oficial de Veterinaris de Barcelona","description":"La II Jornada Veterinaria de Barcelona, \u200b\u200bImpuls_VET, que se celebr\u00f3 el s\u00e1bado 21 de octubre, volvi\u00f3 a ser un excelente punto de encuentro para hablar de","robots":{"index":"index","follow":"follow","max-snippet":"max-snippet:-1","max-image-preview":"max-image-preview:large","max-video-preview":"max-video-preview:-1"},"canonical":"https:\/\/www.covb.cat\/es\/actualitat\/noticies\/corporativo\/impuls-vet-un-espacio-de-debate-para-la-veterinaria-de-barcelona\/","og_locale":"es_ES","og_type":"article","og_title":"Impuls Vet: Un espacio de debate para la Veterinaria de Barcelona - COVB - Col\u00b7legi Oficial de Veterinaris de Barcelona","og_description":"La II Jornada Veterinaria de Barcelona, \u200b\u200bImpuls_VET, que se celebr\u00f3 el s\u00e1bado 21 de octubre, volvi\u00f3 a ser un excelente punto de encuentro para hablar de","og_url":"https:\/\/www.covb.cat\/es\/actualitat\/noticies\/corporativo\/impuls-vet-un-espacio-de-debate-para-la-veterinaria-de-barcelona\/","og_site_name":"COVB","article_publisher":"https:\/\/www.facebook.com\/COVBcat\/","article_published_time":"2023-10-27T18:23:21+00:00","article_modified_time":"2023-10-30T20:09:23+00:00","og_image":[{"width":1298,"height":867,"url":"https:\/\/www.covb.cat\/wp-content\/uploads\/2023\/10\/94eef818-9f41-4968-f440-e92925cf0ae3.jpg","type":"image\/jpeg"}],"twitter_card":"summary_large_image","twitter_creator":"@COVBcat","twitter_site":"@COVBcat","twitter_misc":{"Escrito por":"","Tiempo de lectura":"2 minutos"},"schema":{"@context":"https:\/\/schema.org","@graph":[{"@type":"Article","@id":"https:\/\/www.covb.cat\/es\/actualitat\/noticies\/corporativo\/impuls-vet-un-espacio-de-debate-para-la-veterinaria-de-barcelona\/#article","isPartOf":{"@id":"https:\/\/www.covb.cat\/es\/actualitat\/noticies\/corporativo\/impuls-vet-un-espacio-de-debate-para-la-veterinaria-de-barcelona\/"},"author":{"name":"","@id":""},"headline":"Impuls Vet: Un espacio de debate para la Veterinaria de Barcelona","datePublished":"2023-10-27T18:23:21+00:00","dateModified":"2023-10-30T20:09:23+00:00","mainEntityOfPage":{"@id":"https:\/\/www.covb.cat\/es\/actualitat\/noticies\/corporativo\/impuls-vet-un-espacio-de-debate-para-la-veterinaria-de-barcelona\/"},"wordCount":324,"publisher":{"@id":"https:\/\/www.covb.cat\/es\/#organization"},"image":{"@id":"https:\/\/www.covb.cat\/es\/actualitat\/noticies\/corporativo\/impuls-vet-un-espacio-de-debate-para-la-veterinaria-de-barcelona\/#primaryimage"},"thumbnailUrl":"https:\/\/www.covb.cat\/wp-content\/uploads\/2023\/10\/94eef818-9f41-4968-f440-e92925cf0ae3.jpg","keywords":["eventos","Impuls_VET 2023"],"articleSection":["Corporativo","General"],"inLanguage":"es"},{"@type":"WebPage","@id":"https:\/\/www.covb.cat\/es\/actualitat\/noticies\/corporativo\/impuls-vet-un-espacio-de-debate-para-la-veterinaria-de-barcelona\/","url":"https:\/\/www.covb.cat\/es\/actualitat\/noticies\/corporativo\/impuls-vet-un-espacio-de-debate-para-la-veterinaria-de-barcelona\/","name":"Impuls Vet: Un espacio de debate para la Veterinaria de Barcelona - COVB - Col\u00b7legi Oficial de Veterinaris de Barcelona","isPartOf":{"@id":"https:\/\/www.covb.cat\/es\/#website"},"primaryImageOfPage":{"@id":"https:\/\/www.covb.cat\/es\/actualitat\/noticies\/corporativo\/impuls-vet-un-espacio-de-debate-para-la-veterinaria-de-barcelona\/#primaryimage"},"image":{"@id":"https:\/\/www.covb.cat\/es\/actualitat\/noticies\/corporativo\/impuls-vet-un-espacio-de-debate-para-la-veterinaria-de-barcelona\/#primaryimage"},"thumbnailUrl":"https:\/\/www.covb.cat\/wp-content\/uploads\/2023\/10\/94eef818-9f41-4968-f440-e92925cf0ae3.jpg","datePublished":"2023-10-27T18:23:21+00:00","dateModified":"2023-10-30T20:09:23+00:00","description":"La II Jornada Veterinaria de Barcelona, \u200b\u200bImpuls_VET, que se celebr\u00f3 el s\u00e1bado 21 de octubre, volvi\u00f3 a ser un excelente punto de encuentro para hablar de","breadcrumb":{"@id":"https:\/\/www.covb.cat\/es\/actualitat\/noticies\/corporativo\/impuls-vet-un-espacio-de-debate-para-la-veterinaria-de-barcelona\/#breadcrumb"},"inLanguage":"es","potentialAction":[{"@type":"ReadAction","target":["https:\/\/www.covb.cat\/es\/actualitat\/noticies\/corporativo\/impuls-vet-un-espacio-de-debate-para-la-veterinaria-de-barcelona\/"]}]},{"@type":"ImageObject","inLanguage":"es","@id":"https:\/\/www.covb.cat\/es\/actualitat\/noticies\/corporativo\/impuls-vet-un-espacio-de-debate-para-la-veterinaria-de-barcelona\/#primaryimage","url":"https:\/\/www.covb.cat\/wp-content\/uploads\/2023\/10\/94eef818-9f41-4968-f440-e92925cf0ae3.jpg","contentUrl":"https:\/\/www.covb.cat\/wp-content\/uploads\/2023\/10\/94eef818-9f41-4968-f440-e92925cf0ae3.jpg","width":1298,"height":867},{"@type":"BreadcrumbList","@id":"https:\/\/www.covb.cat\/es\/actualitat\/noticies\/corporativo\/impuls-vet-un-espacio-de-debate-para-la-veterinaria-de-barcelona\/#breadcrumb","itemListElement":[{"@type":"ListItem","position":1,"name":"Inici","item":"https:\/\/www.covb.cat\/es\/"},{"@type":"ListItem","position":2,"name":"Impuls Vet: Un espacio de debate para la Veterinaria de Barcelona"}]},{"@type":"WebSite","@id":"https:\/\/www.covb.cat\/es\/#website","url":"https:\/\/www.covb.cat\/es\/","name":"COVB","description":"Col\u00b7legi Oficial de Veterinaris de Barcelona","publisher":{"@id":"https:\/\/www.covb.cat\/es\/#organization"},"potentialAction":[{"@type":"SearchAction","target":{"@type":"EntryPoint","urlTemplate":"https:\/\/www.covb.cat\/es\/?s={search_term_string}"},"query-input":{"@type":"PropertyValueSpecification","valueRequired":true,"valueName":"search_term_string"}}],"inLanguage":"es"},{"@type":"Organization","@id":"https:\/\/www.covb.cat\/es\/#organization","name":"COVB","url":"https:\/\/www.covb.cat\/es\/","logo":{"@type":"ImageObject","inLanguage":"es","@id":"https:\/\/www.covb.cat\/es\/#\/schema\/logo\/image\/","url":"https:\/\/www.covb.cat\/wp-content\/uploads\/2018\/07\/favicon-covb.png","contentUrl":"https:\/\/www.covb.cat\/wp-content\/uploads\/2018\/07\/favicon-covb.png","width":512,"height":512,"caption":"COVB"},"image":{"@id":"https:\/\/www.covb.cat\/es\/#\/schema\/logo\/image\/"},"sameAs":["https:\/\/www.facebook.com\/COVBcat\/","https:\/\/x.com\/COVBcat","https:\/\/www.youtube.com\/user\/covbcn"]},{"@type":"Person","@id":""}]}},"jetpack_featured_media_url":"https:\/\/www.covb.cat\/wp-content\/uploads\/2023\/10\/94eef818-9f41-4968-f440-e92925cf0ae3.jpg","jetpack_sharing_enabled":true,"_links":{"self":[{"href":"https:\/\/www.covb.cat\/es\/wp-json\/wp\/v2\/posts\/39004","targetHints":{"allow":["GET"]}}],"collection":[{"href":"https:\/\/www.covb.cat\/es\/wp-json\/wp\/v2\/posts"}],"about":[{"href":"https:\/\/www.covb.cat\/es\/wp-json\/wp\/v2\/types\/post"}],"author":[{"embeddable":true,"href":"https:\/\/www.covb.cat\/es\/wp-json\/wp\/v2\/users\/106"}],"replies":[{"embeddable":true,"href":"https:\/\/www.covb.cat\/es\/wp-json\/wp\/v2\/comments?post=39004"}],"version-history":[{"count":0,"href":"https:\/\/www.covb.cat\/es\/wp-json\/wp\/v2\/posts\/39004\/revisions"}],"wp:featuredmedia":[{"embeddable":true,"href":"https:\/\/www.covb.cat\/es\/wp-json\/wp\/v2\/media\/38927"}],"wp:attachment":[{"href":"https:\/\/www.covb.cat\/es\/wp-json\/wp\/v2\/media?parent=39004"}],"wp:term":[{"taxonomy":"category","embeddable":true,"href":"https:\/\/www.covb.cat\/es\/wp-json\/wp\/v2\/categories?post=39004"},{"taxonomy":"post_tag","embeddable":true,"href":"https:\/\/www.covb.cat\/es\/wp-json\/wp\/v2\/tags?post=39004"}],"curies":[{"name":"wp","href":"https:\/\/api.w.org\/{rel}","templated":true}]}}