{"id":3763,"date":"2020-11-24T13:03:54","date_gmt":"2020-11-24T12:03:54","guid":{"rendered":"https:\/\/www.covb.cat\/?p=3763"},"modified":"2020-11-25T11:41:52","modified_gmt":"2020-11-25T10:41:52","slug":"ricard-pares-nou-president-del-consell-de-collegis-veterinaris-de-catalunya","status":"publish","type":"post","link":"https:\/\/www.covb.cat\/es\/actualitat\/noticies\/general\/ricard-pares-nou-president-del-consell-de-collegis-veterinaris-de-catalunya\/","title":{"rendered":"Ricard Par\u00e9s, nuevo presidente del Consell de Col\u00b7legis Veterinaris de Catalunya"},"content":{"rendered":"<p>El pasado 9 de noviembre tuvo lugar la renovaci\u00f3n de los miembros de la Junta del Consell de Col\u00b7legis Veterinaris de Catalunya (CCVC), en la que el actual vicepresidente del Col\u00b7legi de Barcelona, Ricard\u00a0Par\u00e9s, fue nombrado nuevo Presidente del Consell. En la votaci\u00f3n, que fue aprobada por unanimidad, tambi\u00e9n se nombr\u00f3 al actual presidente del Col\u00b7legi de Girona, Ramon\u00a0Ced\u00f3, como vicepresidente del Consell, a Miquel Molins como secretario y Joan\u00a0Prous\u00a0como tesorero, este \u00faltimo repitiendo en el cargo.<\/p>\n<p>En los cuatro a\u00f1os que ahora inicia al frente del\u00a0CCVC, Ricard\u00a0Par\u00e9s\u00a0se ha propuesto como principales objetivos poner en valor la profesi\u00f3n veterinaria y posicionar el Consell como interlocutor de la profesi\u00f3n ante la Administraci\u00f3n.<\/p>\n<p>Asimismo, Par\u00e9s dar\u00e1 continuidad al trabajo y proyectos de la anterior presidenta, Cori\u00a0Escoda,\u00a0especialmente en el concepto \u00abOne\u00a0Health\u00bb\u00a0(Una Sola Salud), que\u00a0triangula\u00a0salud humana, animal y medioambiental; y que tiene que hacer de llave para que los veterinarios ocupen el lugar que les corresponde en la Salud P\u00fablica.<\/p>\n<p>Siguiendo la l\u00ednea iniciada en el Col\u00b7legi de Barcelona, Par\u00e9s quiere priorizar la transparencia en la gesti\u00f3n de Consell, la participaci\u00f3n activa de todos los miembros de la Junta, y la unidad de todo el colectivo veterinario para defender la profesi\u00f3n.<\/p>\n","protected":false},"excerpt":{"rendered":"<p>El pasado 9 de noviembre tuvo lugar la renovaci\u00f3n de los miembros de la Junta del Consell de Col\u00b7legis Veterinaris de Catalunya (CCVC), en la que el actual vicepresidente del Col\u00b7legi de Barcelona, Ricard\u00a0Par\u00e9s, fue nombrado nuevo Presidente del Consell. En la votaci\u00f3n, que fue aprobada por unanimidad, tambi\u00e9n se nombr\u00f3 al actual presidente del [&hellip;]<\/p>\n","protected":false},"author":106,"featured_media":3764,"comment_status":"closed","ping_status":"closed","sticky":false,"template":"","format":"standard","meta":{"_monsterinsights_skip_tracking":false,"_monsterinsights_sitenote_active":false,"_monsterinsights_sitenote_note":"","_monsterinsights_sitenote_category":0,"_jetpack_memberships_contains_paid_content":false,"footnotes":""},"categories":[17],"tags":[],"class_list":["post-3763","post","type-post","status-publish","format-standard","has-post-thumbnail","hentry","category-general"],"yoast_head":"<!-- This site is optimized with the Yoast SEO plugin v27.0 - https:\/\/yoast.com\/product\/yoast-seo-wordpress\/ -->\n<title>Ricard Par\u00e9s, nuevo presidente del Consell de Col\u00b7legis Veterinaris de Catalunya - COVB - Col\u00b7legi Oficial de Veterinaris de Barcelona<\/title>\n<meta name=\"description\" content=\"El pasado 9 de noviembre tuvo lugar la renovaci\u00f3n de los miembros de la Junta del Consell de Col\u00b7legis Veterinaris de Catalunya (CCVC), en la que el\" \/>\n<meta name=\"robots\" content=\"index, follow, max-snippet:-1, max-image-preview:large, max-video-preview:-1\" \/>\n<link rel=\"canonical\" href=\"https:\/\/www.covb.cat\/es\/actualitat\/noticies\/general\/ricard-pares-nou-president-del-consell-de-collegis-veterinaris-de-catalunya\/\" \/>\n<meta property=\"og:locale\" content=\"es_ES\" \/>\n<meta property=\"og:type\" content=\"article\" \/>\n<meta property=\"og:title\" content=\"Ricard Par\u00e9s, nuevo presidente del Consell de Col\u00b7legis Veterinaris de Catalunya - COVB - Col\u00b7legi Oficial de Veterinaris de Barcelona\" \/>\n<meta property=\"og:description\" content=\"El pasado 9 de noviembre tuvo lugar la renovaci\u00f3n de los miembros de la Junta del Consell de Col\u00b7legis Veterinaris de Catalunya (CCVC), en la que el\" \/>\n<meta property=\"og:url\" content=\"https:\/\/www.covb.cat\/es\/actualitat\/noticies\/general\/ricard-pares-nou-president-del-consell-de-collegis-veterinaris-de-catalunya\/\" \/>\n<meta property=\"og:site_name\" content=\"COVB\" \/>\n<meta property=\"article:publisher\" content=\"https:\/\/www.facebook.com\/COVBcat\/\" \/>\n<meta property=\"article:published_time\" content=\"2020-11-24T12:03:54+00:00\" \/>\n<meta property=\"article:modified_time\" content=\"2020-11-25T10:41:52+00:00\" \/>\n<meta property=\"og:image\" content=\"https:\/\/www.covb.cat\/wp-content\/uploads\/2020\/11\/RicardPares.jpg\" \/>\n\t<meta property=\"og:image:width\" content=\"600\" \/>\n\t<meta property=\"og:image:height\" content=\"451\" \/>\n\t<meta property=\"og:image:type\" content=\"image\/jpeg\" \/>\n<meta name=\"twitter:card\" content=\"summary_large_image\" \/>\n<meta name=\"twitter:creator\" content=\"@COVBcat\" \/>\n<meta name=\"twitter:site\" content=\"@COVBcat\" \/>\n<meta name=\"twitter:label1\" content=\"Escrito por\" \/>\n\t<meta name=\"twitter:data1\" content=\"\" \/>\n\t<meta name=\"twitter:label2\" content=\"Tiempo de lectura\" \/>\n\t<meta name=\"twitter:data2\" content=\"1 minuto\" \/>\n<script type=\"application\/ld+json\" class=\"yoast-schema-graph\">{\"@context\":\"https:\/\/schema.org\",\"@graph\":[{\"@type\":\"Article\",\"@id\":\"https:\/\/www.covb.cat\/es\/actualitat\/noticies\/general\/ricard-pares-nou-president-del-consell-de-collegis-veterinaris-de-catalunya\/#article\",\"isPartOf\":{\"@id\":\"https:\/\/www.covb.cat\/es\/actualitat\/noticies\/general\/ricard-pares-nou-president-del-consell-de-collegis-veterinaris-de-catalunya\/\"},\"author\":{\"name\":\"\",\"@id\":\"\"},\"headline\":\"Ricard Par\u00e9s, nuevo presidente del Consell de Col\u00b7legis Veterinaris de Catalunya\",\"datePublished\":\"2020-11-24T12:03:54+00:00\",\"dateModified\":\"2020-11-25T10:41:52+00:00\",\"mainEntityOfPage\":{\"@id\":\"https:\/\/www.covb.cat\/es\/actualitat\/noticies\/general\/ricard-pares-nou-president-del-consell-de-collegis-veterinaris-de-catalunya\/\"},\"wordCount\":242,\"publisher\":{\"@id\":\"https:\/\/www.covb.cat\/es\/#organization\"},\"image\":{\"@id\":\"https:\/\/www.covb.cat\/es\/actualitat\/noticies\/general\/ricard-pares-nou-president-del-consell-de-collegis-veterinaris-de-catalunya\/#primaryimage\"},\"thumbnailUrl\":\"https:\/\/www.covb.cat\/wp-content\/uploads\/2020\/11\/RicardPares.jpg\",\"articleSection\":[\"General\"],\"inLanguage\":\"es\"},{\"@type\":\"WebPage\",\"@id\":\"https:\/\/www.covb.cat\/es\/actualitat\/noticies\/general\/ricard-pares-nou-president-del-consell-de-collegis-veterinaris-de-catalunya\/\",\"url\":\"https:\/\/www.covb.cat\/es\/actualitat\/noticies\/general\/ricard-pares-nou-president-del-consell-de-collegis-veterinaris-de-catalunya\/\",\"name\":\"Ricard Par\u00e9s, nuevo presidente del Consell de Col\u00b7legis Veterinaris de Catalunya - COVB - Col\u00b7legi Oficial de Veterinaris de Barcelona\",\"isPartOf\":{\"@id\":\"https:\/\/www.covb.cat\/es\/#website\"},\"primaryImageOfPage\":{\"@id\":\"https:\/\/www.covb.cat\/es\/actualitat\/noticies\/general\/ricard-pares-nou-president-del-consell-de-collegis-veterinaris-de-catalunya\/#primaryimage\"},\"image\":{\"@id\":\"https:\/\/www.covb.cat\/es\/actualitat\/noticies\/general\/ricard-pares-nou-president-del-consell-de-collegis-veterinaris-de-catalunya\/#primaryimage\"},\"thumbnailUrl\":\"https:\/\/www.covb.cat\/wp-content\/uploads\/2020\/11\/RicardPares.jpg\",\"datePublished\":\"2020-11-24T12:03:54+00:00\",\"dateModified\":\"2020-11-25T10:41:52+00:00\",\"description\":\"El pasado 9 de noviembre tuvo lugar la renovaci\u00f3n de los miembros de la Junta del Consell de Col\u00b7legis Veterinaris de Catalunya (CCVC), en la que el\",\"breadcrumb\":{\"@id\":\"https:\/\/www.covb.cat\/es\/actualitat\/noticies\/general\/ricard-pares-nou-president-del-consell-de-collegis-veterinaris-de-catalunya\/#breadcrumb\"},\"inLanguage\":\"es\",\"potentialAction\":[{\"@type\":\"ReadAction\",\"target\":[\"https:\/\/www.covb.cat\/es\/actualitat\/noticies\/general\/ricard-pares-nou-president-del-consell-de-collegis-veterinaris-de-catalunya\/\"]}]},{\"@type\":\"ImageObject\",\"inLanguage\":\"es\",\"@id\":\"https:\/\/www.covb.cat\/es\/actualitat\/noticies\/general\/ricard-pares-nou-president-del-consell-de-collegis-veterinaris-de-catalunya\/#primaryimage\",\"url\":\"https:\/\/www.covb.cat\/wp-content\/uploads\/2020\/11\/RicardPares.jpg\",\"contentUrl\":\"https:\/\/www.covb.cat\/wp-content\/uploads\/2020\/11\/RicardPares.jpg\",\"width\":600,\"height\":451},{\"@type\":\"BreadcrumbList\",\"@id\":\"https:\/\/www.covb.cat\/es\/actualitat\/noticies\/general\/ricard-pares-nou-president-del-consell-de-collegis-veterinaris-de-catalunya\/#breadcrumb\",\"itemListElement\":[{\"@type\":\"ListItem\",\"position\":1,\"name\":\"Inici\",\"item\":\"https:\/\/www.covb.cat\/es\/\"},{\"@type\":\"ListItem\",\"position\":2,\"name\":\"Ricard Par\u00e9s, nuevo presidente del Consell de Col\u00b7legis Veterinaris de Catalunya\"}]},{\"@type\":\"WebSite\",\"@id\":\"https:\/\/www.covb.cat\/es\/#website\",\"url\":\"https:\/\/www.covb.cat\/es\/\",\"name\":\"COVB\",\"description\":\"Col\u00b7legi Oficial de Veterinaris de Barcelona\",\"publisher\":{\"@id\":\"https:\/\/www.covb.cat\/es\/#organization\"},\"potentialAction\":[{\"@type\":\"SearchAction\",\"target\":{\"@type\":\"EntryPoint\",\"urlTemplate\":\"https:\/\/www.covb.cat\/es\/?s={search_term_string}\"},\"query-input\":{\"@type\":\"PropertyValueSpecification\",\"valueRequired\":true,\"valueName\":\"search_term_string\"}}],\"inLanguage\":\"es\"},{\"@type\":\"Organization\",\"@id\":\"https:\/\/www.covb.cat\/es\/#organization\",\"name\":\"COVB\",\"url\":\"https:\/\/www.covb.cat\/es\/\",\"logo\":{\"@type\":\"ImageObject\",\"inLanguage\":\"es\",\"@id\":\"https:\/\/www.covb.cat\/es\/#\/schema\/logo\/image\/\",\"url\":\"https:\/\/www.covb.cat\/wp-content\/uploads\/2018\/07\/favicon-covb.png\",\"contentUrl\":\"https:\/\/www.covb.cat\/wp-content\/uploads\/2018\/07\/favicon-covb.png\",\"width\":512,\"height\":512,\"caption\":\"COVB\"},\"image\":{\"@id\":\"https:\/\/www.covb.cat\/es\/#\/schema\/logo\/image\/\"},\"sameAs\":[\"https:\/\/www.facebook.com\/COVBcat\/\",\"https:\/\/x.com\/COVBcat\",\"https:\/\/www.youtube.com\/user\/covbcn\"]},{\"@type\":\"Person\",\"@id\":\"\"}]}<\/script>\n<!-- \/ Yoast SEO plugin. -->","yoast_head_json":{"title":"Ricard Par\u00e9s, nuevo presidente del Consell de Col\u00b7legis Veterinaris de Catalunya - COVB - Col\u00b7legi Oficial de Veterinaris de Barcelona","description":"El pasado 9 de noviembre tuvo lugar la renovaci\u00f3n de los miembros de la Junta del Consell de Col\u00b7legis Veterinaris de Catalunya (CCVC), en la que el","robots":{"index":"index","follow":"follow","max-snippet":"max-snippet:-1","max-image-preview":"max-image-preview:large","max-video-preview":"max-video-preview:-1"},"canonical":"https:\/\/www.covb.cat\/es\/actualitat\/noticies\/general\/ricard-pares-nou-president-del-consell-de-collegis-veterinaris-de-catalunya\/","og_locale":"es_ES","og_type":"article","og_title":"Ricard Par\u00e9s, nuevo presidente del Consell de Col\u00b7legis Veterinaris de Catalunya - COVB - Col\u00b7legi Oficial de Veterinaris de Barcelona","og_description":"El pasado 9 de noviembre tuvo lugar la renovaci\u00f3n de los miembros de la Junta del Consell de Col\u00b7legis Veterinaris de Catalunya (CCVC), en la que el","og_url":"https:\/\/www.covb.cat\/es\/actualitat\/noticies\/general\/ricard-pares-nou-president-del-consell-de-collegis-veterinaris-de-catalunya\/","og_site_name":"COVB","article_publisher":"https:\/\/www.facebook.com\/COVBcat\/","article_published_time":"2020-11-24T12:03:54+00:00","article_modified_time":"2020-11-25T10:41:52+00:00","og_image":[{"width":600,"height":451,"url":"https:\/\/www.covb.cat\/wp-content\/uploads\/2020\/11\/RicardPares.jpg","type":"image\/jpeg"}],"twitter_card":"summary_large_image","twitter_creator":"@COVBcat","twitter_site":"@COVBcat","twitter_misc":{"Escrito por":"","Tiempo de lectura":"1 minuto"},"schema":{"@context":"https:\/\/schema.org","@graph":[{"@type":"Article","@id":"https:\/\/www.covb.cat\/es\/actualitat\/noticies\/general\/ricard-pares-nou-president-del-consell-de-collegis-veterinaris-de-catalunya\/#article","isPartOf":{"@id":"https:\/\/www.covb.cat\/es\/actualitat\/noticies\/general\/ricard-pares-nou-president-del-consell-de-collegis-veterinaris-de-catalunya\/"},"author":{"name":"","@id":""},"headline":"Ricard Par\u00e9s, nuevo presidente del Consell de Col\u00b7legis Veterinaris de Catalunya","datePublished":"2020-11-24T12:03:54+00:00","dateModified":"2020-11-25T10:41:52+00:00","mainEntityOfPage":{"@id":"https:\/\/www.covb.cat\/es\/actualitat\/noticies\/general\/ricard-pares-nou-president-del-consell-de-collegis-veterinaris-de-catalunya\/"},"wordCount":242,"publisher":{"@id":"https:\/\/www.covb.cat\/es\/#organization"},"image":{"@id":"https:\/\/www.covb.cat\/es\/actualitat\/noticies\/general\/ricard-pares-nou-president-del-consell-de-collegis-veterinaris-de-catalunya\/#primaryimage"},"thumbnailUrl":"https:\/\/www.covb.cat\/wp-content\/uploads\/2020\/11\/RicardPares.jpg","articleSection":["General"],"inLanguage":"es"},{"@type":"WebPage","@id":"https:\/\/www.covb.cat\/es\/actualitat\/noticies\/general\/ricard-pares-nou-president-del-consell-de-collegis-veterinaris-de-catalunya\/","url":"https:\/\/www.covb.cat\/es\/actualitat\/noticies\/general\/ricard-pares-nou-president-del-consell-de-collegis-veterinaris-de-catalunya\/","name":"Ricard Par\u00e9s, nuevo presidente del Consell de Col\u00b7legis Veterinaris de Catalunya - COVB - Col\u00b7legi Oficial de Veterinaris de Barcelona","isPartOf":{"@id":"https:\/\/www.covb.cat\/es\/#website"},"primaryImageOfPage":{"@id":"https:\/\/www.covb.cat\/es\/actualitat\/noticies\/general\/ricard-pares-nou-president-del-consell-de-collegis-veterinaris-de-catalunya\/#primaryimage"},"image":{"@id":"https:\/\/www.covb.cat\/es\/actualitat\/noticies\/general\/ricard-pares-nou-president-del-consell-de-collegis-veterinaris-de-catalunya\/#primaryimage"},"thumbnailUrl":"https:\/\/www.covb.cat\/wp-content\/uploads\/2020\/11\/RicardPares.jpg","datePublished":"2020-11-24T12:03:54+00:00","dateModified":"2020-11-25T10:41:52+00:00","description":"El pasado 9 de noviembre tuvo lugar la renovaci\u00f3n de los miembros de la Junta del Consell de Col\u00b7legis Veterinaris de Catalunya (CCVC), en la que el","breadcrumb":{"@id":"https:\/\/www.covb.cat\/es\/actualitat\/noticies\/general\/ricard-pares-nou-president-del-consell-de-collegis-veterinaris-de-catalunya\/#breadcrumb"},"inLanguage":"es","potentialAction":[{"@type":"ReadAction","target":["https:\/\/www.covb.cat\/es\/actualitat\/noticies\/general\/ricard-pares-nou-president-del-consell-de-collegis-veterinaris-de-catalunya\/"]}]},{"@type":"ImageObject","inLanguage":"es","@id":"https:\/\/www.covb.cat\/es\/actualitat\/noticies\/general\/ricard-pares-nou-president-del-consell-de-collegis-veterinaris-de-catalunya\/#primaryimage","url":"https:\/\/www.covb.cat\/wp-content\/uploads\/2020\/11\/RicardPares.jpg","contentUrl":"https:\/\/www.covb.cat\/wp-content\/uploads\/2020\/11\/RicardPares.jpg","width":600,"height":451},{"@type":"BreadcrumbList","@id":"https:\/\/www.covb.cat\/es\/actualitat\/noticies\/general\/ricard-pares-nou-president-del-consell-de-collegis-veterinaris-de-catalunya\/#breadcrumb","itemListElement":[{"@type":"ListItem","position":1,"name":"Inici","item":"https:\/\/www.covb.cat\/es\/"},{"@type":"ListItem","position":2,"name":"Ricard Par\u00e9s, nuevo presidente del Consell de Col\u00b7legis Veterinaris de Catalunya"}]},{"@type":"WebSite","@id":"https:\/\/www.covb.cat\/es\/#website","url":"https:\/\/www.covb.cat\/es\/","name":"COVB","description":"Col\u00b7legi Oficial de Veterinaris de Barcelona","publisher":{"@id":"https:\/\/www.covb.cat\/es\/#organization"},"potentialAction":[{"@type":"SearchAction","target":{"@type":"EntryPoint","urlTemplate":"https:\/\/www.covb.cat\/es\/?s={search_term_string}"},"query-input":{"@type":"PropertyValueSpecification","valueRequired":true,"valueName":"search_term_string"}}],"inLanguage":"es"},{"@type":"Organization","@id":"https:\/\/www.covb.cat\/es\/#organization","name":"COVB","url":"https:\/\/www.covb.cat\/es\/","logo":{"@type":"ImageObject","inLanguage":"es","@id":"https:\/\/www.covb.cat\/es\/#\/schema\/logo\/image\/","url":"https:\/\/www.covb.cat\/wp-content\/uploads\/2018\/07\/favicon-covb.png","contentUrl":"https:\/\/www.covb.cat\/wp-content\/uploads\/2018\/07\/favicon-covb.png","width":512,"height":512,"caption":"COVB"},"image":{"@id":"https:\/\/www.covb.cat\/es\/#\/schema\/logo\/image\/"},"sameAs":["https:\/\/www.facebook.com\/COVBcat\/","https:\/\/x.com\/COVBcat","https:\/\/www.youtube.com\/user\/covbcn"]},{"@type":"Person","@id":""}]}},"jetpack_featured_media_url":"https:\/\/www.covb.cat\/wp-content\/uploads\/2020\/11\/RicardPares.jpg","jetpack_sharing_enabled":true,"_links":{"self":[{"href":"https:\/\/www.covb.cat\/es\/wp-json\/wp\/v2\/posts\/3763","targetHints":{"allow":["GET"]}}],"collection":[{"href":"https:\/\/www.covb.cat\/es\/wp-json\/wp\/v2\/posts"}],"about":[{"href":"https:\/\/www.covb.cat\/es\/wp-json\/wp\/v2\/types\/post"}],"author":[{"embeddable":true,"href":"https:\/\/www.covb.cat\/es\/wp-json\/wp\/v2\/users\/106"}],"replies":[{"embeddable":true,"href":"https:\/\/www.covb.cat\/es\/wp-json\/wp\/v2\/comments?post=3763"}],"version-history":[{"count":0,"href":"https:\/\/www.covb.cat\/es\/wp-json\/wp\/v2\/posts\/3763\/revisions"}],"wp:featuredmedia":[{"embeddable":true,"href":"https:\/\/www.covb.cat\/es\/wp-json\/wp\/v2\/media\/3764"}],"wp:attachment":[{"href":"https:\/\/www.covb.cat\/es\/wp-json\/wp\/v2\/media?parent=3763"}],"wp:term":[{"taxonomy":"category","embeddable":true,"href":"https:\/\/www.covb.cat\/es\/wp-json\/wp\/v2\/categories?post=3763"},{"taxonomy":"post_tag","embeddable":true,"href":"https:\/\/www.covb.cat\/es\/wp-json\/wp\/v2\/tags?post=3763"}],"curies":[{"name":"wp","href":"https:\/\/api.w.org\/{rel}","templated":true}]}}