{"id":37598,"date":"2023-10-16T20:43:10","date_gmt":"2023-10-16T18:43:10","guid":{"rendered":"https:\/\/www.covb.cat\/?p=37598"},"modified":"2023-10-27T19:28:02","modified_gmt":"2023-10-27T17:28:02","slug":"cuenta-atras-para-la-jornada-impuls-vet-del-covb-inscribete","status":"publish","type":"post","link":"https:\/\/www.covb.cat\/es\/actualitat\/noticies\/general\/cuenta-atras-para-la-jornada-impuls-vet-del-covb-inscribete\/","title":{"rendered":"Cuenta atr\u00e1s para la Jornada Impuls VET del COVB. \u00a1Inscr\u00edbete!"},"content":{"rendered":"<p>El 21 de octubre por la ma\u00f1ana tendr\u00e1 lugar Impuls VET, la segunda edici\u00f3n de la Jornada Profesional Veterinaria de Barcelona del COVB. <strong>Manel L\u00f3pez,<\/strong> decano de la Facultat de Veterinaria de la UAB es el invitado a abrir esta jornada cient\u00edfica formativa con la conferencia \u201cEl futuro de la profesi\u00f3n veterinaria: retos y oportunidades\u201d.<\/p>\n<p>A continuaci\u00f3n, los inscritos podr\u00e1n participar en una de las diferentes mesas de trabajo seg\u00fan sus preferencias. Los temas propuestos son: La Mesa de Peque\u00f1os Animales tratar\u00e1 el estr\u00e9s laboral con <strong>Fundaci\u00f3 Galatea<\/strong>, la Mesa de Seguridad Alimentaria con <strong>Marta Mourelle<\/strong> explicar\u00e1 porqu\u00e9 es necesaria una cultura de la seguridad alimentaria, la Mesa de Veterinaria de Granjas con <strong>Juan Pascual<\/strong> hablar\u00e1 de la imagen actual de la ganader\u00eda y la Mesa de Protecci\u00f3n Animal tendr\u00e1 dos ponencias una sobre veterinaria forense y otra sobre maltrato animal.<\/p>\n<p>Finalmente, <strong>Francesc Mauri<\/strong>, ge\u00f3grafo y presentador del tiempo en TV\u00b73 clausurar\u00e1 la jornada.<\/p>\n<p><a href=\"https:\/\/mcusercontent.com\/c131463000c5688473b8b34ba\/files\/03fbcc93-0157-db1d-326a-43cf8173d606\/COBB_Impuls_vet_II_Jornada_veterin%C3%A0ria_programa_21_oct_.pdf\">Consulta el programa<\/a>\u00a0para elegir en qu\u00e9 Mesa de trabajo quieres participar y haz <a href=\"https:\/\/forms.gle\/YSuddLZw9Q1xP4zv7\">tu inscripci\u00f3n<\/a>. Os esperamos en el Hotel NH Collection Constan\u00e7a de Barcelona.<\/p>\n","protected":false},"excerpt":{"rendered":"<p>El 21 de octubre por la ma\u00f1ana tendr\u00e1 lugar Impuls VET, la segunda edici\u00f3n de la Jornada Profesional Veterinaria de Barcelona del COVB. Manel L\u00f3pez, decano de la Facultat de Veterinaria de la UAB es el invitado a abrir esta jornada cient\u00edfica formativa con la conferencia \u201cEl futuro de la profesi\u00f3n veterinaria: retos y oportunidades\u201d. [&hellip;]<\/p>\n","protected":false},"author":106,"featured_media":36092,"comment_status":"closed","ping_status":"closed","sticky":false,"template":"","format":"standard","meta":{"_monsterinsights_skip_tracking":false,"_monsterinsights_sitenote_active":false,"_monsterinsights_sitenote_note":"","_monsterinsights_sitenote_category":0,"_jetpack_memberships_contains_paid_content":false,"footnotes":""},"categories":[17,164],"tags":[257,326],"class_list":["post-37598","post","type-post","status-publish","format-standard","has-post-thumbnail","hentry","category-general","category-profesional","tag-eventos","tag-impulsvet-2023-es"],"yoast_head":"<!-- This site is optimized with the Yoast SEO plugin v27.0 - https:\/\/yoast.com\/product\/yoast-seo-wordpress\/ -->\n<title>Cuenta atr\u00e1s para la Jornada Impuls VET del COVB. \u00a1Inscr\u00edbete! - COVB - Col\u00b7legi Oficial de Veterinaris de Barcelona<\/title>\n<meta name=\"description\" content=\"El 21 de octubre por la ma\u00f1ana tendr\u00e1 lugar Impuls VET, la segunda edici\u00f3n de la Jornada Profesional Veterinaria de Barcelona del COVB. Manel L\u00f3pez,\" \/>\n<meta name=\"robots\" content=\"index, follow, max-snippet:-1, max-image-preview:large, max-video-preview:-1\" \/>\n<link rel=\"canonical\" href=\"https:\/\/www.covb.cat\/es\/actualitat\/noticies\/general\/cuenta-atras-para-la-jornada-impuls-vet-del-covb-inscribete\/\" \/>\n<meta property=\"og:locale\" content=\"es_ES\" \/>\n<meta property=\"og:type\" content=\"article\" \/>\n<meta property=\"og:title\" content=\"Cuenta atr\u00e1s para la Jornada Impuls VET del COVB. \u00a1Inscr\u00edbete! - COVB - Col\u00b7legi Oficial de Veterinaris de Barcelona\" \/>\n<meta property=\"og:description\" content=\"El 21 de octubre por la ma\u00f1ana tendr\u00e1 lugar Impuls VET, la segunda edici\u00f3n de la Jornada Profesional Veterinaria de Barcelona del COVB. Manel L\u00f3pez,\" \/>\n<meta property=\"og:url\" content=\"https:\/\/www.covb.cat\/es\/actualitat\/noticies\/general\/cuenta-atras-para-la-jornada-impuls-vet-del-covb-inscribete\/\" \/>\n<meta property=\"og:site_name\" content=\"COVB\" \/>\n<meta property=\"article:publisher\" content=\"https:\/\/www.facebook.com\/COVBcat\/\" \/>\n<meta property=\"article:published_time\" content=\"2023-10-16T18:43:10+00:00\" \/>\n<meta property=\"article:modified_time\" content=\"2023-10-27T17:28:02+00:00\" \/>\n<meta property=\"og:image\" content=\"https:\/\/www.covb.cat\/wp-content\/uploads\/2023\/09\/915fc974-996e-4dad-ab21-6bfb5bac5c73-scaled.jpg\" \/>\n\t<meta property=\"og:image:width\" content=\"2560\" \/>\n\t<meta property=\"og:image:height\" content=\"1629\" \/>\n\t<meta property=\"og:image:type\" content=\"image\/jpeg\" \/>\n<meta name=\"twitter:card\" content=\"summary_large_image\" \/>\n<meta name=\"twitter:creator\" content=\"@COVBcat\" \/>\n<meta name=\"twitter:site\" content=\"@COVBcat\" \/>\n<meta name=\"twitter:label1\" content=\"Escrito por\" \/>\n\t<meta name=\"twitter:data1\" content=\"\" \/>\n\t<meta name=\"twitter:label2\" content=\"Tiempo de lectura\" \/>\n\t<meta name=\"twitter:data2\" content=\"1 minuto\" \/>\n<script type=\"application\/ld+json\" class=\"yoast-schema-graph\">{\"@context\":\"https:\/\/schema.org\",\"@graph\":[{\"@type\":\"Article\",\"@id\":\"https:\/\/www.covb.cat\/es\/actualitat\/noticies\/general\/cuenta-atras-para-la-jornada-impuls-vet-del-covb-inscribete\/#article\",\"isPartOf\":{\"@id\":\"https:\/\/www.covb.cat\/es\/actualitat\/noticies\/general\/cuenta-atras-para-la-jornada-impuls-vet-del-covb-inscribete\/\"},\"author\":{\"name\":\"\",\"@id\":\"\"},\"headline\":\"Cuenta atr\u00e1s para la Jornada Impuls VET del COVB. \u00a1Inscr\u00edbete!\",\"datePublished\":\"2023-10-16T18:43:10+00:00\",\"dateModified\":\"2023-10-27T17:28:02+00:00\",\"mainEntityOfPage\":{\"@id\":\"https:\/\/www.covb.cat\/es\/actualitat\/noticies\/general\/cuenta-atras-para-la-jornada-impuls-vet-del-covb-inscribete\/\"},\"wordCount\":206,\"publisher\":{\"@id\":\"https:\/\/www.covb.cat\/es\/#organization\"},\"image\":{\"@id\":\"https:\/\/www.covb.cat\/es\/actualitat\/noticies\/general\/cuenta-atras-para-la-jornada-impuls-vet-del-covb-inscribete\/#primaryimage\"},\"thumbnailUrl\":\"https:\/\/www.covb.cat\/wp-content\/uploads\/2023\/09\/915fc974-996e-4dad-ab21-6bfb5bac5c73-scaled.jpg\",\"keywords\":[\"eventos\",\"Impuls_VET 2023\"],\"articleSection\":[\"General\",\"Profesi\u00f3n\"],\"inLanguage\":\"es\"},{\"@type\":\"WebPage\",\"@id\":\"https:\/\/www.covb.cat\/es\/actualitat\/noticies\/general\/cuenta-atras-para-la-jornada-impuls-vet-del-covb-inscribete\/\",\"url\":\"https:\/\/www.covb.cat\/es\/actualitat\/noticies\/general\/cuenta-atras-para-la-jornada-impuls-vet-del-covb-inscribete\/\",\"name\":\"Cuenta atr\u00e1s para la Jornada Impuls VET del COVB. \u00a1Inscr\u00edbete! - COVB - Col\u00b7legi Oficial de Veterinaris de Barcelona\",\"isPartOf\":{\"@id\":\"https:\/\/www.covb.cat\/es\/#website\"},\"primaryImageOfPage\":{\"@id\":\"https:\/\/www.covb.cat\/es\/actualitat\/noticies\/general\/cuenta-atras-para-la-jornada-impuls-vet-del-covb-inscribete\/#primaryimage\"},\"image\":{\"@id\":\"https:\/\/www.covb.cat\/es\/actualitat\/noticies\/general\/cuenta-atras-para-la-jornada-impuls-vet-del-covb-inscribete\/#primaryimage\"},\"thumbnailUrl\":\"https:\/\/www.covb.cat\/wp-content\/uploads\/2023\/09\/915fc974-996e-4dad-ab21-6bfb5bac5c73-scaled.jpg\",\"datePublished\":\"2023-10-16T18:43:10+00:00\",\"dateModified\":\"2023-10-27T17:28:02+00:00\",\"description\":\"El 21 de octubre por la ma\u00f1ana tendr\u00e1 lugar Impuls VET, la segunda edici\u00f3n de la Jornada Profesional Veterinaria de Barcelona del COVB. Manel L\u00f3pez,\",\"breadcrumb\":{\"@id\":\"https:\/\/www.covb.cat\/es\/actualitat\/noticies\/general\/cuenta-atras-para-la-jornada-impuls-vet-del-covb-inscribete\/#breadcrumb\"},\"inLanguage\":\"es\",\"potentialAction\":[{\"@type\":\"ReadAction\",\"target\":[\"https:\/\/www.covb.cat\/es\/actualitat\/noticies\/general\/cuenta-atras-para-la-jornada-impuls-vet-del-covb-inscribete\/\"]}]},{\"@type\":\"ImageObject\",\"inLanguage\":\"es\",\"@id\":\"https:\/\/www.covb.cat\/es\/actualitat\/noticies\/general\/cuenta-atras-para-la-jornada-impuls-vet-del-covb-inscribete\/#primaryimage\",\"url\":\"https:\/\/www.covb.cat\/wp-content\/uploads\/2023\/09\/915fc974-996e-4dad-ab21-6bfb5bac5c73-scaled.jpg\",\"contentUrl\":\"https:\/\/www.covb.cat\/wp-content\/uploads\/2023\/09\/915fc974-996e-4dad-ab21-6bfb5bac5c73-scaled.jpg\",\"width\":2560,\"height\":1629},{\"@type\":\"BreadcrumbList\",\"@id\":\"https:\/\/www.covb.cat\/es\/actualitat\/noticies\/general\/cuenta-atras-para-la-jornada-impuls-vet-del-covb-inscribete\/#breadcrumb\",\"itemListElement\":[{\"@type\":\"ListItem\",\"position\":1,\"name\":\"Inici\",\"item\":\"https:\/\/www.covb.cat\/es\/\"},{\"@type\":\"ListItem\",\"position\":2,\"name\":\"Cuenta atr\u00e1s para la Jornada Impuls VET del COVB. \u00a1Inscr\u00edbete!\"}]},{\"@type\":\"WebSite\",\"@id\":\"https:\/\/www.covb.cat\/es\/#website\",\"url\":\"https:\/\/www.covb.cat\/es\/\",\"name\":\"COVB\",\"description\":\"Col\u00b7legi Oficial de Veterinaris de Barcelona\",\"publisher\":{\"@id\":\"https:\/\/www.covb.cat\/es\/#organization\"},\"potentialAction\":[{\"@type\":\"SearchAction\",\"target\":{\"@type\":\"EntryPoint\",\"urlTemplate\":\"https:\/\/www.covb.cat\/es\/?s={search_term_string}\"},\"query-input\":{\"@type\":\"PropertyValueSpecification\",\"valueRequired\":true,\"valueName\":\"search_term_string\"}}],\"inLanguage\":\"es\"},{\"@type\":\"Organization\",\"@id\":\"https:\/\/www.covb.cat\/es\/#organization\",\"name\":\"COVB\",\"url\":\"https:\/\/www.covb.cat\/es\/\",\"logo\":{\"@type\":\"ImageObject\",\"inLanguage\":\"es\",\"@id\":\"https:\/\/www.covb.cat\/es\/#\/schema\/logo\/image\/\",\"url\":\"https:\/\/www.covb.cat\/wp-content\/uploads\/2018\/07\/favicon-covb.png\",\"contentUrl\":\"https:\/\/www.covb.cat\/wp-content\/uploads\/2018\/07\/favicon-covb.png\",\"width\":512,\"height\":512,\"caption\":\"COVB\"},\"image\":{\"@id\":\"https:\/\/www.covb.cat\/es\/#\/schema\/logo\/image\/\"},\"sameAs\":[\"https:\/\/www.facebook.com\/COVBcat\/\",\"https:\/\/x.com\/COVBcat\",\"https:\/\/www.youtube.com\/user\/covbcn\"]},{\"@type\":\"Person\",\"@id\":\"\"}]}<\/script>\n<!-- \/ Yoast SEO plugin. -->","yoast_head_json":{"title":"Cuenta atr\u00e1s para la Jornada Impuls VET del COVB. \u00a1Inscr\u00edbete! - COVB - Col\u00b7legi Oficial de Veterinaris de Barcelona","description":"El 21 de octubre por la ma\u00f1ana tendr\u00e1 lugar Impuls VET, la segunda edici\u00f3n de la Jornada Profesional Veterinaria de Barcelona del COVB. Manel L\u00f3pez,","robots":{"index":"index","follow":"follow","max-snippet":"max-snippet:-1","max-image-preview":"max-image-preview:large","max-video-preview":"max-video-preview:-1"},"canonical":"https:\/\/www.covb.cat\/es\/actualitat\/noticies\/general\/cuenta-atras-para-la-jornada-impuls-vet-del-covb-inscribete\/","og_locale":"es_ES","og_type":"article","og_title":"Cuenta atr\u00e1s para la Jornada Impuls VET del COVB. \u00a1Inscr\u00edbete! - COVB - Col\u00b7legi Oficial de Veterinaris de Barcelona","og_description":"El 21 de octubre por la ma\u00f1ana tendr\u00e1 lugar Impuls VET, la segunda edici\u00f3n de la Jornada Profesional Veterinaria de Barcelona del COVB. Manel L\u00f3pez,","og_url":"https:\/\/www.covb.cat\/es\/actualitat\/noticies\/general\/cuenta-atras-para-la-jornada-impuls-vet-del-covb-inscribete\/","og_site_name":"COVB","article_publisher":"https:\/\/www.facebook.com\/COVBcat\/","article_published_time":"2023-10-16T18:43:10+00:00","article_modified_time":"2023-10-27T17:28:02+00:00","og_image":[{"width":2560,"height":1629,"url":"https:\/\/www.covb.cat\/wp-content\/uploads\/2023\/09\/915fc974-996e-4dad-ab21-6bfb5bac5c73-scaled.jpg","type":"image\/jpeg"}],"twitter_card":"summary_large_image","twitter_creator":"@COVBcat","twitter_site":"@COVBcat","twitter_misc":{"Escrito por":"","Tiempo de lectura":"1 minuto"},"schema":{"@context":"https:\/\/schema.org","@graph":[{"@type":"Article","@id":"https:\/\/www.covb.cat\/es\/actualitat\/noticies\/general\/cuenta-atras-para-la-jornada-impuls-vet-del-covb-inscribete\/#article","isPartOf":{"@id":"https:\/\/www.covb.cat\/es\/actualitat\/noticies\/general\/cuenta-atras-para-la-jornada-impuls-vet-del-covb-inscribete\/"},"author":{"name":"","@id":""},"headline":"Cuenta atr\u00e1s para la Jornada Impuls VET del COVB. \u00a1Inscr\u00edbete!","datePublished":"2023-10-16T18:43:10+00:00","dateModified":"2023-10-27T17:28:02+00:00","mainEntityOfPage":{"@id":"https:\/\/www.covb.cat\/es\/actualitat\/noticies\/general\/cuenta-atras-para-la-jornada-impuls-vet-del-covb-inscribete\/"},"wordCount":206,"publisher":{"@id":"https:\/\/www.covb.cat\/es\/#organization"},"image":{"@id":"https:\/\/www.covb.cat\/es\/actualitat\/noticies\/general\/cuenta-atras-para-la-jornada-impuls-vet-del-covb-inscribete\/#primaryimage"},"thumbnailUrl":"https:\/\/www.covb.cat\/wp-content\/uploads\/2023\/09\/915fc974-996e-4dad-ab21-6bfb5bac5c73-scaled.jpg","keywords":["eventos","Impuls_VET 2023"],"articleSection":["General","Profesi\u00f3n"],"inLanguage":"es"},{"@type":"WebPage","@id":"https:\/\/www.covb.cat\/es\/actualitat\/noticies\/general\/cuenta-atras-para-la-jornada-impuls-vet-del-covb-inscribete\/","url":"https:\/\/www.covb.cat\/es\/actualitat\/noticies\/general\/cuenta-atras-para-la-jornada-impuls-vet-del-covb-inscribete\/","name":"Cuenta atr\u00e1s para la Jornada Impuls VET del COVB. \u00a1Inscr\u00edbete! - COVB - Col\u00b7legi Oficial de Veterinaris de Barcelona","isPartOf":{"@id":"https:\/\/www.covb.cat\/es\/#website"},"primaryImageOfPage":{"@id":"https:\/\/www.covb.cat\/es\/actualitat\/noticies\/general\/cuenta-atras-para-la-jornada-impuls-vet-del-covb-inscribete\/#primaryimage"},"image":{"@id":"https:\/\/www.covb.cat\/es\/actualitat\/noticies\/general\/cuenta-atras-para-la-jornada-impuls-vet-del-covb-inscribete\/#primaryimage"},"thumbnailUrl":"https:\/\/www.covb.cat\/wp-content\/uploads\/2023\/09\/915fc974-996e-4dad-ab21-6bfb5bac5c73-scaled.jpg","datePublished":"2023-10-16T18:43:10+00:00","dateModified":"2023-10-27T17:28:02+00:00","description":"El 21 de octubre por la ma\u00f1ana tendr\u00e1 lugar Impuls VET, la segunda edici\u00f3n de la Jornada Profesional Veterinaria de Barcelona del COVB. Manel L\u00f3pez,","breadcrumb":{"@id":"https:\/\/www.covb.cat\/es\/actualitat\/noticies\/general\/cuenta-atras-para-la-jornada-impuls-vet-del-covb-inscribete\/#breadcrumb"},"inLanguage":"es","potentialAction":[{"@type":"ReadAction","target":["https:\/\/www.covb.cat\/es\/actualitat\/noticies\/general\/cuenta-atras-para-la-jornada-impuls-vet-del-covb-inscribete\/"]}]},{"@type":"ImageObject","inLanguage":"es","@id":"https:\/\/www.covb.cat\/es\/actualitat\/noticies\/general\/cuenta-atras-para-la-jornada-impuls-vet-del-covb-inscribete\/#primaryimage","url":"https:\/\/www.covb.cat\/wp-content\/uploads\/2023\/09\/915fc974-996e-4dad-ab21-6bfb5bac5c73-scaled.jpg","contentUrl":"https:\/\/www.covb.cat\/wp-content\/uploads\/2023\/09\/915fc974-996e-4dad-ab21-6bfb5bac5c73-scaled.jpg","width":2560,"height":1629},{"@type":"BreadcrumbList","@id":"https:\/\/www.covb.cat\/es\/actualitat\/noticies\/general\/cuenta-atras-para-la-jornada-impuls-vet-del-covb-inscribete\/#breadcrumb","itemListElement":[{"@type":"ListItem","position":1,"name":"Inici","item":"https:\/\/www.covb.cat\/es\/"},{"@type":"ListItem","position":2,"name":"Cuenta atr\u00e1s para la Jornada Impuls VET del COVB. \u00a1Inscr\u00edbete!"}]},{"@type":"WebSite","@id":"https:\/\/www.covb.cat\/es\/#website","url":"https:\/\/www.covb.cat\/es\/","name":"COVB","description":"Col\u00b7legi Oficial de Veterinaris de Barcelona","publisher":{"@id":"https:\/\/www.covb.cat\/es\/#organization"},"potentialAction":[{"@type":"SearchAction","target":{"@type":"EntryPoint","urlTemplate":"https:\/\/www.covb.cat\/es\/?s={search_term_string}"},"query-input":{"@type":"PropertyValueSpecification","valueRequired":true,"valueName":"search_term_string"}}],"inLanguage":"es"},{"@type":"Organization","@id":"https:\/\/www.covb.cat\/es\/#organization","name":"COVB","url":"https:\/\/www.covb.cat\/es\/","logo":{"@type":"ImageObject","inLanguage":"es","@id":"https:\/\/www.covb.cat\/es\/#\/schema\/logo\/image\/","url":"https:\/\/www.covb.cat\/wp-content\/uploads\/2018\/07\/favicon-covb.png","contentUrl":"https:\/\/www.covb.cat\/wp-content\/uploads\/2018\/07\/favicon-covb.png","width":512,"height":512,"caption":"COVB"},"image":{"@id":"https:\/\/www.covb.cat\/es\/#\/schema\/logo\/image\/"},"sameAs":["https:\/\/www.facebook.com\/COVBcat\/","https:\/\/x.com\/COVBcat","https:\/\/www.youtube.com\/user\/covbcn"]},{"@type":"Person","@id":""}]}},"jetpack_featured_media_url":"https:\/\/www.covb.cat\/wp-content\/uploads\/2023\/09\/915fc974-996e-4dad-ab21-6bfb5bac5c73-scaled.jpg","jetpack_sharing_enabled":true,"_links":{"self":[{"href":"https:\/\/www.covb.cat\/es\/wp-json\/wp\/v2\/posts\/37598","targetHints":{"allow":["GET"]}}],"collection":[{"href":"https:\/\/www.covb.cat\/es\/wp-json\/wp\/v2\/posts"}],"about":[{"href":"https:\/\/www.covb.cat\/es\/wp-json\/wp\/v2\/types\/post"}],"author":[{"embeddable":true,"href":"https:\/\/www.covb.cat\/es\/wp-json\/wp\/v2\/users\/106"}],"replies":[{"embeddable":true,"href":"https:\/\/www.covb.cat\/es\/wp-json\/wp\/v2\/comments?post=37598"}],"version-history":[{"count":0,"href":"https:\/\/www.covb.cat\/es\/wp-json\/wp\/v2\/posts\/37598\/revisions"}],"wp:featuredmedia":[{"embeddable":true,"href":"https:\/\/www.covb.cat\/es\/wp-json\/wp\/v2\/media\/36092"}],"wp:attachment":[{"href":"https:\/\/www.covb.cat\/es\/wp-json\/wp\/v2\/media?parent=37598"}],"wp:term":[{"taxonomy":"category","embeddable":true,"href":"https:\/\/www.covb.cat\/es\/wp-json\/wp\/v2\/categories?post=37598"},{"taxonomy":"post_tag","embeddable":true,"href":"https:\/\/www.covb.cat\/es\/wp-json\/wp\/v2\/tags?post=37598"}],"curies":[{"name":"wp","href":"https:\/\/api.w.org\/{rel}","templated":true}]}}