{"id":37372,"date":"2023-10-09T12:53:13","date_gmt":"2023-10-09T10:53:13","guid":{"rendered":"https:\/\/www.covb.cat\/?p=37372"},"modified":"2023-10-09T12:53:13","modified_gmt":"2023-10-09T10:53:13","slug":"mesa-redonda-del-ccvc-la-vacuna-de-la-rabia-un-poca-mas-cerca","status":"publish","type":"post","link":"https:\/\/www.covb.cat\/es\/actualitat\/noticies\/general\/mesa-redonda-del-ccvc-la-vacuna-de-la-rabia-un-poca-mas-cerca\/","title":{"rendered":"Mesa redonda del CCVC: la Vacuna de la rabia un poca m\u00e1s cerca"},"content":{"rendered":"<p>Con motivo del D\u00eda Mundial de la Rabia, el Consell de Col\u00b7legis Catalunya (CCVC) organizo una mesa redonda con la participaci\u00f3n de <strong>Julio Benavides<\/strong>, director de investigaci\u00f3n en One Health en el Instituto de Investigaci\u00f3n para el Desarrollo de Francia; <strong>N\u00faria Ribas<\/strong>, Jefe del Servei de Prevenci\u00f3 en Salut Animal del Departament d\u2019Acci\u00f3 Clim\u00e0tica, Alimentaci\u00f3 i Agenda Rural (DACC); <strong>M. \u00c0ngels Calvo<\/strong>, catedr\u00e1tica en Sanidad Animal de la Universitat Aut\u00f2noma de Barcelona (UAB) <strong>y Jordi Manubens<\/strong>, veterinario cl\u00ednico especializado en cardiolog\u00eda. Moder\u00f3 la sesi\u00f3n <strong>Ricard Par\u00e9s<\/strong>, vicepresidente del Colegio Oficial de Veterinarios de Barcelona y presidente del Consell de Col\u00b7legis Veterinaris de Catalunya (CCVC).<\/p>\n<p>Se habl\u00f3 sobre los retos de los profesionales de la veterinaria en relaci\u00f3n con esta enfermedad en su pr\u00e1ctica diaria, as\u00ed como desde la visi\u00f3n Una Sola Salut (One Health) y sobre la vacunaci\u00f3n obligatoria, una de las demandas m\u00e1s firmes de los colegios veterinarios catalanes. En este sentido, Nuria Ribas explic\u00f3 que la Generalitat ha empezado a trabajar en un Decreto que har\u00e1 obligatoria la vacuna en los perros, y los gatos y hurones que tienen acceso al exterior, y voluntaria en los gatos y hurones que viven en los interiores y no tienen contacto con el exterior. Adem\u00e1s, Ribas record\u00f3 que la rabia es una enfermedad de declaraci\u00f3n obligatoria y que ante cualquier sospecha es necesario notificarlo urgentemente al DACC para que los Servicios Veterinarios Oficiales actuar\u00e1n en consecuencia aplicando los protocolos oficiales establecidos.<\/p>\n<p>Pod\u00e9is ver la grabaci\u00f3n de la Mesa Redonda en este enlace: <a href=\"https:\/\/youtu.be\/tJKtzn7YVc4\">https:\/\/youtu.be\/tJKtzn7YVc4<\/a><\/p>\n","protected":false},"excerpt":{"rendered":"<p>Con motivo del D\u00eda Mundial de la Rabia, el Consell de Col\u00b7legis Catalunya (CCVC) organizo una mesa redonda con la participaci\u00f3n de Julio Benavides, director de investigaci\u00f3n en One Health en el Instituto de Investigaci\u00f3n para el Desarrollo de Francia; N\u00faria Ribas, Jefe del Servei de Prevenci\u00f3 en Salut Animal del Departament d\u2019Acci\u00f3 Clim\u00e0tica, Alimentaci\u00f3 [&hellip;]<\/p>\n","protected":false},"author":106,"featured_media":37326,"comment_status":"closed","ping_status":"closed","sticky":false,"template":"","format":"standard","meta":{"_monsterinsights_skip_tracking":false,"_monsterinsights_sitenote_active":false,"_monsterinsights_sitenote_note":"","_monsterinsights_sitenote_category":0,"_jetpack_memberships_contains_paid_content":false,"footnotes":""},"categories":[17,164],"tags":[],"class_list":["post-37372","post","type-post","status-publish","format-standard","has-post-thumbnail","hentry","category-general","category-profesional"],"yoast_head":"<!-- This site is optimized with the Yoast SEO plugin v27.0 - https:\/\/yoast.com\/product\/yoast-seo-wordpress\/ -->\n<title>Mesa redonda del CCVC: la Vacuna de la rabia un poca m\u00e1s cerca - COVB - Col\u00b7legi Oficial de Veterinaris de Barcelona<\/title>\n<meta name=\"description\" content=\"Con motivo del D\u00eda Mundial de la Rabia, el Consell de Col\u00b7legis Catalunya (CCVC) organizo una mesa redonda con la participaci\u00f3n de Julio Benavides,\" \/>\n<meta name=\"robots\" content=\"index, follow, max-snippet:-1, max-image-preview:large, max-video-preview:-1\" \/>\n<link rel=\"canonical\" href=\"https:\/\/www.covb.cat\/es\/actualitat\/noticies\/general\/mesa-redonda-del-ccvc-la-vacuna-de-la-rabia-un-poca-mas-cerca\/\" \/>\n<meta property=\"og:locale\" content=\"es_ES\" \/>\n<meta property=\"og:type\" content=\"article\" \/>\n<meta property=\"og:title\" content=\"Mesa redonda del CCVC: la Vacuna de la rabia un poca m\u00e1s cerca - COVB - Col\u00b7legi Oficial de Veterinaris de Barcelona\" \/>\n<meta property=\"og:description\" content=\"Con motivo del D\u00eda Mundial de la Rabia, el Consell de Col\u00b7legis Catalunya (CCVC) organizo una mesa redonda con la participaci\u00f3n de Julio Benavides,\" \/>\n<meta property=\"og:url\" content=\"https:\/\/www.covb.cat\/es\/actualitat\/noticies\/general\/mesa-redonda-del-ccvc-la-vacuna-de-la-rabia-un-poca-mas-cerca\/\" \/>\n<meta property=\"og:site_name\" content=\"COVB\" \/>\n<meta property=\"article:publisher\" content=\"https:\/\/www.facebook.com\/COVBcat\/\" \/>\n<meta property=\"article:published_time\" content=\"2023-10-09T10:53:13+00:00\" \/>\n<meta property=\"og:image\" content=\"https:\/\/www.covb.cat\/wp-content\/uploads\/2023\/10\/d4000a8c-adf8-6347-3611-ac4458c8916f-scaled.jpg\" \/>\n\t<meta property=\"og:image:width\" content=\"2560\" \/>\n\t<meta property=\"og:image:height\" content=\"1707\" \/>\n\t<meta property=\"og:image:type\" content=\"image\/jpeg\" \/>\n<meta name=\"twitter:card\" content=\"summary_large_image\" \/>\n<meta name=\"twitter:creator\" content=\"@COVBcat\" \/>\n<meta name=\"twitter:site\" content=\"@COVBcat\" \/>\n<meta name=\"twitter:label1\" content=\"Escrito por\" \/>\n\t<meta name=\"twitter:data1\" content=\"\" \/>\n\t<meta name=\"twitter:label2\" content=\"Tiempo de lectura\" \/>\n\t<meta name=\"twitter:data2\" content=\"2 minutos\" \/>\n<script type=\"application\/ld+json\" class=\"yoast-schema-graph\">{\"@context\":\"https:\/\/schema.org\",\"@graph\":[{\"@type\":\"Article\",\"@id\":\"https:\/\/www.covb.cat\/es\/actualitat\/noticies\/general\/mesa-redonda-del-ccvc-la-vacuna-de-la-rabia-un-poca-mas-cerca\/#article\",\"isPartOf\":{\"@id\":\"https:\/\/www.covb.cat\/es\/actualitat\/noticies\/general\/mesa-redonda-del-ccvc-la-vacuna-de-la-rabia-un-poca-mas-cerca\/\"},\"author\":{\"name\":\"\",\"@id\":\"\"},\"headline\":\"Mesa redonda del CCVC: la Vacuna de la rabia un poca m\u00e1s cerca\",\"datePublished\":\"2023-10-09T10:53:13+00:00\",\"mainEntityOfPage\":{\"@id\":\"https:\/\/www.covb.cat\/es\/actualitat\/noticies\/general\/mesa-redonda-del-ccvc-la-vacuna-de-la-rabia-un-poca-mas-cerca\/\"},\"wordCount\":295,\"publisher\":{\"@id\":\"https:\/\/www.covb.cat\/es\/#organization\"},\"image\":{\"@id\":\"https:\/\/www.covb.cat\/es\/actualitat\/noticies\/general\/mesa-redonda-del-ccvc-la-vacuna-de-la-rabia-un-poca-mas-cerca\/#primaryimage\"},\"thumbnailUrl\":\"https:\/\/www.covb.cat\/wp-content\/uploads\/2023\/10\/d4000a8c-adf8-6347-3611-ac4458c8916f-scaled.jpg\",\"articleSection\":[\"General\",\"Profesi\u00f3n\"],\"inLanguage\":\"es\"},{\"@type\":\"WebPage\",\"@id\":\"https:\/\/www.covb.cat\/es\/actualitat\/noticies\/general\/mesa-redonda-del-ccvc-la-vacuna-de-la-rabia-un-poca-mas-cerca\/\",\"url\":\"https:\/\/www.covb.cat\/es\/actualitat\/noticies\/general\/mesa-redonda-del-ccvc-la-vacuna-de-la-rabia-un-poca-mas-cerca\/\",\"name\":\"Mesa redonda del CCVC: la Vacuna de la rabia un poca m\u00e1s cerca - COVB - Col\u00b7legi Oficial de Veterinaris de Barcelona\",\"isPartOf\":{\"@id\":\"https:\/\/www.covb.cat\/es\/#website\"},\"primaryImageOfPage\":{\"@id\":\"https:\/\/www.covb.cat\/es\/actualitat\/noticies\/general\/mesa-redonda-del-ccvc-la-vacuna-de-la-rabia-un-poca-mas-cerca\/#primaryimage\"},\"image\":{\"@id\":\"https:\/\/www.covb.cat\/es\/actualitat\/noticies\/general\/mesa-redonda-del-ccvc-la-vacuna-de-la-rabia-un-poca-mas-cerca\/#primaryimage\"},\"thumbnailUrl\":\"https:\/\/www.covb.cat\/wp-content\/uploads\/2023\/10\/d4000a8c-adf8-6347-3611-ac4458c8916f-scaled.jpg\",\"datePublished\":\"2023-10-09T10:53:13+00:00\",\"description\":\"Con motivo del D\u00eda Mundial de la Rabia, el Consell de Col\u00b7legis Catalunya (CCVC) organizo una mesa redonda con la participaci\u00f3n de Julio Benavides,\",\"breadcrumb\":{\"@id\":\"https:\/\/www.covb.cat\/es\/actualitat\/noticies\/general\/mesa-redonda-del-ccvc-la-vacuna-de-la-rabia-un-poca-mas-cerca\/#breadcrumb\"},\"inLanguage\":\"es\",\"potentialAction\":[{\"@type\":\"ReadAction\",\"target\":[\"https:\/\/www.covb.cat\/es\/actualitat\/noticies\/general\/mesa-redonda-del-ccvc-la-vacuna-de-la-rabia-un-poca-mas-cerca\/\"]}]},{\"@type\":\"ImageObject\",\"inLanguage\":\"es\",\"@id\":\"https:\/\/www.covb.cat\/es\/actualitat\/noticies\/general\/mesa-redonda-del-ccvc-la-vacuna-de-la-rabia-un-poca-mas-cerca\/#primaryimage\",\"url\":\"https:\/\/www.covb.cat\/wp-content\/uploads\/2023\/10\/d4000a8c-adf8-6347-3611-ac4458c8916f-scaled.jpg\",\"contentUrl\":\"https:\/\/www.covb.cat\/wp-content\/uploads\/2023\/10\/d4000a8c-adf8-6347-3611-ac4458c8916f-scaled.jpg\",\"width\":2560,\"height\":1707},{\"@type\":\"BreadcrumbList\",\"@id\":\"https:\/\/www.covb.cat\/es\/actualitat\/noticies\/general\/mesa-redonda-del-ccvc-la-vacuna-de-la-rabia-un-poca-mas-cerca\/#breadcrumb\",\"itemListElement\":[{\"@type\":\"ListItem\",\"position\":1,\"name\":\"Inici\",\"item\":\"https:\/\/www.covb.cat\/es\/\"},{\"@type\":\"ListItem\",\"position\":2,\"name\":\"Mesa redonda del CCVC: la Vacuna de la rabia un poca m\u00e1s cerca\"}]},{\"@type\":\"WebSite\",\"@id\":\"https:\/\/www.covb.cat\/es\/#website\",\"url\":\"https:\/\/www.covb.cat\/es\/\",\"name\":\"COVB\",\"description\":\"Col\u00b7legi Oficial de Veterinaris de Barcelona\",\"publisher\":{\"@id\":\"https:\/\/www.covb.cat\/es\/#organization\"},\"potentialAction\":[{\"@type\":\"SearchAction\",\"target\":{\"@type\":\"EntryPoint\",\"urlTemplate\":\"https:\/\/www.covb.cat\/es\/?s={search_term_string}\"},\"query-input\":{\"@type\":\"PropertyValueSpecification\",\"valueRequired\":true,\"valueName\":\"search_term_string\"}}],\"inLanguage\":\"es\"},{\"@type\":\"Organization\",\"@id\":\"https:\/\/www.covb.cat\/es\/#organization\",\"name\":\"COVB\",\"url\":\"https:\/\/www.covb.cat\/es\/\",\"logo\":{\"@type\":\"ImageObject\",\"inLanguage\":\"es\",\"@id\":\"https:\/\/www.covb.cat\/es\/#\/schema\/logo\/image\/\",\"url\":\"https:\/\/www.covb.cat\/wp-content\/uploads\/2018\/07\/favicon-covb.png\",\"contentUrl\":\"https:\/\/www.covb.cat\/wp-content\/uploads\/2018\/07\/favicon-covb.png\",\"width\":512,\"height\":512,\"caption\":\"COVB\"},\"image\":{\"@id\":\"https:\/\/www.covb.cat\/es\/#\/schema\/logo\/image\/\"},\"sameAs\":[\"https:\/\/www.facebook.com\/COVBcat\/\",\"https:\/\/x.com\/COVBcat\",\"https:\/\/www.youtube.com\/user\/covbcn\"]},{\"@type\":\"Person\",\"@id\":\"\"}]}<\/script>\n<!-- \/ Yoast SEO plugin. -->","yoast_head_json":{"title":"Mesa redonda del CCVC: la Vacuna de la rabia un poca m\u00e1s cerca - COVB - Col\u00b7legi Oficial de Veterinaris de Barcelona","description":"Con motivo del D\u00eda Mundial de la Rabia, el Consell de Col\u00b7legis Catalunya (CCVC) organizo una mesa redonda con la participaci\u00f3n de Julio Benavides,","robots":{"index":"index","follow":"follow","max-snippet":"max-snippet:-1","max-image-preview":"max-image-preview:large","max-video-preview":"max-video-preview:-1"},"canonical":"https:\/\/www.covb.cat\/es\/actualitat\/noticies\/general\/mesa-redonda-del-ccvc-la-vacuna-de-la-rabia-un-poca-mas-cerca\/","og_locale":"es_ES","og_type":"article","og_title":"Mesa redonda del CCVC: la Vacuna de la rabia un poca m\u00e1s cerca - COVB - Col\u00b7legi Oficial de Veterinaris de Barcelona","og_description":"Con motivo del D\u00eda Mundial de la Rabia, el Consell de Col\u00b7legis Catalunya (CCVC) organizo una mesa redonda con la participaci\u00f3n de Julio Benavides,","og_url":"https:\/\/www.covb.cat\/es\/actualitat\/noticies\/general\/mesa-redonda-del-ccvc-la-vacuna-de-la-rabia-un-poca-mas-cerca\/","og_site_name":"COVB","article_publisher":"https:\/\/www.facebook.com\/COVBcat\/","article_published_time":"2023-10-09T10:53:13+00:00","og_image":[{"width":2560,"height":1707,"url":"https:\/\/www.covb.cat\/wp-content\/uploads\/2023\/10\/d4000a8c-adf8-6347-3611-ac4458c8916f-scaled.jpg","type":"image\/jpeg"}],"twitter_card":"summary_large_image","twitter_creator":"@COVBcat","twitter_site":"@COVBcat","twitter_misc":{"Escrito por":"","Tiempo de lectura":"2 minutos"},"schema":{"@context":"https:\/\/schema.org","@graph":[{"@type":"Article","@id":"https:\/\/www.covb.cat\/es\/actualitat\/noticies\/general\/mesa-redonda-del-ccvc-la-vacuna-de-la-rabia-un-poca-mas-cerca\/#article","isPartOf":{"@id":"https:\/\/www.covb.cat\/es\/actualitat\/noticies\/general\/mesa-redonda-del-ccvc-la-vacuna-de-la-rabia-un-poca-mas-cerca\/"},"author":{"name":"","@id":""},"headline":"Mesa redonda del CCVC: la Vacuna de la rabia un poca m\u00e1s cerca","datePublished":"2023-10-09T10:53:13+00:00","mainEntityOfPage":{"@id":"https:\/\/www.covb.cat\/es\/actualitat\/noticies\/general\/mesa-redonda-del-ccvc-la-vacuna-de-la-rabia-un-poca-mas-cerca\/"},"wordCount":295,"publisher":{"@id":"https:\/\/www.covb.cat\/es\/#organization"},"image":{"@id":"https:\/\/www.covb.cat\/es\/actualitat\/noticies\/general\/mesa-redonda-del-ccvc-la-vacuna-de-la-rabia-un-poca-mas-cerca\/#primaryimage"},"thumbnailUrl":"https:\/\/www.covb.cat\/wp-content\/uploads\/2023\/10\/d4000a8c-adf8-6347-3611-ac4458c8916f-scaled.jpg","articleSection":["General","Profesi\u00f3n"],"inLanguage":"es"},{"@type":"WebPage","@id":"https:\/\/www.covb.cat\/es\/actualitat\/noticies\/general\/mesa-redonda-del-ccvc-la-vacuna-de-la-rabia-un-poca-mas-cerca\/","url":"https:\/\/www.covb.cat\/es\/actualitat\/noticies\/general\/mesa-redonda-del-ccvc-la-vacuna-de-la-rabia-un-poca-mas-cerca\/","name":"Mesa redonda del CCVC: la Vacuna de la rabia un poca m\u00e1s cerca - COVB - Col\u00b7legi Oficial de Veterinaris de Barcelona","isPartOf":{"@id":"https:\/\/www.covb.cat\/es\/#website"},"primaryImageOfPage":{"@id":"https:\/\/www.covb.cat\/es\/actualitat\/noticies\/general\/mesa-redonda-del-ccvc-la-vacuna-de-la-rabia-un-poca-mas-cerca\/#primaryimage"},"image":{"@id":"https:\/\/www.covb.cat\/es\/actualitat\/noticies\/general\/mesa-redonda-del-ccvc-la-vacuna-de-la-rabia-un-poca-mas-cerca\/#primaryimage"},"thumbnailUrl":"https:\/\/www.covb.cat\/wp-content\/uploads\/2023\/10\/d4000a8c-adf8-6347-3611-ac4458c8916f-scaled.jpg","datePublished":"2023-10-09T10:53:13+00:00","description":"Con motivo del D\u00eda Mundial de la Rabia, el Consell de Col\u00b7legis Catalunya (CCVC) organizo una mesa redonda con la participaci\u00f3n de Julio Benavides,","breadcrumb":{"@id":"https:\/\/www.covb.cat\/es\/actualitat\/noticies\/general\/mesa-redonda-del-ccvc-la-vacuna-de-la-rabia-un-poca-mas-cerca\/#breadcrumb"},"inLanguage":"es","potentialAction":[{"@type":"ReadAction","target":["https:\/\/www.covb.cat\/es\/actualitat\/noticies\/general\/mesa-redonda-del-ccvc-la-vacuna-de-la-rabia-un-poca-mas-cerca\/"]}]},{"@type":"ImageObject","inLanguage":"es","@id":"https:\/\/www.covb.cat\/es\/actualitat\/noticies\/general\/mesa-redonda-del-ccvc-la-vacuna-de-la-rabia-un-poca-mas-cerca\/#primaryimage","url":"https:\/\/www.covb.cat\/wp-content\/uploads\/2023\/10\/d4000a8c-adf8-6347-3611-ac4458c8916f-scaled.jpg","contentUrl":"https:\/\/www.covb.cat\/wp-content\/uploads\/2023\/10\/d4000a8c-adf8-6347-3611-ac4458c8916f-scaled.jpg","width":2560,"height":1707},{"@type":"BreadcrumbList","@id":"https:\/\/www.covb.cat\/es\/actualitat\/noticies\/general\/mesa-redonda-del-ccvc-la-vacuna-de-la-rabia-un-poca-mas-cerca\/#breadcrumb","itemListElement":[{"@type":"ListItem","position":1,"name":"Inici","item":"https:\/\/www.covb.cat\/es\/"},{"@type":"ListItem","position":2,"name":"Mesa redonda del CCVC: la Vacuna de la rabia un poca m\u00e1s cerca"}]},{"@type":"WebSite","@id":"https:\/\/www.covb.cat\/es\/#website","url":"https:\/\/www.covb.cat\/es\/","name":"COVB","description":"Col\u00b7legi Oficial de Veterinaris de Barcelona","publisher":{"@id":"https:\/\/www.covb.cat\/es\/#organization"},"potentialAction":[{"@type":"SearchAction","target":{"@type":"EntryPoint","urlTemplate":"https:\/\/www.covb.cat\/es\/?s={search_term_string}"},"query-input":{"@type":"PropertyValueSpecification","valueRequired":true,"valueName":"search_term_string"}}],"inLanguage":"es"},{"@type":"Organization","@id":"https:\/\/www.covb.cat\/es\/#organization","name":"COVB","url":"https:\/\/www.covb.cat\/es\/","logo":{"@type":"ImageObject","inLanguage":"es","@id":"https:\/\/www.covb.cat\/es\/#\/schema\/logo\/image\/","url":"https:\/\/www.covb.cat\/wp-content\/uploads\/2018\/07\/favicon-covb.png","contentUrl":"https:\/\/www.covb.cat\/wp-content\/uploads\/2018\/07\/favicon-covb.png","width":512,"height":512,"caption":"COVB"},"image":{"@id":"https:\/\/www.covb.cat\/es\/#\/schema\/logo\/image\/"},"sameAs":["https:\/\/www.facebook.com\/COVBcat\/","https:\/\/x.com\/COVBcat","https:\/\/www.youtube.com\/user\/covbcn"]},{"@type":"Person","@id":""}]}},"jetpack_featured_media_url":"https:\/\/www.covb.cat\/wp-content\/uploads\/2023\/10\/d4000a8c-adf8-6347-3611-ac4458c8916f-scaled.jpg","jetpack_sharing_enabled":true,"_links":{"self":[{"href":"https:\/\/www.covb.cat\/es\/wp-json\/wp\/v2\/posts\/37372","targetHints":{"allow":["GET"]}}],"collection":[{"href":"https:\/\/www.covb.cat\/es\/wp-json\/wp\/v2\/posts"}],"about":[{"href":"https:\/\/www.covb.cat\/es\/wp-json\/wp\/v2\/types\/post"}],"author":[{"embeddable":true,"href":"https:\/\/www.covb.cat\/es\/wp-json\/wp\/v2\/users\/106"}],"replies":[{"embeddable":true,"href":"https:\/\/www.covb.cat\/es\/wp-json\/wp\/v2\/comments?post=37372"}],"version-history":[{"count":0,"href":"https:\/\/www.covb.cat\/es\/wp-json\/wp\/v2\/posts\/37372\/revisions"}],"wp:featuredmedia":[{"embeddable":true,"href":"https:\/\/www.covb.cat\/es\/wp-json\/wp\/v2\/media\/37326"}],"wp:attachment":[{"href":"https:\/\/www.covb.cat\/es\/wp-json\/wp\/v2\/media?parent=37372"}],"wp:term":[{"taxonomy":"category","embeddable":true,"href":"https:\/\/www.covb.cat\/es\/wp-json\/wp\/v2\/categories?post=37372"},{"taxonomy":"post_tag","embeddable":true,"href":"https:\/\/www.covb.cat\/es\/wp-json\/wp\/v2\/tags?post=37372"}],"curies":[{"name":"wp","href":"https:\/\/api.w.org\/{rel}","templated":true}]}}