{"id":37370,"date":"2023-10-09T12:52:42","date_gmt":"2023-10-09T10:52:42","guid":{"rendered":"https:\/\/www.covb.cat\/?p=37370"},"modified":"2023-10-09T12:52:42","modified_gmt":"2023-10-09T10:52:42","slug":"la-conferencia-de-manuel-lopez-decano-de-la-facultat-de-veterinaria-abrira-la-jornada-impuls-vet-te-has-inscrito-ya","status":"publish","type":"post","link":"https:\/\/www.covb.cat\/es\/actualitat\/noticies\/general\/la-conferencia-de-manuel-lopez-decano-de-la-facultat-de-veterinaria-abrira-la-jornada-impuls-vet-te-has-inscrito-ya\/","title":{"rendered":"La Conferencia de Manuel L\u00f3pez, decano de la Facultat de Veterin\u00e0ria, abrir\u00e1 la jornada Impuls VET. \u00bfTe has inscrito ya?"},"content":{"rendered":"<p>Manuel L\u00f3pez, decano de la Facultat de Veterin\u00e0ria de la Universitat de Barcelona abrir\u00e1 el programa de la jornada cient\u00edfica formativa Impuls_VET del pr\u00f3ximo s\u00e1bado 21 de octubre con la conferencia \u201cEl futuro de la profesi\u00f3n veterinaria: retos y oportunidades\u201d.<\/p>\n<p>Despu\u00e9s, la jornada se dividir\u00e1 en diferentes mesas de trabajo simult\u00e1neas. La Mesa dedicada a Peque\u00f1os Animales tratar\u00e1 el tema del estr\u00e9s laboral, la Mesa de Seguridad Alimentaria con Marta Mourelle explicar\u00e1 por qu\u00e9 es necesaria una cultura de Seguridad Alimentaria, la Mesa de Veterinaria de Granjas con Juan Pascual se hablar\u00e1 de la imagen actual de la ganader\u00eda, y la Mesa de Protecci\u00f3n Animal tendr\u00e1 dos ponencias una sobre veterinaria forense y otra sobre maltrato animal.<\/p>\n<p><a href=\"https:\/\/mcusercontent.com\/c131463000c5688473b8b34ba\/files\/03fbcc93-0157-db1d-326a-43cf8173d606\/COBB_Impuls_vet_II_Jornada_veterin\u00e0ria_programa_21_oct_.pdf\">Consulta el programa<\/a> para elegir la mesa de trabajo sectorial que os resulta m\u00e1s interesante seg\u00fan vuestro \u00e1mbito profesional y haz <a href=\"https:\/\/forms.gle\/YSuddLZw9Q1xP4zv7\">tu inscripci\u00f3n. <\/a><\/p>\n<p>Os esperamos en el Hotel NH Collection Constan\u00e7a de Barcelona, el 21 de octubre.<\/p>\n","protected":false},"excerpt":{"rendered":"<p>Manuel L\u00f3pez, decano de la Facultat de Veterin\u00e0ria de la Universitat de Barcelona abrir\u00e1 el programa de la jornada cient\u00edfica formativa Impuls_VET del pr\u00f3ximo s\u00e1bado 21 de octubre con la conferencia \u201cEl futuro de la profesi\u00f3n veterinaria: retos y oportunidades\u201d. Despu\u00e9s, la jornada se dividir\u00e1 en diferentes mesas de trabajo simult\u00e1neas. La Mesa dedicada a [&hellip;]<\/p>\n","protected":false},"author":106,"featured_media":37322,"comment_status":"closed","ping_status":"closed","sticky":false,"template":"","format":"standard","meta":{"_monsterinsights_skip_tracking":false,"_monsterinsights_sitenote_active":false,"_monsterinsights_sitenote_note":"","_monsterinsights_sitenote_category":0,"_jetpack_memberships_contains_paid_content":false,"footnotes":""},"categories":[138,17],"tags":[],"class_list":["post-37370","post","type-post","status-publish","format-standard","has-post-thumbnail","hentry","category-corporativo","category-general"],"yoast_head":"<!-- This site is optimized with the Yoast SEO plugin v27.0 - https:\/\/yoast.com\/product\/yoast-seo-wordpress\/ -->\n<title>La Conferencia de Manuel L\u00f3pez, decano de la Facultat de Veterin\u00e0ria, abrir\u00e1 la jornada Impuls VET. \u00bfTe has inscrito ya? - COVB - Col\u00b7legi Oficial de Veterinaris de Barcelona<\/title>\n<meta name=\"description\" content=\"Manuel L\u00f3pez, decano de la Facultat de Veterin\u00e0ria de la Universitat de Barcelona abrir\u00e1 el programa de la jornada cient\u00edfica formativa Impuls_VET del\" \/>\n<meta name=\"robots\" content=\"index, follow, max-snippet:-1, max-image-preview:large, max-video-preview:-1\" \/>\n<link rel=\"canonical\" href=\"https:\/\/www.covb.cat\/es\/actualitat\/noticies\/general\/la-conferencia-de-manuel-lopez-decano-de-la-facultat-de-veterinaria-abrira-la-jornada-impuls-vet-te-has-inscrito-ya\/\" \/>\n<meta property=\"og:locale\" content=\"es_ES\" \/>\n<meta property=\"og:type\" content=\"article\" \/>\n<meta property=\"og:title\" content=\"La Conferencia de Manuel L\u00f3pez, decano de la Facultat de Veterin\u00e0ria, abrir\u00e1 la jornada Impuls VET. \u00bfTe has inscrito ya? - COVB - Col\u00b7legi Oficial de Veterinaris de Barcelona\" \/>\n<meta property=\"og:description\" content=\"Manuel L\u00f3pez, decano de la Facultat de Veterin\u00e0ria de la Universitat de Barcelona abrir\u00e1 el programa de la jornada cient\u00edfica formativa Impuls_VET del\" \/>\n<meta property=\"og:url\" content=\"https:\/\/www.covb.cat\/es\/actualitat\/noticies\/general\/la-conferencia-de-manuel-lopez-decano-de-la-facultat-de-veterinaria-abrira-la-jornada-impuls-vet-te-has-inscrito-ya\/\" \/>\n<meta property=\"og:site_name\" content=\"COVB\" \/>\n<meta property=\"article:publisher\" content=\"https:\/\/www.facebook.com\/COVBcat\/\" \/>\n<meta property=\"article:published_time\" content=\"2023-10-09T10:52:42+00:00\" \/>\n<meta property=\"og:image\" content=\"https:\/\/www.covb.cat\/wp-content\/uploads\/2023\/10\/impulsvet.jpg\" \/>\n\t<meta property=\"og:image:width\" content=\"651\" \/>\n\t<meta property=\"og:image:height\" content=\"454\" \/>\n\t<meta property=\"og:image:type\" content=\"image\/jpeg\" \/>\n<meta name=\"twitter:card\" content=\"summary_large_image\" \/>\n<meta name=\"twitter:creator\" content=\"@COVBcat\" \/>\n<meta name=\"twitter:site\" content=\"@COVBcat\" \/>\n<meta name=\"twitter:label1\" content=\"Escrito por\" \/>\n\t<meta name=\"twitter:data1\" content=\"\" \/>\n\t<meta name=\"twitter:label2\" content=\"Tiempo de lectura\" \/>\n\t<meta name=\"twitter:data2\" content=\"1 minuto\" \/>\n<script type=\"application\/ld+json\" class=\"yoast-schema-graph\">{\"@context\":\"https:\/\/schema.org\",\"@graph\":[{\"@type\":\"Article\",\"@id\":\"https:\/\/www.covb.cat\/es\/actualitat\/noticies\/general\/la-conferencia-de-manuel-lopez-decano-de-la-facultat-de-veterinaria-abrira-la-jornada-impuls-vet-te-has-inscrito-ya\/#article\",\"isPartOf\":{\"@id\":\"https:\/\/www.covb.cat\/es\/actualitat\/noticies\/general\/la-conferencia-de-manuel-lopez-decano-de-la-facultat-de-veterinaria-abrira-la-jornada-impuls-vet-te-has-inscrito-ya\/\"},\"author\":{\"name\":\"\",\"@id\":\"\"},\"headline\":\"La Conferencia de Manuel L\u00f3pez, decano de la Facultat de Veterin\u00e0ria, abrir\u00e1 la jornada Impuls VET. \u00bfTe has inscrito ya?\",\"datePublished\":\"2023-10-09T10:52:42+00:00\",\"mainEntityOfPage\":{\"@id\":\"https:\/\/www.covb.cat\/es\/actualitat\/noticies\/general\/la-conferencia-de-manuel-lopez-decano-de-la-facultat-de-veterinaria-abrira-la-jornada-impuls-vet-te-has-inscrito-ya\/\"},\"wordCount\":191,\"publisher\":{\"@id\":\"https:\/\/www.covb.cat\/es\/#organization\"},\"image\":{\"@id\":\"https:\/\/www.covb.cat\/es\/actualitat\/noticies\/general\/la-conferencia-de-manuel-lopez-decano-de-la-facultat-de-veterinaria-abrira-la-jornada-impuls-vet-te-has-inscrito-ya\/#primaryimage\"},\"thumbnailUrl\":\"https:\/\/www.covb.cat\/wp-content\/uploads\/2023\/10\/impulsvet.jpg\",\"articleSection\":[\"Corporativo\",\"General\"],\"inLanguage\":\"es\"},{\"@type\":\"WebPage\",\"@id\":\"https:\/\/www.covb.cat\/es\/actualitat\/noticies\/general\/la-conferencia-de-manuel-lopez-decano-de-la-facultat-de-veterinaria-abrira-la-jornada-impuls-vet-te-has-inscrito-ya\/\",\"url\":\"https:\/\/www.covb.cat\/es\/actualitat\/noticies\/general\/la-conferencia-de-manuel-lopez-decano-de-la-facultat-de-veterinaria-abrira-la-jornada-impuls-vet-te-has-inscrito-ya\/\",\"name\":\"La Conferencia de Manuel L\u00f3pez, decano de la Facultat de Veterin\u00e0ria, abrir\u00e1 la jornada Impuls VET. \u00bfTe has inscrito ya? - COVB - Col\u00b7legi Oficial de Veterinaris de Barcelona\",\"isPartOf\":{\"@id\":\"https:\/\/www.covb.cat\/es\/#website\"},\"primaryImageOfPage\":{\"@id\":\"https:\/\/www.covb.cat\/es\/actualitat\/noticies\/general\/la-conferencia-de-manuel-lopez-decano-de-la-facultat-de-veterinaria-abrira-la-jornada-impuls-vet-te-has-inscrito-ya\/#primaryimage\"},\"image\":{\"@id\":\"https:\/\/www.covb.cat\/es\/actualitat\/noticies\/general\/la-conferencia-de-manuel-lopez-decano-de-la-facultat-de-veterinaria-abrira-la-jornada-impuls-vet-te-has-inscrito-ya\/#primaryimage\"},\"thumbnailUrl\":\"https:\/\/www.covb.cat\/wp-content\/uploads\/2023\/10\/impulsvet.jpg\",\"datePublished\":\"2023-10-09T10:52:42+00:00\",\"description\":\"Manuel L\u00f3pez, decano de la Facultat de Veterin\u00e0ria de la Universitat de Barcelona abrir\u00e1 el programa de la jornada cient\u00edfica formativa Impuls_VET del\",\"breadcrumb\":{\"@id\":\"https:\/\/www.covb.cat\/es\/actualitat\/noticies\/general\/la-conferencia-de-manuel-lopez-decano-de-la-facultat-de-veterinaria-abrira-la-jornada-impuls-vet-te-has-inscrito-ya\/#breadcrumb\"},\"inLanguage\":\"es\",\"potentialAction\":[{\"@type\":\"ReadAction\",\"target\":[\"https:\/\/www.covb.cat\/es\/actualitat\/noticies\/general\/la-conferencia-de-manuel-lopez-decano-de-la-facultat-de-veterinaria-abrira-la-jornada-impuls-vet-te-has-inscrito-ya\/\"]}]},{\"@type\":\"ImageObject\",\"inLanguage\":\"es\",\"@id\":\"https:\/\/www.covb.cat\/es\/actualitat\/noticies\/general\/la-conferencia-de-manuel-lopez-decano-de-la-facultat-de-veterinaria-abrira-la-jornada-impuls-vet-te-has-inscrito-ya\/#primaryimage\",\"url\":\"https:\/\/www.covb.cat\/wp-content\/uploads\/2023\/10\/impulsvet.jpg\",\"contentUrl\":\"https:\/\/www.covb.cat\/wp-content\/uploads\/2023\/10\/impulsvet.jpg\",\"width\":651,\"height\":454},{\"@type\":\"BreadcrumbList\",\"@id\":\"https:\/\/www.covb.cat\/es\/actualitat\/noticies\/general\/la-conferencia-de-manuel-lopez-decano-de-la-facultat-de-veterinaria-abrira-la-jornada-impuls-vet-te-has-inscrito-ya\/#breadcrumb\",\"itemListElement\":[{\"@type\":\"ListItem\",\"position\":1,\"name\":\"Inici\",\"item\":\"https:\/\/www.covb.cat\/es\/\"},{\"@type\":\"ListItem\",\"position\":2,\"name\":\"La Conferencia de Manuel L\u00f3pez, decano de la Facultat de Veterin\u00e0ria, abrir\u00e1 la jornada Impuls VET. \u00bfTe has inscrito ya?\"}]},{\"@type\":\"WebSite\",\"@id\":\"https:\/\/www.covb.cat\/es\/#website\",\"url\":\"https:\/\/www.covb.cat\/es\/\",\"name\":\"COVB\",\"description\":\"Col\u00b7legi Oficial de Veterinaris de Barcelona\",\"publisher\":{\"@id\":\"https:\/\/www.covb.cat\/es\/#organization\"},\"potentialAction\":[{\"@type\":\"SearchAction\",\"target\":{\"@type\":\"EntryPoint\",\"urlTemplate\":\"https:\/\/www.covb.cat\/es\/?s={search_term_string}\"},\"query-input\":{\"@type\":\"PropertyValueSpecification\",\"valueRequired\":true,\"valueName\":\"search_term_string\"}}],\"inLanguage\":\"es\"},{\"@type\":\"Organization\",\"@id\":\"https:\/\/www.covb.cat\/es\/#organization\",\"name\":\"COVB\",\"url\":\"https:\/\/www.covb.cat\/es\/\",\"logo\":{\"@type\":\"ImageObject\",\"inLanguage\":\"es\",\"@id\":\"https:\/\/www.covb.cat\/es\/#\/schema\/logo\/image\/\",\"url\":\"https:\/\/www.covb.cat\/wp-content\/uploads\/2018\/07\/favicon-covb.png\",\"contentUrl\":\"https:\/\/www.covb.cat\/wp-content\/uploads\/2018\/07\/favicon-covb.png\",\"width\":512,\"height\":512,\"caption\":\"COVB\"},\"image\":{\"@id\":\"https:\/\/www.covb.cat\/es\/#\/schema\/logo\/image\/\"},\"sameAs\":[\"https:\/\/www.facebook.com\/COVBcat\/\",\"https:\/\/x.com\/COVBcat\",\"https:\/\/www.youtube.com\/user\/covbcn\"]},{\"@type\":\"Person\",\"@id\":\"\"}]}<\/script>\n<!-- \/ Yoast SEO plugin. -->","yoast_head_json":{"title":"La Conferencia de Manuel L\u00f3pez, decano de la Facultat de Veterin\u00e0ria, abrir\u00e1 la jornada Impuls VET. \u00bfTe has inscrito ya? - COVB - Col\u00b7legi Oficial de Veterinaris de Barcelona","description":"Manuel L\u00f3pez, decano de la Facultat de Veterin\u00e0ria de la Universitat de Barcelona abrir\u00e1 el programa de la jornada cient\u00edfica formativa Impuls_VET del","robots":{"index":"index","follow":"follow","max-snippet":"max-snippet:-1","max-image-preview":"max-image-preview:large","max-video-preview":"max-video-preview:-1"},"canonical":"https:\/\/www.covb.cat\/es\/actualitat\/noticies\/general\/la-conferencia-de-manuel-lopez-decano-de-la-facultat-de-veterinaria-abrira-la-jornada-impuls-vet-te-has-inscrito-ya\/","og_locale":"es_ES","og_type":"article","og_title":"La Conferencia de Manuel L\u00f3pez, decano de la Facultat de Veterin\u00e0ria, abrir\u00e1 la jornada Impuls VET. \u00bfTe has inscrito ya? - COVB - Col\u00b7legi Oficial de Veterinaris de Barcelona","og_description":"Manuel L\u00f3pez, decano de la Facultat de Veterin\u00e0ria de la Universitat de Barcelona abrir\u00e1 el programa de la jornada cient\u00edfica formativa Impuls_VET del","og_url":"https:\/\/www.covb.cat\/es\/actualitat\/noticies\/general\/la-conferencia-de-manuel-lopez-decano-de-la-facultat-de-veterinaria-abrira-la-jornada-impuls-vet-te-has-inscrito-ya\/","og_site_name":"COVB","article_publisher":"https:\/\/www.facebook.com\/COVBcat\/","article_published_time":"2023-10-09T10:52:42+00:00","og_image":[{"width":651,"height":454,"url":"https:\/\/www.covb.cat\/wp-content\/uploads\/2023\/10\/impulsvet.jpg","type":"image\/jpeg"}],"twitter_card":"summary_large_image","twitter_creator":"@COVBcat","twitter_site":"@COVBcat","twitter_misc":{"Escrito por":"","Tiempo de lectura":"1 minuto"},"schema":{"@context":"https:\/\/schema.org","@graph":[{"@type":"Article","@id":"https:\/\/www.covb.cat\/es\/actualitat\/noticies\/general\/la-conferencia-de-manuel-lopez-decano-de-la-facultat-de-veterinaria-abrira-la-jornada-impuls-vet-te-has-inscrito-ya\/#article","isPartOf":{"@id":"https:\/\/www.covb.cat\/es\/actualitat\/noticies\/general\/la-conferencia-de-manuel-lopez-decano-de-la-facultat-de-veterinaria-abrira-la-jornada-impuls-vet-te-has-inscrito-ya\/"},"author":{"name":"","@id":""},"headline":"La Conferencia de Manuel L\u00f3pez, decano de la Facultat de Veterin\u00e0ria, abrir\u00e1 la jornada Impuls VET. \u00bfTe has inscrito ya?","datePublished":"2023-10-09T10:52:42+00:00","mainEntityOfPage":{"@id":"https:\/\/www.covb.cat\/es\/actualitat\/noticies\/general\/la-conferencia-de-manuel-lopez-decano-de-la-facultat-de-veterinaria-abrira-la-jornada-impuls-vet-te-has-inscrito-ya\/"},"wordCount":191,"publisher":{"@id":"https:\/\/www.covb.cat\/es\/#organization"},"image":{"@id":"https:\/\/www.covb.cat\/es\/actualitat\/noticies\/general\/la-conferencia-de-manuel-lopez-decano-de-la-facultat-de-veterinaria-abrira-la-jornada-impuls-vet-te-has-inscrito-ya\/#primaryimage"},"thumbnailUrl":"https:\/\/www.covb.cat\/wp-content\/uploads\/2023\/10\/impulsvet.jpg","articleSection":["Corporativo","General"],"inLanguage":"es"},{"@type":"WebPage","@id":"https:\/\/www.covb.cat\/es\/actualitat\/noticies\/general\/la-conferencia-de-manuel-lopez-decano-de-la-facultat-de-veterinaria-abrira-la-jornada-impuls-vet-te-has-inscrito-ya\/","url":"https:\/\/www.covb.cat\/es\/actualitat\/noticies\/general\/la-conferencia-de-manuel-lopez-decano-de-la-facultat-de-veterinaria-abrira-la-jornada-impuls-vet-te-has-inscrito-ya\/","name":"La Conferencia de Manuel L\u00f3pez, decano de la Facultat de Veterin\u00e0ria, abrir\u00e1 la jornada Impuls VET. \u00bfTe has inscrito ya? - COVB - Col\u00b7legi Oficial de Veterinaris de Barcelona","isPartOf":{"@id":"https:\/\/www.covb.cat\/es\/#website"},"primaryImageOfPage":{"@id":"https:\/\/www.covb.cat\/es\/actualitat\/noticies\/general\/la-conferencia-de-manuel-lopez-decano-de-la-facultat-de-veterinaria-abrira-la-jornada-impuls-vet-te-has-inscrito-ya\/#primaryimage"},"image":{"@id":"https:\/\/www.covb.cat\/es\/actualitat\/noticies\/general\/la-conferencia-de-manuel-lopez-decano-de-la-facultat-de-veterinaria-abrira-la-jornada-impuls-vet-te-has-inscrito-ya\/#primaryimage"},"thumbnailUrl":"https:\/\/www.covb.cat\/wp-content\/uploads\/2023\/10\/impulsvet.jpg","datePublished":"2023-10-09T10:52:42+00:00","description":"Manuel L\u00f3pez, decano de la Facultat de Veterin\u00e0ria de la Universitat de Barcelona abrir\u00e1 el programa de la jornada cient\u00edfica formativa Impuls_VET del","breadcrumb":{"@id":"https:\/\/www.covb.cat\/es\/actualitat\/noticies\/general\/la-conferencia-de-manuel-lopez-decano-de-la-facultat-de-veterinaria-abrira-la-jornada-impuls-vet-te-has-inscrito-ya\/#breadcrumb"},"inLanguage":"es","potentialAction":[{"@type":"ReadAction","target":["https:\/\/www.covb.cat\/es\/actualitat\/noticies\/general\/la-conferencia-de-manuel-lopez-decano-de-la-facultat-de-veterinaria-abrira-la-jornada-impuls-vet-te-has-inscrito-ya\/"]}]},{"@type":"ImageObject","inLanguage":"es","@id":"https:\/\/www.covb.cat\/es\/actualitat\/noticies\/general\/la-conferencia-de-manuel-lopez-decano-de-la-facultat-de-veterinaria-abrira-la-jornada-impuls-vet-te-has-inscrito-ya\/#primaryimage","url":"https:\/\/www.covb.cat\/wp-content\/uploads\/2023\/10\/impulsvet.jpg","contentUrl":"https:\/\/www.covb.cat\/wp-content\/uploads\/2023\/10\/impulsvet.jpg","width":651,"height":454},{"@type":"BreadcrumbList","@id":"https:\/\/www.covb.cat\/es\/actualitat\/noticies\/general\/la-conferencia-de-manuel-lopez-decano-de-la-facultat-de-veterinaria-abrira-la-jornada-impuls-vet-te-has-inscrito-ya\/#breadcrumb","itemListElement":[{"@type":"ListItem","position":1,"name":"Inici","item":"https:\/\/www.covb.cat\/es\/"},{"@type":"ListItem","position":2,"name":"La Conferencia de Manuel L\u00f3pez, decano de la Facultat de Veterin\u00e0ria, abrir\u00e1 la jornada Impuls VET. \u00bfTe has inscrito ya?"}]},{"@type":"WebSite","@id":"https:\/\/www.covb.cat\/es\/#website","url":"https:\/\/www.covb.cat\/es\/","name":"COVB","description":"Col\u00b7legi Oficial de Veterinaris de Barcelona","publisher":{"@id":"https:\/\/www.covb.cat\/es\/#organization"},"potentialAction":[{"@type":"SearchAction","target":{"@type":"EntryPoint","urlTemplate":"https:\/\/www.covb.cat\/es\/?s={search_term_string}"},"query-input":{"@type":"PropertyValueSpecification","valueRequired":true,"valueName":"search_term_string"}}],"inLanguage":"es"},{"@type":"Organization","@id":"https:\/\/www.covb.cat\/es\/#organization","name":"COVB","url":"https:\/\/www.covb.cat\/es\/","logo":{"@type":"ImageObject","inLanguage":"es","@id":"https:\/\/www.covb.cat\/es\/#\/schema\/logo\/image\/","url":"https:\/\/www.covb.cat\/wp-content\/uploads\/2018\/07\/favicon-covb.png","contentUrl":"https:\/\/www.covb.cat\/wp-content\/uploads\/2018\/07\/favicon-covb.png","width":512,"height":512,"caption":"COVB"},"image":{"@id":"https:\/\/www.covb.cat\/es\/#\/schema\/logo\/image\/"},"sameAs":["https:\/\/www.facebook.com\/COVBcat\/","https:\/\/x.com\/COVBcat","https:\/\/www.youtube.com\/user\/covbcn"]},{"@type":"Person","@id":""}]}},"jetpack_featured_media_url":"https:\/\/www.covb.cat\/wp-content\/uploads\/2023\/10\/impulsvet.jpg","jetpack_sharing_enabled":true,"_links":{"self":[{"href":"https:\/\/www.covb.cat\/es\/wp-json\/wp\/v2\/posts\/37370","targetHints":{"allow":["GET"]}}],"collection":[{"href":"https:\/\/www.covb.cat\/es\/wp-json\/wp\/v2\/posts"}],"about":[{"href":"https:\/\/www.covb.cat\/es\/wp-json\/wp\/v2\/types\/post"}],"author":[{"embeddable":true,"href":"https:\/\/www.covb.cat\/es\/wp-json\/wp\/v2\/users\/106"}],"replies":[{"embeddable":true,"href":"https:\/\/www.covb.cat\/es\/wp-json\/wp\/v2\/comments?post=37370"}],"version-history":[{"count":0,"href":"https:\/\/www.covb.cat\/es\/wp-json\/wp\/v2\/posts\/37370\/revisions"}],"wp:featuredmedia":[{"embeddable":true,"href":"https:\/\/www.covb.cat\/es\/wp-json\/wp\/v2\/media\/37322"}],"wp:attachment":[{"href":"https:\/\/www.covb.cat\/es\/wp-json\/wp\/v2\/media?parent=37370"}],"wp:term":[{"taxonomy":"category","embeddable":true,"href":"https:\/\/www.covb.cat\/es\/wp-json\/wp\/v2\/categories?post=37370"},{"taxonomy":"post_tag","embeddable":true,"href":"https:\/\/www.covb.cat\/es\/wp-json\/wp\/v2\/tags?post=37370"}],"curies":[{"name":"wp","href":"https:\/\/api.w.org\/{rel}","templated":true}]}}