{"id":37365,"date":"2023-10-09T12:47:43","date_gmt":"2023-10-09T10:47:43","guid":{"rendered":"https:\/\/www.covb.cat\/?p=37365"},"modified":"2023-10-09T12:47:43","modified_gmt":"2023-10-09T10:47:43","slug":"vacantes-para-veterinarios-de-seguridad-alimentaria-en-los-paises-bajos","status":"publish","type":"post","link":"https:\/\/www.covb.cat\/es\/actualitat\/noticies\/general\/vacantes-para-veterinarios-de-seguridad-alimentaria-en-los-paises-bajos\/","title":{"rendered":"Vacantes para Veterinarios de Seguridad Alimentaria en los Pa\u00edses Bajos"},"content":{"rendered":"<p>El programa EURES de la Comisi\u00f3n Europea tiene abierta una convocatoria de la Agencia Estatal de Seguridad Alimentaria de los Pa\u00edses Bajos para cubrir diversas vacantes para veterinarios de Seguridad Alimentaria. En el adjunto encontrar\u00e1s las condiciones, requisitos y como contactar.<\/p>\n<p><a href=\"https:\/\/mcusercontent.com\/c131463000c5688473b8b34ba\/files\/732c42b9-6518-1ba6-7958-39b06e9c5d62\/Oferta_Supervising_Veterinarian_for_the_Dutch_Government_Paises_Bajos_2023.pdf\">Descargar PDF<\/a><\/p>\n","protected":false},"excerpt":{"rendered":"<p>El programa EURES de la Comisi\u00f3n Europea tiene abierta una convocatoria de la Agencia Estatal de Seguridad Alimentaria de los Pa\u00edses Bajos para cubrir diversas vacantes para veterinarios de Seguridad Alimentaria. En el adjunto encontrar\u00e1s las condiciones, requisitos y como contactar. Descargar PDF<\/p>\n","protected":false},"author":106,"featured_media":37310,"comment_status":"closed","ping_status":"closed","sticky":false,"template":"","format":"standard","meta":{"_monsterinsights_skip_tracking":false,"_monsterinsights_sitenote_active":false,"_monsterinsights_sitenote_note":"","_monsterinsights_sitenote_category":0,"_jetpack_memberships_contains_paid_content":false,"footnotes":""},"categories":[17,164],"tags":[],"class_list":["post-37365","post","type-post","status-publish","format-standard","has-post-thumbnail","hentry","category-general","category-profesional"],"yoast_head":"<!-- This site is optimized with the Yoast SEO plugin v27.0 - https:\/\/yoast.com\/product\/yoast-seo-wordpress\/ -->\n<title>Vacantes para Veterinarios de Seguridad Alimentaria en los Pa\u00edses Bajos - COVB - Col\u00b7legi Oficial de Veterinaris de Barcelona<\/title>\n<meta name=\"description\" content=\"El programa EURES de la Comisi\u00f3n Europea tiene abierta una convocatoria de la Agencia Estatal de Seguridad Alimentaria de los Pa\u00edses Bajos para cubrir\" \/>\n<meta name=\"robots\" content=\"index, follow, max-snippet:-1, max-image-preview:large, max-video-preview:-1\" \/>\n<link rel=\"canonical\" href=\"https:\/\/www.covb.cat\/es\/actualitat\/noticies\/general\/vacantes-para-veterinarios-de-seguridad-alimentaria-en-los-paises-bajos\/\" \/>\n<meta property=\"og:locale\" content=\"es_ES\" \/>\n<meta property=\"og:type\" content=\"article\" \/>\n<meta property=\"og:title\" content=\"Vacantes para Veterinarios de Seguridad Alimentaria en los Pa\u00edses Bajos - COVB - Col\u00b7legi Oficial de Veterinaris de Barcelona\" \/>\n<meta property=\"og:description\" content=\"El programa EURES de la Comisi\u00f3n Europea tiene abierta una convocatoria de la Agencia Estatal de Seguridad Alimentaria de los Pa\u00edses Bajos para cubrir\" \/>\n<meta property=\"og:url\" content=\"https:\/\/www.covb.cat\/es\/actualitat\/noticies\/general\/vacantes-para-veterinarios-de-seguridad-alimentaria-en-los-paises-bajos\/\" \/>\n<meta property=\"og:site_name\" content=\"COVB\" \/>\n<meta property=\"article:publisher\" content=\"https:\/\/www.facebook.com\/COVBcat\/\" \/>\n<meta property=\"article:published_time\" content=\"2023-10-09T10:47:43+00:00\" \/>\n<meta property=\"og:image\" content=\"https:\/\/www.covb.cat\/wp-content\/uploads\/2023\/10\/oferta_treball.jpg\" \/>\n\t<meta property=\"og:image:width\" content=\"736\" \/>\n\t<meta property=\"og:image:height\" content=\"434\" \/>\n\t<meta property=\"og:image:type\" content=\"image\/jpeg\" \/>\n<meta name=\"twitter:card\" content=\"summary_large_image\" \/>\n<meta name=\"twitter:creator\" content=\"@COVBcat\" \/>\n<meta name=\"twitter:site\" content=\"@COVBcat\" \/>\n<meta name=\"twitter:label1\" content=\"Escrito por\" \/>\n\t<meta name=\"twitter:data1\" content=\"\" \/>\n\t<meta name=\"twitter:label2\" content=\"Tiempo de lectura\" \/>\n\t<meta name=\"twitter:data2\" content=\"1 minuto\" \/>\n<script type=\"application\/ld+json\" class=\"yoast-schema-graph\">{\"@context\":\"https:\/\/schema.org\",\"@graph\":[{\"@type\":\"Article\",\"@id\":\"https:\/\/www.covb.cat\/es\/actualitat\/noticies\/general\/vacantes-para-veterinarios-de-seguridad-alimentaria-en-los-paises-bajos\/#article\",\"isPartOf\":{\"@id\":\"https:\/\/www.covb.cat\/es\/actualitat\/noticies\/general\/vacantes-para-veterinarios-de-seguridad-alimentaria-en-los-paises-bajos\/\"},\"author\":{\"name\":\"\",\"@id\":\"\"},\"headline\":\"Vacantes para Veterinarios de Seguridad Alimentaria en los Pa\u00edses Bajos\",\"datePublished\":\"2023-10-09T10:47:43+00:00\",\"mainEntityOfPage\":{\"@id\":\"https:\/\/www.covb.cat\/es\/actualitat\/noticies\/general\/vacantes-para-veterinarios-de-seguridad-alimentaria-en-los-paises-bajos\/\"},\"wordCount\":57,\"publisher\":{\"@id\":\"https:\/\/www.covb.cat\/es\/#organization\"},\"image\":{\"@id\":\"https:\/\/www.covb.cat\/es\/actualitat\/noticies\/general\/vacantes-para-veterinarios-de-seguridad-alimentaria-en-los-paises-bajos\/#primaryimage\"},\"thumbnailUrl\":\"https:\/\/www.covb.cat\/wp-content\/uploads\/2023\/10\/oferta_treball.jpg\",\"articleSection\":[\"General\",\"Profesi\u00f3n\"],\"inLanguage\":\"es\"},{\"@type\":\"WebPage\",\"@id\":\"https:\/\/www.covb.cat\/es\/actualitat\/noticies\/general\/vacantes-para-veterinarios-de-seguridad-alimentaria-en-los-paises-bajos\/\",\"url\":\"https:\/\/www.covb.cat\/es\/actualitat\/noticies\/general\/vacantes-para-veterinarios-de-seguridad-alimentaria-en-los-paises-bajos\/\",\"name\":\"Vacantes para Veterinarios de Seguridad Alimentaria en los Pa\u00edses Bajos - COVB - Col\u00b7legi Oficial de Veterinaris de Barcelona\",\"isPartOf\":{\"@id\":\"https:\/\/www.covb.cat\/es\/#website\"},\"primaryImageOfPage\":{\"@id\":\"https:\/\/www.covb.cat\/es\/actualitat\/noticies\/general\/vacantes-para-veterinarios-de-seguridad-alimentaria-en-los-paises-bajos\/#primaryimage\"},\"image\":{\"@id\":\"https:\/\/www.covb.cat\/es\/actualitat\/noticies\/general\/vacantes-para-veterinarios-de-seguridad-alimentaria-en-los-paises-bajos\/#primaryimage\"},\"thumbnailUrl\":\"https:\/\/www.covb.cat\/wp-content\/uploads\/2023\/10\/oferta_treball.jpg\",\"datePublished\":\"2023-10-09T10:47:43+00:00\",\"description\":\"El programa EURES de la Comisi\u00f3n Europea tiene abierta una convocatoria de la Agencia Estatal de Seguridad Alimentaria de los Pa\u00edses Bajos para cubrir\",\"breadcrumb\":{\"@id\":\"https:\/\/www.covb.cat\/es\/actualitat\/noticies\/general\/vacantes-para-veterinarios-de-seguridad-alimentaria-en-los-paises-bajos\/#breadcrumb\"},\"inLanguage\":\"es\",\"potentialAction\":[{\"@type\":\"ReadAction\",\"target\":[\"https:\/\/www.covb.cat\/es\/actualitat\/noticies\/general\/vacantes-para-veterinarios-de-seguridad-alimentaria-en-los-paises-bajos\/\"]}]},{\"@type\":\"ImageObject\",\"inLanguage\":\"es\",\"@id\":\"https:\/\/www.covb.cat\/es\/actualitat\/noticies\/general\/vacantes-para-veterinarios-de-seguridad-alimentaria-en-los-paises-bajos\/#primaryimage\",\"url\":\"https:\/\/www.covb.cat\/wp-content\/uploads\/2023\/10\/oferta_treball.jpg\",\"contentUrl\":\"https:\/\/www.covb.cat\/wp-content\/uploads\/2023\/10\/oferta_treball.jpg\",\"width\":736,\"height\":434},{\"@type\":\"BreadcrumbList\",\"@id\":\"https:\/\/www.covb.cat\/es\/actualitat\/noticies\/general\/vacantes-para-veterinarios-de-seguridad-alimentaria-en-los-paises-bajos\/#breadcrumb\",\"itemListElement\":[{\"@type\":\"ListItem\",\"position\":1,\"name\":\"Inici\",\"item\":\"https:\/\/www.covb.cat\/es\/\"},{\"@type\":\"ListItem\",\"position\":2,\"name\":\"Vacantes para Veterinarios de Seguridad Alimentaria en los Pa\u00edses Bajos\"}]},{\"@type\":\"WebSite\",\"@id\":\"https:\/\/www.covb.cat\/es\/#website\",\"url\":\"https:\/\/www.covb.cat\/es\/\",\"name\":\"COVB\",\"description\":\"Col\u00b7legi Oficial de Veterinaris de Barcelona\",\"publisher\":{\"@id\":\"https:\/\/www.covb.cat\/es\/#organization\"},\"potentialAction\":[{\"@type\":\"SearchAction\",\"target\":{\"@type\":\"EntryPoint\",\"urlTemplate\":\"https:\/\/www.covb.cat\/es\/?s={search_term_string}\"},\"query-input\":{\"@type\":\"PropertyValueSpecification\",\"valueRequired\":true,\"valueName\":\"search_term_string\"}}],\"inLanguage\":\"es\"},{\"@type\":\"Organization\",\"@id\":\"https:\/\/www.covb.cat\/es\/#organization\",\"name\":\"COVB\",\"url\":\"https:\/\/www.covb.cat\/es\/\",\"logo\":{\"@type\":\"ImageObject\",\"inLanguage\":\"es\",\"@id\":\"https:\/\/www.covb.cat\/es\/#\/schema\/logo\/image\/\",\"url\":\"https:\/\/www.covb.cat\/wp-content\/uploads\/2018\/07\/favicon-covb.png\",\"contentUrl\":\"https:\/\/www.covb.cat\/wp-content\/uploads\/2018\/07\/favicon-covb.png\",\"width\":512,\"height\":512,\"caption\":\"COVB\"},\"image\":{\"@id\":\"https:\/\/www.covb.cat\/es\/#\/schema\/logo\/image\/\"},\"sameAs\":[\"https:\/\/www.facebook.com\/COVBcat\/\",\"https:\/\/x.com\/COVBcat\",\"https:\/\/www.youtube.com\/user\/covbcn\"]},{\"@type\":\"Person\",\"@id\":\"\"}]}<\/script>\n<!-- \/ Yoast SEO plugin. -->","yoast_head_json":{"title":"Vacantes para Veterinarios de Seguridad Alimentaria en los Pa\u00edses Bajos - COVB - Col\u00b7legi Oficial de Veterinaris de Barcelona","description":"El programa EURES de la Comisi\u00f3n Europea tiene abierta una convocatoria de la Agencia Estatal de Seguridad Alimentaria de los Pa\u00edses Bajos para cubrir","robots":{"index":"index","follow":"follow","max-snippet":"max-snippet:-1","max-image-preview":"max-image-preview:large","max-video-preview":"max-video-preview:-1"},"canonical":"https:\/\/www.covb.cat\/es\/actualitat\/noticies\/general\/vacantes-para-veterinarios-de-seguridad-alimentaria-en-los-paises-bajos\/","og_locale":"es_ES","og_type":"article","og_title":"Vacantes para Veterinarios de Seguridad Alimentaria en los Pa\u00edses Bajos - COVB - Col\u00b7legi Oficial de Veterinaris de Barcelona","og_description":"El programa EURES de la Comisi\u00f3n Europea tiene abierta una convocatoria de la Agencia Estatal de Seguridad Alimentaria de los Pa\u00edses Bajos para cubrir","og_url":"https:\/\/www.covb.cat\/es\/actualitat\/noticies\/general\/vacantes-para-veterinarios-de-seguridad-alimentaria-en-los-paises-bajos\/","og_site_name":"COVB","article_publisher":"https:\/\/www.facebook.com\/COVBcat\/","article_published_time":"2023-10-09T10:47:43+00:00","og_image":[{"width":736,"height":434,"url":"https:\/\/www.covb.cat\/wp-content\/uploads\/2023\/10\/oferta_treball.jpg","type":"image\/jpeg"}],"twitter_card":"summary_large_image","twitter_creator":"@COVBcat","twitter_site":"@COVBcat","twitter_misc":{"Escrito por":"","Tiempo de lectura":"1 minuto"},"schema":{"@context":"https:\/\/schema.org","@graph":[{"@type":"Article","@id":"https:\/\/www.covb.cat\/es\/actualitat\/noticies\/general\/vacantes-para-veterinarios-de-seguridad-alimentaria-en-los-paises-bajos\/#article","isPartOf":{"@id":"https:\/\/www.covb.cat\/es\/actualitat\/noticies\/general\/vacantes-para-veterinarios-de-seguridad-alimentaria-en-los-paises-bajos\/"},"author":{"name":"","@id":""},"headline":"Vacantes para Veterinarios de Seguridad Alimentaria en los Pa\u00edses Bajos","datePublished":"2023-10-09T10:47:43+00:00","mainEntityOfPage":{"@id":"https:\/\/www.covb.cat\/es\/actualitat\/noticies\/general\/vacantes-para-veterinarios-de-seguridad-alimentaria-en-los-paises-bajos\/"},"wordCount":57,"publisher":{"@id":"https:\/\/www.covb.cat\/es\/#organization"},"image":{"@id":"https:\/\/www.covb.cat\/es\/actualitat\/noticies\/general\/vacantes-para-veterinarios-de-seguridad-alimentaria-en-los-paises-bajos\/#primaryimage"},"thumbnailUrl":"https:\/\/www.covb.cat\/wp-content\/uploads\/2023\/10\/oferta_treball.jpg","articleSection":["General","Profesi\u00f3n"],"inLanguage":"es"},{"@type":"WebPage","@id":"https:\/\/www.covb.cat\/es\/actualitat\/noticies\/general\/vacantes-para-veterinarios-de-seguridad-alimentaria-en-los-paises-bajos\/","url":"https:\/\/www.covb.cat\/es\/actualitat\/noticies\/general\/vacantes-para-veterinarios-de-seguridad-alimentaria-en-los-paises-bajos\/","name":"Vacantes para Veterinarios de Seguridad Alimentaria en los Pa\u00edses Bajos - COVB - Col\u00b7legi Oficial de Veterinaris de Barcelona","isPartOf":{"@id":"https:\/\/www.covb.cat\/es\/#website"},"primaryImageOfPage":{"@id":"https:\/\/www.covb.cat\/es\/actualitat\/noticies\/general\/vacantes-para-veterinarios-de-seguridad-alimentaria-en-los-paises-bajos\/#primaryimage"},"image":{"@id":"https:\/\/www.covb.cat\/es\/actualitat\/noticies\/general\/vacantes-para-veterinarios-de-seguridad-alimentaria-en-los-paises-bajos\/#primaryimage"},"thumbnailUrl":"https:\/\/www.covb.cat\/wp-content\/uploads\/2023\/10\/oferta_treball.jpg","datePublished":"2023-10-09T10:47:43+00:00","description":"El programa EURES de la Comisi\u00f3n Europea tiene abierta una convocatoria de la Agencia Estatal de Seguridad Alimentaria de los Pa\u00edses Bajos para cubrir","breadcrumb":{"@id":"https:\/\/www.covb.cat\/es\/actualitat\/noticies\/general\/vacantes-para-veterinarios-de-seguridad-alimentaria-en-los-paises-bajos\/#breadcrumb"},"inLanguage":"es","potentialAction":[{"@type":"ReadAction","target":["https:\/\/www.covb.cat\/es\/actualitat\/noticies\/general\/vacantes-para-veterinarios-de-seguridad-alimentaria-en-los-paises-bajos\/"]}]},{"@type":"ImageObject","inLanguage":"es","@id":"https:\/\/www.covb.cat\/es\/actualitat\/noticies\/general\/vacantes-para-veterinarios-de-seguridad-alimentaria-en-los-paises-bajos\/#primaryimage","url":"https:\/\/www.covb.cat\/wp-content\/uploads\/2023\/10\/oferta_treball.jpg","contentUrl":"https:\/\/www.covb.cat\/wp-content\/uploads\/2023\/10\/oferta_treball.jpg","width":736,"height":434},{"@type":"BreadcrumbList","@id":"https:\/\/www.covb.cat\/es\/actualitat\/noticies\/general\/vacantes-para-veterinarios-de-seguridad-alimentaria-en-los-paises-bajos\/#breadcrumb","itemListElement":[{"@type":"ListItem","position":1,"name":"Inici","item":"https:\/\/www.covb.cat\/es\/"},{"@type":"ListItem","position":2,"name":"Vacantes para Veterinarios de Seguridad Alimentaria en los Pa\u00edses Bajos"}]},{"@type":"WebSite","@id":"https:\/\/www.covb.cat\/es\/#website","url":"https:\/\/www.covb.cat\/es\/","name":"COVB","description":"Col\u00b7legi Oficial de Veterinaris de Barcelona","publisher":{"@id":"https:\/\/www.covb.cat\/es\/#organization"},"potentialAction":[{"@type":"SearchAction","target":{"@type":"EntryPoint","urlTemplate":"https:\/\/www.covb.cat\/es\/?s={search_term_string}"},"query-input":{"@type":"PropertyValueSpecification","valueRequired":true,"valueName":"search_term_string"}}],"inLanguage":"es"},{"@type":"Organization","@id":"https:\/\/www.covb.cat\/es\/#organization","name":"COVB","url":"https:\/\/www.covb.cat\/es\/","logo":{"@type":"ImageObject","inLanguage":"es","@id":"https:\/\/www.covb.cat\/es\/#\/schema\/logo\/image\/","url":"https:\/\/www.covb.cat\/wp-content\/uploads\/2018\/07\/favicon-covb.png","contentUrl":"https:\/\/www.covb.cat\/wp-content\/uploads\/2018\/07\/favicon-covb.png","width":512,"height":512,"caption":"COVB"},"image":{"@id":"https:\/\/www.covb.cat\/es\/#\/schema\/logo\/image\/"},"sameAs":["https:\/\/www.facebook.com\/COVBcat\/","https:\/\/x.com\/COVBcat","https:\/\/www.youtube.com\/user\/covbcn"]},{"@type":"Person","@id":""}]}},"jetpack_featured_media_url":"https:\/\/www.covb.cat\/wp-content\/uploads\/2023\/10\/oferta_treball.jpg","jetpack_sharing_enabled":true,"_links":{"self":[{"href":"https:\/\/www.covb.cat\/es\/wp-json\/wp\/v2\/posts\/37365","targetHints":{"allow":["GET"]}}],"collection":[{"href":"https:\/\/www.covb.cat\/es\/wp-json\/wp\/v2\/posts"}],"about":[{"href":"https:\/\/www.covb.cat\/es\/wp-json\/wp\/v2\/types\/post"}],"author":[{"embeddable":true,"href":"https:\/\/www.covb.cat\/es\/wp-json\/wp\/v2\/users\/106"}],"replies":[{"embeddable":true,"href":"https:\/\/www.covb.cat\/es\/wp-json\/wp\/v2\/comments?post=37365"}],"version-history":[{"count":0,"href":"https:\/\/www.covb.cat\/es\/wp-json\/wp\/v2\/posts\/37365\/revisions"}],"wp:featuredmedia":[{"embeddable":true,"href":"https:\/\/www.covb.cat\/es\/wp-json\/wp\/v2\/media\/37310"}],"wp:attachment":[{"href":"https:\/\/www.covb.cat\/es\/wp-json\/wp\/v2\/media?parent=37365"}],"wp:term":[{"taxonomy":"category","embeddable":true,"href":"https:\/\/www.covb.cat\/es\/wp-json\/wp\/v2\/categories?post=37365"},{"taxonomy":"post_tag","embeddable":true,"href":"https:\/\/www.covb.cat\/es\/wp-json\/wp\/v2\/tags?post=37365"}],"curies":[{"name":"wp","href":"https:\/\/api.w.org\/{rel}","templated":true}]}}