{"id":3722,"date":"2020-11-23T10:50:50","date_gmt":"2020-11-23T09:50:50","guid":{"rendered":"https:\/\/www.covb.cat\/?p=3722"},"modified":"2020-11-23T10:50:50","modified_gmt":"2020-11-23T09:50:50","slug":"actualizacion-de-la-situacion-epidemiologica-de-fiebre-del-nilo-occidental-en-espana-a-20-de-noviembre","status":"publish","type":"post","link":"https:\/\/www.covb.cat\/es\/actualitat\/noticies\/general\/actualizacion-de-la-situacion-epidemiologica-de-fiebre-del-nilo-occidental-en-espana-a-20-de-noviembre\/","title":{"rendered":"Actualizaci\u00f3n de la situaci\u00f3n epidemiol\u00f3gica de Fiebre del Nilo Occidental en Espa\u00f1a a 20 de noviembre"},"content":{"rendered":"<p>Os adjuntamos la nota informativa sobre la situaci\u00f3n epidemiol\u00f3gica de Fiebre del Nilo Occidental (FNO) en Espa\u00f1a actualizada a fecha de 20 de noviembre de 2020, elaborada por la Subdirecci\u00f3n General de Sanidad e Higiene Animal y Trazabilidad y recibida a trav\u00e9s del Consejo General de Colegios Veterinarios de Espa\u00f1a (CGCVE).<\/p>\n<p>Como avance al documento completo al que se tiene acceso m\u00e1s abajo, desde la u\u0301ltima actualizacio\u0301n de la situacio\u0301n epidemiolo\u0301gica de FNO (25 de septiembre de 2020), se han declarado un total de 39 focos en e\u0301quidos. Asimismo, se ha confirmado la presencia de esta enfermedad en dos nuevas provincias: Lleida y Castello\u0301n.<\/p>\n<p>Pod\u00e9is acceder al documento completo del Ministerio de Agricultura y Alimentaci\u00f3n, <a href=\"https:\/\/mcusercontent.com\/c131463000c5688473b8b34ba\/files\/4148c99f-176e-40fe-bf5f-2fdf1c47a756\/Noticia_RASVE_FNO_20_11_2020.pdf\">AQU\u00cd<\/a>.<\/p>\n","protected":false},"excerpt":{"rendered":"<p>Os adjuntamos la nota informativa sobre la situaci\u00f3n epidemiol\u00f3gica de Fiebre del Nilo Occidental (FNO) en Espa\u00f1a actualizada a fecha de 20 de noviembre de 2020, elaborada por la Subdirecci\u00f3n General de Sanidad e Higiene Animal y Trazabilidad y recibida a trav\u00e9s del Consejo General de Colegios Veterinarios de Espa\u00f1a (CGCVE). Como avance al documento [&hellip;]<\/p>\n","protected":false},"author":106,"featured_media":3720,"comment_status":"closed","ping_status":"closed","sticky":false,"template":"","format":"standard","meta":{"_monsterinsights_skip_tracking":false,"_monsterinsights_sitenote_active":false,"_monsterinsights_sitenote_note":"","_monsterinsights_sitenote_category":0,"_jetpack_memberships_contains_paid_content":false,"footnotes":""},"categories":[17],"tags":[],"class_list":["post-3722","post","type-post","status-publish","format-standard","has-post-thumbnail","hentry","category-general"],"yoast_head":"<!-- This site is optimized with the Yoast SEO plugin v27.0 - https:\/\/yoast.com\/product\/yoast-seo-wordpress\/ -->\n<title>Actualizaci\u00f3n de la situaci\u00f3n epidemiol\u00f3gica de Fiebre del Nilo Occidental en Espa\u00f1a a 20 de noviembre - COVB - Col\u00b7legi Oficial de Veterinaris de Barcelona<\/title>\n<meta name=\"description\" content=\"Os adjuntamos la nota informativa sobre la situaci\u00f3n epidemiol\u00f3gica de Fiebre del Nilo Occidental (FNO) en Espa\u00f1a actualizada a fecha de 20 de noviembre\" \/>\n<meta name=\"robots\" content=\"index, follow, max-snippet:-1, max-image-preview:large, max-video-preview:-1\" \/>\n<link rel=\"canonical\" href=\"https:\/\/www.covb.cat\/es\/actualitat\/noticies\/general\/actualizacion-de-la-situacion-epidemiologica-de-fiebre-del-nilo-occidental-en-espana-a-20-de-noviembre\/\" \/>\n<meta property=\"og:locale\" content=\"es_ES\" \/>\n<meta property=\"og:type\" content=\"article\" \/>\n<meta property=\"og:title\" content=\"Actualizaci\u00f3n de la situaci\u00f3n epidemiol\u00f3gica de Fiebre del Nilo Occidental en Espa\u00f1a a 20 de noviembre - COVB - Col\u00b7legi Oficial de Veterinaris de Barcelona\" \/>\n<meta property=\"og:description\" content=\"Os adjuntamos la nota informativa sobre la situaci\u00f3n epidemiol\u00f3gica de Fiebre del Nilo Occidental (FNO) en Espa\u00f1a actualizada a fecha de 20 de noviembre\" \/>\n<meta property=\"og:url\" content=\"https:\/\/www.covb.cat\/es\/actualitat\/noticies\/general\/actualizacion-de-la-situacion-epidemiologica-de-fiebre-del-nilo-occidental-en-espana-a-20-de-noviembre\/\" \/>\n<meta property=\"og:site_name\" content=\"COVB\" \/>\n<meta property=\"article:publisher\" content=\"https:\/\/www.facebook.com\/COVBcat\/\" \/>\n<meta property=\"article:published_time\" content=\"2020-11-23T09:50:50+00:00\" \/>\n<meta property=\"og:image\" content=\"https:\/\/www.covb.cat\/wp-content\/uploads\/2020\/11\/bg-3.jpg\" \/>\n\t<meta property=\"og:image:width\" content=\"600\" \/>\n\t<meta property=\"og:image:height\" content=\"247\" \/>\n\t<meta property=\"og:image:type\" content=\"image\/jpeg\" \/>\n<meta name=\"twitter:card\" content=\"summary_large_image\" \/>\n<meta name=\"twitter:creator\" content=\"@COVBcat\" \/>\n<meta name=\"twitter:site\" content=\"@COVBcat\" \/>\n<meta name=\"twitter:label1\" content=\"Escrito por\" \/>\n\t<meta name=\"twitter:data1\" content=\"\" \/>\n\t<meta name=\"twitter:label2\" content=\"Tiempo de lectura\" \/>\n\t<meta name=\"twitter:data2\" content=\"1 minuto\" \/>\n<script type=\"application\/ld+json\" class=\"yoast-schema-graph\">{\"@context\":\"https:\/\/schema.org\",\"@graph\":[{\"@type\":\"Article\",\"@id\":\"https:\/\/www.covb.cat\/es\/actualitat\/noticies\/general\/actualizacion-de-la-situacion-epidemiologica-de-fiebre-del-nilo-occidental-en-espana-a-20-de-noviembre\/#article\",\"isPartOf\":{\"@id\":\"https:\/\/www.covb.cat\/es\/actualitat\/noticies\/general\/actualizacion-de-la-situacion-epidemiologica-de-fiebre-del-nilo-occidental-en-espana-a-20-de-noviembre\/\"},\"author\":{\"name\":\"\",\"@id\":\"\"},\"headline\":\"Actualizaci\u00f3n de la situaci\u00f3n epidemiol\u00f3gica de Fiebre del Nilo Occidental en Espa\u00f1a a 20 de noviembre\",\"datePublished\":\"2020-11-23T09:50:50+00:00\",\"mainEntityOfPage\":{\"@id\":\"https:\/\/www.covb.cat\/es\/actualitat\/noticies\/general\/actualizacion-de-la-situacion-epidemiologica-de-fiebre-del-nilo-occidental-en-espana-a-20-de-noviembre\/\"},\"wordCount\":145,\"publisher\":{\"@id\":\"https:\/\/www.covb.cat\/es\/#organization\"},\"image\":{\"@id\":\"https:\/\/www.covb.cat\/es\/actualitat\/noticies\/general\/actualizacion-de-la-situacion-epidemiologica-de-fiebre-del-nilo-occidental-en-espana-a-20-de-noviembre\/#primaryimage\"},\"thumbnailUrl\":\"https:\/\/www.covb.cat\/wp-content\/uploads\/2020\/11\/bg-3.jpg\",\"articleSection\":[\"General\"],\"inLanguage\":\"es\"},{\"@type\":\"WebPage\",\"@id\":\"https:\/\/www.covb.cat\/es\/actualitat\/noticies\/general\/actualizacion-de-la-situacion-epidemiologica-de-fiebre-del-nilo-occidental-en-espana-a-20-de-noviembre\/\",\"url\":\"https:\/\/www.covb.cat\/es\/actualitat\/noticies\/general\/actualizacion-de-la-situacion-epidemiologica-de-fiebre-del-nilo-occidental-en-espana-a-20-de-noviembre\/\",\"name\":\"Actualizaci\u00f3n de la situaci\u00f3n epidemiol\u00f3gica de Fiebre del Nilo Occidental en Espa\u00f1a a 20 de noviembre - COVB - Col\u00b7legi Oficial de Veterinaris de Barcelona\",\"isPartOf\":{\"@id\":\"https:\/\/www.covb.cat\/es\/#website\"},\"primaryImageOfPage\":{\"@id\":\"https:\/\/www.covb.cat\/es\/actualitat\/noticies\/general\/actualizacion-de-la-situacion-epidemiologica-de-fiebre-del-nilo-occidental-en-espana-a-20-de-noviembre\/#primaryimage\"},\"image\":{\"@id\":\"https:\/\/www.covb.cat\/es\/actualitat\/noticies\/general\/actualizacion-de-la-situacion-epidemiologica-de-fiebre-del-nilo-occidental-en-espana-a-20-de-noviembre\/#primaryimage\"},\"thumbnailUrl\":\"https:\/\/www.covb.cat\/wp-content\/uploads\/2020\/11\/bg-3.jpg\",\"datePublished\":\"2020-11-23T09:50:50+00:00\",\"description\":\"Os adjuntamos la nota informativa sobre la situaci\u00f3n epidemiol\u00f3gica de Fiebre del Nilo Occidental (FNO) en Espa\u00f1a actualizada a fecha de 20 de noviembre\",\"breadcrumb\":{\"@id\":\"https:\/\/www.covb.cat\/es\/actualitat\/noticies\/general\/actualizacion-de-la-situacion-epidemiologica-de-fiebre-del-nilo-occidental-en-espana-a-20-de-noviembre\/#breadcrumb\"},\"inLanguage\":\"es\",\"potentialAction\":[{\"@type\":\"ReadAction\",\"target\":[\"https:\/\/www.covb.cat\/es\/actualitat\/noticies\/general\/actualizacion-de-la-situacion-epidemiologica-de-fiebre-del-nilo-occidental-en-espana-a-20-de-noviembre\/\"]}]},{\"@type\":\"ImageObject\",\"inLanguage\":\"es\",\"@id\":\"https:\/\/www.covb.cat\/es\/actualitat\/noticies\/general\/actualizacion-de-la-situacion-epidemiologica-de-fiebre-del-nilo-occidental-en-espana-a-20-de-noviembre\/#primaryimage\",\"url\":\"https:\/\/www.covb.cat\/wp-content\/uploads\/2020\/11\/bg-3.jpg\",\"contentUrl\":\"https:\/\/www.covb.cat\/wp-content\/uploads\/2020\/11\/bg-3.jpg\",\"width\":600,\"height\":247},{\"@type\":\"BreadcrumbList\",\"@id\":\"https:\/\/www.covb.cat\/es\/actualitat\/noticies\/general\/actualizacion-de-la-situacion-epidemiologica-de-fiebre-del-nilo-occidental-en-espana-a-20-de-noviembre\/#breadcrumb\",\"itemListElement\":[{\"@type\":\"ListItem\",\"position\":1,\"name\":\"Inici\",\"item\":\"https:\/\/www.covb.cat\/es\/\"},{\"@type\":\"ListItem\",\"position\":2,\"name\":\"Actualizaci\u00f3n de la situaci\u00f3n epidemiol\u00f3gica de Fiebre del Nilo Occidental en Espa\u00f1a a 20 de noviembre\"}]},{\"@type\":\"WebSite\",\"@id\":\"https:\/\/www.covb.cat\/es\/#website\",\"url\":\"https:\/\/www.covb.cat\/es\/\",\"name\":\"COVB\",\"description\":\"Col\u00b7legi Oficial de Veterinaris de Barcelona\",\"publisher\":{\"@id\":\"https:\/\/www.covb.cat\/es\/#organization\"},\"potentialAction\":[{\"@type\":\"SearchAction\",\"target\":{\"@type\":\"EntryPoint\",\"urlTemplate\":\"https:\/\/www.covb.cat\/es\/?s={search_term_string}\"},\"query-input\":{\"@type\":\"PropertyValueSpecification\",\"valueRequired\":true,\"valueName\":\"search_term_string\"}}],\"inLanguage\":\"es\"},{\"@type\":\"Organization\",\"@id\":\"https:\/\/www.covb.cat\/es\/#organization\",\"name\":\"COVB\",\"url\":\"https:\/\/www.covb.cat\/es\/\",\"logo\":{\"@type\":\"ImageObject\",\"inLanguage\":\"es\",\"@id\":\"https:\/\/www.covb.cat\/es\/#\/schema\/logo\/image\/\",\"url\":\"https:\/\/www.covb.cat\/wp-content\/uploads\/2018\/07\/favicon-covb.png\",\"contentUrl\":\"https:\/\/www.covb.cat\/wp-content\/uploads\/2018\/07\/favicon-covb.png\",\"width\":512,\"height\":512,\"caption\":\"COVB\"},\"image\":{\"@id\":\"https:\/\/www.covb.cat\/es\/#\/schema\/logo\/image\/\"},\"sameAs\":[\"https:\/\/www.facebook.com\/COVBcat\/\",\"https:\/\/x.com\/COVBcat\",\"https:\/\/www.youtube.com\/user\/covbcn\"]},{\"@type\":\"Person\",\"@id\":\"\"}]}<\/script>\n<!-- \/ Yoast SEO plugin. -->","yoast_head_json":{"title":"Actualizaci\u00f3n de la situaci\u00f3n epidemiol\u00f3gica de Fiebre del Nilo Occidental en Espa\u00f1a a 20 de noviembre - COVB - Col\u00b7legi Oficial de Veterinaris de Barcelona","description":"Os adjuntamos la nota informativa sobre la situaci\u00f3n epidemiol\u00f3gica de Fiebre del Nilo Occidental (FNO) en Espa\u00f1a actualizada a fecha de 20 de noviembre","robots":{"index":"index","follow":"follow","max-snippet":"max-snippet:-1","max-image-preview":"max-image-preview:large","max-video-preview":"max-video-preview:-1"},"canonical":"https:\/\/www.covb.cat\/es\/actualitat\/noticies\/general\/actualizacion-de-la-situacion-epidemiologica-de-fiebre-del-nilo-occidental-en-espana-a-20-de-noviembre\/","og_locale":"es_ES","og_type":"article","og_title":"Actualizaci\u00f3n de la situaci\u00f3n epidemiol\u00f3gica de Fiebre del Nilo Occidental en Espa\u00f1a a 20 de noviembre - COVB - Col\u00b7legi Oficial de Veterinaris de Barcelona","og_description":"Os adjuntamos la nota informativa sobre la situaci\u00f3n epidemiol\u00f3gica de Fiebre del Nilo Occidental (FNO) en Espa\u00f1a actualizada a fecha de 20 de noviembre","og_url":"https:\/\/www.covb.cat\/es\/actualitat\/noticies\/general\/actualizacion-de-la-situacion-epidemiologica-de-fiebre-del-nilo-occidental-en-espana-a-20-de-noviembre\/","og_site_name":"COVB","article_publisher":"https:\/\/www.facebook.com\/COVBcat\/","article_published_time":"2020-11-23T09:50:50+00:00","og_image":[{"width":600,"height":247,"url":"https:\/\/www.covb.cat\/wp-content\/uploads\/2020\/11\/bg-3.jpg","type":"image\/jpeg"}],"twitter_card":"summary_large_image","twitter_creator":"@COVBcat","twitter_site":"@COVBcat","twitter_misc":{"Escrito por":"","Tiempo de lectura":"1 minuto"},"schema":{"@context":"https:\/\/schema.org","@graph":[{"@type":"Article","@id":"https:\/\/www.covb.cat\/es\/actualitat\/noticies\/general\/actualizacion-de-la-situacion-epidemiologica-de-fiebre-del-nilo-occidental-en-espana-a-20-de-noviembre\/#article","isPartOf":{"@id":"https:\/\/www.covb.cat\/es\/actualitat\/noticies\/general\/actualizacion-de-la-situacion-epidemiologica-de-fiebre-del-nilo-occidental-en-espana-a-20-de-noviembre\/"},"author":{"name":"","@id":""},"headline":"Actualizaci\u00f3n de la situaci\u00f3n epidemiol\u00f3gica de Fiebre del Nilo Occidental en Espa\u00f1a a 20 de noviembre","datePublished":"2020-11-23T09:50:50+00:00","mainEntityOfPage":{"@id":"https:\/\/www.covb.cat\/es\/actualitat\/noticies\/general\/actualizacion-de-la-situacion-epidemiologica-de-fiebre-del-nilo-occidental-en-espana-a-20-de-noviembre\/"},"wordCount":145,"publisher":{"@id":"https:\/\/www.covb.cat\/es\/#organization"},"image":{"@id":"https:\/\/www.covb.cat\/es\/actualitat\/noticies\/general\/actualizacion-de-la-situacion-epidemiologica-de-fiebre-del-nilo-occidental-en-espana-a-20-de-noviembre\/#primaryimage"},"thumbnailUrl":"https:\/\/www.covb.cat\/wp-content\/uploads\/2020\/11\/bg-3.jpg","articleSection":["General"],"inLanguage":"es"},{"@type":"WebPage","@id":"https:\/\/www.covb.cat\/es\/actualitat\/noticies\/general\/actualizacion-de-la-situacion-epidemiologica-de-fiebre-del-nilo-occidental-en-espana-a-20-de-noviembre\/","url":"https:\/\/www.covb.cat\/es\/actualitat\/noticies\/general\/actualizacion-de-la-situacion-epidemiologica-de-fiebre-del-nilo-occidental-en-espana-a-20-de-noviembre\/","name":"Actualizaci\u00f3n de la situaci\u00f3n epidemiol\u00f3gica de Fiebre del Nilo Occidental en Espa\u00f1a a 20 de noviembre - COVB - Col\u00b7legi Oficial de Veterinaris de Barcelona","isPartOf":{"@id":"https:\/\/www.covb.cat\/es\/#website"},"primaryImageOfPage":{"@id":"https:\/\/www.covb.cat\/es\/actualitat\/noticies\/general\/actualizacion-de-la-situacion-epidemiologica-de-fiebre-del-nilo-occidental-en-espana-a-20-de-noviembre\/#primaryimage"},"image":{"@id":"https:\/\/www.covb.cat\/es\/actualitat\/noticies\/general\/actualizacion-de-la-situacion-epidemiologica-de-fiebre-del-nilo-occidental-en-espana-a-20-de-noviembre\/#primaryimage"},"thumbnailUrl":"https:\/\/www.covb.cat\/wp-content\/uploads\/2020\/11\/bg-3.jpg","datePublished":"2020-11-23T09:50:50+00:00","description":"Os adjuntamos la nota informativa sobre la situaci\u00f3n epidemiol\u00f3gica de Fiebre del Nilo Occidental (FNO) en Espa\u00f1a actualizada a fecha de 20 de noviembre","breadcrumb":{"@id":"https:\/\/www.covb.cat\/es\/actualitat\/noticies\/general\/actualizacion-de-la-situacion-epidemiologica-de-fiebre-del-nilo-occidental-en-espana-a-20-de-noviembre\/#breadcrumb"},"inLanguage":"es","potentialAction":[{"@type":"ReadAction","target":["https:\/\/www.covb.cat\/es\/actualitat\/noticies\/general\/actualizacion-de-la-situacion-epidemiologica-de-fiebre-del-nilo-occidental-en-espana-a-20-de-noviembre\/"]}]},{"@type":"ImageObject","inLanguage":"es","@id":"https:\/\/www.covb.cat\/es\/actualitat\/noticies\/general\/actualizacion-de-la-situacion-epidemiologica-de-fiebre-del-nilo-occidental-en-espana-a-20-de-noviembre\/#primaryimage","url":"https:\/\/www.covb.cat\/wp-content\/uploads\/2020\/11\/bg-3.jpg","contentUrl":"https:\/\/www.covb.cat\/wp-content\/uploads\/2020\/11\/bg-3.jpg","width":600,"height":247},{"@type":"BreadcrumbList","@id":"https:\/\/www.covb.cat\/es\/actualitat\/noticies\/general\/actualizacion-de-la-situacion-epidemiologica-de-fiebre-del-nilo-occidental-en-espana-a-20-de-noviembre\/#breadcrumb","itemListElement":[{"@type":"ListItem","position":1,"name":"Inici","item":"https:\/\/www.covb.cat\/es\/"},{"@type":"ListItem","position":2,"name":"Actualizaci\u00f3n de la situaci\u00f3n epidemiol\u00f3gica de Fiebre del Nilo Occidental en Espa\u00f1a a 20 de noviembre"}]},{"@type":"WebSite","@id":"https:\/\/www.covb.cat\/es\/#website","url":"https:\/\/www.covb.cat\/es\/","name":"COVB","description":"Col\u00b7legi Oficial de Veterinaris de Barcelona","publisher":{"@id":"https:\/\/www.covb.cat\/es\/#organization"},"potentialAction":[{"@type":"SearchAction","target":{"@type":"EntryPoint","urlTemplate":"https:\/\/www.covb.cat\/es\/?s={search_term_string}"},"query-input":{"@type":"PropertyValueSpecification","valueRequired":true,"valueName":"search_term_string"}}],"inLanguage":"es"},{"@type":"Organization","@id":"https:\/\/www.covb.cat\/es\/#organization","name":"COVB","url":"https:\/\/www.covb.cat\/es\/","logo":{"@type":"ImageObject","inLanguage":"es","@id":"https:\/\/www.covb.cat\/es\/#\/schema\/logo\/image\/","url":"https:\/\/www.covb.cat\/wp-content\/uploads\/2018\/07\/favicon-covb.png","contentUrl":"https:\/\/www.covb.cat\/wp-content\/uploads\/2018\/07\/favicon-covb.png","width":512,"height":512,"caption":"COVB"},"image":{"@id":"https:\/\/www.covb.cat\/es\/#\/schema\/logo\/image\/"},"sameAs":["https:\/\/www.facebook.com\/COVBcat\/","https:\/\/x.com\/COVBcat","https:\/\/www.youtube.com\/user\/covbcn"]},{"@type":"Person","@id":""}]}},"jetpack_featured_media_url":"https:\/\/www.covb.cat\/wp-content\/uploads\/2020\/11\/bg-3.jpg","jetpack_sharing_enabled":true,"_links":{"self":[{"href":"https:\/\/www.covb.cat\/es\/wp-json\/wp\/v2\/posts\/3722","targetHints":{"allow":["GET"]}}],"collection":[{"href":"https:\/\/www.covb.cat\/es\/wp-json\/wp\/v2\/posts"}],"about":[{"href":"https:\/\/www.covb.cat\/es\/wp-json\/wp\/v2\/types\/post"}],"author":[{"embeddable":true,"href":"https:\/\/www.covb.cat\/es\/wp-json\/wp\/v2\/users\/106"}],"replies":[{"embeddable":true,"href":"https:\/\/www.covb.cat\/es\/wp-json\/wp\/v2\/comments?post=3722"}],"version-history":[{"count":0,"href":"https:\/\/www.covb.cat\/es\/wp-json\/wp\/v2\/posts\/3722\/revisions"}],"wp:featuredmedia":[{"embeddable":true,"href":"https:\/\/www.covb.cat\/es\/wp-json\/wp\/v2\/media\/3720"}],"wp:attachment":[{"href":"https:\/\/www.covb.cat\/es\/wp-json\/wp\/v2\/media?parent=3722"}],"wp:term":[{"taxonomy":"category","embeddable":true,"href":"https:\/\/www.covb.cat\/es\/wp-json\/wp\/v2\/categories?post=3722"},{"taxonomy":"post_tag","embeddable":true,"href":"https:\/\/www.covb.cat\/es\/wp-json\/wp\/v2\/tags?post=3722"}],"curies":[{"name":"wp","href":"https:\/\/api.w.org\/{rel}","templated":true}]}}