{"id":36903,"date":"2023-09-26T15:18:52","date_gmt":"2023-09-26T13:18:52","guid":{"rendered":"https:\/\/www.covb.cat\/?p=36903"},"modified":"2023-09-26T15:18:52","modified_gmt":"2023-09-26T13:18:52","slug":"importante-circulacion-del-s8-de-lengua-azul-en-aveyron-francia","status":"publish","type":"post","link":"https:\/\/www.covb.cat\/es\/actualitat\/noticies\/alertas\/importante-circulacion-del-s8-de-lengua-azul-en-aveyron-francia\/","title":{"rendered":"Importante circulaci\u00f3n del S8 de Lengua Azul en Aveyron (Francia)"},"content":{"rendered":"<p>Seg\u00fan informa el MAPA, las autoridades francesas han detectado numerosos focos cl\u00ednicos del serotipo 8 de la Lengua Azul en bovinos y ovinos desde el pasado 6 de agosto en el departamento de Aveyron, donde la enfermedad se ha propagado muy r\u00e1pido con un elevado n\u00famero de animales afectados, con intensidad de s\u00edntomas y mortalidad asociada, sobre todo animales adultos. Hasta el 14 de septiembre de 2023 se han registrado un total de 450 focos cl\u00ednicos de LA S8, la mayor\u00eda localizados en Aveyron y algunos casos en el departamento del Alto Garona.<\/p>\n<p>Catalunya se considera libre de Lengua azul, la vacunaci\u00f3n est\u00e1 regulada y en las comarcas del anexo II de la Orden APA\/1251\/2020 se puede vacunar de forma voluntaria, y en la situaci\u00f3n que estamos ahora, de forma preventiva.<\/p>\n<p>Se sol\u00b7licita a todos los veterinarios\/as, especialmente a los que trabajan en el sector de los rumiantes y en comarcas cercanas a la frontera, estar atentos a la possible llegada de la enfermedad.<\/p>\n","protected":false},"excerpt":{"rendered":"<p>Seg\u00fan informa el MAPA, las autoridades francesas han detectado numerosos focos cl\u00ednicos del serotipo 8 de la Lengua Azul en bovinos y ovinos desde el pasado 6 de agosto en el departamento de Aveyron, donde la enfermedad se ha propagado muy r\u00e1pido con un elevado n\u00famero de animales afectados, con intensidad de s\u00edntomas y mortalidad [&hellip;]<\/p>\n","protected":false},"author":106,"featured_media":0,"comment_status":"closed","ping_status":"closed","sticky":false,"template":"","format":"standard","meta":{"_monsterinsights_skip_tracking":false,"_monsterinsights_sitenote_active":false,"_monsterinsights_sitenote_note":"","_monsterinsights_sitenote_category":0,"_jetpack_memberships_contains_paid_content":false,"footnotes":""},"categories":[156,17],"tags":[],"class_list":["post-36903","post","type-post","status-publish","format-standard","hentry","category-alertas","category-general"],"yoast_head":"<!-- This site is optimized with the Yoast SEO plugin v27.0 - https:\/\/yoast.com\/product\/yoast-seo-wordpress\/ -->\n<title>Importante circulaci\u00f3n del S8 de Lengua Azul en Aveyron (Francia) - COVB - Col\u00b7legi Oficial de Veterinaris de Barcelona<\/title>\n<meta name=\"description\" content=\"Seg\u00fan informa el MAPA, las autoridades francesas han detectado numerosos focos cl\u00ednicos del serotipo 8 de la Lengua Azul en bovinos y ovinos desde el\" \/>\n<meta name=\"robots\" content=\"index, follow, max-snippet:-1, max-image-preview:large, max-video-preview:-1\" \/>\n<link rel=\"canonical\" href=\"https:\/\/www.covb.cat\/es\/actualitat\/noticies\/alertas\/importante-circulacion-del-s8-de-lengua-azul-en-aveyron-francia\/\" \/>\n<meta property=\"og:locale\" content=\"es_ES\" \/>\n<meta property=\"og:type\" content=\"article\" \/>\n<meta property=\"og:title\" content=\"Importante circulaci\u00f3n del S8 de Lengua Azul en Aveyron (Francia) - COVB - Col\u00b7legi Oficial de Veterinaris de Barcelona\" \/>\n<meta property=\"og:description\" content=\"Seg\u00fan informa el MAPA, las autoridades francesas han detectado numerosos focos cl\u00ednicos del serotipo 8 de la Lengua Azul en bovinos y ovinos desde el\" \/>\n<meta property=\"og:url\" content=\"https:\/\/www.covb.cat\/es\/actualitat\/noticies\/alertas\/importante-circulacion-del-s8-de-lengua-azul-en-aveyron-francia\/\" \/>\n<meta property=\"og:site_name\" content=\"COVB\" \/>\n<meta property=\"article:publisher\" content=\"https:\/\/www.facebook.com\/COVBcat\/\" \/>\n<meta property=\"article:published_time\" content=\"2023-09-26T13:18:52+00:00\" \/>\n<meta name=\"twitter:card\" content=\"summary_large_image\" \/>\n<meta name=\"twitter:creator\" content=\"@COVBcat\" \/>\n<meta name=\"twitter:site\" content=\"@COVBcat\" \/>\n<meta name=\"twitter:label1\" content=\"Escrito por\" \/>\n\t<meta name=\"twitter:data1\" content=\"\" \/>\n\t<meta name=\"twitter:label2\" content=\"Tiempo de lectura\" \/>\n\t<meta name=\"twitter:data2\" content=\"1 minuto\" \/>\n<script type=\"application\/ld+json\" class=\"yoast-schema-graph\">{\"@context\":\"https:\/\/schema.org\",\"@graph\":[{\"@type\":\"Article\",\"@id\":\"https:\/\/www.covb.cat\/es\/actualitat\/noticies\/alertas\/importante-circulacion-del-s8-de-lengua-azul-en-aveyron-francia\/#article\",\"isPartOf\":{\"@id\":\"https:\/\/www.covb.cat\/es\/actualitat\/noticies\/alertas\/importante-circulacion-del-s8-de-lengua-azul-en-aveyron-francia\/\"},\"author\":{\"name\":\"\",\"@id\":\"\"},\"headline\":\"Importante circulaci\u00f3n del S8 de Lengua Azul en Aveyron (Francia)\",\"datePublished\":\"2023-09-26T13:18:52+00:00\",\"mainEntityOfPage\":{\"@id\":\"https:\/\/www.covb.cat\/es\/actualitat\/noticies\/alertas\/importante-circulacion-del-s8-de-lengua-azul-en-aveyron-francia\/\"},\"wordCount\":181,\"publisher\":{\"@id\":\"https:\/\/www.covb.cat\/es\/#organization\"},\"articleSection\":[\"Alertas\",\"General\"],\"inLanguage\":\"es\"},{\"@type\":\"WebPage\",\"@id\":\"https:\/\/www.covb.cat\/es\/actualitat\/noticies\/alertas\/importante-circulacion-del-s8-de-lengua-azul-en-aveyron-francia\/\",\"url\":\"https:\/\/www.covb.cat\/es\/actualitat\/noticies\/alertas\/importante-circulacion-del-s8-de-lengua-azul-en-aveyron-francia\/\",\"name\":\"Importante circulaci\u00f3n del S8 de Lengua Azul en Aveyron (Francia) - COVB - Col\u00b7legi Oficial de Veterinaris de Barcelona\",\"isPartOf\":{\"@id\":\"https:\/\/www.covb.cat\/es\/#website\"},\"datePublished\":\"2023-09-26T13:18:52+00:00\",\"description\":\"Seg\u00fan informa el MAPA, las autoridades francesas han detectado numerosos focos cl\u00ednicos del serotipo 8 de la Lengua Azul en bovinos y ovinos desde el\",\"breadcrumb\":{\"@id\":\"https:\/\/www.covb.cat\/es\/actualitat\/noticies\/alertas\/importante-circulacion-del-s8-de-lengua-azul-en-aveyron-francia\/#breadcrumb\"},\"inLanguage\":\"es\",\"potentialAction\":[{\"@type\":\"ReadAction\",\"target\":[\"https:\/\/www.covb.cat\/es\/actualitat\/noticies\/alertas\/importante-circulacion-del-s8-de-lengua-azul-en-aveyron-francia\/\"]}]},{\"@type\":\"BreadcrumbList\",\"@id\":\"https:\/\/www.covb.cat\/es\/actualitat\/noticies\/alertas\/importante-circulacion-del-s8-de-lengua-azul-en-aveyron-francia\/#breadcrumb\",\"itemListElement\":[{\"@type\":\"ListItem\",\"position\":1,\"name\":\"Inici\",\"item\":\"https:\/\/www.covb.cat\/es\/\"},{\"@type\":\"ListItem\",\"position\":2,\"name\":\"Importante circulaci\u00f3n del S8 de Lengua Azul en Aveyron (Francia)\"}]},{\"@type\":\"WebSite\",\"@id\":\"https:\/\/www.covb.cat\/es\/#website\",\"url\":\"https:\/\/www.covb.cat\/es\/\",\"name\":\"COVB\",\"description\":\"Col\u00b7legi Oficial de Veterinaris de Barcelona\",\"publisher\":{\"@id\":\"https:\/\/www.covb.cat\/es\/#organization\"},\"potentialAction\":[{\"@type\":\"SearchAction\",\"target\":{\"@type\":\"EntryPoint\",\"urlTemplate\":\"https:\/\/www.covb.cat\/es\/?s={search_term_string}\"},\"query-input\":{\"@type\":\"PropertyValueSpecification\",\"valueRequired\":true,\"valueName\":\"search_term_string\"}}],\"inLanguage\":\"es\"},{\"@type\":\"Organization\",\"@id\":\"https:\/\/www.covb.cat\/es\/#organization\",\"name\":\"COVB\",\"url\":\"https:\/\/www.covb.cat\/es\/\",\"logo\":{\"@type\":\"ImageObject\",\"inLanguage\":\"es\",\"@id\":\"https:\/\/www.covb.cat\/es\/#\/schema\/logo\/image\/\",\"url\":\"https:\/\/www.covb.cat\/wp-content\/uploads\/2018\/07\/favicon-covb.png\",\"contentUrl\":\"https:\/\/www.covb.cat\/wp-content\/uploads\/2018\/07\/favicon-covb.png\",\"width\":512,\"height\":512,\"caption\":\"COVB\"},\"image\":{\"@id\":\"https:\/\/www.covb.cat\/es\/#\/schema\/logo\/image\/\"},\"sameAs\":[\"https:\/\/www.facebook.com\/COVBcat\/\",\"https:\/\/x.com\/COVBcat\",\"https:\/\/www.youtube.com\/user\/covbcn\"]},{\"@type\":\"Person\",\"@id\":\"\"}]}<\/script>\n<!-- \/ Yoast SEO plugin. -->","yoast_head_json":{"title":"Importante circulaci\u00f3n del S8 de Lengua Azul en Aveyron (Francia) - COVB - Col\u00b7legi Oficial de Veterinaris de Barcelona","description":"Seg\u00fan informa el MAPA, las autoridades francesas han detectado numerosos focos cl\u00ednicos del serotipo 8 de la Lengua Azul en bovinos y ovinos desde el","robots":{"index":"index","follow":"follow","max-snippet":"max-snippet:-1","max-image-preview":"max-image-preview:large","max-video-preview":"max-video-preview:-1"},"canonical":"https:\/\/www.covb.cat\/es\/actualitat\/noticies\/alertas\/importante-circulacion-del-s8-de-lengua-azul-en-aveyron-francia\/","og_locale":"es_ES","og_type":"article","og_title":"Importante circulaci\u00f3n del S8 de Lengua Azul en Aveyron (Francia) - COVB - Col\u00b7legi Oficial de Veterinaris de Barcelona","og_description":"Seg\u00fan informa el MAPA, las autoridades francesas han detectado numerosos focos cl\u00ednicos del serotipo 8 de la Lengua Azul en bovinos y ovinos desde el","og_url":"https:\/\/www.covb.cat\/es\/actualitat\/noticies\/alertas\/importante-circulacion-del-s8-de-lengua-azul-en-aveyron-francia\/","og_site_name":"COVB","article_publisher":"https:\/\/www.facebook.com\/COVBcat\/","article_published_time":"2023-09-26T13:18:52+00:00","twitter_card":"summary_large_image","twitter_creator":"@COVBcat","twitter_site":"@COVBcat","twitter_misc":{"Escrito por":"","Tiempo de lectura":"1 minuto"},"schema":{"@context":"https:\/\/schema.org","@graph":[{"@type":"Article","@id":"https:\/\/www.covb.cat\/es\/actualitat\/noticies\/alertas\/importante-circulacion-del-s8-de-lengua-azul-en-aveyron-francia\/#article","isPartOf":{"@id":"https:\/\/www.covb.cat\/es\/actualitat\/noticies\/alertas\/importante-circulacion-del-s8-de-lengua-azul-en-aveyron-francia\/"},"author":{"name":"","@id":""},"headline":"Importante circulaci\u00f3n del S8 de Lengua Azul en Aveyron (Francia)","datePublished":"2023-09-26T13:18:52+00:00","mainEntityOfPage":{"@id":"https:\/\/www.covb.cat\/es\/actualitat\/noticies\/alertas\/importante-circulacion-del-s8-de-lengua-azul-en-aveyron-francia\/"},"wordCount":181,"publisher":{"@id":"https:\/\/www.covb.cat\/es\/#organization"},"articleSection":["Alertas","General"],"inLanguage":"es"},{"@type":"WebPage","@id":"https:\/\/www.covb.cat\/es\/actualitat\/noticies\/alertas\/importante-circulacion-del-s8-de-lengua-azul-en-aveyron-francia\/","url":"https:\/\/www.covb.cat\/es\/actualitat\/noticies\/alertas\/importante-circulacion-del-s8-de-lengua-azul-en-aveyron-francia\/","name":"Importante circulaci\u00f3n del S8 de Lengua Azul en Aveyron (Francia) - COVB - Col\u00b7legi Oficial de Veterinaris de Barcelona","isPartOf":{"@id":"https:\/\/www.covb.cat\/es\/#website"},"datePublished":"2023-09-26T13:18:52+00:00","description":"Seg\u00fan informa el MAPA, las autoridades francesas han detectado numerosos focos cl\u00ednicos del serotipo 8 de la Lengua Azul en bovinos y ovinos desde el","breadcrumb":{"@id":"https:\/\/www.covb.cat\/es\/actualitat\/noticies\/alertas\/importante-circulacion-del-s8-de-lengua-azul-en-aveyron-francia\/#breadcrumb"},"inLanguage":"es","potentialAction":[{"@type":"ReadAction","target":["https:\/\/www.covb.cat\/es\/actualitat\/noticies\/alertas\/importante-circulacion-del-s8-de-lengua-azul-en-aveyron-francia\/"]}]},{"@type":"BreadcrumbList","@id":"https:\/\/www.covb.cat\/es\/actualitat\/noticies\/alertas\/importante-circulacion-del-s8-de-lengua-azul-en-aveyron-francia\/#breadcrumb","itemListElement":[{"@type":"ListItem","position":1,"name":"Inici","item":"https:\/\/www.covb.cat\/es\/"},{"@type":"ListItem","position":2,"name":"Importante circulaci\u00f3n del S8 de Lengua Azul en Aveyron (Francia)"}]},{"@type":"WebSite","@id":"https:\/\/www.covb.cat\/es\/#website","url":"https:\/\/www.covb.cat\/es\/","name":"COVB","description":"Col\u00b7legi Oficial de Veterinaris de Barcelona","publisher":{"@id":"https:\/\/www.covb.cat\/es\/#organization"},"potentialAction":[{"@type":"SearchAction","target":{"@type":"EntryPoint","urlTemplate":"https:\/\/www.covb.cat\/es\/?s={search_term_string}"},"query-input":{"@type":"PropertyValueSpecification","valueRequired":true,"valueName":"search_term_string"}}],"inLanguage":"es"},{"@type":"Organization","@id":"https:\/\/www.covb.cat\/es\/#organization","name":"COVB","url":"https:\/\/www.covb.cat\/es\/","logo":{"@type":"ImageObject","inLanguage":"es","@id":"https:\/\/www.covb.cat\/es\/#\/schema\/logo\/image\/","url":"https:\/\/www.covb.cat\/wp-content\/uploads\/2018\/07\/favicon-covb.png","contentUrl":"https:\/\/www.covb.cat\/wp-content\/uploads\/2018\/07\/favicon-covb.png","width":512,"height":512,"caption":"COVB"},"image":{"@id":"https:\/\/www.covb.cat\/es\/#\/schema\/logo\/image\/"},"sameAs":["https:\/\/www.facebook.com\/COVBcat\/","https:\/\/x.com\/COVBcat","https:\/\/www.youtube.com\/user\/covbcn"]},{"@type":"Person","@id":""}]}},"jetpack_featured_media_url":"","jetpack_sharing_enabled":true,"_links":{"self":[{"href":"https:\/\/www.covb.cat\/es\/wp-json\/wp\/v2\/posts\/36903","targetHints":{"allow":["GET"]}}],"collection":[{"href":"https:\/\/www.covb.cat\/es\/wp-json\/wp\/v2\/posts"}],"about":[{"href":"https:\/\/www.covb.cat\/es\/wp-json\/wp\/v2\/types\/post"}],"author":[{"embeddable":true,"href":"https:\/\/www.covb.cat\/es\/wp-json\/wp\/v2\/users\/106"}],"replies":[{"embeddable":true,"href":"https:\/\/www.covb.cat\/es\/wp-json\/wp\/v2\/comments?post=36903"}],"version-history":[{"count":0,"href":"https:\/\/www.covb.cat\/es\/wp-json\/wp\/v2\/posts\/36903\/revisions"}],"wp:attachment":[{"href":"https:\/\/www.covb.cat\/es\/wp-json\/wp\/v2\/media?parent=36903"}],"wp:term":[{"taxonomy":"category","embeddable":true,"href":"https:\/\/www.covb.cat\/es\/wp-json\/wp\/v2\/categories?post=36903"},{"taxonomy":"post_tag","embeddable":true,"href":"https:\/\/www.covb.cat\/es\/wp-json\/wp\/v2\/tags?post=36903"}],"curies":[{"name":"wp","href":"https:\/\/api.w.org\/{rel}","templated":true}]}}