{"id":36899,"date":"2023-09-26T15:17:24","date_gmt":"2023-09-26T13:17:24","guid":{"rendered":"https:\/\/www.covb.cat\/?p=36899"},"modified":"2024-02-29T14:25:27","modified_gmt":"2024-02-29T13:25:27","slug":"anillamiento-de-pajaros-y-recogida-de-residus-en-una-nueva-jornada-por-el-medio-ambiente-del-covb","status":"publish","type":"post","link":"https:\/\/www.covb.cat\/es\/actualitat\/noticies\/general\/anillamiento-de-pajaros-y-recogida-de-residus-en-una-nueva-jornada-por-el-medio-ambiente-del-covb\/","title":{"rendered":"Anillamiento de p\u00e1jaros y recogida de residus en una nueva jornada por el medio ambiente del COVB"},"content":{"rendered":"<p>El domingo 17 de septiembre, el Colegio Oficial de Veterinarios de Barcelona celebr\u00f3 una nueva jornada por el medio ambiente para conocer mejor nuestro entorno natural y ayudar a proteger el medio ambiente formando parte de la campa\u00f1a Libera 1m2 de SEO\/Birdlife y Ecoembes.<\/p>\n<p>Los 40 participantes, colegiados veterinarios y veterinarias y familiares, con la ayuda de dos t\u00e9cnicos de medio ambiente hicimos un recorrido por el R\u00edo Llobregat para conocer la fauna que esconde y tuvimos la suerte de participar en el anillamiento de un Peti Rojo, una Curuca Cabecinegra, y un Carbonero com\u00fan.<\/p>\n<p>Despu\u00e9s hicimos una redada por la ribera del r\u00edo y, en tan s\u00f3lo 40 minutos, recogimos, en bolsas clasificadas por diferentes tipos de residuos, un total 10,5 kilos de desechos, mayoritariamente cristales, pl\u00e1sticos, colillas, y toallitas h\u00famedas.<\/p>\n","protected":false},"excerpt":{"rendered":"<p>El domingo 17 de septiembre, el Colegio Oficial de Veterinarios de Barcelona celebr\u00f3 una nueva jornada por el medio ambiente para conocer mejor nuestro entorno natural y ayudar a proteger el medio ambiente formando parte de la campa\u00f1a Libera 1m2 de SEO\/Birdlife y Ecoembes. Los 40 participantes, colegiados veterinarios y veterinarias y familiares, con la [&hellip;]<\/p>\n","protected":false},"author":106,"featured_media":36817,"comment_status":"closed","ping_status":"closed","sticky":false,"template":"","format":"standard","meta":{"_monsterinsights_skip_tracking":false,"_monsterinsights_sitenote_active":false,"_monsterinsights_sitenote_note":"","_monsterinsights_sitenote_category":0,"_jetpack_memberships_contains_paid_content":false,"footnotes":""},"categories":[138,17],"tags":[328],"class_list":["post-36899","post","type-post","status-publish","format-standard","has-post-thumbnail","hentry","category-corporativo","category-general","tag-jornada-medioambiental2023"],"yoast_head":"<!-- This site is optimized with the Yoast SEO plugin v27.0 - https:\/\/yoast.com\/product\/yoast-seo-wordpress\/ -->\n<title>Anillamiento de p\u00e1jaros y recogida de residus en una nueva jornada por el medio ambiente del COVB - COVB - Col\u00b7legi Oficial de Veterinaris de Barcelona<\/title>\n<meta name=\"description\" content=\"El domingo 17 de septiembre, el Colegio Oficial de Veterinarios de Barcelona celebr\u00f3 una nueva jornada por el medio ambiente para conocer mejor nuestro\" \/>\n<meta name=\"robots\" content=\"index, follow, max-snippet:-1, max-image-preview:large, max-video-preview:-1\" \/>\n<link rel=\"canonical\" href=\"https:\/\/www.covb.cat\/es\/actualitat\/noticies\/general\/anillamiento-de-pajaros-y-recogida-de-residus-en-una-nueva-jornada-por-el-medio-ambiente-del-covb\/\" \/>\n<meta property=\"og:locale\" content=\"es_ES\" \/>\n<meta property=\"og:type\" content=\"article\" \/>\n<meta property=\"og:title\" content=\"Anillamiento de p\u00e1jaros y recogida de residus en una nueva jornada por el medio ambiente del COVB - COVB - Col\u00b7legi Oficial de Veterinaris de Barcelona\" \/>\n<meta property=\"og:description\" content=\"El domingo 17 de septiembre, el Colegio Oficial de Veterinarios de Barcelona celebr\u00f3 una nueva jornada por el medio ambiente para conocer mejor nuestro\" \/>\n<meta property=\"og:url\" content=\"https:\/\/www.covb.cat\/es\/actualitat\/noticies\/general\/anillamiento-de-pajaros-y-recogida-de-residus-en-una-nueva-jornada-por-el-medio-ambiente-del-covb\/\" \/>\n<meta property=\"og:site_name\" content=\"COVB\" \/>\n<meta property=\"article:publisher\" content=\"https:\/\/www.facebook.com\/COVBcat\/\" \/>\n<meta property=\"article:published_time\" content=\"2023-09-26T13:17:24+00:00\" \/>\n<meta property=\"article:modified_time\" content=\"2024-02-29T13:25:27+00:00\" \/>\n<meta property=\"og:image\" content=\"https:\/\/www.covb.cat\/wp-content\/uploads\/2023\/09\/fd1ec9ed-b780-0c36-7726-72543dd09cf6-scaled.jpg\" \/>\n\t<meta property=\"og:image:width\" content=\"2560\" \/>\n\t<meta property=\"og:image:height\" content=\"1707\" \/>\n\t<meta property=\"og:image:type\" content=\"image\/jpeg\" \/>\n<meta name=\"twitter:card\" content=\"summary_large_image\" \/>\n<meta name=\"twitter:creator\" content=\"@COVBcat\" \/>\n<meta name=\"twitter:site\" content=\"@COVBcat\" \/>\n<meta name=\"twitter:label1\" content=\"Escrito por\" \/>\n\t<meta name=\"twitter:data1\" content=\"\" \/>\n\t<meta name=\"twitter:label2\" content=\"Tiempo de lectura\" \/>\n\t<meta name=\"twitter:data2\" content=\"1 minuto\" \/>\n<script type=\"application\/ld+json\" class=\"yoast-schema-graph\">{\"@context\":\"https:\/\/schema.org\",\"@graph\":[{\"@type\":\"Article\",\"@id\":\"https:\/\/www.covb.cat\/es\/actualitat\/noticies\/general\/anillamiento-de-pajaros-y-recogida-de-residus-en-una-nueva-jornada-por-el-medio-ambiente-del-covb\/#article\",\"isPartOf\":{\"@id\":\"https:\/\/www.covb.cat\/es\/actualitat\/noticies\/general\/anillamiento-de-pajaros-y-recogida-de-residus-en-una-nueva-jornada-por-el-medio-ambiente-del-covb\/\"},\"author\":{\"name\":\"\",\"@id\":\"\"},\"headline\":\"Anillamiento de p\u00e1jaros y recogida de residus en una nueva jornada por el medio ambiente del COVB\",\"datePublished\":\"2023-09-26T13:17:24+00:00\",\"dateModified\":\"2024-02-29T13:25:27+00:00\",\"mainEntityOfPage\":{\"@id\":\"https:\/\/www.covb.cat\/es\/actualitat\/noticies\/general\/anillamiento-de-pajaros-y-recogida-de-residus-en-una-nueva-jornada-por-el-medio-ambiente-del-covb\/\"},\"wordCount\":156,\"publisher\":{\"@id\":\"https:\/\/www.covb.cat\/es\/#organization\"},\"image\":{\"@id\":\"https:\/\/www.covb.cat\/es\/actualitat\/noticies\/general\/anillamiento-de-pajaros-y-recogida-de-residus-en-una-nueva-jornada-por-el-medio-ambiente-del-covb\/#primaryimage\"},\"thumbnailUrl\":\"https:\/\/www.covb.cat\/wp-content\/uploads\/2023\/09\/fd1ec9ed-b780-0c36-7726-72543dd09cf6-scaled.jpg\",\"keywords\":[\"Jornada Medioambiental 2023\"],\"articleSection\":[\"Corporativo\",\"General\"],\"inLanguage\":\"es\"},{\"@type\":\"WebPage\",\"@id\":\"https:\/\/www.covb.cat\/es\/actualitat\/noticies\/general\/anillamiento-de-pajaros-y-recogida-de-residus-en-una-nueva-jornada-por-el-medio-ambiente-del-covb\/\",\"url\":\"https:\/\/www.covb.cat\/es\/actualitat\/noticies\/general\/anillamiento-de-pajaros-y-recogida-de-residus-en-una-nueva-jornada-por-el-medio-ambiente-del-covb\/\",\"name\":\"Anillamiento de p\u00e1jaros y recogida de residus en una nueva jornada por el medio ambiente del COVB - COVB - Col\u00b7legi Oficial de Veterinaris de Barcelona\",\"isPartOf\":{\"@id\":\"https:\/\/www.covb.cat\/es\/#website\"},\"primaryImageOfPage\":{\"@id\":\"https:\/\/www.covb.cat\/es\/actualitat\/noticies\/general\/anillamiento-de-pajaros-y-recogida-de-residus-en-una-nueva-jornada-por-el-medio-ambiente-del-covb\/#primaryimage\"},\"image\":{\"@id\":\"https:\/\/www.covb.cat\/es\/actualitat\/noticies\/general\/anillamiento-de-pajaros-y-recogida-de-residus-en-una-nueva-jornada-por-el-medio-ambiente-del-covb\/#primaryimage\"},\"thumbnailUrl\":\"https:\/\/www.covb.cat\/wp-content\/uploads\/2023\/09\/fd1ec9ed-b780-0c36-7726-72543dd09cf6-scaled.jpg\",\"datePublished\":\"2023-09-26T13:17:24+00:00\",\"dateModified\":\"2024-02-29T13:25:27+00:00\",\"description\":\"El domingo 17 de septiembre, el Colegio Oficial de Veterinarios de Barcelona celebr\u00f3 una nueva jornada por el medio ambiente para conocer mejor nuestro\",\"breadcrumb\":{\"@id\":\"https:\/\/www.covb.cat\/es\/actualitat\/noticies\/general\/anillamiento-de-pajaros-y-recogida-de-residus-en-una-nueva-jornada-por-el-medio-ambiente-del-covb\/#breadcrumb\"},\"inLanguage\":\"es\",\"potentialAction\":[{\"@type\":\"ReadAction\",\"target\":[\"https:\/\/www.covb.cat\/es\/actualitat\/noticies\/general\/anillamiento-de-pajaros-y-recogida-de-residus-en-una-nueva-jornada-por-el-medio-ambiente-del-covb\/\"]}]},{\"@type\":\"ImageObject\",\"inLanguage\":\"es\",\"@id\":\"https:\/\/www.covb.cat\/es\/actualitat\/noticies\/general\/anillamiento-de-pajaros-y-recogida-de-residus-en-una-nueva-jornada-por-el-medio-ambiente-del-covb\/#primaryimage\",\"url\":\"https:\/\/www.covb.cat\/wp-content\/uploads\/2023\/09\/fd1ec9ed-b780-0c36-7726-72543dd09cf6-scaled.jpg\",\"contentUrl\":\"https:\/\/www.covb.cat\/wp-content\/uploads\/2023\/09\/fd1ec9ed-b780-0c36-7726-72543dd09cf6-scaled.jpg\",\"width\":2560,\"height\":1707},{\"@type\":\"BreadcrumbList\",\"@id\":\"https:\/\/www.covb.cat\/es\/actualitat\/noticies\/general\/anillamiento-de-pajaros-y-recogida-de-residus-en-una-nueva-jornada-por-el-medio-ambiente-del-covb\/#breadcrumb\",\"itemListElement\":[{\"@type\":\"ListItem\",\"position\":1,\"name\":\"Inici\",\"item\":\"https:\/\/www.covb.cat\/es\/\"},{\"@type\":\"ListItem\",\"position\":2,\"name\":\"Anillamiento de p\u00e1jaros y recogida de residus en una nueva jornada por el medio ambiente del COVB\"}]},{\"@type\":\"WebSite\",\"@id\":\"https:\/\/www.covb.cat\/es\/#website\",\"url\":\"https:\/\/www.covb.cat\/es\/\",\"name\":\"COVB\",\"description\":\"Col\u00b7legi Oficial de Veterinaris de Barcelona\",\"publisher\":{\"@id\":\"https:\/\/www.covb.cat\/es\/#organization\"},\"potentialAction\":[{\"@type\":\"SearchAction\",\"target\":{\"@type\":\"EntryPoint\",\"urlTemplate\":\"https:\/\/www.covb.cat\/es\/?s={search_term_string}\"},\"query-input\":{\"@type\":\"PropertyValueSpecification\",\"valueRequired\":true,\"valueName\":\"search_term_string\"}}],\"inLanguage\":\"es\"},{\"@type\":\"Organization\",\"@id\":\"https:\/\/www.covb.cat\/es\/#organization\",\"name\":\"COVB\",\"url\":\"https:\/\/www.covb.cat\/es\/\",\"logo\":{\"@type\":\"ImageObject\",\"inLanguage\":\"es\",\"@id\":\"https:\/\/www.covb.cat\/es\/#\/schema\/logo\/image\/\",\"url\":\"https:\/\/www.covb.cat\/wp-content\/uploads\/2018\/07\/favicon-covb.png\",\"contentUrl\":\"https:\/\/www.covb.cat\/wp-content\/uploads\/2018\/07\/favicon-covb.png\",\"width\":512,\"height\":512,\"caption\":\"COVB\"},\"image\":{\"@id\":\"https:\/\/www.covb.cat\/es\/#\/schema\/logo\/image\/\"},\"sameAs\":[\"https:\/\/www.facebook.com\/COVBcat\/\",\"https:\/\/x.com\/COVBcat\",\"https:\/\/www.youtube.com\/user\/covbcn\"]},{\"@type\":\"Person\",\"@id\":\"\"}]}<\/script>\n<!-- \/ Yoast SEO plugin. -->","yoast_head_json":{"title":"Anillamiento de p\u00e1jaros y recogida de residus en una nueva jornada por el medio ambiente del COVB - COVB - Col\u00b7legi Oficial de Veterinaris de Barcelona","description":"El domingo 17 de septiembre, el Colegio Oficial de Veterinarios de Barcelona celebr\u00f3 una nueva jornada por el medio ambiente para conocer mejor nuestro","robots":{"index":"index","follow":"follow","max-snippet":"max-snippet:-1","max-image-preview":"max-image-preview:large","max-video-preview":"max-video-preview:-1"},"canonical":"https:\/\/www.covb.cat\/es\/actualitat\/noticies\/general\/anillamiento-de-pajaros-y-recogida-de-residus-en-una-nueva-jornada-por-el-medio-ambiente-del-covb\/","og_locale":"es_ES","og_type":"article","og_title":"Anillamiento de p\u00e1jaros y recogida de residus en una nueva jornada por el medio ambiente del COVB - COVB - Col\u00b7legi Oficial de Veterinaris de Barcelona","og_description":"El domingo 17 de septiembre, el Colegio Oficial de Veterinarios de Barcelona celebr\u00f3 una nueva jornada por el medio ambiente para conocer mejor nuestro","og_url":"https:\/\/www.covb.cat\/es\/actualitat\/noticies\/general\/anillamiento-de-pajaros-y-recogida-de-residus-en-una-nueva-jornada-por-el-medio-ambiente-del-covb\/","og_site_name":"COVB","article_publisher":"https:\/\/www.facebook.com\/COVBcat\/","article_published_time":"2023-09-26T13:17:24+00:00","article_modified_time":"2024-02-29T13:25:27+00:00","og_image":[{"width":2560,"height":1707,"url":"https:\/\/www.covb.cat\/wp-content\/uploads\/2023\/09\/fd1ec9ed-b780-0c36-7726-72543dd09cf6-scaled.jpg","type":"image\/jpeg"}],"twitter_card":"summary_large_image","twitter_creator":"@COVBcat","twitter_site":"@COVBcat","twitter_misc":{"Escrito por":"","Tiempo de lectura":"1 minuto"},"schema":{"@context":"https:\/\/schema.org","@graph":[{"@type":"Article","@id":"https:\/\/www.covb.cat\/es\/actualitat\/noticies\/general\/anillamiento-de-pajaros-y-recogida-de-residus-en-una-nueva-jornada-por-el-medio-ambiente-del-covb\/#article","isPartOf":{"@id":"https:\/\/www.covb.cat\/es\/actualitat\/noticies\/general\/anillamiento-de-pajaros-y-recogida-de-residus-en-una-nueva-jornada-por-el-medio-ambiente-del-covb\/"},"author":{"name":"","@id":""},"headline":"Anillamiento de p\u00e1jaros y recogida de residus en una nueva jornada por el medio ambiente del COVB","datePublished":"2023-09-26T13:17:24+00:00","dateModified":"2024-02-29T13:25:27+00:00","mainEntityOfPage":{"@id":"https:\/\/www.covb.cat\/es\/actualitat\/noticies\/general\/anillamiento-de-pajaros-y-recogida-de-residus-en-una-nueva-jornada-por-el-medio-ambiente-del-covb\/"},"wordCount":156,"publisher":{"@id":"https:\/\/www.covb.cat\/es\/#organization"},"image":{"@id":"https:\/\/www.covb.cat\/es\/actualitat\/noticies\/general\/anillamiento-de-pajaros-y-recogida-de-residus-en-una-nueva-jornada-por-el-medio-ambiente-del-covb\/#primaryimage"},"thumbnailUrl":"https:\/\/www.covb.cat\/wp-content\/uploads\/2023\/09\/fd1ec9ed-b780-0c36-7726-72543dd09cf6-scaled.jpg","keywords":["Jornada Medioambiental 2023"],"articleSection":["Corporativo","General"],"inLanguage":"es"},{"@type":"WebPage","@id":"https:\/\/www.covb.cat\/es\/actualitat\/noticies\/general\/anillamiento-de-pajaros-y-recogida-de-residus-en-una-nueva-jornada-por-el-medio-ambiente-del-covb\/","url":"https:\/\/www.covb.cat\/es\/actualitat\/noticies\/general\/anillamiento-de-pajaros-y-recogida-de-residus-en-una-nueva-jornada-por-el-medio-ambiente-del-covb\/","name":"Anillamiento de p\u00e1jaros y recogida de residus en una nueva jornada por el medio ambiente del COVB - COVB - Col\u00b7legi Oficial de Veterinaris de Barcelona","isPartOf":{"@id":"https:\/\/www.covb.cat\/es\/#website"},"primaryImageOfPage":{"@id":"https:\/\/www.covb.cat\/es\/actualitat\/noticies\/general\/anillamiento-de-pajaros-y-recogida-de-residus-en-una-nueva-jornada-por-el-medio-ambiente-del-covb\/#primaryimage"},"image":{"@id":"https:\/\/www.covb.cat\/es\/actualitat\/noticies\/general\/anillamiento-de-pajaros-y-recogida-de-residus-en-una-nueva-jornada-por-el-medio-ambiente-del-covb\/#primaryimage"},"thumbnailUrl":"https:\/\/www.covb.cat\/wp-content\/uploads\/2023\/09\/fd1ec9ed-b780-0c36-7726-72543dd09cf6-scaled.jpg","datePublished":"2023-09-26T13:17:24+00:00","dateModified":"2024-02-29T13:25:27+00:00","description":"El domingo 17 de septiembre, el Colegio Oficial de Veterinarios de Barcelona celebr\u00f3 una nueva jornada por el medio ambiente para conocer mejor nuestro","breadcrumb":{"@id":"https:\/\/www.covb.cat\/es\/actualitat\/noticies\/general\/anillamiento-de-pajaros-y-recogida-de-residus-en-una-nueva-jornada-por-el-medio-ambiente-del-covb\/#breadcrumb"},"inLanguage":"es","potentialAction":[{"@type":"ReadAction","target":["https:\/\/www.covb.cat\/es\/actualitat\/noticies\/general\/anillamiento-de-pajaros-y-recogida-de-residus-en-una-nueva-jornada-por-el-medio-ambiente-del-covb\/"]}]},{"@type":"ImageObject","inLanguage":"es","@id":"https:\/\/www.covb.cat\/es\/actualitat\/noticies\/general\/anillamiento-de-pajaros-y-recogida-de-residus-en-una-nueva-jornada-por-el-medio-ambiente-del-covb\/#primaryimage","url":"https:\/\/www.covb.cat\/wp-content\/uploads\/2023\/09\/fd1ec9ed-b780-0c36-7726-72543dd09cf6-scaled.jpg","contentUrl":"https:\/\/www.covb.cat\/wp-content\/uploads\/2023\/09\/fd1ec9ed-b780-0c36-7726-72543dd09cf6-scaled.jpg","width":2560,"height":1707},{"@type":"BreadcrumbList","@id":"https:\/\/www.covb.cat\/es\/actualitat\/noticies\/general\/anillamiento-de-pajaros-y-recogida-de-residus-en-una-nueva-jornada-por-el-medio-ambiente-del-covb\/#breadcrumb","itemListElement":[{"@type":"ListItem","position":1,"name":"Inici","item":"https:\/\/www.covb.cat\/es\/"},{"@type":"ListItem","position":2,"name":"Anillamiento de p\u00e1jaros y recogida de residus en una nueva jornada por el medio ambiente del COVB"}]},{"@type":"WebSite","@id":"https:\/\/www.covb.cat\/es\/#website","url":"https:\/\/www.covb.cat\/es\/","name":"COVB","description":"Col\u00b7legi Oficial de Veterinaris de Barcelona","publisher":{"@id":"https:\/\/www.covb.cat\/es\/#organization"},"potentialAction":[{"@type":"SearchAction","target":{"@type":"EntryPoint","urlTemplate":"https:\/\/www.covb.cat\/es\/?s={search_term_string}"},"query-input":{"@type":"PropertyValueSpecification","valueRequired":true,"valueName":"search_term_string"}}],"inLanguage":"es"},{"@type":"Organization","@id":"https:\/\/www.covb.cat\/es\/#organization","name":"COVB","url":"https:\/\/www.covb.cat\/es\/","logo":{"@type":"ImageObject","inLanguage":"es","@id":"https:\/\/www.covb.cat\/es\/#\/schema\/logo\/image\/","url":"https:\/\/www.covb.cat\/wp-content\/uploads\/2018\/07\/favicon-covb.png","contentUrl":"https:\/\/www.covb.cat\/wp-content\/uploads\/2018\/07\/favicon-covb.png","width":512,"height":512,"caption":"COVB"},"image":{"@id":"https:\/\/www.covb.cat\/es\/#\/schema\/logo\/image\/"},"sameAs":["https:\/\/www.facebook.com\/COVBcat\/","https:\/\/x.com\/COVBcat","https:\/\/www.youtube.com\/user\/covbcn"]},{"@type":"Person","@id":""}]}},"jetpack_featured_media_url":"https:\/\/www.covb.cat\/wp-content\/uploads\/2023\/09\/fd1ec9ed-b780-0c36-7726-72543dd09cf6-scaled.jpg","jetpack_sharing_enabled":true,"_links":{"self":[{"href":"https:\/\/www.covb.cat\/es\/wp-json\/wp\/v2\/posts\/36899","targetHints":{"allow":["GET"]}}],"collection":[{"href":"https:\/\/www.covb.cat\/es\/wp-json\/wp\/v2\/posts"}],"about":[{"href":"https:\/\/www.covb.cat\/es\/wp-json\/wp\/v2\/types\/post"}],"author":[{"embeddable":true,"href":"https:\/\/www.covb.cat\/es\/wp-json\/wp\/v2\/users\/106"}],"replies":[{"embeddable":true,"href":"https:\/\/www.covb.cat\/es\/wp-json\/wp\/v2\/comments?post=36899"}],"version-history":[{"count":0,"href":"https:\/\/www.covb.cat\/es\/wp-json\/wp\/v2\/posts\/36899\/revisions"}],"wp:featuredmedia":[{"embeddable":true,"href":"https:\/\/www.covb.cat\/es\/wp-json\/wp\/v2\/media\/36817"}],"wp:attachment":[{"href":"https:\/\/www.covb.cat\/es\/wp-json\/wp\/v2\/media?parent=36899"}],"wp:term":[{"taxonomy":"category","embeddable":true,"href":"https:\/\/www.covb.cat\/es\/wp-json\/wp\/v2\/categories?post=36899"},{"taxonomy":"post_tag","embeddable":true,"href":"https:\/\/www.covb.cat\/es\/wp-json\/wp\/v2\/tags?post=36899"}],"curies":[{"name":"wp","href":"https:\/\/api.w.org\/{rel}","templated":true}]}}