{"id":36411,"date":"2023-09-12T11:17:26","date_gmt":"2023-09-12T09:17:26","guid":{"rendered":"https:\/\/www.covb.cat\/?p=36411"},"modified":"2023-09-12T11:17:26","modified_gmt":"2023-09-12T09:17:26","slug":"nueva-confirmacion-de-vno-en-tres-caballos-del-baix-camp","status":"publish","type":"post","link":"https:\/\/www.covb.cat\/es\/actualitat\/noticies\/alertas\/nueva-confirmacion-de-vno-en-tres-caballos-del-baix-camp\/","title":{"rendered":"Nueva confirmaci\u00f3n de VNO en tres caballos del Baix Camp"},"content":{"rendered":"<p>El Laboratorio Central de Veterinaria de Algete comunic\u00f3 el 7 de septiembre, la confirmaci\u00f3n por la t\u00e9cnica ELISA de captura, la detecci\u00f3n de IgM enfrente el Virus de Nil Occidental (VNO) en las muestras de 3 caballos de una h\u00edpica del municipio de Riudoms (Baix Camp), uno de los cuales presentaba sintomatolog\u00eda cl\u00ednica. Esta confirmaci\u00f3n genera la notificaci\u00f3n del foco a RASVE con el n\u00famero 2023\/24.<\/p>\n<p>Esta detecci\u00f3n ha sido posible gracias a la comunicaci\u00f3n a los Servicios Veterinarios Oficiales de la sospecha cl\u00ednica por parte del veterinario cl\u00ednico de la h\u00edpica, qui\u00e9n tom\u00f3 muestras del animal afectado. La confirmaci\u00f3n de este caso es un indicador de que el VNO est\u00e1 circulando por el Baix Camp, que se puede considerar como una zona end\u00e9mica. Esta comarca junto con Alt Camp y Tarragon\u00e8s tienen un riesgo elevado de potencial circulaci\u00f3n de VNO.<\/p>\n<p>Os recordamos que como veterinarios\/aries, debemos estar alerta ante la sospecha de sintomatolog\u00eda compatible con la FNO y en caso de manifestarse es muy importante enviar muestras al IRTA \u2013CReSA e informar los Servicios Veterinarios Oficiales del DACC.<\/p>\n<p>Para ello, facilitamos el enlace al <a href=\"https:\/\/agricultura.gencat.cat\/web\/.content\/07-ramaderia\/sanitat-animal\/virus-nil-occidental\/enllacos-documents\/fitxers-binaris\/procediment-comunicacio-presa-identificacio-condicionament-tramesa-mostres-vigilancia-passiva-equids.pdf\"><em>Procediment d\u2019actuaci\u00f3 del\/la veterinari\/\u00e0ria en cas de sospita cl\u00ednica en \u00e8quids per a la vigil\u00e0ncia de la febre del Nil Occidental a Catalunya<\/em><\/a>\u00a0y el documento de env\u00edo de muestras\u00a0<a href=\"https:\/\/agricultura.gencat.cat\/ca\/ambits\/ramaderia\/sanitat-animal\/dar_altres_programes_sanitaris\/dar_virus_nil_occidental\/dar_programa_dar\/\">Annex VIII. Sol\u00b7licitud d\u2019an\u00e0lisi de la febre del Nil Occidental en \u00e8quids \u2013 vigil\u00e0ncia passiva<\/a><\/p>\n<p>&nbsp;<\/p>\n","protected":false},"excerpt":{"rendered":"<p>El Laboratorio Central de Veterinaria de Algete comunic\u00f3 el 7 de septiembre, la confirmaci\u00f3n por la t\u00e9cnica ELISA de captura, la detecci\u00f3n de IgM enfrente el Virus de Nil Occidental (VNO) en las muestras de 3 caballos de una h\u00edpica del municipio de Riudoms (Baix Camp), uno de los cuales presentaba sintomatolog\u00eda cl\u00ednica. Esta confirmaci\u00f3n [&hellip;]<\/p>\n","protected":false},"author":106,"featured_media":4409,"comment_status":"closed","ping_status":"closed","sticky":false,"template":"","format":"standard","meta":{"_monsterinsights_skip_tracking":false,"_monsterinsights_sitenote_active":false,"_monsterinsights_sitenote_note":"","_monsterinsights_sitenote_category":0,"_jetpack_memberships_contains_paid_content":false,"footnotes":""},"categories":[156,17],"tags":[],"class_list":["post-36411","post","type-post","status-publish","format-standard","has-post-thumbnail","hentry","category-alertas","category-general"],"yoast_head":"<!-- This site is optimized with the Yoast SEO plugin v27.0 - https:\/\/yoast.com\/product\/yoast-seo-wordpress\/ -->\n<title>Nueva confirmaci\u00f3n de VNO en tres caballos del Baix Camp - COVB - Col\u00b7legi Oficial de Veterinaris de Barcelona<\/title>\n<meta name=\"description\" content=\"El Laboratorio Central de Veterinaria de Algete comunic\u00f3 el 7 de septiembre, la confirmaci\u00f3n por la t\u00e9cnica ELISA de captura, la detecci\u00f3n de IgM enfrente\" \/>\n<meta name=\"robots\" content=\"index, follow, max-snippet:-1, max-image-preview:large, max-video-preview:-1\" \/>\n<link rel=\"canonical\" href=\"https:\/\/www.covb.cat\/es\/actualitat\/noticies\/alertas\/nueva-confirmacion-de-vno-en-tres-caballos-del-baix-camp\/\" \/>\n<meta property=\"og:locale\" content=\"es_ES\" \/>\n<meta property=\"og:type\" content=\"article\" \/>\n<meta property=\"og:title\" content=\"Nueva confirmaci\u00f3n de VNO en tres caballos del Baix Camp - COVB - Col\u00b7legi Oficial de Veterinaris de Barcelona\" \/>\n<meta property=\"og:description\" content=\"El Laboratorio Central de Veterinaria de Algete comunic\u00f3 el 7 de septiembre, la confirmaci\u00f3n por la t\u00e9cnica ELISA de captura, la detecci\u00f3n de IgM enfrente\" \/>\n<meta property=\"og:url\" content=\"https:\/\/www.covb.cat\/es\/actualitat\/noticies\/alertas\/nueva-confirmacion-de-vno-en-tres-caballos-del-baix-camp\/\" \/>\n<meta property=\"og:site_name\" content=\"COVB\" \/>\n<meta property=\"article:publisher\" content=\"https:\/\/www.facebook.com\/COVBcat\/\" \/>\n<meta property=\"article:published_time\" content=\"2023-09-12T09:17:26+00:00\" \/>\n<meta property=\"og:image\" content=\"https:\/\/www.covb.cat\/wp-content\/uploads\/2020\/12\/bgcaballos.jpg\" \/>\n\t<meta property=\"og:image:width\" content=\"600\" \/>\n\t<meta property=\"og:image:height\" content=\"247\" \/>\n\t<meta property=\"og:image:type\" content=\"image\/jpeg\" \/>\n<meta name=\"twitter:card\" content=\"summary_large_image\" \/>\n<meta name=\"twitter:creator\" content=\"@COVBcat\" \/>\n<meta name=\"twitter:site\" content=\"@COVBcat\" \/>\n<meta name=\"twitter:label1\" content=\"Escrito por\" \/>\n\t<meta name=\"twitter:data1\" content=\"\" \/>\n\t<meta name=\"twitter:label2\" content=\"Tiempo de lectura\" \/>\n\t<meta name=\"twitter:data2\" content=\"2 minutos\" \/>\n<script type=\"application\/ld+json\" class=\"yoast-schema-graph\">{\"@context\":\"https:\/\/schema.org\",\"@graph\":[{\"@type\":\"Article\",\"@id\":\"https:\/\/www.covb.cat\/es\/actualitat\/noticies\/alertas\/nueva-confirmacion-de-vno-en-tres-caballos-del-baix-camp\/#article\",\"isPartOf\":{\"@id\":\"https:\/\/www.covb.cat\/es\/actualitat\/noticies\/alertas\/nueva-confirmacion-de-vno-en-tres-caballos-del-baix-camp\/\"},\"author\":{\"name\":\"\",\"@id\":\"\"},\"headline\":\"Nueva confirmaci\u00f3n de VNO en tres caballos del Baix Camp\",\"datePublished\":\"2023-09-12T09:17:26+00:00\",\"mainEntityOfPage\":{\"@id\":\"https:\/\/www.covb.cat\/es\/actualitat\/noticies\/alertas\/nueva-confirmacion-de-vno-en-tres-caballos-del-baix-camp\/\"},\"wordCount\":269,\"publisher\":{\"@id\":\"https:\/\/www.covb.cat\/es\/#organization\"},\"image\":{\"@id\":\"https:\/\/www.covb.cat\/es\/actualitat\/noticies\/alertas\/nueva-confirmacion-de-vno-en-tres-caballos-del-baix-camp\/#primaryimage\"},\"thumbnailUrl\":\"https:\/\/www.covb.cat\/wp-content\/uploads\/2020\/12\/bgcaballos.jpg\",\"articleSection\":[\"Alertas\",\"General\"],\"inLanguage\":\"es\"},{\"@type\":\"WebPage\",\"@id\":\"https:\/\/www.covb.cat\/es\/actualitat\/noticies\/alertas\/nueva-confirmacion-de-vno-en-tres-caballos-del-baix-camp\/\",\"url\":\"https:\/\/www.covb.cat\/es\/actualitat\/noticies\/alertas\/nueva-confirmacion-de-vno-en-tres-caballos-del-baix-camp\/\",\"name\":\"Nueva confirmaci\u00f3n de VNO en tres caballos del Baix Camp - COVB - Col\u00b7legi Oficial de Veterinaris de Barcelona\",\"isPartOf\":{\"@id\":\"https:\/\/www.covb.cat\/es\/#website\"},\"primaryImageOfPage\":{\"@id\":\"https:\/\/www.covb.cat\/es\/actualitat\/noticies\/alertas\/nueva-confirmacion-de-vno-en-tres-caballos-del-baix-camp\/#primaryimage\"},\"image\":{\"@id\":\"https:\/\/www.covb.cat\/es\/actualitat\/noticies\/alertas\/nueva-confirmacion-de-vno-en-tres-caballos-del-baix-camp\/#primaryimage\"},\"thumbnailUrl\":\"https:\/\/www.covb.cat\/wp-content\/uploads\/2020\/12\/bgcaballos.jpg\",\"datePublished\":\"2023-09-12T09:17:26+00:00\",\"description\":\"El Laboratorio Central de Veterinaria de Algete comunic\u00f3 el 7 de septiembre, la confirmaci\u00f3n por la t\u00e9cnica ELISA de captura, la detecci\u00f3n de IgM enfrente\",\"breadcrumb\":{\"@id\":\"https:\/\/www.covb.cat\/es\/actualitat\/noticies\/alertas\/nueva-confirmacion-de-vno-en-tres-caballos-del-baix-camp\/#breadcrumb\"},\"inLanguage\":\"es\",\"potentialAction\":[{\"@type\":\"ReadAction\",\"target\":[\"https:\/\/www.covb.cat\/es\/actualitat\/noticies\/alertas\/nueva-confirmacion-de-vno-en-tres-caballos-del-baix-camp\/\"]}]},{\"@type\":\"ImageObject\",\"inLanguage\":\"es\",\"@id\":\"https:\/\/www.covb.cat\/es\/actualitat\/noticies\/alertas\/nueva-confirmacion-de-vno-en-tres-caballos-del-baix-camp\/#primaryimage\",\"url\":\"https:\/\/www.covb.cat\/wp-content\/uploads\/2020\/12\/bgcaballos.jpg\",\"contentUrl\":\"https:\/\/www.covb.cat\/wp-content\/uploads\/2020\/12\/bgcaballos.jpg\",\"width\":600,\"height\":247},{\"@type\":\"BreadcrumbList\",\"@id\":\"https:\/\/www.covb.cat\/es\/actualitat\/noticies\/alertas\/nueva-confirmacion-de-vno-en-tres-caballos-del-baix-camp\/#breadcrumb\",\"itemListElement\":[{\"@type\":\"ListItem\",\"position\":1,\"name\":\"Inici\",\"item\":\"https:\/\/www.covb.cat\/es\/\"},{\"@type\":\"ListItem\",\"position\":2,\"name\":\"Nueva confirmaci\u00f3n de VNO en tres caballos del Baix Camp\"}]},{\"@type\":\"WebSite\",\"@id\":\"https:\/\/www.covb.cat\/es\/#website\",\"url\":\"https:\/\/www.covb.cat\/es\/\",\"name\":\"COVB\",\"description\":\"Col\u00b7legi Oficial de Veterinaris de Barcelona\",\"publisher\":{\"@id\":\"https:\/\/www.covb.cat\/es\/#organization\"},\"potentialAction\":[{\"@type\":\"SearchAction\",\"target\":{\"@type\":\"EntryPoint\",\"urlTemplate\":\"https:\/\/www.covb.cat\/es\/?s={search_term_string}\"},\"query-input\":{\"@type\":\"PropertyValueSpecification\",\"valueRequired\":true,\"valueName\":\"search_term_string\"}}],\"inLanguage\":\"es\"},{\"@type\":\"Organization\",\"@id\":\"https:\/\/www.covb.cat\/es\/#organization\",\"name\":\"COVB\",\"url\":\"https:\/\/www.covb.cat\/es\/\",\"logo\":{\"@type\":\"ImageObject\",\"inLanguage\":\"es\",\"@id\":\"https:\/\/www.covb.cat\/es\/#\/schema\/logo\/image\/\",\"url\":\"https:\/\/www.covb.cat\/wp-content\/uploads\/2018\/07\/favicon-covb.png\",\"contentUrl\":\"https:\/\/www.covb.cat\/wp-content\/uploads\/2018\/07\/favicon-covb.png\",\"width\":512,\"height\":512,\"caption\":\"COVB\"},\"image\":{\"@id\":\"https:\/\/www.covb.cat\/es\/#\/schema\/logo\/image\/\"},\"sameAs\":[\"https:\/\/www.facebook.com\/COVBcat\/\",\"https:\/\/x.com\/COVBcat\",\"https:\/\/www.youtube.com\/user\/covbcn\"]},{\"@type\":\"Person\",\"@id\":\"\"}]}<\/script>\n<!-- \/ Yoast SEO plugin. -->","yoast_head_json":{"title":"Nueva confirmaci\u00f3n de VNO en tres caballos del Baix Camp - COVB - Col\u00b7legi Oficial de Veterinaris de Barcelona","description":"El Laboratorio Central de Veterinaria de Algete comunic\u00f3 el 7 de septiembre, la confirmaci\u00f3n por la t\u00e9cnica ELISA de captura, la detecci\u00f3n de IgM enfrente","robots":{"index":"index","follow":"follow","max-snippet":"max-snippet:-1","max-image-preview":"max-image-preview:large","max-video-preview":"max-video-preview:-1"},"canonical":"https:\/\/www.covb.cat\/es\/actualitat\/noticies\/alertas\/nueva-confirmacion-de-vno-en-tres-caballos-del-baix-camp\/","og_locale":"es_ES","og_type":"article","og_title":"Nueva confirmaci\u00f3n de VNO en tres caballos del Baix Camp - COVB - Col\u00b7legi Oficial de Veterinaris de Barcelona","og_description":"El Laboratorio Central de Veterinaria de Algete comunic\u00f3 el 7 de septiembre, la confirmaci\u00f3n por la t\u00e9cnica ELISA de captura, la detecci\u00f3n de IgM enfrente","og_url":"https:\/\/www.covb.cat\/es\/actualitat\/noticies\/alertas\/nueva-confirmacion-de-vno-en-tres-caballos-del-baix-camp\/","og_site_name":"COVB","article_publisher":"https:\/\/www.facebook.com\/COVBcat\/","article_published_time":"2023-09-12T09:17:26+00:00","og_image":[{"width":600,"height":247,"url":"https:\/\/www.covb.cat\/wp-content\/uploads\/2020\/12\/bgcaballos.jpg","type":"image\/jpeg"}],"twitter_card":"summary_large_image","twitter_creator":"@COVBcat","twitter_site":"@COVBcat","twitter_misc":{"Escrito por":"","Tiempo de lectura":"2 minutos"},"schema":{"@context":"https:\/\/schema.org","@graph":[{"@type":"Article","@id":"https:\/\/www.covb.cat\/es\/actualitat\/noticies\/alertas\/nueva-confirmacion-de-vno-en-tres-caballos-del-baix-camp\/#article","isPartOf":{"@id":"https:\/\/www.covb.cat\/es\/actualitat\/noticies\/alertas\/nueva-confirmacion-de-vno-en-tres-caballos-del-baix-camp\/"},"author":{"name":"","@id":""},"headline":"Nueva confirmaci\u00f3n de VNO en tres caballos del Baix Camp","datePublished":"2023-09-12T09:17:26+00:00","mainEntityOfPage":{"@id":"https:\/\/www.covb.cat\/es\/actualitat\/noticies\/alertas\/nueva-confirmacion-de-vno-en-tres-caballos-del-baix-camp\/"},"wordCount":269,"publisher":{"@id":"https:\/\/www.covb.cat\/es\/#organization"},"image":{"@id":"https:\/\/www.covb.cat\/es\/actualitat\/noticies\/alertas\/nueva-confirmacion-de-vno-en-tres-caballos-del-baix-camp\/#primaryimage"},"thumbnailUrl":"https:\/\/www.covb.cat\/wp-content\/uploads\/2020\/12\/bgcaballos.jpg","articleSection":["Alertas","General"],"inLanguage":"es"},{"@type":"WebPage","@id":"https:\/\/www.covb.cat\/es\/actualitat\/noticies\/alertas\/nueva-confirmacion-de-vno-en-tres-caballos-del-baix-camp\/","url":"https:\/\/www.covb.cat\/es\/actualitat\/noticies\/alertas\/nueva-confirmacion-de-vno-en-tres-caballos-del-baix-camp\/","name":"Nueva confirmaci\u00f3n de VNO en tres caballos del Baix Camp - COVB - Col\u00b7legi Oficial de Veterinaris de Barcelona","isPartOf":{"@id":"https:\/\/www.covb.cat\/es\/#website"},"primaryImageOfPage":{"@id":"https:\/\/www.covb.cat\/es\/actualitat\/noticies\/alertas\/nueva-confirmacion-de-vno-en-tres-caballos-del-baix-camp\/#primaryimage"},"image":{"@id":"https:\/\/www.covb.cat\/es\/actualitat\/noticies\/alertas\/nueva-confirmacion-de-vno-en-tres-caballos-del-baix-camp\/#primaryimage"},"thumbnailUrl":"https:\/\/www.covb.cat\/wp-content\/uploads\/2020\/12\/bgcaballos.jpg","datePublished":"2023-09-12T09:17:26+00:00","description":"El Laboratorio Central de Veterinaria de Algete comunic\u00f3 el 7 de septiembre, la confirmaci\u00f3n por la t\u00e9cnica ELISA de captura, la detecci\u00f3n de IgM enfrente","breadcrumb":{"@id":"https:\/\/www.covb.cat\/es\/actualitat\/noticies\/alertas\/nueva-confirmacion-de-vno-en-tres-caballos-del-baix-camp\/#breadcrumb"},"inLanguage":"es","potentialAction":[{"@type":"ReadAction","target":["https:\/\/www.covb.cat\/es\/actualitat\/noticies\/alertas\/nueva-confirmacion-de-vno-en-tres-caballos-del-baix-camp\/"]}]},{"@type":"ImageObject","inLanguage":"es","@id":"https:\/\/www.covb.cat\/es\/actualitat\/noticies\/alertas\/nueva-confirmacion-de-vno-en-tres-caballos-del-baix-camp\/#primaryimage","url":"https:\/\/www.covb.cat\/wp-content\/uploads\/2020\/12\/bgcaballos.jpg","contentUrl":"https:\/\/www.covb.cat\/wp-content\/uploads\/2020\/12\/bgcaballos.jpg","width":600,"height":247},{"@type":"BreadcrumbList","@id":"https:\/\/www.covb.cat\/es\/actualitat\/noticies\/alertas\/nueva-confirmacion-de-vno-en-tres-caballos-del-baix-camp\/#breadcrumb","itemListElement":[{"@type":"ListItem","position":1,"name":"Inici","item":"https:\/\/www.covb.cat\/es\/"},{"@type":"ListItem","position":2,"name":"Nueva confirmaci\u00f3n de VNO en tres caballos del Baix Camp"}]},{"@type":"WebSite","@id":"https:\/\/www.covb.cat\/es\/#website","url":"https:\/\/www.covb.cat\/es\/","name":"COVB","description":"Col\u00b7legi Oficial de Veterinaris de Barcelona","publisher":{"@id":"https:\/\/www.covb.cat\/es\/#organization"},"potentialAction":[{"@type":"SearchAction","target":{"@type":"EntryPoint","urlTemplate":"https:\/\/www.covb.cat\/es\/?s={search_term_string}"},"query-input":{"@type":"PropertyValueSpecification","valueRequired":true,"valueName":"search_term_string"}}],"inLanguage":"es"},{"@type":"Organization","@id":"https:\/\/www.covb.cat\/es\/#organization","name":"COVB","url":"https:\/\/www.covb.cat\/es\/","logo":{"@type":"ImageObject","inLanguage":"es","@id":"https:\/\/www.covb.cat\/es\/#\/schema\/logo\/image\/","url":"https:\/\/www.covb.cat\/wp-content\/uploads\/2018\/07\/favicon-covb.png","contentUrl":"https:\/\/www.covb.cat\/wp-content\/uploads\/2018\/07\/favicon-covb.png","width":512,"height":512,"caption":"COVB"},"image":{"@id":"https:\/\/www.covb.cat\/es\/#\/schema\/logo\/image\/"},"sameAs":["https:\/\/www.facebook.com\/COVBcat\/","https:\/\/x.com\/COVBcat","https:\/\/www.youtube.com\/user\/covbcn"]},{"@type":"Person","@id":""}]}},"jetpack_featured_media_url":"https:\/\/www.covb.cat\/wp-content\/uploads\/2020\/12\/bgcaballos.jpg","jetpack_sharing_enabled":true,"_links":{"self":[{"href":"https:\/\/www.covb.cat\/es\/wp-json\/wp\/v2\/posts\/36411","targetHints":{"allow":["GET"]}}],"collection":[{"href":"https:\/\/www.covb.cat\/es\/wp-json\/wp\/v2\/posts"}],"about":[{"href":"https:\/\/www.covb.cat\/es\/wp-json\/wp\/v2\/types\/post"}],"author":[{"embeddable":true,"href":"https:\/\/www.covb.cat\/es\/wp-json\/wp\/v2\/users\/106"}],"replies":[{"embeddable":true,"href":"https:\/\/www.covb.cat\/es\/wp-json\/wp\/v2\/comments?post=36411"}],"version-history":[{"count":0,"href":"https:\/\/www.covb.cat\/es\/wp-json\/wp\/v2\/posts\/36411\/revisions"}],"wp:featuredmedia":[{"embeddable":true,"href":"https:\/\/www.covb.cat\/es\/wp-json\/wp\/v2\/media\/4409"}],"wp:attachment":[{"href":"https:\/\/www.covb.cat\/es\/wp-json\/wp\/v2\/media?parent=36411"}],"wp:term":[{"taxonomy":"category","embeddable":true,"href":"https:\/\/www.covb.cat\/es\/wp-json\/wp\/v2\/categories?post=36411"},{"taxonomy":"post_tag","embeddable":true,"href":"https:\/\/www.covb.cat\/es\/wp-json\/wp\/v2\/tags?post=36411"}],"curies":[{"name":"wp","href":"https:\/\/api.w.org\/{rel}","templated":true}]}}