{"id":36409,"date":"2023-09-12T11:16:54","date_gmt":"2023-09-12T09:16:54","guid":{"rendered":"https:\/\/www.covb.cat\/?p=36409"},"modified":"2023-09-12T11:16:54","modified_gmt":"2023-09-12T09:16:54","slug":"entra-en-vigor-la-obligatoriedad-de-videovigilancia-en-los-mataderos","status":"publish","type":"post","link":"https:\/\/www.covb.cat\/es\/actualitat\/noticies\/general\/entra-en-vigor-la-obligatoriedad-de-videovigilancia-en-los-mataderos\/","title":{"rendered":"Entra en vigor la obligatoriedad de videovigilancia en los mataderos"},"content":{"rendered":"<p>El 24 de agosto entr\u00f3 en vigor el Real Decreto 695\/2022, de 23 de agosto, por el que se establecen medidas para el control del bienestar de los animales en los mataderos mediante la instalaci\u00f3n de sistemas de videovigilancia, excepto para los peque\u00f1os mataderos, que contar\u00e1n con un a\u00f1o m\u00e1s para su implantaci\u00f3n. As\u00ed se facilitar\u00e0 el control del cumplimiento de la legislaci\u00f3n vigente sobre el bienestar animal en el momento del sacrificio y las operaciones conexas.<\/p>\n<p>Con esta medida, Espa\u00f1a es pionera en la UE en la instalaci\u00f3n obligatoria de sistemas de videovigilancia para el control del bienestar animal (SVBA) a todos los mataderos.<\/p>\n","protected":false},"excerpt":{"rendered":"<p>El 24 de agosto entr\u00f3 en vigor el Real Decreto 695\/2022, de 23 de agosto, por el que se establecen medidas para el control del bienestar de los animales en los mataderos mediante la instalaci\u00f3n de sistemas de videovigilancia, excepto para los peque\u00f1os mataderos, que contar\u00e1n con un a\u00f1o m\u00e1s para su implantaci\u00f3n. As\u00ed se [&hellip;]<\/p>\n","protected":false},"author":106,"featured_media":36363,"comment_status":"closed","ping_status":"closed","sticky":false,"template":"","format":"standard","meta":{"_monsterinsights_skip_tracking":false,"_monsterinsights_sitenote_active":false,"_monsterinsights_sitenote_note":"","_monsterinsights_sitenote_category":0,"_jetpack_memberships_contains_paid_content":false,"footnotes":""},"categories":[17,164],"tags":[],"class_list":["post-36409","post","type-post","status-publish","format-standard","has-post-thumbnail","hentry","category-general","category-profesional"],"yoast_head":"<!-- This site is optimized with the Yoast SEO plugin v27.0 - https:\/\/yoast.com\/product\/yoast-seo-wordpress\/ -->\n<title>Entra en vigor la obligatoriedad de videovigilancia en los mataderos - COVB - Col\u00b7legi Oficial de Veterinaris de Barcelona<\/title>\n<meta name=\"description\" content=\"El 24 de agosto entr\u00f3 en vigor el Real Decreto 695\/2022, de 23 de agosto, por el que se establecen medidas para el control del bienestar de los animales\" \/>\n<meta name=\"robots\" content=\"index, follow, max-snippet:-1, max-image-preview:large, max-video-preview:-1\" \/>\n<link rel=\"canonical\" href=\"https:\/\/www.covb.cat\/es\/actualitat\/noticies\/general\/entra-en-vigor-la-obligatoriedad-de-videovigilancia-en-los-mataderos\/\" \/>\n<meta property=\"og:locale\" content=\"es_ES\" \/>\n<meta property=\"og:type\" content=\"article\" \/>\n<meta property=\"og:title\" content=\"Entra en vigor la obligatoriedad de videovigilancia en los mataderos - COVB - Col\u00b7legi Oficial de Veterinaris de Barcelona\" \/>\n<meta property=\"og:description\" content=\"El 24 de agosto entr\u00f3 en vigor el Real Decreto 695\/2022, de 23 de agosto, por el que se establecen medidas para el control del bienestar de los animales\" \/>\n<meta property=\"og:url\" content=\"https:\/\/www.covb.cat\/es\/actualitat\/noticies\/general\/entra-en-vigor-la-obligatoriedad-de-videovigilancia-en-los-mataderos\/\" \/>\n<meta property=\"og:site_name\" content=\"COVB\" \/>\n<meta property=\"article:publisher\" content=\"https:\/\/www.facebook.com\/COVBcat\/\" \/>\n<meta property=\"article:published_time\" content=\"2023-09-12T09:16:54+00:00\" \/>\n<meta property=\"og:image\" content=\"https:\/\/www.covb.cat\/wp-content\/uploads\/2023\/09\/videovigilancia.jpg\" \/>\n\t<meta property=\"og:image:width\" content=\"1280\" \/>\n\t<meta property=\"og:image:height\" content=\"853\" \/>\n\t<meta property=\"og:image:type\" content=\"image\/jpeg\" \/>\n<meta name=\"twitter:card\" content=\"summary_large_image\" \/>\n<meta name=\"twitter:creator\" content=\"@COVBcat\" \/>\n<meta name=\"twitter:site\" content=\"@COVBcat\" \/>\n<meta name=\"twitter:label1\" content=\"Escrito por\" \/>\n\t<meta name=\"twitter:data1\" content=\"\" \/>\n\t<meta name=\"twitter:label2\" content=\"Tiempo de lectura\" \/>\n\t<meta name=\"twitter:data2\" content=\"1 minuto\" \/>\n<script type=\"application\/ld+json\" class=\"yoast-schema-graph\">{\"@context\":\"https:\/\/schema.org\",\"@graph\":[{\"@type\":\"Article\",\"@id\":\"https:\/\/www.covb.cat\/es\/actualitat\/noticies\/general\/entra-en-vigor-la-obligatoriedad-de-videovigilancia-en-los-mataderos\/#article\",\"isPartOf\":{\"@id\":\"https:\/\/www.covb.cat\/es\/actualitat\/noticies\/general\/entra-en-vigor-la-obligatoriedad-de-videovigilancia-en-los-mataderos\/\"},\"author\":{\"name\":\"\",\"@id\":\"\"},\"headline\":\"Entra en vigor la obligatoriedad de videovigilancia en los mataderos\",\"datePublished\":\"2023-09-12T09:16:54+00:00\",\"mainEntityOfPage\":{\"@id\":\"https:\/\/www.covb.cat\/es\/actualitat\/noticies\/general\/entra-en-vigor-la-obligatoriedad-de-videovigilancia-en-los-mataderos\/\"},\"wordCount\":121,\"publisher\":{\"@id\":\"https:\/\/www.covb.cat\/es\/#organization\"},\"image\":{\"@id\":\"https:\/\/www.covb.cat\/es\/actualitat\/noticies\/general\/entra-en-vigor-la-obligatoriedad-de-videovigilancia-en-los-mataderos\/#primaryimage\"},\"thumbnailUrl\":\"https:\/\/www.covb.cat\/wp-content\/uploads\/2023\/09\/videovigilancia.jpg\",\"articleSection\":[\"General\",\"Profesi\u00f3n\"],\"inLanguage\":\"es\"},{\"@type\":\"WebPage\",\"@id\":\"https:\/\/www.covb.cat\/es\/actualitat\/noticies\/general\/entra-en-vigor-la-obligatoriedad-de-videovigilancia-en-los-mataderos\/\",\"url\":\"https:\/\/www.covb.cat\/es\/actualitat\/noticies\/general\/entra-en-vigor-la-obligatoriedad-de-videovigilancia-en-los-mataderos\/\",\"name\":\"Entra en vigor la obligatoriedad de videovigilancia en los mataderos - COVB - Col\u00b7legi Oficial de Veterinaris de Barcelona\",\"isPartOf\":{\"@id\":\"https:\/\/www.covb.cat\/es\/#website\"},\"primaryImageOfPage\":{\"@id\":\"https:\/\/www.covb.cat\/es\/actualitat\/noticies\/general\/entra-en-vigor-la-obligatoriedad-de-videovigilancia-en-los-mataderos\/#primaryimage\"},\"image\":{\"@id\":\"https:\/\/www.covb.cat\/es\/actualitat\/noticies\/general\/entra-en-vigor-la-obligatoriedad-de-videovigilancia-en-los-mataderos\/#primaryimage\"},\"thumbnailUrl\":\"https:\/\/www.covb.cat\/wp-content\/uploads\/2023\/09\/videovigilancia.jpg\",\"datePublished\":\"2023-09-12T09:16:54+00:00\",\"description\":\"El 24 de agosto entr\u00f3 en vigor el Real Decreto 695\/2022, de 23 de agosto, por el que se establecen medidas para el control del bienestar de los animales\",\"breadcrumb\":{\"@id\":\"https:\/\/www.covb.cat\/es\/actualitat\/noticies\/general\/entra-en-vigor-la-obligatoriedad-de-videovigilancia-en-los-mataderos\/#breadcrumb\"},\"inLanguage\":\"es\",\"potentialAction\":[{\"@type\":\"ReadAction\",\"target\":[\"https:\/\/www.covb.cat\/es\/actualitat\/noticies\/general\/entra-en-vigor-la-obligatoriedad-de-videovigilancia-en-los-mataderos\/\"]}]},{\"@type\":\"ImageObject\",\"inLanguage\":\"es\",\"@id\":\"https:\/\/www.covb.cat\/es\/actualitat\/noticies\/general\/entra-en-vigor-la-obligatoriedad-de-videovigilancia-en-los-mataderos\/#primaryimage\",\"url\":\"https:\/\/www.covb.cat\/wp-content\/uploads\/2023\/09\/videovigilancia.jpg\",\"contentUrl\":\"https:\/\/www.covb.cat\/wp-content\/uploads\/2023\/09\/videovigilancia.jpg\",\"width\":1280,\"height\":853},{\"@type\":\"BreadcrumbList\",\"@id\":\"https:\/\/www.covb.cat\/es\/actualitat\/noticies\/general\/entra-en-vigor-la-obligatoriedad-de-videovigilancia-en-los-mataderos\/#breadcrumb\",\"itemListElement\":[{\"@type\":\"ListItem\",\"position\":1,\"name\":\"Inici\",\"item\":\"https:\/\/www.covb.cat\/es\/\"},{\"@type\":\"ListItem\",\"position\":2,\"name\":\"Entra en vigor la obligatoriedad de videovigilancia en los mataderos\"}]},{\"@type\":\"WebSite\",\"@id\":\"https:\/\/www.covb.cat\/es\/#website\",\"url\":\"https:\/\/www.covb.cat\/es\/\",\"name\":\"COVB\",\"description\":\"Col\u00b7legi Oficial de Veterinaris de Barcelona\",\"publisher\":{\"@id\":\"https:\/\/www.covb.cat\/es\/#organization\"},\"potentialAction\":[{\"@type\":\"SearchAction\",\"target\":{\"@type\":\"EntryPoint\",\"urlTemplate\":\"https:\/\/www.covb.cat\/es\/?s={search_term_string}\"},\"query-input\":{\"@type\":\"PropertyValueSpecification\",\"valueRequired\":true,\"valueName\":\"search_term_string\"}}],\"inLanguage\":\"es\"},{\"@type\":\"Organization\",\"@id\":\"https:\/\/www.covb.cat\/es\/#organization\",\"name\":\"COVB\",\"url\":\"https:\/\/www.covb.cat\/es\/\",\"logo\":{\"@type\":\"ImageObject\",\"inLanguage\":\"es\",\"@id\":\"https:\/\/www.covb.cat\/es\/#\/schema\/logo\/image\/\",\"url\":\"https:\/\/www.covb.cat\/wp-content\/uploads\/2018\/07\/favicon-covb.png\",\"contentUrl\":\"https:\/\/www.covb.cat\/wp-content\/uploads\/2018\/07\/favicon-covb.png\",\"width\":512,\"height\":512,\"caption\":\"COVB\"},\"image\":{\"@id\":\"https:\/\/www.covb.cat\/es\/#\/schema\/logo\/image\/\"},\"sameAs\":[\"https:\/\/www.facebook.com\/COVBcat\/\",\"https:\/\/x.com\/COVBcat\",\"https:\/\/www.youtube.com\/user\/covbcn\"]},{\"@type\":\"Person\",\"@id\":\"\"}]}<\/script>\n<!-- \/ Yoast SEO plugin. -->","yoast_head_json":{"title":"Entra en vigor la obligatoriedad de videovigilancia en los mataderos - COVB - Col\u00b7legi Oficial de Veterinaris de Barcelona","description":"El 24 de agosto entr\u00f3 en vigor el Real Decreto 695\/2022, de 23 de agosto, por el que se establecen medidas para el control del bienestar de los animales","robots":{"index":"index","follow":"follow","max-snippet":"max-snippet:-1","max-image-preview":"max-image-preview:large","max-video-preview":"max-video-preview:-1"},"canonical":"https:\/\/www.covb.cat\/es\/actualitat\/noticies\/general\/entra-en-vigor-la-obligatoriedad-de-videovigilancia-en-los-mataderos\/","og_locale":"es_ES","og_type":"article","og_title":"Entra en vigor la obligatoriedad de videovigilancia en los mataderos - COVB - Col\u00b7legi Oficial de Veterinaris de Barcelona","og_description":"El 24 de agosto entr\u00f3 en vigor el Real Decreto 695\/2022, de 23 de agosto, por el que se establecen medidas para el control del bienestar de los animales","og_url":"https:\/\/www.covb.cat\/es\/actualitat\/noticies\/general\/entra-en-vigor-la-obligatoriedad-de-videovigilancia-en-los-mataderos\/","og_site_name":"COVB","article_publisher":"https:\/\/www.facebook.com\/COVBcat\/","article_published_time":"2023-09-12T09:16:54+00:00","og_image":[{"width":1280,"height":853,"url":"https:\/\/www.covb.cat\/wp-content\/uploads\/2023\/09\/videovigilancia.jpg","type":"image\/jpeg"}],"twitter_card":"summary_large_image","twitter_creator":"@COVBcat","twitter_site":"@COVBcat","twitter_misc":{"Escrito por":"","Tiempo de lectura":"1 minuto"},"schema":{"@context":"https:\/\/schema.org","@graph":[{"@type":"Article","@id":"https:\/\/www.covb.cat\/es\/actualitat\/noticies\/general\/entra-en-vigor-la-obligatoriedad-de-videovigilancia-en-los-mataderos\/#article","isPartOf":{"@id":"https:\/\/www.covb.cat\/es\/actualitat\/noticies\/general\/entra-en-vigor-la-obligatoriedad-de-videovigilancia-en-los-mataderos\/"},"author":{"name":"","@id":""},"headline":"Entra en vigor la obligatoriedad de videovigilancia en los mataderos","datePublished":"2023-09-12T09:16:54+00:00","mainEntityOfPage":{"@id":"https:\/\/www.covb.cat\/es\/actualitat\/noticies\/general\/entra-en-vigor-la-obligatoriedad-de-videovigilancia-en-los-mataderos\/"},"wordCount":121,"publisher":{"@id":"https:\/\/www.covb.cat\/es\/#organization"},"image":{"@id":"https:\/\/www.covb.cat\/es\/actualitat\/noticies\/general\/entra-en-vigor-la-obligatoriedad-de-videovigilancia-en-los-mataderos\/#primaryimage"},"thumbnailUrl":"https:\/\/www.covb.cat\/wp-content\/uploads\/2023\/09\/videovigilancia.jpg","articleSection":["General","Profesi\u00f3n"],"inLanguage":"es"},{"@type":"WebPage","@id":"https:\/\/www.covb.cat\/es\/actualitat\/noticies\/general\/entra-en-vigor-la-obligatoriedad-de-videovigilancia-en-los-mataderos\/","url":"https:\/\/www.covb.cat\/es\/actualitat\/noticies\/general\/entra-en-vigor-la-obligatoriedad-de-videovigilancia-en-los-mataderos\/","name":"Entra en vigor la obligatoriedad de videovigilancia en los mataderos - COVB - Col\u00b7legi Oficial de Veterinaris de Barcelona","isPartOf":{"@id":"https:\/\/www.covb.cat\/es\/#website"},"primaryImageOfPage":{"@id":"https:\/\/www.covb.cat\/es\/actualitat\/noticies\/general\/entra-en-vigor-la-obligatoriedad-de-videovigilancia-en-los-mataderos\/#primaryimage"},"image":{"@id":"https:\/\/www.covb.cat\/es\/actualitat\/noticies\/general\/entra-en-vigor-la-obligatoriedad-de-videovigilancia-en-los-mataderos\/#primaryimage"},"thumbnailUrl":"https:\/\/www.covb.cat\/wp-content\/uploads\/2023\/09\/videovigilancia.jpg","datePublished":"2023-09-12T09:16:54+00:00","description":"El 24 de agosto entr\u00f3 en vigor el Real Decreto 695\/2022, de 23 de agosto, por el que se establecen medidas para el control del bienestar de los animales","breadcrumb":{"@id":"https:\/\/www.covb.cat\/es\/actualitat\/noticies\/general\/entra-en-vigor-la-obligatoriedad-de-videovigilancia-en-los-mataderos\/#breadcrumb"},"inLanguage":"es","potentialAction":[{"@type":"ReadAction","target":["https:\/\/www.covb.cat\/es\/actualitat\/noticies\/general\/entra-en-vigor-la-obligatoriedad-de-videovigilancia-en-los-mataderos\/"]}]},{"@type":"ImageObject","inLanguage":"es","@id":"https:\/\/www.covb.cat\/es\/actualitat\/noticies\/general\/entra-en-vigor-la-obligatoriedad-de-videovigilancia-en-los-mataderos\/#primaryimage","url":"https:\/\/www.covb.cat\/wp-content\/uploads\/2023\/09\/videovigilancia.jpg","contentUrl":"https:\/\/www.covb.cat\/wp-content\/uploads\/2023\/09\/videovigilancia.jpg","width":1280,"height":853},{"@type":"BreadcrumbList","@id":"https:\/\/www.covb.cat\/es\/actualitat\/noticies\/general\/entra-en-vigor-la-obligatoriedad-de-videovigilancia-en-los-mataderos\/#breadcrumb","itemListElement":[{"@type":"ListItem","position":1,"name":"Inici","item":"https:\/\/www.covb.cat\/es\/"},{"@type":"ListItem","position":2,"name":"Entra en vigor la obligatoriedad de videovigilancia en los mataderos"}]},{"@type":"WebSite","@id":"https:\/\/www.covb.cat\/es\/#website","url":"https:\/\/www.covb.cat\/es\/","name":"COVB","description":"Col\u00b7legi Oficial de Veterinaris de Barcelona","publisher":{"@id":"https:\/\/www.covb.cat\/es\/#organization"},"potentialAction":[{"@type":"SearchAction","target":{"@type":"EntryPoint","urlTemplate":"https:\/\/www.covb.cat\/es\/?s={search_term_string}"},"query-input":{"@type":"PropertyValueSpecification","valueRequired":true,"valueName":"search_term_string"}}],"inLanguage":"es"},{"@type":"Organization","@id":"https:\/\/www.covb.cat\/es\/#organization","name":"COVB","url":"https:\/\/www.covb.cat\/es\/","logo":{"@type":"ImageObject","inLanguage":"es","@id":"https:\/\/www.covb.cat\/es\/#\/schema\/logo\/image\/","url":"https:\/\/www.covb.cat\/wp-content\/uploads\/2018\/07\/favicon-covb.png","contentUrl":"https:\/\/www.covb.cat\/wp-content\/uploads\/2018\/07\/favicon-covb.png","width":512,"height":512,"caption":"COVB"},"image":{"@id":"https:\/\/www.covb.cat\/es\/#\/schema\/logo\/image\/"},"sameAs":["https:\/\/www.facebook.com\/COVBcat\/","https:\/\/x.com\/COVBcat","https:\/\/www.youtube.com\/user\/covbcn"]},{"@type":"Person","@id":""}]}},"jetpack_featured_media_url":"https:\/\/www.covb.cat\/wp-content\/uploads\/2023\/09\/videovigilancia.jpg","jetpack_sharing_enabled":true,"_links":{"self":[{"href":"https:\/\/www.covb.cat\/es\/wp-json\/wp\/v2\/posts\/36409","targetHints":{"allow":["GET"]}}],"collection":[{"href":"https:\/\/www.covb.cat\/es\/wp-json\/wp\/v2\/posts"}],"about":[{"href":"https:\/\/www.covb.cat\/es\/wp-json\/wp\/v2\/types\/post"}],"author":[{"embeddable":true,"href":"https:\/\/www.covb.cat\/es\/wp-json\/wp\/v2\/users\/106"}],"replies":[{"embeddable":true,"href":"https:\/\/www.covb.cat\/es\/wp-json\/wp\/v2\/comments?post=36409"}],"version-history":[{"count":0,"href":"https:\/\/www.covb.cat\/es\/wp-json\/wp\/v2\/posts\/36409\/revisions"}],"wp:featuredmedia":[{"embeddable":true,"href":"https:\/\/www.covb.cat\/es\/wp-json\/wp\/v2\/media\/36363"}],"wp:attachment":[{"href":"https:\/\/www.covb.cat\/es\/wp-json\/wp\/v2\/media?parent=36409"}],"wp:term":[{"taxonomy":"category","embeddable":true,"href":"https:\/\/www.covb.cat\/es\/wp-json\/wp\/v2\/categories?post=36409"},{"taxonomy":"post_tag","embeddable":true,"href":"https:\/\/www.covb.cat\/es\/wp-json\/wp\/v2\/tags?post=36409"}],"curies":[{"name":"wp","href":"https:\/\/api.w.org\/{rel}","templated":true}]}}