{"id":35355,"date":"2023-07-31T18:04:17","date_gmt":"2023-07-31T16:04:17","guid":{"rendered":"https:\/\/www.covb.cat\/?p=35355"},"modified":"2023-07-31T18:04:17","modified_gmt":"2023-07-31T16:04:17","slug":"situacion-actual-de-la-peste-porcina-en-croacia","status":"publish","type":"post","link":"https:\/\/www.covb.cat\/es\/actualitat\/noticies\/alertas\/situacion-actual-de-la-peste-porcina-en-croacia\/","title":{"rendered":"Situaci\u00f3n actual de la peste porcina en Croacia"},"content":{"rendered":"<p>En Croacia, del 27 de junio al 21 de julio se han declarado 59 focos de la enfermedad en explotaciones de porcino dom\u00e9stico, a pesar de que las explotaciones son de media y peque\u00f1a capacidad, tambi\u00e9n se han declarado focos en algunas explotaciones comerciales con un censo importante de animales y en principio con \u201cbuenas\u201d condiciones de bioseguridad.<\/p>\n<p>Con esta nueva aparici\u00f3n de zona de riesgo (se a\u00f1ade en Bosnia-Herzegovina y el Norte de Italia), aumenta considerablemente el riesgo de introducci\u00f3n de la enfermedad en Catalu\u00f1a por medios indirectos como puede ser el transporte de animales (no \u00fanicamente de porcino), de personas, sobre todo en periodo de vacaciones donde aumentan los desplazamientos, y alimentos contaminados.<\/p>\n<p>Hay que estar atentos a posibles operaciones comerciales de oferta y compra de animales procedentes de zonas de riesgo, e insistir en la concienciaci\u00f3n respecto a las medidas de bioseguridad y la aportaci\u00f3n activa de parte de todos los implicados, para proteger el sector porcino en Catalu\u00f1a.<\/p>\n<p><a href=\"https:\/\/mcusercontent.com\/c131463000c5688473b8b34ba\/files\/dcdb8456-b7da-07a9-a034-7583967b3ee4\/Nota_PPA_Croacia_21_07_2023.pdf\">Descargar nota PDF<\/a><\/p>\n","protected":false},"excerpt":{"rendered":"<p>En Croacia, del 27 de junio al 21 de julio se han declarado 59 focos de la enfermedad en explotaciones de porcino dom\u00e9stico, a pesar de que las explotaciones son de media y peque\u00f1a capacidad, tambi\u00e9n se han declarado focos en algunas explotaciones comerciales con un censo importante de animales y en principio con \u201cbuenas\u201d [&hellip;]<\/p>\n","protected":false},"author":106,"featured_media":32626,"comment_status":"closed","ping_status":"closed","sticky":false,"template":"","format":"standard","meta":{"_monsterinsights_skip_tracking":false,"_monsterinsights_sitenote_active":false,"_monsterinsights_sitenote_note":"","_monsterinsights_sitenote_category":0,"_jetpack_memberships_contains_paid_content":false,"footnotes":""},"categories":[156,17],"tags":[],"class_list":["post-35355","post","type-post","status-publish","format-standard","has-post-thumbnail","hentry","category-alertas","category-general"],"yoast_head":"<!-- This site is optimized with the Yoast SEO plugin v27.0 - https:\/\/yoast.com\/product\/yoast-seo-wordpress\/ -->\n<title>Situaci\u00f3n actual de la peste porcina en Croacia - COVB - Col\u00b7legi Oficial de Veterinaris de Barcelona<\/title>\n<meta name=\"description\" content=\"En Croacia, del 27 de junio al 21 de julio se han declarado 59 focos de la enfermedad en explotaciones de porcino dom\u00e9stico, a pesar de que las\" \/>\n<meta name=\"robots\" content=\"index, follow, max-snippet:-1, max-image-preview:large, max-video-preview:-1\" \/>\n<link rel=\"canonical\" href=\"https:\/\/www.covb.cat\/es\/actualitat\/noticies\/alertas\/situacion-actual-de-la-peste-porcina-en-croacia\/\" \/>\n<meta property=\"og:locale\" content=\"es_ES\" \/>\n<meta property=\"og:type\" content=\"article\" \/>\n<meta property=\"og:title\" content=\"Situaci\u00f3n actual de la peste porcina en Croacia - COVB - Col\u00b7legi Oficial de Veterinaris de Barcelona\" \/>\n<meta property=\"og:description\" content=\"En Croacia, del 27 de junio al 21 de julio se han declarado 59 focos de la enfermedad en explotaciones de porcino dom\u00e9stico, a pesar de que las\" \/>\n<meta property=\"og:url\" content=\"https:\/\/www.covb.cat\/es\/actualitat\/noticies\/alertas\/situacion-actual-de-la-peste-porcina-en-croacia\/\" \/>\n<meta property=\"og:site_name\" content=\"COVB\" \/>\n<meta property=\"article:publisher\" content=\"https:\/\/www.facebook.com\/COVBcat\/\" \/>\n<meta property=\"article:published_time\" content=\"2023-07-31T16:04:17+00:00\" \/>\n<meta property=\"og:image\" content=\"https:\/\/www.covb.cat\/wp-content\/uploads\/2023\/05\/porcino-cerdo.jpg\" \/>\n\t<meta property=\"og:image:width\" content=\"1280\" \/>\n\t<meta property=\"og:image:height\" content=\"851\" \/>\n\t<meta property=\"og:image:type\" content=\"image\/jpeg\" \/>\n<meta name=\"twitter:card\" content=\"summary_large_image\" \/>\n<meta name=\"twitter:creator\" content=\"@COVBcat\" \/>\n<meta name=\"twitter:site\" content=\"@COVBcat\" \/>\n<meta name=\"twitter:label1\" content=\"Escrito por\" \/>\n\t<meta name=\"twitter:data1\" content=\"\" \/>\n\t<meta name=\"twitter:label2\" content=\"Tiempo de lectura\" \/>\n\t<meta name=\"twitter:data2\" content=\"1 minuto\" \/>\n<script type=\"application\/ld+json\" class=\"yoast-schema-graph\">{\"@context\":\"https:\/\/schema.org\",\"@graph\":[{\"@type\":\"Article\",\"@id\":\"https:\/\/www.covb.cat\/es\/actualitat\/noticies\/alertas\/situacion-actual-de-la-peste-porcina-en-croacia\/#article\",\"isPartOf\":{\"@id\":\"https:\/\/www.covb.cat\/es\/actualitat\/noticies\/alertas\/situacion-actual-de-la-peste-porcina-en-croacia\/\"},\"author\":{\"name\":\"\",\"@id\":\"\"},\"headline\":\"Situaci\u00f3n actual de la peste porcina en Croacia\",\"datePublished\":\"2023-07-31T16:04:17+00:00\",\"mainEntityOfPage\":{\"@id\":\"https:\/\/www.covb.cat\/es\/actualitat\/noticies\/alertas\/situacion-actual-de-la-peste-porcina-en-croacia\/\"},\"wordCount\":181,\"publisher\":{\"@id\":\"https:\/\/www.covb.cat\/es\/#organization\"},\"image\":{\"@id\":\"https:\/\/www.covb.cat\/es\/actualitat\/noticies\/alertas\/situacion-actual-de-la-peste-porcina-en-croacia\/#primaryimage\"},\"thumbnailUrl\":\"https:\/\/www.covb.cat\/wp-content\/uploads\/2023\/05\/porcino-cerdo.jpg\",\"articleSection\":[\"Alertas\",\"General\"],\"inLanguage\":\"es\"},{\"@type\":\"WebPage\",\"@id\":\"https:\/\/www.covb.cat\/es\/actualitat\/noticies\/alertas\/situacion-actual-de-la-peste-porcina-en-croacia\/\",\"url\":\"https:\/\/www.covb.cat\/es\/actualitat\/noticies\/alertas\/situacion-actual-de-la-peste-porcina-en-croacia\/\",\"name\":\"Situaci\u00f3n actual de la peste porcina en Croacia - COVB - Col\u00b7legi Oficial de Veterinaris de Barcelona\",\"isPartOf\":{\"@id\":\"https:\/\/www.covb.cat\/es\/#website\"},\"primaryImageOfPage\":{\"@id\":\"https:\/\/www.covb.cat\/es\/actualitat\/noticies\/alertas\/situacion-actual-de-la-peste-porcina-en-croacia\/#primaryimage\"},\"image\":{\"@id\":\"https:\/\/www.covb.cat\/es\/actualitat\/noticies\/alertas\/situacion-actual-de-la-peste-porcina-en-croacia\/#primaryimage\"},\"thumbnailUrl\":\"https:\/\/www.covb.cat\/wp-content\/uploads\/2023\/05\/porcino-cerdo.jpg\",\"datePublished\":\"2023-07-31T16:04:17+00:00\",\"description\":\"En Croacia, del 27 de junio al 21 de julio se han declarado 59 focos de la enfermedad en explotaciones de porcino dom\u00e9stico, a pesar de que las\",\"breadcrumb\":{\"@id\":\"https:\/\/www.covb.cat\/es\/actualitat\/noticies\/alertas\/situacion-actual-de-la-peste-porcina-en-croacia\/#breadcrumb\"},\"inLanguage\":\"es\",\"potentialAction\":[{\"@type\":\"ReadAction\",\"target\":[\"https:\/\/www.covb.cat\/es\/actualitat\/noticies\/alertas\/situacion-actual-de-la-peste-porcina-en-croacia\/\"]}]},{\"@type\":\"ImageObject\",\"inLanguage\":\"es\",\"@id\":\"https:\/\/www.covb.cat\/es\/actualitat\/noticies\/alertas\/situacion-actual-de-la-peste-porcina-en-croacia\/#primaryimage\",\"url\":\"https:\/\/www.covb.cat\/wp-content\/uploads\/2023\/05\/porcino-cerdo.jpg\",\"contentUrl\":\"https:\/\/www.covb.cat\/wp-content\/uploads\/2023\/05\/porcino-cerdo.jpg\",\"width\":1280,\"height\":851},{\"@type\":\"BreadcrumbList\",\"@id\":\"https:\/\/www.covb.cat\/es\/actualitat\/noticies\/alertas\/situacion-actual-de-la-peste-porcina-en-croacia\/#breadcrumb\",\"itemListElement\":[{\"@type\":\"ListItem\",\"position\":1,\"name\":\"Inici\",\"item\":\"https:\/\/www.covb.cat\/es\/\"},{\"@type\":\"ListItem\",\"position\":2,\"name\":\"Situaci\u00f3n actual de la peste porcina en Croacia\"}]},{\"@type\":\"WebSite\",\"@id\":\"https:\/\/www.covb.cat\/es\/#website\",\"url\":\"https:\/\/www.covb.cat\/es\/\",\"name\":\"COVB\",\"description\":\"Col\u00b7legi Oficial de Veterinaris de Barcelona\",\"publisher\":{\"@id\":\"https:\/\/www.covb.cat\/es\/#organization\"},\"potentialAction\":[{\"@type\":\"SearchAction\",\"target\":{\"@type\":\"EntryPoint\",\"urlTemplate\":\"https:\/\/www.covb.cat\/es\/?s={search_term_string}\"},\"query-input\":{\"@type\":\"PropertyValueSpecification\",\"valueRequired\":true,\"valueName\":\"search_term_string\"}}],\"inLanguage\":\"es\"},{\"@type\":\"Organization\",\"@id\":\"https:\/\/www.covb.cat\/es\/#organization\",\"name\":\"COVB\",\"url\":\"https:\/\/www.covb.cat\/es\/\",\"logo\":{\"@type\":\"ImageObject\",\"inLanguage\":\"es\",\"@id\":\"https:\/\/www.covb.cat\/es\/#\/schema\/logo\/image\/\",\"url\":\"https:\/\/www.covb.cat\/wp-content\/uploads\/2018\/07\/favicon-covb.png\",\"contentUrl\":\"https:\/\/www.covb.cat\/wp-content\/uploads\/2018\/07\/favicon-covb.png\",\"width\":512,\"height\":512,\"caption\":\"COVB\"},\"image\":{\"@id\":\"https:\/\/www.covb.cat\/es\/#\/schema\/logo\/image\/\"},\"sameAs\":[\"https:\/\/www.facebook.com\/COVBcat\/\",\"https:\/\/x.com\/COVBcat\",\"https:\/\/www.youtube.com\/user\/covbcn\"]},{\"@type\":\"Person\",\"@id\":\"\"}]}<\/script>\n<!-- \/ Yoast SEO plugin. -->","yoast_head_json":{"title":"Situaci\u00f3n actual de la peste porcina en Croacia - COVB - Col\u00b7legi Oficial de Veterinaris de Barcelona","description":"En Croacia, del 27 de junio al 21 de julio se han declarado 59 focos de la enfermedad en explotaciones de porcino dom\u00e9stico, a pesar de que las","robots":{"index":"index","follow":"follow","max-snippet":"max-snippet:-1","max-image-preview":"max-image-preview:large","max-video-preview":"max-video-preview:-1"},"canonical":"https:\/\/www.covb.cat\/es\/actualitat\/noticies\/alertas\/situacion-actual-de-la-peste-porcina-en-croacia\/","og_locale":"es_ES","og_type":"article","og_title":"Situaci\u00f3n actual de la peste porcina en Croacia - COVB - Col\u00b7legi Oficial de Veterinaris de Barcelona","og_description":"En Croacia, del 27 de junio al 21 de julio se han declarado 59 focos de la enfermedad en explotaciones de porcino dom\u00e9stico, a pesar de que las","og_url":"https:\/\/www.covb.cat\/es\/actualitat\/noticies\/alertas\/situacion-actual-de-la-peste-porcina-en-croacia\/","og_site_name":"COVB","article_publisher":"https:\/\/www.facebook.com\/COVBcat\/","article_published_time":"2023-07-31T16:04:17+00:00","og_image":[{"width":1280,"height":851,"url":"https:\/\/www.covb.cat\/wp-content\/uploads\/2023\/05\/porcino-cerdo.jpg","type":"image\/jpeg"}],"twitter_card":"summary_large_image","twitter_creator":"@COVBcat","twitter_site":"@COVBcat","twitter_misc":{"Escrito por":"","Tiempo de lectura":"1 minuto"},"schema":{"@context":"https:\/\/schema.org","@graph":[{"@type":"Article","@id":"https:\/\/www.covb.cat\/es\/actualitat\/noticies\/alertas\/situacion-actual-de-la-peste-porcina-en-croacia\/#article","isPartOf":{"@id":"https:\/\/www.covb.cat\/es\/actualitat\/noticies\/alertas\/situacion-actual-de-la-peste-porcina-en-croacia\/"},"author":{"name":"","@id":""},"headline":"Situaci\u00f3n actual de la peste porcina en Croacia","datePublished":"2023-07-31T16:04:17+00:00","mainEntityOfPage":{"@id":"https:\/\/www.covb.cat\/es\/actualitat\/noticies\/alertas\/situacion-actual-de-la-peste-porcina-en-croacia\/"},"wordCount":181,"publisher":{"@id":"https:\/\/www.covb.cat\/es\/#organization"},"image":{"@id":"https:\/\/www.covb.cat\/es\/actualitat\/noticies\/alertas\/situacion-actual-de-la-peste-porcina-en-croacia\/#primaryimage"},"thumbnailUrl":"https:\/\/www.covb.cat\/wp-content\/uploads\/2023\/05\/porcino-cerdo.jpg","articleSection":["Alertas","General"],"inLanguage":"es"},{"@type":"WebPage","@id":"https:\/\/www.covb.cat\/es\/actualitat\/noticies\/alertas\/situacion-actual-de-la-peste-porcina-en-croacia\/","url":"https:\/\/www.covb.cat\/es\/actualitat\/noticies\/alertas\/situacion-actual-de-la-peste-porcina-en-croacia\/","name":"Situaci\u00f3n actual de la peste porcina en Croacia - COVB - Col\u00b7legi Oficial de Veterinaris de Barcelona","isPartOf":{"@id":"https:\/\/www.covb.cat\/es\/#website"},"primaryImageOfPage":{"@id":"https:\/\/www.covb.cat\/es\/actualitat\/noticies\/alertas\/situacion-actual-de-la-peste-porcina-en-croacia\/#primaryimage"},"image":{"@id":"https:\/\/www.covb.cat\/es\/actualitat\/noticies\/alertas\/situacion-actual-de-la-peste-porcina-en-croacia\/#primaryimage"},"thumbnailUrl":"https:\/\/www.covb.cat\/wp-content\/uploads\/2023\/05\/porcino-cerdo.jpg","datePublished":"2023-07-31T16:04:17+00:00","description":"En Croacia, del 27 de junio al 21 de julio se han declarado 59 focos de la enfermedad en explotaciones de porcino dom\u00e9stico, a pesar de que las","breadcrumb":{"@id":"https:\/\/www.covb.cat\/es\/actualitat\/noticies\/alertas\/situacion-actual-de-la-peste-porcina-en-croacia\/#breadcrumb"},"inLanguage":"es","potentialAction":[{"@type":"ReadAction","target":["https:\/\/www.covb.cat\/es\/actualitat\/noticies\/alertas\/situacion-actual-de-la-peste-porcina-en-croacia\/"]}]},{"@type":"ImageObject","inLanguage":"es","@id":"https:\/\/www.covb.cat\/es\/actualitat\/noticies\/alertas\/situacion-actual-de-la-peste-porcina-en-croacia\/#primaryimage","url":"https:\/\/www.covb.cat\/wp-content\/uploads\/2023\/05\/porcino-cerdo.jpg","contentUrl":"https:\/\/www.covb.cat\/wp-content\/uploads\/2023\/05\/porcino-cerdo.jpg","width":1280,"height":851},{"@type":"BreadcrumbList","@id":"https:\/\/www.covb.cat\/es\/actualitat\/noticies\/alertas\/situacion-actual-de-la-peste-porcina-en-croacia\/#breadcrumb","itemListElement":[{"@type":"ListItem","position":1,"name":"Inici","item":"https:\/\/www.covb.cat\/es\/"},{"@type":"ListItem","position":2,"name":"Situaci\u00f3n actual de la peste porcina en Croacia"}]},{"@type":"WebSite","@id":"https:\/\/www.covb.cat\/es\/#website","url":"https:\/\/www.covb.cat\/es\/","name":"COVB","description":"Col\u00b7legi Oficial de Veterinaris de Barcelona","publisher":{"@id":"https:\/\/www.covb.cat\/es\/#organization"},"potentialAction":[{"@type":"SearchAction","target":{"@type":"EntryPoint","urlTemplate":"https:\/\/www.covb.cat\/es\/?s={search_term_string}"},"query-input":{"@type":"PropertyValueSpecification","valueRequired":true,"valueName":"search_term_string"}}],"inLanguage":"es"},{"@type":"Organization","@id":"https:\/\/www.covb.cat\/es\/#organization","name":"COVB","url":"https:\/\/www.covb.cat\/es\/","logo":{"@type":"ImageObject","inLanguage":"es","@id":"https:\/\/www.covb.cat\/es\/#\/schema\/logo\/image\/","url":"https:\/\/www.covb.cat\/wp-content\/uploads\/2018\/07\/favicon-covb.png","contentUrl":"https:\/\/www.covb.cat\/wp-content\/uploads\/2018\/07\/favicon-covb.png","width":512,"height":512,"caption":"COVB"},"image":{"@id":"https:\/\/www.covb.cat\/es\/#\/schema\/logo\/image\/"},"sameAs":["https:\/\/www.facebook.com\/COVBcat\/","https:\/\/x.com\/COVBcat","https:\/\/www.youtube.com\/user\/covbcn"]},{"@type":"Person","@id":""}]}},"jetpack_featured_media_url":"https:\/\/www.covb.cat\/wp-content\/uploads\/2023\/05\/porcino-cerdo.jpg","jetpack_sharing_enabled":true,"_links":{"self":[{"href":"https:\/\/www.covb.cat\/es\/wp-json\/wp\/v2\/posts\/35355","targetHints":{"allow":["GET"]}}],"collection":[{"href":"https:\/\/www.covb.cat\/es\/wp-json\/wp\/v2\/posts"}],"about":[{"href":"https:\/\/www.covb.cat\/es\/wp-json\/wp\/v2\/types\/post"}],"author":[{"embeddable":true,"href":"https:\/\/www.covb.cat\/es\/wp-json\/wp\/v2\/users\/106"}],"replies":[{"embeddable":true,"href":"https:\/\/www.covb.cat\/es\/wp-json\/wp\/v2\/comments?post=35355"}],"version-history":[{"count":0,"href":"https:\/\/www.covb.cat\/es\/wp-json\/wp\/v2\/posts\/35355\/revisions"}],"wp:featuredmedia":[{"embeddable":true,"href":"https:\/\/www.covb.cat\/es\/wp-json\/wp\/v2\/media\/32626"}],"wp:attachment":[{"href":"https:\/\/www.covb.cat\/es\/wp-json\/wp\/v2\/media?parent=35355"}],"wp:term":[{"taxonomy":"category","embeddable":true,"href":"https:\/\/www.covb.cat\/es\/wp-json\/wp\/v2\/categories?post=35355"},{"taxonomy":"post_tag","embeddable":true,"href":"https:\/\/www.covb.cat\/es\/wp-json\/wp\/v2\/tags?post=35355"}],"curies":[{"name":"wp","href":"https:\/\/api.w.org\/{rel}","templated":true}]}}