{"id":33646,"date":"2023-06-16T11:52:36","date_gmt":"2023-06-16T09:52:36","guid":{"rendered":"https:\/\/www.covb.cat\/actualitat\/noticies\/general\/el-ii-torneig-de-padel-del-covb-ja-te-campions\/"},"modified":"2024-02-29T14:23:44","modified_gmt":"2024-02-29T13:23:44","slug":"el-ii-torneig-de-padel-del-covb-ja-te-campions","status":"publish","type":"post","link":"https:\/\/www.covb.cat\/es\/actualitat\/noticies\/general\/el-ii-torneig-de-padel-del-covb-ja-te-campions\/","title":{"rendered":"El II Torneo de p\u00e1del del COVB ya tiene campeones"},"content":{"rendered":"<p>El domingo 11 de junio un grupo de colegiados y colegiadas del COVB participaron en el II Torneo de p\u00e1del del COVB. Despu\u00e9s de una intensa ma\u00f1ana de competici\u00f3n y finales, los campeones de cada nivel son:<\/p>\n<ul>\n<li>Nivel Inicial: Isidro Rodr\u00edguez Rivas y Luis Vaz Garc\u00eda<\/li>\n<li>Nivel Intermedio: Sergi Guil y Sergi Leyva<\/li>\n<li>Nivel Avanzado: Pablo Cresp\u00e1n y David Cresp\u00e1n<\/li>\n<\/ul>\n<p>A continuaci\u00f3n, con deportividad y camarader\u00eda, todos los participantes compartieron el\u00a0aperitivo del domingo.<\/p>\n","protected":false},"excerpt":{"rendered":"<p>El domingo 11 de junio un grupo de colegiados y colegiadas del COVB participaron en el II Torneo de p\u00e1del del COVB. Despu\u00e9s de una intensa ma\u00f1ana de competici\u00f3n y finales, los campeones de cada nivel son: Nivel Inicial: Isidro Rodr\u00edguez Rivas y Luis Vaz Garc\u00eda Nivel Intermedio: Sergi Guil y Sergi Leyva Nivel Avanzado: [&hellip;]<\/p>\n","protected":false},"author":107,"featured_media":33621,"comment_status":"closed","ping_status":"closed","sticky":false,"template":"","format":"standard","meta":{"_monsterinsights_skip_tracking":false,"_monsterinsights_sitenote_active":false,"_monsterinsights_sitenote_note":"","_monsterinsights_sitenote_category":0,"_jetpack_memberships_contains_paid_content":false,"footnotes":""},"categories":[183,17],"tags":[],"class_list":["post-33646","post","type-post","status-publish","format-standard","has-post-thumbnail","hentry","category-actividades","category-general"],"yoast_head":"<!-- This site is optimized with the Yoast SEO plugin v27.0 - https:\/\/yoast.com\/product\/yoast-seo-wordpress\/ -->\n<title>El II Torneo de p\u00e1del del COVB ya tiene campeones - COVB - Col\u00b7legi Oficial de Veterinaris de Barcelona<\/title>\n<meta name=\"description\" content=\"El domingo 11 de junio un grupo de colegiados y colegiadas del COVB participaron en el II Torneo de p\u00e1del del COVB. Despu\u00e9s de una intensa ma\u00f1ana de\" \/>\n<meta name=\"robots\" content=\"index, follow, max-snippet:-1, max-image-preview:large, max-video-preview:-1\" \/>\n<link rel=\"canonical\" href=\"https:\/\/www.covb.cat\/es\/actualitat\/noticies\/general\/el-ii-torneig-de-padel-del-covb-ja-te-campions\/\" \/>\n<meta property=\"og:locale\" content=\"es_ES\" \/>\n<meta property=\"og:type\" content=\"article\" \/>\n<meta property=\"og:title\" content=\"El II Torneo de p\u00e1del del COVB ya tiene campeones - COVB - Col\u00b7legi Oficial de Veterinaris de Barcelona\" \/>\n<meta property=\"og:description\" content=\"El domingo 11 de junio un grupo de colegiados y colegiadas del COVB participaron en el II Torneo de p\u00e1del del COVB. Despu\u00e9s de una intensa ma\u00f1ana de\" \/>\n<meta property=\"og:url\" content=\"https:\/\/www.covb.cat\/es\/actualitat\/noticies\/general\/el-ii-torneig-de-padel-del-covb-ja-te-campions\/\" \/>\n<meta property=\"og:site_name\" content=\"COVB\" \/>\n<meta property=\"article:publisher\" content=\"https:\/\/www.facebook.com\/COVBcat\/\" \/>\n<meta property=\"article:published_time\" content=\"2023-06-16T09:52:36+00:00\" \/>\n<meta property=\"article:modified_time\" content=\"2024-02-29T13:23:44+00:00\" \/>\n<meta property=\"og:image\" content=\"https:\/\/www.covb.cat\/wp-content\/uploads\/2023\/06\/torneigpadel.jpg\" \/>\n\t<meta property=\"og:image:width\" content=\"730\" \/>\n\t<meta property=\"og:image:height\" content=\"487\" \/>\n\t<meta property=\"og:image:type\" content=\"image\/jpeg\" \/>\n<meta name=\"author\" content=\"Alex Alcaraz\" \/>\n<meta name=\"twitter:card\" content=\"summary_large_image\" \/>\n<meta name=\"twitter:creator\" content=\"@COVBcat\" \/>\n<meta name=\"twitter:site\" content=\"@COVBcat\" \/>\n<meta name=\"twitter:label1\" content=\"Escrito por\" \/>\n\t<meta name=\"twitter:data1\" content=\"Alex Alcaraz\" \/>\n\t<meta name=\"twitter:label2\" content=\"Tiempo de lectura\" \/>\n\t<meta name=\"twitter:data2\" content=\"1 minuto\" \/>\n<script type=\"application\/ld+json\" class=\"yoast-schema-graph\">{\"@context\":\"https:\/\/schema.org\",\"@graph\":[{\"@type\":\"Article\",\"@id\":\"https:\/\/www.covb.cat\/es\/actualitat\/noticies\/general\/el-ii-torneig-de-padel-del-covb-ja-te-campions\/#article\",\"isPartOf\":{\"@id\":\"https:\/\/www.covb.cat\/es\/actualitat\/noticies\/general\/el-ii-torneig-de-padel-del-covb-ja-te-campions\/\"},\"author\":{\"name\":\"Alex Alcaraz\",\"@id\":\"https:\/\/www.covb.cat\/es\/#\/schema\/person\/f7b47ddd4a113f76904c483b019bd800\"},\"headline\":\"El II Torneo de p\u00e1del del COVB ya tiene campeones\",\"datePublished\":\"2023-06-16T09:52:36+00:00\",\"dateModified\":\"2024-02-29T13:23:44+00:00\",\"mainEntityOfPage\":{\"@id\":\"https:\/\/www.covb.cat\/es\/actualitat\/noticies\/general\/el-ii-torneig-de-padel-del-covb-ja-te-campions\/\"},\"wordCount\":94,\"publisher\":{\"@id\":\"https:\/\/www.covb.cat\/es\/#organization\"},\"image\":{\"@id\":\"https:\/\/www.covb.cat\/es\/actualitat\/noticies\/general\/el-ii-torneig-de-padel-del-covb-ja-te-campions\/#primaryimage\"},\"thumbnailUrl\":\"https:\/\/www.covb.cat\/wp-content\/uploads\/2023\/06\/torneigpadel.jpg\",\"articleSection\":[\"Actividades\",\"General\"],\"inLanguage\":\"es\"},{\"@type\":\"WebPage\",\"@id\":\"https:\/\/www.covb.cat\/es\/actualitat\/noticies\/general\/el-ii-torneig-de-padel-del-covb-ja-te-campions\/\",\"url\":\"https:\/\/www.covb.cat\/es\/actualitat\/noticies\/general\/el-ii-torneig-de-padel-del-covb-ja-te-campions\/\",\"name\":\"El II Torneo de p\u00e1del del COVB ya tiene campeones - COVB - Col\u00b7legi Oficial de Veterinaris de Barcelona\",\"isPartOf\":{\"@id\":\"https:\/\/www.covb.cat\/es\/#website\"},\"primaryImageOfPage\":{\"@id\":\"https:\/\/www.covb.cat\/es\/actualitat\/noticies\/general\/el-ii-torneig-de-padel-del-covb-ja-te-campions\/#primaryimage\"},\"image\":{\"@id\":\"https:\/\/www.covb.cat\/es\/actualitat\/noticies\/general\/el-ii-torneig-de-padel-del-covb-ja-te-campions\/#primaryimage\"},\"thumbnailUrl\":\"https:\/\/www.covb.cat\/wp-content\/uploads\/2023\/06\/torneigpadel.jpg\",\"datePublished\":\"2023-06-16T09:52:36+00:00\",\"dateModified\":\"2024-02-29T13:23:44+00:00\",\"description\":\"El domingo 11 de junio un grupo de colegiados y colegiadas del COVB participaron en el II Torneo de p\u00e1del del COVB. Despu\u00e9s de una intensa ma\u00f1ana de\",\"breadcrumb\":{\"@id\":\"https:\/\/www.covb.cat\/es\/actualitat\/noticies\/general\/el-ii-torneig-de-padel-del-covb-ja-te-campions\/#breadcrumb\"},\"inLanguage\":\"es\",\"potentialAction\":[{\"@type\":\"ReadAction\",\"target\":[\"https:\/\/www.covb.cat\/es\/actualitat\/noticies\/general\/el-ii-torneig-de-padel-del-covb-ja-te-campions\/\"]}]},{\"@type\":\"ImageObject\",\"inLanguage\":\"es\",\"@id\":\"https:\/\/www.covb.cat\/es\/actualitat\/noticies\/general\/el-ii-torneig-de-padel-del-covb-ja-te-campions\/#primaryimage\",\"url\":\"https:\/\/www.covb.cat\/wp-content\/uploads\/2023\/06\/torneigpadel.jpg\",\"contentUrl\":\"https:\/\/www.covb.cat\/wp-content\/uploads\/2023\/06\/torneigpadel.jpg\",\"width\":730,\"height\":487},{\"@type\":\"BreadcrumbList\",\"@id\":\"https:\/\/www.covb.cat\/es\/actualitat\/noticies\/general\/el-ii-torneig-de-padel-del-covb-ja-te-campions\/#breadcrumb\",\"itemListElement\":[{\"@type\":\"ListItem\",\"position\":1,\"name\":\"Inici\",\"item\":\"https:\/\/www.covb.cat\/es\/\"},{\"@type\":\"ListItem\",\"position\":2,\"name\":\"El II Torneo de p\u00e1del del COVB ya tiene campeones\"}]},{\"@type\":\"WebSite\",\"@id\":\"https:\/\/www.covb.cat\/es\/#website\",\"url\":\"https:\/\/www.covb.cat\/es\/\",\"name\":\"COVB\",\"description\":\"Col\u00b7legi Oficial de Veterinaris de Barcelona\",\"publisher\":{\"@id\":\"https:\/\/www.covb.cat\/es\/#organization\"},\"potentialAction\":[{\"@type\":\"SearchAction\",\"target\":{\"@type\":\"EntryPoint\",\"urlTemplate\":\"https:\/\/www.covb.cat\/es\/?s={search_term_string}\"},\"query-input\":{\"@type\":\"PropertyValueSpecification\",\"valueRequired\":true,\"valueName\":\"search_term_string\"}}],\"inLanguage\":\"es\"},{\"@type\":\"Organization\",\"@id\":\"https:\/\/www.covb.cat\/es\/#organization\",\"name\":\"COVB\",\"url\":\"https:\/\/www.covb.cat\/es\/\",\"logo\":{\"@type\":\"ImageObject\",\"inLanguage\":\"es\",\"@id\":\"https:\/\/www.covb.cat\/es\/#\/schema\/logo\/image\/\",\"url\":\"https:\/\/www.covb.cat\/wp-content\/uploads\/2018\/07\/favicon-covb.png\",\"contentUrl\":\"https:\/\/www.covb.cat\/wp-content\/uploads\/2018\/07\/favicon-covb.png\",\"width\":512,\"height\":512,\"caption\":\"COVB\"},\"image\":{\"@id\":\"https:\/\/www.covb.cat\/es\/#\/schema\/logo\/image\/\"},\"sameAs\":[\"https:\/\/www.facebook.com\/COVBcat\/\",\"https:\/\/x.com\/COVBcat\",\"https:\/\/www.youtube.com\/user\/covbcn\"]},{\"@type\":\"Person\",\"@id\":\"https:\/\/www.covb.cat\/es\/#\/schema\/person\/f7b47ddd4a113f76904c483b019bd800\",\"name\":\"Alex Alcaraz\",\"image\":{\"@type\":\"ImageObject\",\"inLanguage\":\"es\",\"@id\":\"https:\/\/www.covb.cat\/es\/#\/schema\/person\/image\/\",\"url\":\"https:\/\/secure.gravatar.com\/avatar\/5e12b85a916014eef0c9dbb22a6c68ad2683229d872d70bc144faf8531b990ce?s=96&d=mm&r=g\",\"contentUrl\":\"https:\/\/secure.gravatar.com\/avatar\/5e12b85a916014eef0c9dbb22a6c68ad2683229d872d70bc144faf8531b990ce?s=96&d=mm&r=g\",\"caption\":\"Alex Alcaraz\"}}]}<\/script>\n<!-- \/ Yoast SEO plugin. -->","yoast_head_json":{"title":"El II Torneo de p\u00e1del del COVB ya tiene campeones - COVB - Col\u00b7legi Oficial de Veterinaris de Barcelona","description":"El domingo 11 de junio un grupo de colegiados y colegiadas del COVB participaron en el II Torneo de p\u00e1del del COVB. Despu\u00e9s de una intensa ma\u00f1ana de","robots":{"index":"index","follow":"follow","max-snippet":"max-snippet:-1","max-image-preview":"max-image-preview:large","max-video-preview":"max-video-preview:-1"},"canonical":"https:\/\/www.covb.cat\/es\/actualitat\/noticies\/general\/el-ii-torneig-de-padel-del-covb-ja-te-campions\/","og_locale":"es_ES","og_type":"article","og_title":"El II Torneo de p\u00e1del del COVB ya tiene campeones - COVB - Col\u00b7legi Oficial de Veterinaris de Barcelona","og_description":"El domingo 11 de junio un grupo de colegiados y colegiadas del COVB participaron en el II Torneo de p\u00e1del del COVB. Despu\u00e9s de una intensa ma\u00f1ana de","og_url":"https:\/\/www.covb.cat\/es\/actualitat\/noticies\/general\/el-ii-torneig-de-padel-del-covb-ja-te-campions\/","og_site_name":"COVB","article_publisher":"https:\/\/www.facebook.com\/COVBcat\/","article_published_time":"2023-06-16T09:52:36+00:00","article_modified_time":"2024-02-29T13:23:44+00:00","og_image":[{"width":730,"height":487,"url":"https:\/\/www.covb.cat\/wp-content\/uploads\/2023\/06\/torneigpadel.jpg","type":"image\/jpeg"}],"author":"Alex Alcaraz","twitter_card":"summary_large_image","twitter_creator":"@COVBcat","twitter_site":"@COVBcat","twitter_misc":{"Escrito por":"Alex Alcaraz","Tiempo de lectura":"1 minuto"},"schema":{"@context":"https:\/\/schema.org","@graph":[{"@type":"Article","@id":"https:\/\/www.covb.cat\/es\/actualitat\/noticies\/general\/el-ii-torneig-de-padel-del-covb-ja-te-campions\/#article","isPartOf":{"@id":"https:\/\/www.covb.cat\/es\/actualitat\/noticies\/general\/el-ii-torneig-de-padel-del-covb-ja-te-campions\/"},"author":{"name":"Alex Alcaraz","@id":"https:\/\/www.covb.cat\/es\/#\/schema\/person\/f7b47ddd4a113f76904c483b019bd800"},"headline":"El II Torneo de p\u00e1del del COVB ya tiene campeones","datePublished":"2023-06-16T09:52:36+00:00","dateModified":"2024-02-29T13:23:44+00:00","mainEntityOfPage":{"@id":"https:\/\/www.covb.cat\/es\/actualitat\/noticies\/general\/el-ii-torneig-de-padel-del-covb-ja-te-campions\/"},"wordCount":94,"publisher":{"@id":"https:\/\/www.covb.cat\/es\/#organization"},"image":{"@id":"https:\/\/www.covb.cat\/es\/actualitat\/noticies\/general\/el-ii-torneig-de-padel-del-covb-ja-te-campions\/#primaryimage"},"thumbnailUrl":"https:\/\/www.covb.cat\/wp-content\/uploads\/2023\/06\/torneigpadel.jpg","articleSection":["Actividades","General"],"inLanguage":"es"},{"@type":"WebPage","@id":"https:\/\/www.covb.cat\/es\/actualitat\/noticies\/general\/el-ii-torneig-de-padel-del-covb-ja-te-campions\/","url":"https:\/\/www.covb.cat\/es\/actualitat\/noticies\/general\/el-ii-torneig-de-padel-del-covb-ja-te-campions\/","name":"El II Torneo de p\u00e1del del COVB ya tiene campeones - COVB - Col\u00b7legi Oficial de Veterinaris de Barcelona","isPartOf":{"@id":"https:\/\/www.covb.cat\/es\/#website"},"primaryImageOfPage":{"@id":"https:\/\/www.covb.cat\/es\/actualitat\/noticies\/general\/el-ii-torneig-de-padel-del-covb-ja-te-campions\/#primaryimage"},"image":{"@id":"https:\/\/www.covb.cat\/es\/actualitat\/noticies\/general\/el-ii-torneig-de-padel-del-covb-ja-te-campions\/#primaryimage"},"thumbnailUrl":"https:\/\/www.covb.cat\/wp-content\/uploads\/2023\/06\/torneigpadel.jpg","datePublished":"2023-06-16T09:52:36+00:00","dateModified":"2024-02-29T13:23:44+00:00","description":"El domingo 11 de junio un grupo de colegiados y colegiadas del COVB participaron en el II Torneo de p\u00e1del del COVB. Despu\u00e9s de una intensa ma\u00f1ana de","breadcrumb":{"@id":"https:\/\/www.covb.cat\/es\/actualitat\/noticies\/general\/el-ii-torneig-de-padel-del-covb-ja-te-campions\/#breadcrumb"},"inLanguage":"es","potentialAction":[{"@type":"ReadAction","target":["https:\/\/www.covb.cat\/es\/actualitat\/noticies\/general\/el-ii-torneig-de-padel-del-covb-ja-te-campions\/"]}]},{"@type":"ImageObject","inLanguage":"es","@id":"https:\/\/www.covb.cat\/es\/actualitat\/noticies\/general\/el-ii-torneig-de-padel-del-covb-ja-te-campions\/#primaryimage","url":"https:\/\/www.covb.cat\/wp-content\/uploads\/2023\/06\/torneigpadel.jpg","contentUrl":"https:\/\/www.covb.cat\/wp-content\/uploads\/2023\/06\/torneigpadel.jpg","width":730,"height":487},{"@type":"BreadcrumbList","@id":"https:\/\/www.covb.cat\/es\/actualitat\/noticies\/general\/el-ii-torneig-de-padel-del-covb-ja-te-campions\/#breadcrumb","itemListElement":[{"@type":"ListItem","position":1,"name":"Inici","item":"https:\/\/www.covb.cat\/es\/"},{"@type":"ListItem","position":2,"name":"El II Torneo de p\u00e1del del COVB ya tiene campeones"}]},{"@type":"WebSite","@id":"https:\/\/www.covb.cat\/es\/#website","url":"https:\/\/www.covb.cat\/es\/","name":"COVB","description":"Col\u00b7legi Oficial de Veterinaris de Barcelona","publisher":{"@id":"https:\/\/www.covb.cat\/es\/#organization"},"potentialAction":[{"@type":"SearchAction","target":{"@type":"EntryPoint","urlTemplate":"https:\/\/www.covb.cat\/es\/?s={search_term_string}"},"query-input":{"@type":"PropertyValueSpecification","valueRequired":true,"valueName":"search_term_string"}}],"inLanguage":"es"},{"@type":"Organization","@id":"https:\/\/www.covb.cat\/es\/#organization","name":"COVB","url":"https:\/\/www.covb.cat\/es\/","logo":{"@type":"ImageObject","inLanguage":"es","@id":"https:\/\/www.covb.cat\/es\/#\/schema\/logo\/image\/","url":"https:\/\/www.covb.cat\/wp-content\/uploads\/2018\/07\/favicon-covb.png","contentUrl":"https:\/\/www.covb.cat\/wp-content\/uploads\/2018\/07\/favicon-covb.png","width":512,"height":512,"caption":"COVB"},"image":{"@id":"https:\/\/www.covb.cat\/es\/#\/schema\/logo\/image\/"},"sameAs":["https:\/\/www.facebook.com\/COVBcat\/","https:\/\/x.com\/COVBcat","https:\/\/www.youtube.com\/user\/covbcn"]},{"@type":"Person","@id":"https:\/\/www.covb.cat\/es\/#\/schema\/person\/f7b47ddd4a113f76904c483b019bd800","name":"Alex Alcaraz","image":{"@type":"ImageObject","inLanguage":"es","@id":"https:\/\/www.covb.cat\/es\/#\/schema\/person\/image\/","url":"https:\/\/secure.gravatar.com\/avatar\/5e12b85a916014eef0c9dbb22a6c68ad2683229d872d70bc144faf8531b990ce?s=96&d=mm&r=g","contentUrl":"https:\/\/secure.gravatar.com\/avatar\/5e12b85a916014eef0c9dbb22a6c68ad2683229d872d70bc144faf8531b990ce?s=96&d=mm&r=g","caption":"Alex Alcaraz"}}]}},"jetpack_featured_media_url":"https:\/\/www.covb.cat\/wp-content\/uploads\/2023\/06\/torneigpadel.jpg","jetpack_sharing_enabled":true,"_links":{"self":[{"href":"https:\/\/www.covb.cat\/es\/wp-json\/wp\/v2\/posts\/33646","targetHints":{"allow":["GET"]}}],"collection":[{"href":"https:\/\/www.covb.cat\/es\/wp-json\/wp\/v2\/posts"}],"about":[{"href":"https:\/\/www.covb.cat\/es\/wp-json\/wp\/v2\/types\/post"}],"author":[{"embeddable":true,"href":"https:\/\/www.covb.cat\/es\/wp-json\/wp\/v2\/users\/107"}],"replies":[{"embeddable":true,"href":"https:\/\/www.covb.cat\/es\/wp-json\/wp\/v2\/comments?post=33646"}],"version-history":[{"count":0,"href":"https:\/\/www.covb.cat\/es\/wp-json\/wp\/v2\/posts\/33646\/revisions"}],"wp:featuredmedia":[{"embeddable":true,"href":"https:\/\/www.covb.cat\/es\/wp-json\/wp\/v2\/media\/33621"}],"wp:attachment":[{"href":"https:\/\/www.covb.cat\/es\/wp-json\/wp\/v2\/media?parent=33646"}],"wp:term":[{"taxonomy":"category","embeddable":true,"href":"https:\/\/www.covb.cat\/es\/wp-json\/wp\/v2\/categories?post=33646"},{"taxonomy":"post_tag","embeddable":true,"href":"https:\/\/www.covb.cat\/es\/wp-json\/wp\/v2\/tags?post=33646"}],"curies":[{"name":"wp","href":"https:\/\/api.w.org\/{rel}","templated":true}]}}