{"id":32965,"date":"2023-05-29T20:02:24","date_gmt":"2023-05-29T18:02:24","guid":{"rendered":"https:\/\/www.covb.cat\/?p=32965"},"modified":"2023-05-29T20:02:49","modified_gmt":"2023-05-29T18:02:49","slug":"11-de-junio-nueva-fecha-por-el-torneo-de-padel-del-covb","status":"publish","type":"post","link":"https:\/\/www.covb.cat\/es\/actualitat\/noticies\/corporativo\/11-de-junio-nueva-fecha-por-el-torneo-de-padel-del-covb\/","title":{"rendered":"11 de junio nueva fecha por el Torneo de p\u00e1del del COVB"},"content":{"rendered":"<p>Debido a las previsiones meteorol\u00f3gicas adversas, el pasado 21 de mayo se cancel\u00f3 el II Torneo de p\u00e1del del COVB. La nueva fecha es el domingo 11 de junio, por lo tanto, si te quedaste con las ganas, tienes tiempo para apuntarte hasta el 2 de junio. Recuerda que hay competiciones para todos los niveles.<\/p>\n<p><a href=\"https:\/\/docs.google.com\/forms\/d\/e\/1FAIpQLSedVjYgpGs9F_Pjq5o6T8QI8y4t3oocVpyGitWGRYqQrKrs6A\/viewform\">Inscripciones<\/a><\/p>\n<p><a href=\"https:\/\/mcusercontent.com\/c131463000c5688473b8b34ba\/files\/6c18599a-e548-081a-54fa-2e60ee47f652\/fullet\u00f3_Padel_web.pdf\">Programa<\/a><\/p>\n","protected":false},"excerpt":{"rendered":"<p>Debido a las previsiones meteorol\u00f3gicas adversas, el pasado 21 de mayo se cancel\u00f3 el II Torneo de p\u00e1del del COVB. La nueva fecha es el domingo 11 de junio, por lo tanto, si te quedaste con las ganas, tienes tiempo para apuntarte hasta el 2 de junio. Recuerda que hay competiciones para todos los niveles. [&hellip;]<\/p>\n","protected":false},"author":106,"featured_media":32916,"comment_status":"closed","ping_status":"closed","sticky":false,"template":"","format":"standard","meta":{"_monsterinsights_skip_tracking":false,"_monsterinsights_sitenote_active":false,"_monsterinsights_sitenote_note":"","_monsterinsights_sitenote_category":0,"_jetpack_memberships_contains_paid_content":false,"footnotes":""},"categories":[138,17],"tags":[257,303],"class_list":["post-32965","post","type-post","status-publish","format-standard","has-post-thumbnail","hentry","category-corporativo","category-general","tag-eventos","tag-padel2023-es"],"yoast_head":"<!-- This site is optimized with the Yoast SEO plugin v27.0 - https:\/\/yoast.com\/product\/yoast-seo-wordpress\/ -->\n<title>11 de junio nueva fecha por el Torneo de p\u00e1del del COVB - COVB - Col\u00b7legi Oficial de Veterinaris de Barcelona<\/title>\n<meta name=\"description\" content=\"Debido a las previsiones meteorol\u00f3gicas adversas, el pasado 21 de mayo se cancel\u00f3 el II Torneo de p\u00e1del del COVB. La nueva fecha es el domingo 11 de\" \/>\n<meta name=\"robots\" content=\"index, follow, max-snippet:-1, max-image-preview:large, max-video-preview:-1\" \/>\n<link rel=\"canonical\" href=\"https:\/\/www.covb.cat\/es\/actualitat\/noticies\/corporativo\/11-de-junio-nueva-fecha-por-el-torneo-de-padel-del-covb\/\" \/>\n<meta property=\"og:locale\" content=\"es_ES\" \/>\n<meta property=\"og:type\" content=\"article\" \/>\n<meta property=\"og:title\" content=\"11 de junio nueva fecha por el Torneo de p\u00e1del del COVB - COVB - Col\u00b7legi Oficial de Veterinaris de Barcelona\" \/>\n<meta property=\"og:description\" content=\"Debido a las previsiones meteorol\u00f3gicas adversas, el pasado 21 de mayo se cancel\u00f3 el II Torneo de p\u00e1del del COVB. La nueva fecha es el domingo 11 de\" \/>\n<meta property=\"og:url\" content=\"https:\/\/www.covb.cat\/es\/actualitat\/noticies\/corporativo\/11-de-junio-nueva-fecha-por-el-torneo-de-padel-del-covb\/\" \/>\n<meta property=\"og:site_name\" content=\"COVB\" \/>\n<meta property=\"article:publisher\" content=\"https:\/\/www.facebook.com\/COVBcat\/\" \/>\n<meta property=\"article:published_time\" content=\"2023-05-29T18:02:24+00:00\" \/>\n<meta property=\"article:modified_time\" content=\"2023-05-29T18:02:49+00:00\" \/>\n<meta property=\"og:image\" content=\"https:\/\/www.covb.cat\/wp-content\/uploads\/2023\/05\/padel.jpg\" \/>\n\t<meta property=\"og:image:width\" content=\"1280\" \/>\n\t<meta property=\"og:image:height\" content=\"853\" \/>\n\t<meta property=\"og:image:type\" content=\"image\/jpeg\" \/>\n<meta name=\"twitter:card\" content=\"summary_large_image\" \/>\n<meta name=\"twitter:creator\" content=\"@COVBcat\" \/>\n<meta name=\"twitter:site\" content=\"@COVBcat\" \/>\n<meta name=\"twitter:label1\" content=\"Escrito por\" \/>\n\t<meta name=\"twitter:data1\" content=\"\" \/>\n\t<meta name=\"twitter:label2\" content=\"Tiempo de lectura\" \/>\n\t<meta name=\"twitter:data2\" content=\"1 minuto\" \/>\n<script type=\"application\/ld+json\" class=\"yoast-schema-graph\">{\"@context\":\"https:\/\/schema.org\",\"@graph\":[{\"@type\":\"Article\",\"@id\":\"https:\/\/www.covb.cat\/es\/actualitat\/noticies\/corporativo\/11-de-junio-nueva-fecha-por-el-torneo-de-padel-del-covb\/#article\",\"isPartOf\":{\"@id\":\"https:\/\/www.covb.cat\/es\/actualitat\/noticies\/corporativo\/11-de-junio-nueva-fecha-por-el-torneo-de-padel-del-covb\/\"},\"author\":{\"name\":\"\",\"@id\":\"\"},\"headline\":\"11 de junio nueva fecha por el Torneo de p\u00e1del del COVB\",\"datePublished\":\"2023-05-29T18:02:24+00:00\",\"dateModified\":\"2023-05-29T18:02:49+00:00\",\"mainEntityOfPage\":{\"@id\":\"https:\/\/www.covb.cat\/es\/actualitat\/noticies\/corporativo\/11-de-junio-nueva-fecha-por-el-torneo-de-padel-del-covb\/\"},\"wordCount\":68,\"publisher\":{\"@id\":\"https:\/\/www.covb.cat\/es\/#organization\"},\"image\":{\"@id\":\"https:\/\/www.covb.cat\/es\/actualitat\/noticies\/corporativo\/11-de-junio-nueva-fecha-por-el-torneo-de-padel-del-covb\/#primaryimage\"},\"thumbnailUrl\":\"https:\/\/www.covb.cat\/wp-content\/uploads\/2023\/05\/padel.jpg\",\"keywords\":[\"eventos\",\"Padel 2023\"],\"articleSection\":[\"Corporativo\",\"General\"],\"inLanguage\":\"es\"},{\"@type\":\"WebPage\",\"@id\":\"https:\/\/www.covb.cat\/es\/actualitat\/noticies\/corporativo\/11-de-junio-nueva-fecha-por-el-torneo-de-padel-del-covb\/\",\"url\":\"https:\/\/www.covb.cat\/es\/actualitat\/noticies\/corporativo\/11-de-junio-nueva-fecha-por-el-torneo-de-padel-del-covb\/\",\"name\":\"11 de junio nueva fecha por el Torneo de p\u00e1del del COVB - COVB - Col\u00b7legi Oficial de Veterinaris de Barcelona\",\"isPartOf\":{\"@id\":\"https:\/\/www.covb.cat\/es\/#website\"},\"primaryImageOfPage\":{\"@id\":\"https:\/\/www.covb.cat\/es\/actualitat\/noticies\/corporativo\/11-de-junio-nueva-fecha-por-el-torneo-de-padel-del-covb\/#primaryimage\"},\"image\":{\"@id\":\"https:\/\/www.covb.cat\/es\/actualitat\/noticies\/corporativo\/11-de-junio-nueva-fecha-por-el-torneo-de-padel-del-covb\/#primaryimage\"},\"thumbnailUrl\":\"https:\/\/www.covb.cat\/wp-content\/uploads\/2023\/05\/padel.jpg\",\"datePublished\":\"2023-05-29T18:02:24+00:00\",\"dateModified\":\"2023-05-29T18:02:49+00:00\",\"description\":\"Debido a las previsiones meteorol\u00f3gicas adversas, el pasado 21 de mayo se cancel\u00f3 el II Torneo de p\u00e1del del COVB. La nueva fecha es el domingo 11 de\",\"breadcrumb\":{\"@id\":\"https:\/\/www.covb.cat\/es\/actualitat\/noticies\/corporativo\/11-de-junio-nueva-fecha-por-el-torneo-de-padel-del-covb\/#breadcrumb\"},\"inLanguage\":\"es\",\"potentialAction\":[{\"@type\":\"ReadAction\",\"target\":[\"https:\/\/www.covb.cat\/es\/actualitat\/noticies\/corporativo\/11-de-junio-nueva-fecha-por-el-torneo-de-padel-del-covb\/\"]}]},{\"@type\":\"ImageObject\",\"inLanguage\":\"es\",\"@id\":\"https:\/\/www.covb.cat\/es\/actualitat\/noticies\/corporativo\/11-de-junio-nueva-fecha-por-el-torneo-de-padel-del-covb\/#primaryimage\",\"url\":\"https:\/\/www.covb.cat\/wp-content\/uploads\/2023\/05\/padel.jpg\",\"contentUrl\":\"https:\/\/www.covb.cat\/wp-content\/uploads\/2023\/05\/padel.jpg\",\"width\":1280,\"height\":853},{\"@type\":\"BreadcrumbList\",\"@id\":\"https:\/\/www.covb.cat\/es\/actualitat\/noticies\/corporativo\/11-de-junio-nueva-fecha-por-el-torneo-de-padel-del-covb\/#breadcrumb\",\"itemListElement\":[{\"@type\":\"ListItem\",\"position\":1,\"name\":\"Inici\",\"item\":\"https:\/\/www.covb.cat\/es\/\"},{\"@type\":\"ListItem\",\"position\":2,\"name\":\"11 de junio nueva fecha por el Torneo de p\u00e1del del COVB\"}]},{\"@type\":\"WebSite\",\"@id\":\"https:\/\/www.covb.cat\/es\/#website\",\"url\":\"https:\/\/www.covb.cat\/es\/\",\"name\":\"COVB\",\"description\":\"Col\u00b7legi Oficial de Veterinaris de Barcelona\",\"publisher\":{\"@id\":\"https:\/\/www.covb.cat\/es\/#organization\"},\"potentialAction\":[{\"@type\":\"SearchAction\",\"target\":{\"@type\":\"EntryPoint\",\"urlTemplate\":\"https:\/\/www.covb.cat\/es\/?s={search_term_string}\"},\"query-input\":{\"@type\":\"PropertyValueSpecification\",\"valueRequired\":true,\"valueName\":\"search_term_string\"}}],\"inLanguage\":\"es\"},{\"@type\":\"Organization\",\"@id\":\"https:\/\/www.covb.cat\/es\/#organization\",\"name\":\"COVB\",\"url\":\"https:\/\/www.covb.cat\/es\/\",\"logo\":{\"@type\":\"ImageObject\",\"inLanguage\":\"es\",\"@id\":\"https:\/\/www.covb.cat\/es\/#\/schema\/logo\/image\/\",\"url\":\"https:\/\/www.covb.cat\/wp-content\/uploads\/2018\/07\/favicon-covb.png\",\"contentUrl\":\"https:\/\/www.covb.cat\/wp-content\/uploads\/2018\/07\/favicon-covb.png\",\"width\":512,\"height\":512,\"caption\":\"COVB\"},\"image\":{\"@id\":\"https:\/\/www.covb.cat\/es\/#\/schema\/logo\/image\/\"},\"sameAs\":[\"https:\/\/www.facebook.com\/COVBcat\/\",\"https:\/\/x.com\/COVBcat\",\"https:\/\/www.youtube.com\/user\/covbcn\"]},{\"@type\":\"Person\",\"@id\":\"\"}]}<\/script>\n<!-- \/ Yoast SEO plugin. -->","yoast_head_json":{"title":"11 de junio nueva fecha por el Torneo de p\u00e1del del COVB - COVB - Col\u00b7legi Oficial de Veterinaris de Barcelona","description":"Debido a las previsiones meteorol\u00f3gicas adversas, el pasado 21 de mayo se cancel\u00f3 el II Torneo de p\u00e1del del COVB. La nueva fecha es el domingo 11 de","robots":{"index":"index","follow":"follow","max-snippet":"max-snippet:-1","max-image-preview":"max-image-preview:large","max-video-preview":"max-video-preview:-1"},"canonical":"https:\/\/www.covb.cat\/es\/actualitat\/noticies\/corporativo\/11-de-junio-nueva-fecha-por-el-torneo-de-padel-del-covb\/","og_locale":"es_ES","og_type":"article","og_title":"11 de junio nueva fecha por el Torneo de p\u00e1del del COVB - COVB - Col\u00b7legi Oficial de Veterinaris de Barcelona","og_description":"Debido a las previsiones meteorol\u00f3gicas adversas, el pasado 21 de mayo se cancel\u00f3 el II Torneo de p\u00e1del del COVB. La nueva fecha es el domingo 11 de","og_url":"https:\/\/www.covb.cat\/es\/actualitat\/noticies\/corporativo\/11-de-junio-nueva-fecha-por-el-torneo-de-padel-del-covb\/","og_site_name":"COVB","article_publisher":"https:\/\/www.facebook.com\/COVBcat\/","article_published_time":"2023-05-29T18:02:24+00:00","article_modified_time":"2023-05-29T18:02:49+00:00","og_image":[{"width":1280,"height":853,"url":"https:\/\/www.covb.cat\/wp-content\/uploads\/2023\/05\/padel.jpg","type":"image\/jpeg"}],"twitter_card":"summary_large_image","twitter_creator":"@COVBcat","twitter_site":"@COVBcat","twitter_misc":{"Escrito por":"","Tiempo de lectura":"1 minuto"},"schema":{"@context":"https:\/\/schema.org","@graph":[{"@type":"Article","@id":"https:\/\/www.covb.cat\/es\/actualitat\/noticies\/corporativo\/11-de-junio-nueva-fecha-por-el-torneo-de-padel-del-covb\/#article","isPartOf":{"@id":"https:\/\/www.covb.cat\/es\/actualitat\/noticies\/corporativo\/11-de-junio-nueva-fecha-por-el-torneo-de-padel-del-covb\/"},"author":{"name":"","@id":""},"headline":"11 de junio nueva fecha por el Torneo de p\u00e1del del COVB","datePublished":"2023-05-29T18:02:24+00:00","dateModified":"2023-05-29T18:02:49+00:00","mainEntityOfPage":{"@id":"https:\/\/www.covb.cat\/es\/actualitat\/noticies\/corporativo\/11-de-junio-nueva-fecha-por-el-torneo-de-padel-del-covb\/"},"wordCount":68,"publisher":{"@id":"https:\/\/www.covb.cat\/es\/#organization"},"image":{"@id":"https:\/\/www.covb.cat\/es\/actualitat\/noticies\/corporativo\/11-de-junio-nueva-fecha-por-el-torneo-de-padel-del-covb\/#primaryimage"},"thumbnailUrl":"https:\/\/www.covb.cat\/wp-content\/uploads\/2023\/05\/padel.jpg","keywords":["eventos","Padel 2023"],"articleSection":["Corporativo","General"],"inLanguage":"es"},{"@type":"WebPage","@id":"https:\/\/www.covb.cat\/es\/actualitat\/noticies\/corporativo\/11-de-junio-nueva-fecha-por-el-torneo-de-padel-del-covb\/","url":"https:\/\/www.covb.cat\/es\/actualitat\/noticies\/corporativo\/11-de-junio-nueva-fecha-por-el-torneo-de-padel-del-covb\/","name":"11 de junio nueva fecha por el Torneo de p\u00e1del del COVB - COVB - Col\u00b7legi Oficial de Veterinaris de Barcelona","isPartOf":{"@id":"https:\/\/www.covb.cat\/es\/#website"},"primaryImageOfPage":{"@id":"https:\/\/www.covb.cat\/es\/actualitat\/noticies\/corporativo\/11-de-junio-nueva-fecha-por-el-torneo-de-padel-del-covb\/#primaryimage"},"image":{"@id":"https:\/\/www.covb.cat\/es\/actualitat\/noticies\/corporativo\/11-de-junio-nueva-fecha-por-el-torneo-de-padel-del-covb\/#primaryimage"},"thumbnailUrl":"https:\/\/www.covb.cat\/wp-content\/uploads\/2023\/05\/padel.jpg","datePublished":"2023-05-29T18:02:24+00:00","dateModified":"2023-05-29T18:02:49+00:00","description":"Debido a las previsiones meteorol\u00f3gicas adversas, el pasado 21 de mayo se cancel\u00f3 el II Torneo de p\u00e1del del COVB. La nueva fecha es el domingo 11 de","breadcrumb":{"@id":"https:\/\/www.covb.cat\/es\/actualitat\/noticies\/corporativo\/11-de-junio-nueva-fecha-por-el-torneo-de-padel-del-covb\/#breadcrumb"},"inLanguage":"es","potentialAction":[{"@type":"ReadAction","target":["https:\/\/www.covb.cat\/es\/actualitat\/noticies\/corporativo\/11-de-junio-nueva-fecha-por-el-torneo-de-padel-del-covb\/"]}]},{"@type":"ImageObject","inLanguage":"es","@id":"https:\/\/www.covb.cat\/es\/actualitat\/noticies\/corporativo\/11-de-junio-nueva-fecha-por-el-torneo-de-padel-del-covb\/#primaryimage","url":"https:\/\/www.covb.cat\/wp-content\/uploads\/2023\/05\/padel.jpg","contentUrl":"https:\/\/www.covb.cat\/wp-content\/uploads\/2023\/05\/padel.jpg","width":1280,"height":853},{"@type":"BreadcrumbList","@id":"https:\/\/www.covb.cat\/es\/actualitat\/noticies\/corporativo\/11-de-junio-nueva-fecha-por-el-torneo-de-padel-del-covb\/#breadcrumb","itemListElement":[{"@type":"ListItem","position":1,"name":"Inici","item":"https:\/\/www.covb.cat\/es\/"},{"@type":"ListItem","position":2,"name":"11 de junio nueva fecha por el Torneo de p\u00e1del del COVB"}]},{"@type":"WebSite","@id":"https:\/\/www.covb.cat\/es\/#website","url":"https:\/\/www.covb.cat\/es\/","name":"COVB","description":"Col\u00b7legi Oficial de Veterinaris de Barcelona","publisher":{"@id":"https:\/\/www.covb.cat\/es\/#organization"},"potentialAction":[{"@type":"SearchAction","target":{"@type":"EntryPoint","urlTemplate":"https:\/\/www.covb.cat\/es\/?s={search_term_string}"},"query-input":{"@type":"PropertyValueSpecification","valueRequired":true,"valueName":"search_term_string"}}],"inLanguage":"es"},{"@type":"Organization","@id":"https:\/\/www.covb.cat\/es\/#organization","name":"COVB","url":"https:\/\/www.covb.cat\/es\/","logo":{"@type":"ImageObject","inLanguage":"es","@id":"https:\/\/www.covb.cat\/es\/#\/schema\/logo\/image\/","url":"https:\/\/www.covb.cat\/wp-content\/uploads\/2018\/07\/favicon-covb.png","contentUrl":"https:\/\/www.covb.cat\/wp-content\/uploads\/2018\/07\/favicon-covb.png","width":512,"height":512,"caption":"COVB"},"image":{"@id":"https:\/\/www.covb.cat\/es\/#\/schema\/logo\/image\/"},"sameAs":["https:\/\/www.facebook.com\/COVBcat\/","https:\/\/x.com\/COVBcat","https:\/\/www.youtube.com\/user\/covbcn"]},{"@type":"Person","@id":""}]}},"jetpack_featured_media_url":"https:\/\/www.covb.cat\/wp-content\/uploads\/2023\/05\/padel.jpg","jetpack_sharing_enabled":true,"_links":{"self":[{"href":"https:\/\/www.covb.cat\/es\/wp-json\/wp\/v2\/posts\/32965","targetHints":{"allow":["GET"]}}],"collection":[{"href":"https:\/\/www.covb.cat\/es\/wp-json\/wp\/v2\/posts"}],"about":[{"href":"https:\/\/www.covb.cat\/es\/wp-json\/wp\/v2\/types\/post"}],"author":[{"embeddable":true,"href":"https:\/\/www.covb.cat\/es\/wp-json\/wp\/v2\/users\/106"}],"replies":[{"embeddable":true,"href":"https:\/\/www.covb.cat\/es\/wp-json\/wp\/v2\/comments?post=32965"}],"version-history":[{"count":0,"href":"https:\/\/www.covb.cat\/es\/wp-json\/wp\/v2\/posts\/32965\/revisions"}],"wp:featuredmedia":[{"embeddable":true,"href":"https:\/\/www.covb.cat\/es\/wp-json\/wp\/v2\/media\/32916"}],"wp:attachment":[{"href":"https:\/\/www.covb.cat\/es\/wp-json\/wp\/v2\/media?parent=32965"}],"wp:term":[{"taxonomy":"category","embeddable":true,"href":"https:\/\/www.covb.cat\/es\/wp-json\/wp\/v2\/categories?post=32965"},{"taxonomy":"post_tag","embeddable":true,"href":"https:\/\/www.covb.cat\/es\/wp-json\/wp\/v2\/tags?post=32965"}],"curies":[{"name":"wp","href":"https:\/\/api.w.org\/{rel}","templated":true}]}}