{"id":32672,"date":"2023-05-22T14:01:25","date_gmt":"2023-05-22T12:01:25","guid":{"rendered":"https:\/\/www.covb.cat\/?p=32672"},"modified":"2023-05-22T14:01:44","modified_gmt":"2023-05-22T12:01:44","slug":"aparece-un-nuevo-foco-de-peste-porcina-africana-en-el-sur-de-italia","status":"publish","type":"post","link":"https:\/\/www.covb.cat\/es\/actualitat\/noticies\/alertas\/aparece-un-nuevo-foco-de-peste-porcina-africana-en-el-sur-de-italia\/","title":{"rendered":"Aparece un nuevo foco de peste porcina africana en el Sur de Italia"},"content":{"rendered":"<p>El 10 de mayo, los Servicios Veterinarios Oficiales italianos confirmaron la presencia de Peste Porcina Africana (PPA) en muestras de 4 jabal\u00edes y en una explotaci\u00f3n de porcino dom\u00e9stico con un censo de 70 ejemplares, en la regi\u00f3n de Calabria. Esta conformaci\u00f3n supone un salto del virus de m\u00e1s de 800 kil\u00f3metros desde la zona infectada m\u00e1s cercana.<\/p>\n<p>Las autoridades italianas y la Comisi\u00f3n Europa han puesto ya en marcha las medidas de control reglamentarias.<\/p>\n<p>Consulta el <a href=\"https:\/\/mcusercontent.com\/c131463000c5688473b8b34ba\/files\/b52154df-51f1-a4d3-361c-bf539cf3904c\/Nota_Noticia_PPA_Calabria_Italia_16.5.2023_.pdf\">comunicado del Ministerio<\/a><\/p>\n","protected":false},"excerpt":{"rendered":"<p>El 10 de mayo, los Servicios Veterinarios Oficiales italianos confirmaron la presencia de Peste Porcina Africana (PPA) en muestras de 4 jabal\u00edes y en una explotaci\u00f3n de porcino dom\u00e9stico con un censo de 70 ejemplares, en la regi\u00f3n de Calabria. Esta conformaci\u00f3n supone un salto del virus de m\u00e1s de 800 kil\u00f3metros desde la zona [&hellip;]<\/p>\n","protected":false},"author":106,"featured_media":32626,"comment_status":"closed","ping_status":"closed","sticky":false,"template":"","format":"standard","meta":{"_monsterinsights_skip_tracking":false,"_monsterinsights_sitenote_active":false,"_monsterinsights_sitenote_note":"","_monsterinsights_sitenote_category":0,"_jetpack_memberships_contains_paid_content":false,"footnotes":""},"categories":[156,17],"tags":[],"class_list":["post-32672","post","type-post","status-publish","format-standard","has-post-thumbnail","hentry","category-alertas","category-general"],"yoast_head":"<!-- This site is optimized with the Yoast SEO plugin v27.0 - https:\/\/yoast.com\/product\/yoast-seo-wordpress\/ -->\n<title>Aparece un nuevo foco de peste porcina africana en el Sur de Italia - COVB - Col\u00b7legi Oficial de Veterinaris de Barcelona<\/title>\n<meta name=\"description\" content=\"El 10 de mayo, los Servicios Veterinarios Oficiales italianos confirmaron la presencia de Peste Porcina Africana (PPA) en muestras de 4 jabal\u00edes y en una\" \/>\n<meta name=\"robots\" content=\"index, follow, max-snippet:-1, max-image-preview:large, max-video-preview:-1\" \/>\n<link rel=\"canonical\" href=\"https:\/\/www.covb.cat\/es\/actualitat\/noticies\/alertas\/aparece-un-nuevo-foco-de-peste-porcina-africana-en-el-sur-de-italia\/\" \/>\n<meta property=\"og:locale\" content=\"es_ES\" \/>\n<meta property=\"og:type\" content=\"article\" \/>\n<meta property=\"og:title\" content=\"Aparece un nuevo foco de peste porcina africana en el Sur de Italia - COVB - Col\u00b7legi Oficial de Veterinaris de Barcelona\" \/>\n<meta property=\"og:description\" content=\"El 10 de mayo, los Servicios Veterinarios Oficiales italianos confirmaron la presencia de Peste Porcina Africana (PPA) en muestras de 4 jabal\u00edes y en una\" \/>\n<meta property=\"og:url\" content=\"https:\/\/www.covb.cat\/es\/actualitat\/noticies\/alertas\/aparece-un-nuevo-foco-de-peste-porcina-africana-en-el-sur-de-italia\/\" \/>\n<meta property=\"og:site_name\" content=\"COVB\" \/>\n<meta property=\"article:publisher\" content=\"https:\/\/www.facebook.com\/COVBcat\/\" \/>\n<meta property=\"article:published_time\" content=\"2023-05-22T12:01:25+00:00\" \/>\n<meta property=\"article:modified_time\" content=\"2023-05-22T12:01:44+00:00\" \/>\n<meta property=\"og:image\" content=\"https:\/\/www.covb.cat\/wp-content\/uploads\/2023\/05\/porcino-cerdo.jpg\" \/>\n\t<meta property=\"og:image:width\" content=\"1280\" \/>\n\t<meta property=\"og:image:height\" content=\"851\" \/>\n\t<meta property=\"og:image:type\" content=\"image\/jpeg\" \/>\n<meta name=\"twitter:card\" content=\"summary_large_image\" \/>\n<meta name=\"twitter:creator\" content=\"@COVBcat\" \/>\n<meta name=\"twitter:site\" content=\"@COVBcat\" \/>\n<meta name=\"twitter:label1\" content=\"Escrito por\" \/>\n\t<meta name=\"twitter:data1\" content=\"\" \/>\n\t<meta name=\"twitter:label2\" content=\"Tiempo de lectura\" \/>\n\t<meta name=\"twitter:data2\" content=\"1 minuto\" \/>\n<script type=\"application\/ld+json\" class=\"yoast-schema-graph\">{\"@context\":\"https:\/\/schema.org\",\"@graph\":[{\"@type\":\"Article\",\"@id\":\"https:\/\/www.covb.cat\/es\/actualitat\/noticies\/alertas\/aparece-un-nuevo-foco-de-peste-porcina-africana-en-el-sur-de-italia\/#article\",\"isPartOf\":{\"@id\":\"https:\/\/www.covb.cat\/es\/actualitat\/noticies\/alertas\/aparece-un-nuevo-foco-de-peste-porcina-africana-en-el-sur-de-italia\/\"},\"author\":{\"name\":\"\",\"@id\":\"\"},\"headline\":\"Aparece un nuevo foco de peste porcina africana en el Sur de Italia\",\"datePublished\":\"2023-05-22T12:01:25+00:00\",\"dateModified\":\"2023-05-22T12:01:44+00:00\",\"mainEntityOfPage\":{\"@id\":\"https:\/\/www.covb.cat\/es\/actualitat\/noticies\/alertas\/aparece-un-nuevo-foco-de-peste-porcina-africana-en-el-sur-de-italia\/\"},\"wordCount\":98,\"publisher\":{\"@id\":\"https:\/\/www.covb.cat\/es\/#organization\"},\"image\":{\"@id\":\"https:\/\/www.covb.cat\/es\/actualitat\/noticies\/alertas\/aparece-un-nuevo-foco-de-peste-porcina-africana-en-el-sur-de-italia\/#primaryimage\"},\"thumbnailUrl\":\"https:\/\/www.covb.cat\/wp-content\/uploads\/2023\/05\/porcino-cerdo.jpg\",\"articleSection\":[\"Alertas\",\"General\"],\"inLanguage\":\"es\"},{\"@type\":\"WebPage\",\"@id\":\"https:\/\/www.covb.cat\/es\/actualitat\/noticies\/alertas\/aparece-un-nuevo-foco-de-peste-porcina-africana-en-el-sur-de-italia\/\",\"url\":\"https:\/\/www.covb.cat\/es\/actualitat\/noticies\/alertas\/aparece-un-nuevo-foco-de-peste-porcina-africana-en-el-sur-de-italia\/\",\"name\":\"Aparece un nuevo foco de peste porcina africana en el Sur de Italia - COVB - Col\u00b7legi Oficial de Veterinaris de Barcelona\",\"isPartOf\":{\"@id\":\"https:\/\/www.covb.cat\/es\/#website\"},\"primaryImageOfPage\":{\"@id\":\"https:\/\/www.covb.cat\/es\/actualitat\/noticies\/alertas\/aparece-un-nuevo-foco-de-peste-porcina-africana-en-el-sur-de-italia\/#primaryimage\"},\"image\":{\"@id\":\"https:\/\/www.covb.cat\/es\/actualitat\/noticies\/alertas\/aparece-un-nuevo-foco-de-peste-porcina-africana-en-el-sur-de-italia\/#primaryimage\"},\"thumbnailUrl\":\"https:\/\/www.covb.cat\/wp-content\/uploads\/2023\/05\/porcino-cerdo.jpg\",\"datePublished\":\"2023-05-22T12:01:25+00:00\",\"dateModified\":\"2023-05-22T12:01:44+00:00\",\"description\":\"El 10 de mayo, los Servicios Veterinarios Oficiales italianos confirmaron la presencia de Peste Porcina Africana (PPA) en muestras de 4 jabal\u00edes y en una\",\"breadcrumb\":{\"@id\":\"https:\/\/www.covb.cat\/es\/actualitat\/noticies\/alertas\/aparece-un-nuevo-foco-de-peste-porcina-africana-en-el-sur-de-italia\/#breadcrumb\"},\"inLanguage\":\"es\",\"potentialAction\":[{\"@type\":\"ReadAction\",\"target\":[\"https:\/\/www.covb.cat\/es\/actualitat\/noticies\/alertas\/aparece-un-nuevo-foco-de-peste-porcina-africana-en-el-sur-de-italia\/\"]}]},{\"@type\":\"ImageObject\",\"inLanguage\":\"es\",\"@id\":\"https:\/\/www.covb.cat\/es\/actualitat\/noticies\/alertas\/aparece-un-nuevo-foco-de-peste-porcina-africana-en-el-sur-de-italia\/#primaryimage\",\"url\":\"https:\/\/www.covb.cat\/wp-content\/uploads\/2023\/05\/porcino-cerdo.jpg\",\"contentUrl\":\"https:\/\/www.covb.cat\/wp-content\/uploads\/2023\/05\/porcino-cerdo.jpg\",\"width\":1280,\"height\":851},{\"@type\":\"BreadcrumbList\",\"@id\":\"https:\/\/www.covb.cat\/es\/actualitat\/noticies\/alertas\/aparece-un-nuevo-foco-de-peste-porcina-africana-en-el-sur-de-italia\/#breadcrumb\",\"itemListElement\":[{\"@type\":\"ListItem\",\"position\":1,\"name\":\"Inici\",\"item\":\"https:\/\/www.covb.cat\/es\/\"},{\"@type\":\"ListItem\",\"position\":2,\"name\":\"Aparece un nuevo foco de peste porcina africana en el Sur de Italia\"}]},{\"@type\":\"WebSite\",\"@id\":\"https:\/\/www.covb.cat\/es\/#website\",\"url\":\"https:\/\/www.covb.cat\/es\/\",\"name\":\"COVB\",\"description\":\"Col\u00b7legi Oficial de Veterinaris de Barcelona\",\"publisher\":{\"@id\":\"https:\/\/www.covb.cat\/es\/#organization\"},\"potentialAction\":[{\"@type\":\"SearchAction\",\"target\":{\"@type\":\"EntryPoint\",\"urlTemplate\":\"https:\/\/www.covb.cat\/es\/?s={search_term_string}\"},\"query-input\":{\"@type\":\"PropertyValueSpecification\",\"valueRequired\":true,\"valueName\":\"search_term_string\"}}],\"inLanguage\":\"es\"},{\"@type\":\"Organization\",\"@id\":\"https:\/\/www.covb.cat\/es\/#organization\",\"name\":\"COVB\",\"url\":\"https:\/\/www.covb.cat\/es\/\",\"logo\":{\"@type\":\"ImageObject\",\"inLanguage\":\"es\",\"@id\":\"https:\/\/www.covb.cat\/es\/#\/schema\/logo\/image\/\",\"url\":\"https:\/\/www.covb.cat\/wp-content\/uploads\/2018\/07\/favicon-covb.png\",\"contentUrl\":\"https:\/\/www.covb.cat\/wp-content\/uploads\/2018\/07\/favicon-covb.png\",\"width\":512,\"height\":512,\"caption\":\"COVB\"},\"image\":{\"@id\":\"https:\/\/www.covb.cat\/es\/#\/schema\/logo\/image\/\"},\"sameAs\":[\"https:\/\/www.facebook.com\/COVBcat\/\",\"https:\/\/x.com\/COVBcat\",\"https:\/\/www.youtube.com\/user\/covbcn\"]},{\"@type\":\"Person\",\"@id\":\"\"}]}<\/script>\n<!-- \/ Yoast SEO plugin. -->","yoast_head_json":{"title":"Aparece un nuevo foco de peste porcina africana en el Sur de Italia - COVB - Col\u00b7legi Oficial de Veterinaris de Barcelona","description":"El 10 de mayo, los Servicios Veterinarios Oficiales italianos confirmaron la presencia de Peste Porcina Africana (PPA) en muestras de 4 jabal\u00edes y en una","robots":{"index":"index","follow":"follow","max-snippet":"max-snippet:-1","max-image-preview":"max-image-preview:large","max-video-preview":"max-video-preview:-1"},"canonical":"https:\/\/www.covb.cat\/es\/actualitat\/noticies\/alertas\/aparece-un-nuevo-foco-de-peste-porcina-africana-en-el-sur-de-italia\/","og_locale":"es_ES","og_type":"article","og_title":"Aparece un nuevo foco de peste porcina africana en el Sur de Italia - COVB - Col\u00b7legi Oficial de Veterinaris de Barcelona","og_description":"El 10 de mayo, los Servicios Veterinarios Oficiales italianos confirmaron la presencia de Peste Porcina Africana (PPA) en muestras de 4 jabal\u00edes y en una","og_url":"https:\/\/www.covb.cat\/es\/actualitat\/noticies\/alertas\/aparece-un-nuevo-foco-de-peste-porcina-africana-en-el-sur-de-italia\/","og_site_name":"COVB","article_publisher":"https:\/\/www.facebook.com\/COVBcat\/","article_published_time":"2023-05-22T12:01:25+00:00","article_modified_time":"2023-05-22T12:01:44+00:00","og_image":[{"width":1280,"height":851,"url":"https:\/\/www.covb.cat\/wp-content\/uploads\/2023\/05\/porcino-cerdo.jpg","type":"image\/jpeg"}],"twitter_card":"summary_large_image","twitter_creator":"@COVBcat","twitter_site":"@COVBcat","twitter_misc":{"Escrito por":"","Tiempo de lectura":"1 minuto"},"schema":{"@context":"https:\/\/schema.org","@graph":[{"@type":"Article","@id":"https:\/\/www.covb.cat\/es\/actualitat\/noticies\/alertas\/aparece-un-nuevo-foco-de-peste-porcina-africana-en-el-sur-de-italia\/#article","isPartOf":{"@id":"https:\/\/www.covb.cat\/es\/actualitat\/noticies\/alertas\/aparece-un-nuevo-foco-de-peste-porcina-africana-en-el-sur-de-italia\/"},"author":{"name":"","@id":""},"headline":"Aparece un nuevo foco de peste porcina africana en el Sur de Italia","datePublished":"2023-05-22T12:01:25+00:00","dateModified":"2023-05-22T12:01:44+00:00","mainEntityOfPage":{"@id":"https:\/\/www.covb.cat\/es\/actualitat\/noticies\/alertas\/aparece-un-nuevo-foco-de-peste-porcina-africana-en-el-sur-de-italia\/"},"wordCount":98,"publisher":{"@id":"https:\/\/www.covb.cat\/es\/#organization"},"image":{"@id":"https:\/\/www.covb.cat\/es\/actualitat\/noticies\/alertas\/aparece-un-nuevo-foco-de-peste-porcina-africana-en-el-sur-de-italia\/#primaryimage"},"thumbnailUrl":"https:\/\/www.covb.cat\/wp-content\/uploads\/2023\/05\/porcino-cerdo.jpg","articleSection":["Alertas","General"],"inLanguage":"es"},{"@type":"WebPage","@id":"https:\/\/www.covb.cat\/es\/actualitat\/noticies\/alertas\/aparece-un-nuevo-foco-de-peste-porcina-africana-en-el-sur-de-italia\/","url":"https:\/\/www.covb.cat\/es\/actualitat\/noticies\/alertas\/aparece-un-nuevo-foco-de-peste-porcina-africana-en-el-sur-de-italia\/","name":"Aparece un nuevo foco de peste porcina africana en el Sur de Italia - COVB - Col\u00b7legi Oficial de Veterinaris de Barcelona","isPartOf":{"@id":"https:\/\/www.covb.cat\/es\/#website"},"primaryImageOfPage":{"@id":"https:\/\/www.covb.cat\/es\/actualitat\/noticies\/alertas\/aparece-un-nuevo-foco-de-peste-porcina-africana-en-el-sur-de-italia\/#primaryimage"},"image":{"@id":"https:\/\/www.covb.cat\/es\/actualitat\/noticies\/alertas\/aparece-un-nuevo-foco-de-peste-porcina-africana-en-el-sur-de-italia\/#primaryimage"},"thumbnailUrl":"https:\/\/www.covb.cat\/wp-content\/uploads\/2023\/05\/porcino-cerdo.jpg","datePublished":"2023-05-22T12:01:25+00:00","dateModified":"2023-05-22T12:01:44+00:00","description":"El 10 de mayo, los Servicios Veterinarios Oficiales italianos confirmaron la presencia de Peste Porcina Africana (PPA) en muestras de 4 jabal\u00edes y en una","breadcrumb":{"@id":"https:\/\/www.covb.cat\/es\/actualitat\/noticies\/alertas\/aparece-un-nuevo-foco-de-peste-porcina-africana-en-el-sur-de-italia\/#breadcrumb"},"inLanguage":"es","potentialAction":[{"@type":"ReadAction","target":["https:\/\/www.covb.cat\/es\/actualitat\/noticies\/alertas\/aparece-un-nuevo-foco-de-peste-porcina-africana-en-el-sur-de-italia\/"]}]},{"@type":"ImageObject","inLanguage":"es","@id":"https:\/\/www.covb.cat\/es\/actualitat\/noticies\/alertas\/aparece-un-nuevo-foco-de-peste-porcina-africana-en-el-sur-de-italia\/#primaryimage","url":"https:\/\/www.covb.cat\/wp-content\/uploads\/2023\/05\/porcino-cerdo.jpg","contentUrl":"https:\/\/www.covb.cat\/wp-content\/uploads\/2023\/05\/porcino-cerdo.jpg","width":1280,"height":851},{"@type":"BreadcrumbList","@id":"https:\/\/www.covb.cat\/es\/actualitat\/noticies\/alertas\/aparece-un-nuevo-foco-de-peste-porcina-africana-en-el-sur-de-italia\/#breadcrumb","itemListElement":[{"@type":"ListItem","position":1,"name":"Inici","item":"https:\/\/www.covb.cat\/es\/"},{"@type":"ListItem","position":2,"name":"Aparece un nuevo foco de peste porcina africana en el Sur de Italia"}]},{"@type":"WebSite","@id":"https:\/\/www.covb.cat\/es\/#website","url":"https:\/\/www.covb.cat\/es\/","name":"COVB","description":"Col\u00b7legi Oficial de Veterinaris de Barcelona","publisher":{"@id":"https:\/\/www.covb.cat\/es\/#organization"},"potentialAction":[{"@type":"SearchAction","target":{"@type":"EntryPoint","urlTemplate":"https:\/\/www.covb.cat\/es\/?s={search_term_string}"},"query-input":{"@type":"PropertyValueSpecification","valueRequired":true,"valueName":"search_term_string"}}],"inLanguage":"es"},{"@type":"Organization","@id":"https:\/\/www.covb.cat\/es\/#organization","name":"COVB","url":"https:\/\/www.covb.cat\/es\/","logo":{"@type":"ImageObject","inLanguage":"es","@id":"https:\/\/www.covb.cat\/es\/#\/schema\/logo\/image\/","url":"https:\/\/www.covb.cat\/wp-content\/uploads\/2018\/07\/favicon-covb.png","contentUrl":"https:\/\/www.covb.cat\/wp-content\/uploads\/2018\/07\/favicon-covb.png","width":512,"height":512,"caption":"COVB"},"image":{"@id":"https:\/\/www.covb.cat\/es\/#\/schema\/logo\/image\/"},"sameAs":["https:\/\/www.facebook.com\/COVBcat\/","https:\/\/x.com\/COVBcat","https:\/\/www.youtube.com\/user\/covbcn"]},{"@type":"Person","@id":""}]}},"jetpack_featured_media_url":"https:\/\/www.covb.cat\/wp-content\/uploads\/2023\/05\/porcino-cerdo.jpg","jetpack_sharing_enabled":true,"_links":{"self":[{"href":"https:\/\/www.covb.cat\/es\/wp-json\/wp\/v2\/posts\/32672","targetHints":{"allow":["GET"]}}],"collection":[{"href":"https:\/\/www.covb.cat\/es\/wp-json\/wp\/v2\/posts"}],"about":[{"href":"https:\/\/www.covb.cat\/es\/wp-json\/wp\/v2\/types\/post"}],"author":[{"embeddable":true,"href":"https:\/\/www.covb.cat\/es\/wp-json\/wp\/v2\/users\/106"}],"replies":[{"embeddable":true,"href":"https:\/\/www.covb.cat\/es\/wp-json\/wp\/v2\/comments?post=32672"}],"version-history":[{"count":0,"href":"https:\/\/www.covb.cat\/es\/wp-json\/wp\/v2\/posts\/32672\/revisions"}],"wp:featuredmedia":[{"embeddable":true,"href":"https:\/\/www.covb.cat\/es\/wp-json\/wp\/v2\/media\/32626"}],"wp:attachment":[{"href":"https:\/\/www.covb.cat\/es\/wp-json\/wp\/v2\/media?parent=32672"}],"wp:term":[{"taxonomy":"category","embeddable":true,"href":"https:\/\/www.covb.cat\/es\/wp-json\/wp\/v2\/categories?post=32672"},{"taxonomy":"post_tag","embeddable":true,"href":"https:\/\/www.covb.cat\/es\/wp-json\/wp\/v2\/tags?post=32672"}],"curies":[{"name":"wp","href":"https:\/\/api.w.org\/{rel}","templated":true}]}}