{"id":30673,"date":"2023-03-29T14:32:23","date_gmt":"2023-03-29T12:32:23","guid":{"rendered":"https:\/\/www.covb.cat\/?p=30673"},"modified":"2023-03-29T14:35:07","modified_gmt":"2023-03-29T12:35:07","slug":"mas-de-ochenta-alumnos-participan-en-la-ii-jornada-us-donem-la-benvinguda-a-la-professio-el-martes-21-de-marzo-de-2023-la-sala-de-actos-del-colegio-oficial-de-veterinarios-de-barcelona-acogio-una","status":"publish","type":"post","link":"https:\/\/www.covb.cat\/es\/actualitat\/noticies\/corporativo\/mas-de-ochenta-alumnos-participan-en-la-ii-jornada-us-donem-la-benvinguda-a-la-professio-el-martes-21-de-marzo-de-2023-la-sala-de-actos-del-colegio-oficial-de-veterinarios-de-barcelona-acogio-una\/","title":{"rendered":"M\u00e1s de ochenta alumnos participan en la II Jornada \u00abUs donem la benvinguda a la professi\u00f3\u00bb"},"content":{"rendered":"<p>M\u00e1s de ochenta alumnos han participado en la II Jornada Formativa <em>\u00abUs donem la benvinguda a la professi\u00f3\u00bb <\/em>dirigida a alumnos de quinto del grado de veterinaria, celebrada el 15 de marzo en la UAB. \u00a0La jornada se enmarca en el convenio del Consell de Col\u00b7legis Veterinaris de Catalunya (CCVC) con la Facultat de Veterin\u00e0ria de la UAB que tiene como objetivo acompa\u00f1ar al alumno desde su llegada a la facultad hasta la finalizaci\u00f3n del grado y, en esta jornada en concreto, explicar a los alumnos diferentes trayectorias profesionales y el valor de la colegiaci\u00f3n.<\/p>\n<p>Inauguraron la jornada el presidente del CCVC y vicepresidente del COVB, Ricard Par\u00e9s y la vicedecana de Estudiantes y Pr\u00e1cticas Extra Facultativas de la Facultat de Veterin\u00e0ria de la UAB, Lourdes Abarca. Tambi\u00e9n participaron: Pol Llonch, investigador en Bienestar Animal a la UAB, David Solanes, director de la Unidad de Biocontenci\u00f3n de Zoetis, J\u00falia Vergara-Alert, investigadora cient\u00edfica del Centre de Recerca en Sanitat Animal (CReSA), Daniel Gim\u00e9nez, responsable de Gesti\u00f3 del Coneixement de l\u2019Ag\u00e8ncia de Salut P\u00fablica de Catalunya-ASPCAT, y Marta L\u00f3pez, psic\u00f3loga, responsable del Departamento de Formaci\u00f3n y Promoci\u00f3n de la Salud de la Fundaci\u00f3 Galatea.<\/p>\n","protected":false},"excerpt":{"rendered":"<p>M\u00e1s de ochenta alumnos han participado en la II Jornada Formativa \u00abUs donem la benvinguda a la professi\u00f3\u00bb dirigida a alumnos de quinto del grado de veterinaria, celebrada el 15 de marzo en la UAB. \u00a0La jornada se enmarca en el convenio del Consell de Col\u00b7legis Veterinaris de Catalunya (CCVC) con la Facultat de Veterin\u00e0ria [&hellip;]<\/p>\n","protected":false},"author":106,"featured_media":30512,"comment_status":"closed","ping_status":"closed","sticky":false,"template":"","format":"standard","meta":{"_monsterinsights_skip_tracking":false,"_monsterinsights_sitenote_active":false,"_monsterinsights_sitenote_note":"","_monsterinsights_sitenote_category":0,"_jetpack_memberships_contains_paid_content":false,"footnotes":""},"categories":[138,17],"tags":[],"class_list":["post-30673","post","type-post","status-publish","format-standard","has-post-thumbnail","hentry","category-corporativo","category-general"],"yoast_head":"<!-- This site is optimized with the Yoast SEO plugin v27.0 - https:\/\/yoast.com\/product\/yoast-seo-wordpress\/ -->\n<title>M\u00e1s de ochenta alumnos participan en la II Jornada &quot;Us donem la benvinguda a la professi\u00f3&quot; - COVB - Col\u00b7legi Oficial de Veterinaris de Barcelona<\/title>\n<meta name=\"description\" content=\"M\u00e1s de ochenta alumnos han participado en la II Jornada Formativa &quot;Us donem la benvinguda a la professi\u00f3&quot; dirigida a alumnos de quinto del grado de\" \/>\n<meta name=\"robots\" content=\"index, follow, max-snippet:-1, max-image-preview:large, max-video-preview:-1\" \/>\n<link rel=\"canonical\" href=\"https:\/\/www.covb.cat\/es\/actualitat\/noticies\/corporativo\/mas-de-ochenta-alumnos-participan-en-la-ii-jornada-us-donem-la-benvinguda-a-la-professio-el-martes-21-de-marzo-de-2023-la-sala-de-actos-del-colegio-oficial-de-veterinarios-de-barcelona-acogio-una\/\" \/>\n<meta property=\"og:locale\" content=\"es_ES\" \/>\n<meta property=\"og:type\" content=\"article\" \/>\n<meta property=\"og:title\" content=\"M\u00e1s de ochenta alumnos participan en la II Jornada &quot;Us donem la benvinguda a la professi\u00f3&quot; - COVB - Col\u00b7legi Oficial de Veterinaris de Barcelona\" \/>\n<meta property=\"og:description\" content=\"M\u00e1s de ochenta alumnos han participado en la II Jornada Formativa &quot;Us donem la benvinguda a la professi\u00f3&quot; dirigida a alumnos de quinto del grado de\" \/>\n<meta property=\"og:url\" content=\"https:\/\/www.covb.cat\/es\/actualitat\/noticies\/corporativo\/mas-de-ochenta-alumnos-participan-en-la-ii-jornada-us-donem-la-benvinguda-a-la-professio-el-martes-21-de-marzo-de-2023-la-sala-de-actos-del-colegio-oficial-de-veterinarios-de-barcelona-acogio-una\/\" \/>\n<meta property=\"og:site_name\" content=\"COVB\" \/>\n<meta property=\"article:publisher\" content=\"https:\/\/www.facebook.com\/COVBcat\/\" \/>\n<meta property=\"article:published_time\" content=\"2023-03-29T12:32:23+00:00\" \/>\n<meta property=\"article:modified_time\" content=\"2023-03-29T12:35:07+00:00\" \/>\n<meta property=\"og:image\" content=\"https:\/\/www.covb.cat\/wp-content\/uploads\/2023\/03\/3fbeefe9-4a1d-0174-c90a-3346fda8ce9c.jpg\" \/>\n\t<meta property=\"og:image:width\" content=\"400\" \/>\n\t<meta property=\"og:image:height\" content=\"300\" \/>\n\t<meta property=\"og:image:type\" content=\"image\/jpeg\" \/>\n<meta name=\"twitter:card\" content=\"summary_large_image\" \/>\n<meta name=\"twitter:creator\" content=\"@COVBcat\" \/>\n<meta name=\"twitter:site\" content=\"@COVBcat\" \/>\n<meta name=\"twitter:label1\" content=\"Escrito por\" \/>\n\t<meta name=\"twitter:data1\" content=\"\" \/>\n\t<meta name=\"twitter:label2\" content=\"Tiempo de lectura\" \/>\n\t<meta name=\"twitter:data2\" content=\"2 minutos\" \/>\n<script type=\"application\/ld+json\" class=\"yoast-schema-graph\">{\"@context\":\"https:\/\/schema.org\",\"@graph\":[{\"@type\":\"Article\",\"@id\":\"https:\/\/www.covb.cat\/es\/actualitat\/noticies\/corporativo\/mas-de-ochenta-alumnos-participan-en-la-ii-jornada-us-donem-la-benvinguda-a-la-professio-el-martes-21-de-marzo-de-2023-la-sala-de-actos-del-colegio-oficial-de-veterinarios-de-barcelona-acogio-una\/#article\",\"isPartOf\":{\"@id\":\"https:\/\/www.covb.cat\/es\/actualitat\/noticies\/corporativo\/mas-de-ochenta-alumnos-participan-en-la-ii-jornada-us-donem-la-benvinguda-a-la-professio-el-martes-21-de-marzo-de-2023-la-sala-de-actos-del-colegio-oficial-de-veterinarios-de-barcelona-acogio-una\/\"},\"author\":{\"name\":\"\",\"@id\":\"\"},\"headline\":\"M\u00e1s de ochenta alumnos participan en la II Jornada \u00abUs donem la benvinguda a la professi\u00f3\u00bb\",\"datePublished\":\"2023-03-29T12:32:23+00:00\",\"dateModified\":\"2023-03-29T12:35:07+00:00\",\"mainEntityOfPage\":{\"@id\":\"https:\/\/www.covb.cat\/es\/actualitat\/noticies\/corporativo\/mas-de-ochenta-alumnos-participan-en-la-ii-jornada-us-donem-la-benvinguda-a-la-professio-el-martes-21-de-marzo-de-2023-la-sala-de-actos-del-colegio-oficial-de-veterinarios-de-barcelona-acogio-una\/\"},\"wordCount\":229,\"publisher\":{\"@id\":\"https:\/\/www.covb.cat\/es\/#organization\"},\"image\":{\"@id\":\"https:\/\/www.covb.cat\/es\/actualitat\/noticies\/corporativo\/mas-de-ochenta-alumnos-participan-en-la-ii-jornada-us-donem-la-benvinguda-a-la-professio-el-martes-21-de-marzo-de-2023-la-sala-de-actos-del-colegio-oficial-de-veterinarios-de-barcelona-acogio-una\/#primaryimage\"},\"thumbnailUrl\":\"https:\/\/www.covb.cat\/wp-content\/uploads\/2023\/03\/3fbeefe9-4a1d-0174-c90a-3346fda8ce9c.jpg\",\"articleSection\":[\"Corporativo\",\"General\"],\"inLanguage\":\"es\"},{\"@type\":\"WebPage\",\"@id\":\"https:\/\/www.covb.cat\/es\/actualitat\/noticies\/corporativo\/mas-de-ochenta-alumnos-participan-en-la-ii-jornada-us-donem-la-benvinguda-a-la-professio-el-martes-21-de-marzo-de-2023-la-sala-de-actos-del-colegio-oficial-de-veterinarios-de-barcelona-acogio-una\/\",\"url\":\"https:\/\/www.covb.cat\/es\/actualitat\/noticies\/corporativo\/mas-de-ochenta-alumnos-participan-en-la-ii-jornada-us-donem-la-benvinguda-a-la-professio-el-martes-21-de-marzo-de-2023-la-sala-de-actos-del-colegio-oficial-de-veterinarios-de-barcelona-acogio-una\/\",\"name\":\"M\u00e1s de ochenta alumnos participan en la II Jornada \\\"Us donem la benvinguda a la professi\u00f3\\\" - COVB - Col\u00b7legi Oficial de Veterinaris de Barcelona\",\"isPartOf\":{\"@id\":\"https:\/\/www.covb.cat\/es\/#website\"},\"primaryImageOfPage\":{\"@id\":\"https:\/\/www.covb.cat\/es\/actualitat\/noticies\/corporativo\/mas-de-ochenta-alumnos-participan-en-la-ii-jornada-us-donem-la-benvinguda-a-la-professio-el-martes-21-de-marzo-de-2023-la-sala-de-actos-del-colegio-oficial-de-veterinarios-de-barcelona-acogio-una\/#primaryimage\"},\"image\":{\"@id\":\"https:\/\/www.covb.cat\/es\/actualitat\/noticies\/corporativo\/mas-de-ochenta-alumnos-participan-en-la-ii-jornada-us-donem-la-benvinguda-a-la-professio-el-martes-21-de-marzo-de-2023-la-sala-de-actos-del-colegio-oficial-de-veterinarios-de-barcelona-acogio-una\/#primaryimage\"},\"thumbnailUrl\":\"https:\/\/www.covb.cat\/wp-content\/uploads\/2023\/03\/3fbeefe9-4a1d-0174-c90a-3346fda8ce9c.jpg\",\"datePublished\":\"2023-03-29T12:32:23+00:00\",\"dateModified\":\"2023-03-29T12:35:07+00:00\",\"description\":\"M\u00e1s de ochenta alumnos han participado en la II Jornada Formativa \\\"Us donem la benvinguda a la professi\u00f3\\\" dirigida a alumnos de quinto del grado de\",\"breadcrumb\":{\"@id\":\"https:\/\/www.covb.cat\/es\/actualitat\/noticies\/corporativo\/mas-de-ochenta-alumnos-participan-en-la-ii-jornada-us-donem-la-benvinguda-a-la-professio-el-martes-21-de-marzo-de-2023-la-sala-de-actos-del-colegio-oficial-de-veterinarios-de-barcelona-acogio-una\/#breadcrumb\"},\"inLanguage\":\"es\",\"potentialAction\":[{\"@type\":\"ReadAction\",\"target\":[\"https:\/\/www.covb.cat\/es\/actualitat\/noticies\/corporativo\/mas-de-ochenta-alumnos-participan-en-la-ii-jornada-us-donem-la-benvinguda-a-la-professio-el-martes-21-de-marzo-de-2023-la-sala-de-actos-del-colegio-oficial-de-veterinarios-de-barcelona-acogio-una\/\"]}]},{\"@type\":\"ImageObject\",\"inLanguage\":\"es\",\"@id\":\"https:\/\/www.covb.cat\/es\/actualitat\/noticies\/corporativo\/mas-de-ochenta-alumnos-participan-en-la-ii-jornada-us-donem-la-benvinguda-a-la-professio-el-martes-21-de-marzo-de-2023-la-sala-de-actos-del-colegio-oficial-de-veterinarios-de-barcelona-acogio-una\/#primaryimage\",\"url\":\"https:\/\/www.covb.cat\/wp-content\/uploads\/2023\/03\/3fbeefe9-4a1d-0174-c90a-3346fda8ce9c.jpg\",\"contentUrl\":\"https:\/\/www.covb.cat\/wp-content\/uploads\/2023\/03\/3fbeefe9-4a1d-0174-c90a-3346fda8ce9c.jpg\",\"width\":400,\"height\":300},{\"@type\":\"BreadcrumbList\",\"@id\":\"https:\/\/www.covb.cat\/es\/actualitat\/noticies\/corporativo\/mas-de-ochenta-alumnos-participan-en-la-ii-jornada-us-donem-la-benvinguda-a-la-professio-el-martes-21-de-marzo-de-2023-la-sala-de-actos-del-colegio-oficial-de-veterinarios-de-barcelona-acogio-una\/#breadcrumb\",\"itemListElement\":[{\"@type\":\"ListItem\",\"position\":1,\"name\":\"Inici\",\"item\":\"https:\/\/www.covb.cat\/es\/\"},{\"@type\":\"ListItem\",\"position\":2,\"name\":\"M\u00e1s de ochenta alumnos participan en la II Jornada &#8220;Us donem la benvinguda a la professi\u00f3&#8221;\"}]},{\"@type\":\"WebSite\",\"@id\":\"https:\/\/www.covb.cat\/es\/#website\",\"url\":\"https:\/\/www.covb.cat\/es\/\",\"name\":\"COVB\",\"description\":\"Col\u00b7legi Oficial de Veterinaris de Barcelona\",\"publisher\":{\"@id\":\"https:\/\/www.covb.cat\/es\/#organization\"},\"potentialAction\":[{\"@type\":\"SearchAction\",\"target\":{\"@type\":\"EntryPoint\",\"urlTemplate\":\"https:\/\/www.covb.cat\/es\/?s={search_term_string}\"},\"query-input\":{\"@type\":\"PropertyValueSpecification\",\"valueRequired\":true,\"valueName\":\"search_term_string\"}}],\"inLanguage\":\"es\"},{\"@type\":\"Organization\",\"@id\":\"https:\/\/www.covb.cat\/es\/#organization\",\"name\":\"COVB\",\"url\":\"https:\/\/www.covb.cat\/es\/\",\"logo\":{\"@type\":\"ImageObject\",\"inLanguage\":\"es\",\"@id\":\"https:\/\/www.covb.cat\/es\/#\/schema\/logo\/image\/\",\"url\":\"https:\/\/www.covb.cat\/wp-content\/uploads\/2018\/07\/favicon-covb.png\",\"contentUrl\":\"https:\/\/www.covb.cat\/wp-content\/uploads\/2018\/07\/favicon-covb.png\",\"width\":512,\"height\":512,\"caption\":\"COVB\"},\"image\":{\"@id\":\"https:\/\/www.covb.cat\/es\/#\/schema\/logo\/image\/\"},\"sameAs\":[\"https:\/\/www.facebook.com\/COVBcat\/\",\"https:\/\/x.com\/COVBcat\",\"https:\/\/www.youtube.com\/user\/covbcn\"]},{\"@type\":\"Person\",\"@id\":\"\"}]}<\/script>\n<!-- \/ Yoast SEO plugin. -->","yoast_head_json":{"title":"M\u00e1s de ochenta alumnos participan en la II Jornada \"Us donem la benvinguda a la professi\u00f3\" - COVB - Col\u00b7legi Oficial de Veterinaris de Barcelona","description":"M\u00e1s de ochenta alumnos han participado en la II Jornada Formativa \"Us donem la benvinguda a la professi\u00f3\" dirigida a alumnos de quinto del grado de","robots":{"index":"index","follow":"follow","max-snippet":"max-snippet:-1","max-image-preview":"max-image-preview:large","max-video-preview":"max-video-preview:-1"},"canonical":"https:\/\/www.covb.cat\/es\/actualitat\/noticies\/corporativo\/mas-de-ochenta-alumnos-participan-en-la-ii-jornada-us-donem-la-benvinguda-a-la-professio-el-martes-21-de-marzo-de-2023-la-sala-de-actos-del-colegio-oficial-de-veterinarios-de-barcelona-acogio-una\/","og_locale":"es_ES","og_type":"article","og_title":"M\u00e1s de ochenta alumnos participan en la II Jornada \"Us donem la benvinguda a la professi\u00f3\" - COVB - Col\u00b7legi Oficial de Veterinaris de Barcelona","og_description":"M\u00e1s de ochenta alumnos han participado en la II Jornada Formativa \"Us donem la benvinguda a la professi\u00f3\" dirigida a alumnos de quinto del grado de","og_url":"https:\/\/www.covb.cat\/es\/actualitat\/noticies\/corporativo\/mas-de-ochenta-alumnos-participan-en-la-ii-jornada-us-donem-la-benvinguda-a-la-professio-el-martes-21-de-marzo-de-2023-la-sala-de-actos-del-colegio-oficial-de-veterinarios-de-barcelona-acogio-una\/","og_site_name":"COVB","article_publisher":"https:\/\/www.facebook.com\/COVBcat\/","article_published_time":"2023-03-29T12:32:23+00:00","article_modified_time":"2023-03-29T12:35:07+00:00","og_image":[{"width":400,"height":300,"url":"https:\/\/www.covb.cat\/wp-content\/uploads\/2023\/03\/3fbeefe9-4a1d-0174-c90a-3346fda8ce9c.jpg","type":"image\/jpeg"}],"twitter_card":"summary_large_image","twitter_creator":"@COVBcat","twitter_site":"@COVBcat","twitter_misc":{"Escrito por":"","Tiempo de lectura":"2 minutos"},"schema":{"@context":"https:\/\/schema.org","@graph":[{"@type":"Article","@id":"https:\/\/www.covb.cat\/es\/actualitat\/noticies\/corporativo\/mas-de-ochenta-alumnos-participan-en-la-ii-jornada-us-donem-la-benvinguda-a-la-professio-el-martes-21-de-marzo-de-2023-la-sala-de-actos-del-colegio-oficial-de-veterinarios-de-barcelona-acogio-una\/#article","isPartOf":{"@id":"https:\/\/www.covb.cat\/es\/actualitat\/noticies\/corporativo\/mas-de-ochenta-alumnos-participan-en-la-ii-jornada-us-donem-la-benvinguda-a-la-professio-el-martes-21-de-marzo-de-2023-la-sala-de-actos-del-colegio-oficial-de-veterinarios-de-barcelona-acogio-una\/"},"author":{"name":"","@id":""},"headline":"M\u00e1s de ochenta alumnos participan en la II Jornada \u00abUs donem la benvinguda a la professi\u00f3\u00bb","datePublished":"2023-03-29T12:32:23+00:00","dateModified":"2023-03-29T12:35:07+00:00","mainEntityOfPage":{"@id":"https:\/\/www.covb.cat\/es\/actualitat\/noticies\/corporativo\/mas-de-ochenta-alumnos-participan-en-la-ii-jornada-us-donem-la-benvinguda-a-la-professio-el-martes-21-de-marzo-de-2023-la-sala-de-actos-del-colegio-oficial-de-veterinarios-de-barcelona-acogio-una\/"},"wordCount":229,"publisher":{"@id":"https:\/\/www.covb.cat\/es\/#organization"},"image":{"@id":"https:\/\/www.covb.cat\/es\/actualitat\/noticies\/corporativo\/mas-de-ochenta-alumnos-participan-en-la-ii-jornada-us-donem-la-benvinguda-a-la-professio-el-martes-21-de-marzo-de-2023-la-sala-de-actos-del-colegio-oficial-de-veterinarios-de-barcelona-acogio-una\/#primaryimage"},"thumbnailUrl":"https:\/\/www.covb.cat\/wp-content\/uploads\/2023\/03\/3fbeefe9-4a1d-0174-c90a-3346fda8ce9c.jpg","articleSection":["Corporativo","General"],"inLanguage":"es"},{"@type":"WebPage","@id":"https:\/\/www.covb.cat\/es\/actualitat\/noticies\/corporativo\/mas-de-ochenta-alumnos-participan-en-la-ii-jornada-us-donem-la-benvinguda-a-la-professio-el-martes-21-de-marzo-de-2023-la-sala-de-actos-del-colegio-oficial-de-veterinarios-de-barcelona-acogio-una\/","url":"https:\/\/www.covb.cat\/es\/actualitat\/noticies\/corporativo\/mas-de-ochenta-alumnos-participan-en-la-ii-jornada-us-donem-la-benvinguda-a-la-professio-el-martes-21-de-marzo-de-2023-la-sala-de-actos-del-colegio-oficial-de-veterinarios-de-barcelona-acogio-una\/","name":"M\u00e1s de ochenta alumnos participan en la II Jornada \"Us donem la benvinguda a la professi\u00f3\" - COVB - Col\u00b7legi Oficial de Veterinaris de Barcelona","isPartOf":{"@id":"https:\/\/www.covb.cat\/es\/#website"},"primaryImageOfPage":{"@id":"https:\/\/www.covb.cat\/es\/actualitat\/noticies\/corporativo\/mas-de-ochenta-alumnos-participan-en-la-ii-jornada-us-donem-la-benvinguda-a-la-professio-el-martes-21-de-marzo-de-2023-la-sala-de-actos-del-colegio-oficial-de-veterinarios-de-barcelona-acogio-una\/#primaryimage"},"image":{"@id":"https:\/\/www.covb.cat\/es\/actualitat\/noticies\/corporativo\/mas-de-ochenta-alumnos-participan-en-la-ii-jornada-us-donem-la-benvinguda-a-la-professio-el-martes-21-de-marzo-de-2023-la-sala-de-actos-del-colegio-oficial-de-veterinarios-de-barcelona-acogio-una\/#primaryimage"},"thumbnailUrl":"https:\/\/www.covb.cat\/wp-content\/uploads\/2023\/03\/3fbeefe9-4a1d-0174-c90a-3346fda8ce9c.jpg","datePublished":"2023-03-29T12:32:23+00:00","dateModified":"2023-03-29T12:35:07+00:00","description":"M\u00e1s de ochenta alumnos han participado en la II Jornada Formativa \"Us donem la benvinguda a la professi\u00f3\" dirigida a alumnos de quinto del grado de","breadcrumb":{"@id":"https:\/\/www.covb.cat\/es\/actualitat\/noticies\/corporativo\/mas-de-ochenta-alumnos-participan-en-la-ii-jornada-us-donem-la-benvinguda-a-la-professio-el-martes-21-de-marzo-de-2023-la-sala-de-actos-del-colegio-oficial-de-veterinarios-de-barcelona-acogio-una\/#breadcrumb"},"inLanguage":"es","potentialAction":[{"@type":"ReadAction","target":["https:\/\/www.covb.cat\/es\/actualitat\/noticies\/corporativo\/mas-de-ochenta-alumnos-participan-en-la-ii-jornada-us-donem-la-benvinguda-a-la-professio-el-martes-21-de-marzo-de-2023-la-sala-de-actos-del-colegio-oficial-de-veterinarios-de-barcelona-acogio-una\/"]}]},{"@type":"ImageObject","inLanguage":"es","@id":"https:\/\/www.covb.cat\/es\/actualitat\/noticies\/corporativo\/mas-de-ochenta-alumnos-participan-en-la-ii-jornada-us-donem-la-benvinguda-a-la-professio-el-martes-21-de-marzo-de-2023-la-sala-de-actos-del-colegio-oficial-de-veterinarios-de-barcelona-acogio-una\/#primaryimage","url":"https:\/\/www.covb.cat\/wp-content\/uploads\/2023\/03\/3fbeefe9-4a1d-0174-c90a-3346fda8ce9c.jpg","contentUrl":"https:\/\/www.covb.cat\/wp-content\/uploads\/2023\/03\/3fbeefe9-4a1d-0174-c90a-3346fda8ce9c.jpg","width":400,"height":300},{"@type":"BreadcrumbList","@id":"https:\/\/www.covb.cat\/es\/actualitat\/noticies\/corporativo\/mas-de-ochenta-alumnos-participan-en-la-ii-jornada-us-donem-la-benvinguda-a-la-professio-el-martes-21-de-marzo-de-2023-la-sala-de-actos-del-colegio-oficial-de-veterinarios-de-barcelona-acogio-una\/#breadcrumb","itemListElement":[{"@type":"ListItem","position":1,"name":"Inici","item":"https:\/\/www.covb.cat\/es\/"},{"@type":"ListItem","position":2,"name":"M\u00e1s de ochenta alumnos participan en la II Jornada &#8220;Us donem la benvinguda a la professi\u00f3&#8221;"}]},{"@type":"WebSite","@id":"https:\/\/www.covb.cat\/es\/#website","url":"https:\/\/www.covb.cat\/es\/","name":"COVB","description":"Col\u00b7legi Oficial de Veterinaris de Barcelona","publisher":{"@id":"https:\/\/www.covb.cat\/es\/#organization"},"potentialAction":[{"@type":"SearchAction","target":{"@type":"EntryPoint","urlTemplate":"https:\/\/www.covb.cat\/es\/?s={search_term_string}"},"query-input":{"@type":"PropertyValueSpecification","valueRequired":true,"valueName":"search_term_string"}}],"inLanguage":"es"},{"@type":"Organization","@id":"https:\/\/www.covb.cat\/es\/#organization","name":"COVB","url":"https:\/\/www.covb.cat\/es\/","logo":{"@type":"ImageObject","inLanguage":"es","@id":"https:\/\/www.covb.cat\/es\/#\/schema\/logo\/image\/","url":"https:\/\/www.covb.cat\/wp-content\/uploads\/2018\/07\/favicon-covb.png","contentUrl":"https:\/\/www.covb.cat\/wp-content\/uploads\/2018\/07\/favicon-covb.png","width":512,"height":512,"caption":"COVB"},"image":{"@id":"https:\/\/www.covb.cat\/es\/#\/schema\/logo\/image\/"},"sameAs":["https:\/\/www.facebook.com\/COVBcat\/","https:\/\/x.com\/COVBcat","https:\/\/www.youtube.com\/user\/covbcn"]},{"@type":"Person","@id":""}]}},"jetpack_featured_media_url":"https:\/\/www.covb.cat\/wp-content\/uploads\/2023\/03\/3fbeefe9-4a1d-0174-c90a-3346fda8ce9c.jpg","jetpack_sharing_enabled":true,"_links":{"self":[{"href":"https:\/\/www.covb.cat\/es\/wp-json\/wp\/v2\/posts\/30673","targetHints":{"allow":["GET"]}}],"collection":[{"href":"https:\/\/www.covb.cat\/es\/wp-json\/wp\/v2\/posts"}],"about":[{"href":"https:\/\/www.covb.cat\/es\/wp-json\/wp\/v2\/types\/post"}],"author":[{"embeddable":true,"href":"https:\/\/www.covb.cat\/es\/wp-json\/wp\/v2\/users\/106"}],"replies":[{"embeddable":true,"href":"https:\/\/www.covb.cat\/es\/wp-json\/wp\/v2\/comments?post=30673"}],"version-history":[{"count":0,"href":"https:\/\/www.covb.cat\/es\/wp-json\/wp\/v2\/posts\/30673\/revisions"}],"wp:featuredmedia":[{"embeddable":true,"href":"https:\/\/www.covb.cat\/es\/wp-json\/wp\/v2\/media\/30512"}],"wp:attachment":[{"href":"https:\/\/www.covb.cat\/es\/wp-json\/wp\/v2\/media?parent=30673"}],"wp:term":[{"taxonomy":"category","embeddable":true,"href":"https:\/\/www.covb.cat\/es\/wp-json\/wp\/v2\/categories?post=30673"},{"taxonomy":"post_tag","embeddable":true,"href":"https:\/\/www.covb.cat\/es\/wp-json\/wp\/v2\/tags?post=30673"}],"curies":[{"name":"wp","href":"https:\/\/api.w.org\/{rel}","templated":true}]}}