{"id":30290,"date":"2023-03-20T14:03:37","date_gmt":"2023-03-20T13:03:37","guid":{"rendered":"https:\/\/www.covb.cat\/?p=30290"},"modified":"2023-03-20T14:03:37","modified_gmt":"2023-03-20T13:03:37","slug":"la-voz-del-covb-en-los-medios-de-comunicacion","status":"publish","type":"post","link":"https:\/\/www.covb.cat\/es\/actualitat\/noticies\/general\/la-voz-del-covb-en-los-medios-de-comunicacion\/","title":{"rendered":"La voz del COVB en los medios de comunicaci\u00f3n"},"content":{"rendered":"<p>La nota de prensa con el t\u00edtulo: \u201cEl Comit\u00e9 de la Veterinaria para la Protecci\u00f3n de los Animales del Colegio Oficial de Veterinarios de Barcelona se opone a la exclusi\u00f3n de las perreras deportivas y de caza de la obligaci\u00f3n de inscribirse en el Registro de n\u00facleos zool\u00f3gicos de Catalu\u00f1a (documento de posicionamiento)\u201d que se envi\u00f3 la semana pasada, ha tenido una buena acogida en los medios de comunicaci\u00f3n.<\/p>\n<p>Adjuntamos los enlaces a las principales publicaciones:<\/p>\n<ul>\n<li><a href=\"https:\/\/www.portalveterinaria.com\/animales-de-compania\/actualidad\/40182\/los-veterinarios-de-barcelona-rechazan-la-exencion-de-perreras-deportivas-y-de-caza-del-registro-de-nucleos-zoologicos.html#:~:text=muestra%20su%20preocupaci%C3%B3n.-,El%20Comit%C3%A9%20de%20la%20Veterinaria%20por%20la%20Protecci%C3%B3n%20de%20los,de%20n%C3%BAcleos%20zool%C3%B3gicos%20de%20Catalu%C3%B1a.\">Los veterinarios de Barcelona rechazan la exenci\u00f3n de perreras deportivas y de caza del registro de n\u00facleos zool\u00f3gicos<\/a> (PORTALVETERINARIA.COM)<\/li>\n<li><a href=\"http:\/\/animalshealth.es\/profesionales\/veterinarios-barcelona-contra-excluir-algunos-perros-registro-nucleos-zoologicos-cataluna\">Veterinarios de Barcelona, en contra de excluir a algunos perros del registro de n\u00facleos zool\u00f3gicos de Catalu\u00f1a<\/a> (ANIMALSHEALTH.ES)<\/li>\n<li><a href=\"https:\/\/infomascota.com\/comite-la-veterinaria-la-proteccion-los-animales-se-opone-la-exclusion-obligacion-inscripcion-las-perreras-deportivas-caza\/\">El Comit\u00e9 de la Veterinaria por la Protecci\u00f3n de los Animales se opone a la exclusi\u00f3n de obligaci\u00f3n de inscripci\u00f3n de las perreras deportivas y de caza<\/a> (INFOMASCOTA.COM)<\/li>\n<li><a href=\"https:\/\/www.imveterinaria.es\/noticia\/7568\/el-covb-se-opone-a-la-exclusion-de-obligacion-de-inscripcion-de-las.html\">El COVB se opone a la exclusi\u00f3n de obligaci\u00f3n de inscripci\u00f3n de las perreras deportivas y de caza <\/a>\u00a0(IMVETERINARIA.ES)<\/li>\n<li><a href=\"http:\/\/www.animalados.com\/es\/las-entidades-reclaman-a-la-conselleria-que-rectifique-y-retire-la-propuesta-de-modificacion-de-la-ley-de-proteccion-animal\/\">Las entidades reclaman a la Conselleria que rectifique y retire la propuesta de modificaci\u00f3n de la ley de protecci\u00f3n animal<\/a> (ANIMALADOS.COM)<\/li>\n<li><a href=\"https:\/\/www.elsaltodiario.com\/caza\/indignacion-catalunya-cambio-ley-proteccion-animales-favor-lobby-cinegetico#:~:text=Caza-,Indignaci%C3%B3n%20en%20Catalunya%20por%20el%20cambio%20en%20la%20Ley%20de,de%20Protecci%C3%B3n%20de%20los%20Animales.\">Caza Indignaci\u00f3n en Catalunya por el cambio en la Ley de Protecci\u00f3n de los Animales en favor del lobby cineg\u00e9tico<\/a> \u00a0(ELSALTODIARIO.COM)<\/li>\n<li><a href=\"https:\/\/www.animanaturalis.org\/n\/46442\/exigimos-a-la-conselleria-que-rectifique-y-retire-la-propuesta-de-modificacion-de-la-ley-de-proteccion-animal-catalana\">Exigimos a la Conselleria que rectifique y retire la propuesta de modificaci\u00f3n de la Ley de protecci\u00f3n Animal<\/a> (ANIMANATURALIS.ORG)<\/li>\n<\/ul>\n","protected":false},"excerpt":{"rendered":"<p>La nota de prensa con el t\u00edtulo: \u201cEl Comit\u00e9 de la Veterinaria para la Protecci\u00f3n de los Animales del Colegio Oficial de Veterinarios de Barcelona se opone a la exclusi\u00f3n de las perreras deportivas y de caza de la obligaci\u00f3n de inscribirse en el Registro de n\u00facleos zool\u00f3gicos de Catalu\u00f1a (documento de posicionamiento)\u201d que se [&hellip;]<\/p>\n","protected":false},"author":106,"featured_media":30239,"comment_status":"closed","ping_status":"closed","sticky":false,"template":"","format":"standard","meta":{"_monsterinsights_skip_tracking":false,"_monsterinsights_sitenote_active":false,"_monsterinsights_sitenote_note":"","_monsterinsights_sitenote_category":0,"_jetpack_memberships_contains_paid_content":false,"footnotes":""},"categories":[17],"tags":[],"class_list":["post-30290","post","type-post","status-publish","format-standard","has-post-thumbnail","hentry","category-general"],"yoast_head":"<!-- This site is optimized with the Yoast SEO plugin v27.0 - https:\/\/yoast.com\/product\/yoast-seo-wordpress\/ -->\n<title>La voz del COVB en los medios de comunicaci\u00f3n - COVB - Col\u00b7legi Oficial de Veterinaris de Barcelona<\/title>\n<meta name=\"description\" content=\"La nota de prensa con el t\u00edtulo: \u201cEl Comit\u00e9 de la Veterinaria para la Protecci\u00f3n de los Animales del Colegio Oficial de Veterinarios de Barcelona se opone\" \/>\n<meta name=\"robots\" content=\"index, follow, max-snippet:-1, max-image-preview:large, max-video-preview:-1\" \/>\n<link rel=\"canonical\" href=\"https:\/\/www.covb.cat\/es\/actualitat\/noticies\/general\/la-voz-del-covb-en-los-medios-de-comunicacion\/\" \/>\n<meta property=\"og:locale\" content=\"es_ES\" \/>\n<meta property=\"og:type\" content=\"article\" \/>\n<meta property=\"og:title\" content=\"La voz del COVB en los medios de comunicaci\u00f3n - COVB - Col\u00b7legi Oficial de Veterinaris de Barcelona\" \/>\n<meta property=\"og:description\" content=\"La nota de prensa con el t\u00edtulo: \u201cEl Comit\u00e9 de la Veterinaria para la Protecci\u00f3n de los Animales del Colegio Oficial de Veterinarios de Barcelona se opone\" \/>\n<meta property=\"og:url\" content=\"https:\/\/www.covb.cat\/es\/actualitat\/noticies\/general\/la-voz-del-covb-en-los-medios-de-comunicacion\/\" \/>\n<meta property=\"og:site_name\" content=\"COVB\" \/>\n<meta property=\"article:publisher\" content=\"https:\/\/www.facebook.com\/COVBcat\/\" \/>\n<meta property=\"article:published_time\" content=\"2023-03-20T13:03:37+00:00\" \/>\n<meta property=\"og:image\" content=\"https:\/\/www.covb.cat\/wp-content\/uploads\/2023\/03\/comunicacion.jpg\" \/>\n\t<meta property=\"og:image:width\" content=\"1280\" \/>\n\t<meta property=\"og:image:height\" content=\"853\" \/>\n\t<meta property=\"og:image:type\" content=\"image\/jpeg\" \/>\n<meta name=\"twitter:card\" content=\"summary_large_image\" \/>\n<meta name=\"twitter:creator\" content=\"@COVBcat\" \/>\n<meta name=\"twitter:site\" content=\"@COVBcat\" \/>\n<meta name=\"twitter:label1\" content=\"Escrito por\" \/>\n\t<meta name=\"twitter:data1\" content=\"\" \/>\n\t<meta name=\"twitter:label2\" content=\"Tiempo de lectura\" \/>\n\t<meta name=\"twitter:data2\" content=\"2 minutos\" \/>\n<script type=\"application\/ld+json\" class=\"yoast-schema-graph\">{\"@context\":\"https:\/\/schema.org\",\"@graph\":[{\"@type\":\"Article\",\"@id\":\"https:\/\/www.covb.cat\/es\/actualitat\/noticies\/general\/la-voz-del-covb-en-los-medios-de-comunicacion\/#article\",\"isPartOf\":{\"@id\":\"https:\/\/www.covb.cat\/es\/actualitat\/noticies\/general\/la-voz-del-covb-en-los-medios-de-comunicacion\/\"},\"author\":{\"name\":\"\",\"@id\":\"\"},\"headline\":\"La voz del COVB en los medios de comunicaci\u00f3n\",\"datePublished\":\"2023-03-20T13:03:37+00:00\",\"mainEntityOfPage\":{\"@id\":\"https:\/\/www.covb.cat\/es\/actualitat\/noticies\/general\/la-voz-del-covb-en-los-medios-de-comunicacion\/\"},\"wordCount\":266,\"publisher\":{\"@id\":\"https:\/\/www.covb.cat\/es\/#organization\"},\"image\":{\"@id\":\"https:\/\/www.covb.cat\/es\/actualitat\/noticies\/general\/la-voz-del-covb-en-los-medios-de-comunicacion\/#primaryimage\"},\"thumbnailUrl\":\"https:\/\/www.covb.cat\/wp-content\/uploads\/2023\/03\/comunicacion.jpg\",\"articleSection\":[\"General\"],\"inLanguage\":\"es\"},{\"@type\":\"WebPage\",\"@id\":\"https:\/\/www.covb.cat\/es\/actualitat\/noticies\/general\/la-voz-del-covb-en-los-medios-de-comunicacion\/\",\"url\":\"https:\/\/www.covb.cat\/es\/actualitat\/noticies\/general\/la-voz-del-covb-en-los-medios-de-comunicacion\/\",\"name\":\"La voz del COVB en los medios de comunicaci\u00f3n - COVB - Col\u00b7legi Oficial de Veterinaris de Barcelona\",\"isPartOf\":{\"@id\":\"https:\/\/www.covb.cat\/es\/#website\"},\"primaryImageOfPage\":{\"@id\":\"https:\/\/www.covb.cat\/es\/actualitat\/noticies\/general\/la-voz-del-covb-en-los-medios-de-comunicacion\/#primaryimage\"},\"image\":{\"@id\":\"https:\/\/www.covb.cat\/es\/actualitat\/noticies\/general\/la-voz-del-covb-en-los-medios-de-comunicacion\/#primaryimage\"},\"thumbnailUrl\":\"https:\/\/www.covb.cat\/wp-content\/uploads\/2023\/03\/comunicacion.jpg\",\"datePublished\":\"2023-03-20T13:03:37+00:00\",\"description\":\"La nota de prensa con el t\u00edtulo: \u201cEl Comit\u00e9 de la Veterinaria para la Protecci\u00f3n de los Animales del Colegio Oficial de Veterinarios de Barcelona se opone\",\"breadcrumb\":{\"@id\":\"https:\/\/www.covb.cat\/es\/actualitat\/noticies\/general\/la-voz-del-covb-en-los-medios-de-comunicacion\/#breadcrumb\"},\"inLanguage\":\"es\",\"potentialAction\":[{\"@type\":\"ReadAction\",\"target\":[\"https:\/\/www.covb.cat\/es\/actualitat\/noticies\/general\/la-voz-del-covb-en-los-medios-de-comunicacion\/\"]}]},{\"@type\":\"ImageObject\",\"inLanguage\":\"es\",\"@id\":\"https:\/\/www.covb.cat\/es\/actualitat\/noticies\/general\/la-voz-del-covb-en-los-medios-de-comunicacion\/#primaryimage\",\"url\":\"https:\/\/www.covb.cat\/wp-content\/uploads\/2023\/03\/comunicacion.jpg\",\"contentUrl\":\"https:\/\/www.covb.cat\/wp-content\/uploads\/2023\/03\/comunicacion.jpg\",\"width\":1280,\"height\":853},{\"@type\":\"BreadcrumbList\",\"@id\":\"https:\/\/www.covb.cat\/es\/actualitat\/noticies\/general\/la-voz-del-covb-en-los-medios-de-comunicacion\/#breadcrumb\",\"itemListElement\":[{\"@type\":\"ListItem\",\"position\":1,\"name\":\"Inici\",\"item\":\"https:\/\/www.covb.cat\/es\/\"},{\"@type\":\"ListItem\",\"position\":2,\"name\":\"La voz del COVB en los medios de comunicaci\u00f3n\"}]},{\"@type\":\"WebSite\",\"@id\":\"https:\/\/www.covb.cat\/es\/#website\",\"url\":\"https:\/\/www.covb.cat\/es\/\",\"name\":\"COVB\",\"description\":\"Col\u00b7legi Oficial de Veterinaris de Barcelona\",\"publisher\":{\"@id\":\"https:\/\/www.covb.cat\/es\/#organization\"},\"potentialAction\":[{\"@type\":\"SearchAction\",\"target\":{\"@type\":\"EntryPoint\",\"urlTemplate\":\"https:\/\/www.covb.cat\/es\/?s={search_term_string}\"},\"query-input\":{\"@type\":\"PropertyValueSpecification\",\"valueRequired\":true,\"valueName\":\"search_term_string\"}}],\"inLanguage\":\"es\"},{\"@type\":\"Organization\",\"@id\":\"https:\/\/www.covb.cat\/es\/#organization\",\"name\":\"COVB\",\"url\":\"https:\/\/www.covb.cat\/es\/\",\"logo\":{\"@type\":\"ImageObject\",\"inLanguage\":\"es\",\"@id\":\"https:\/\/www.covb.cat\/es\/#\/schema\/logo\/image\/\",\"url\":\"https:\/\/www.covb.cat\/wp-content\/uploads\/2018\/07\/favicon-covb.png\",\"contentUrl\":\"https:\/\/www.covb.cat\/wp-content\/uploads\/2018\/07\/favicon-covb.png\",\"width\":512,\"height\":512,\"caption\":\"COVB\"},\"image\":{\"@id\":\"https:\/\/www.covb.cat\/es\/#\/schema\/logo\/image\/\"},\"sameAs\":[\"https:\/\/www.facebook.com\/COVBcat\/\",\"https:\/\/x.com\/COVBcat\",\"https:\/\/www.youtube.com\/user\/covbcn\"]},{\"@type\":\"Person\",\"@id\":\"\"}]}<\/script>\n<!-- \/ Yoast SEO plugin. -->","yoast_head_json":{"title":"La voz del COVB en los medios de comunicaci\u00f3n - COVB - Col\u00b7legi Oficial de Veterinaris de Barcelona","description":"La nota de prensa con el t\u00edtulo: \u201cEl Comit\u00e9 de la Veterinaria para la Protecci\u00f3n de los Animales del Colegio Oficial de Veterinarios de Barcelona se opone","robots":{"index":"index","follow":"follow","max-snippet":"max-snippet:-1","max-image-preview":"max-image-preview:large","max-video-preview":"max-video-preview:-1"},"canonical":"https:\/\/www.covb.cat\/es\/actualitat\/noticies\/general\/la-voz-del-covb-en-los-medios-de-comunicacion\/","og_locale":"es_ES","og_type":"article","og_title":"La voz del COVB en los medios de comunicaci\u00f3n - COVB - Col\u00b7legi Oficial de Veterinaris de Barcelona","og_description":"La nota de prensa con el t\u00edtulo: \u201cEl Comit\u00e9 de la Veterinaria para la Protecci\u00f3n de los Animales del Colegio Oficial de Veterinarios de Barcelona se opone","og_url":"https:\/\/www.covb.cat\/es\/actualitat\/noticies\/general\/la-voz-del-covb-en-los-medios-de-comunicacion\/","og_site_name":"COVB","article_publisher":"https:\/\/www.facebook.com\/COVBcat\/","article_published_time":"2023-03-20T13:03:37+00:00","og_image":[{"width":1280,"height":853,"url":"https:\/\/www.covb.cat\/wp-content\/uploads\/2023\/03\/comunicacion.jpg","type":"image\/jpeg"}],"twitter_card":"summary_large_image","twitter_creator":"@COVBcat","twitter_site":"@COVBcat","twitter_misc":{"Escrito por":"","Tiempo de lectura":"2 minutos"},"schema":{"@context":"https:\/\/schema.org","@graph":[{"@type":"Article","@id":"https:\/\/www.covb.cat\/es\/actualitat\/noticies\/general\/la-voz-del-covb-en-los-medios-de-comunicacion\/#article","isPartOf":{"@id":"https:\/\/www.covb.cat\/es\/actualitat\/noticies\/general\/la-voz-del-covb-en-los-medios-de-comunicacion\/"},"author":{"name":"","@id":""},"headline":"La voz del COVB en los medios de comunicaci\u00f3n","datePublished":"2023-03-20T13:03:37+00:00","mainEntityOfPage":{"@id":"https:\/\/www.covb.cat\/es\/actualitat\/noticies\/general\/la-voz-del-covb-en-los-medios-de-comunicacion\/"},"wordCount":266,"publisher":{"@id":"https:\/\/www.covb.cat\/es\/#organization"},"image":{"@id":"https:\/\/www.covb.cat\/es\/actualitat\/noticies\/general\/la-voz-del-covb-en-los-medios-de-comunicacion\/#primaryimage"},"thumbnailUrl":"https:\/\/www.covb.cat\/wp-content\/uploads\/2023\/03\/comunicacion.jpg","articleSection":["General"],"inLanguage":"es"},{"@type":"WebPage","@id":"https:\/\/www.covb.cat\/es\/actualitat\/noticies\/general\/la-voz-del-covb-en-los-medios-de-comunicacion\/","url":"https:\/\/www.covb.cat\/es\/actualitat\/noticies\/general\/la-voz-del-covb-en-los-medios-de-comunicacion\/","name":"La voz del COVB en los medios de comunicaci\u00f3n - COVB - Col\u00b7legi Oficial de Veterinaris de Barcelona","isPartOf":{"@id":"https:\/\/www.covb.cat\/es\/#website"},"primaryImageOfPage":{"@id":"https:\/\/www.covb.cat\/es\/actualitat\/noticies\/general\/la-voz-del-covb-en-los-medios-de-comunicacion\/#primaryimage"},"image":{"@id":"https:\/\/www.covb.cat\/es\/actualitat\/noticies\/general\/la-voz-del-covb-en-los-medios-de-comunicacion\/#primaryimage"},"thumbnailUrl":"https:\/\/www.covb.cat\/wp-content\/uploads\/2023\/03\/comunicacion.jpg","datePublished":"2023-03-20T13:03:37+00:00","description":"La nota de prensa con el t\u00edtulo: \u201cEl Comit\u00e9 de la Veterinaria para la Protecci\u00f3n de los Animales del Colegio Oficial de Veterinarios de Barcelona se opone","breadcrumb":{"@id":"https:\/\/www.covb.cat\/es\/actualitat\/noticies\/general\/la-voz-del-covb-en-los-medios-de-comunicacion\/#breadcrumb"},"inLanguage":"es","potentialAction":[{"@type":"ReadAction","target":["https:\/\/www.covb.cat\/es\/actualitat\/noticies\/general\/la-voz-del-covb-en-los-medios-de-comunicacion\/"]}]},{"@type":"ImageObject","inLanguage":"es","@id":"https:\/\/www.covb.cat\/es\/actualitat\/noticies\/general\/la-voz-del-covb-en-los-medios-de-comunicacion\/#primaryimage","url":"https:\/\/www.covb.cat\/wp-content\/uploads\/2023\/03\/comunicacion.jpg","contentUrl":"https:\/\/www.covb.cat\/wp-content\/uploads\/2023\/03\/comunicacion.jpg","width":1280,"height":853},{"@type":"BreadcrumbList","@id":"https:\/\/www.covb.cat\/es\/actualitat\/noticies\/general\/la-voz-del-covb-en-los-medios-de-comunicacion\/#breadcrumb","itemListElement":[{"@type":"ListItem","position":1,"name":"Inici","item":"https:\/\/www.covb.cat\/es\/"},{"@type":"ListItem","position":2,"name":"La voz del COVB en los medios de comunicaci\u00f3n"}]},{"@type":"WebSite","@id":"https:\/\/www.covb.cat\/es\/#website","url":"https:\/\/www.covb.cat\/es\/","name":"COVB","description":"Col\u00b7legi Oficial de Veterinaris de Barcelona","publisher":{"@id":"https:\/\/www.covb.cat\/es\/#organization"},"potentialAction":[{"@type":"SearchAction","target":{"@type":"EntryPoint","urlTemplate":"https:\/\/www.covb.cat\/es\/?s={search_term_string}"},"query-input":{"@type":"PropertyValueSpecification","valueRequired":true,"valueName":"search_term_string"}}],"inLanguage":"es"},{"@type":"Organization","@id":"https:\/\/www.covb.cat\/es\/#organization","name":"COVB","url":"https:\/\/www.covb.cat\/es\/","logo":{"@type":"ImageObject","inLanguage":"es","@id":"https:\/\/www.covb.cat\/es\/#\/schema\/logo\/image\/","url":"https:\/\/www.covb.cat\/wp-content\/uploads\/2018\/07\/favicon-covb.png","contentUrl":"https:\/\/www.covb.cat\/wp-content\/uploads\/2018\/07\/favicon-covb.png","width":512,"height":512,"caption":"COVB"},"image":{"@id":"https:\/\/www.covb.cat\/es\/#\/schema\/logo\/image\/"},"sameAs":["https:\/\/www.facebook.com\/COVBcat\/","https:\/\/x.com\/COVBcat","https:\/\/www.youtube.com\/user\/covbcn"]},{"@type":"Person","@id":""}]}},"jetpack_featured_media_url":"https:\/\/www.covb.cat\/wp-content\/uploads\/2023\/03\/comunicacion.jpg","jetpack_sharing_enabled":true,"_links":{"self":[{"href":"https:\/\/www.covb.cat\/es\/wp-json\/wp\/v2\/posts\/30290","targetHints":{"allow":["GET"]}}],"collection":[{"href":"https:\/\/www.covb.cat\/es\/wp-json\/wp\/v2\/posts"}],"about":[{"href":"https:\/\/www.covb.cat\/es\/wp-json\/wp\/v2\/types\/post"}],"author":[{"embeddable":true,"href":"https:\/\/www.covb.cat\/es\/wp-json\/wp\/v2\/users\/106"}],"replies":[{"embeddable":true,"href":"https:\/\/www.covb.cat\/es\/wp-json\/wp\/v2\/comments?post=30290"}],"version-history":[{"count":0,"href":"https:\/\/www.covb.cat\/es\/wp-json\/wp\/v2\/posts\/30290\/revisions"}],"wp:featuredmedia":[{"embeddable":true,"href":"https:\/\/www.covb.cat\/es\/wp-json\/wp\/v2\/media\/30239"}],"wp:attachment":[{"href":"https:\/\/www.covb.cat\/es\/wp-json\/wp\/v2\/media?parent=30290"}],"wp:term":[{"taxonomy":"category","embeddable":true,"href":"https:\/\/www.covb.cat\/es\/wp-json\/wp\/v2\/categories?post=30290"},{"taxonomy":"post_tag","embeddable":true,"href":"https:\/\/www.covb.cat\/es\/wp-json\/wp\/v2\/tags?post=30290"}],"curies":[{"name":"wp","href":"https:\/\/api.w.org\/{rel}","templated":true}]}}