{"id":29786,"date":"2023-03-06T19:57:47","date_gmt":"2023-03-06T18:57:47","guid":{"rendered":"https:\/\/www.covb.cat\/?p=29786"},"modified":"2023-03-08T17:06:35","modified_gmt":"2023-03-08T16:06:35","slug":"comunicado-de-la-junta-de-gobierno-del-covb","status":"publish","type":"post","link":"https:\/\/www.covb.cat\/es\/actualitat\/noticies\/general\/comunicado-de-la-junta-de-gobierno-del-covb\/","title":{"rendered":"Comunicado de la Junta de Gobierno del COVB"},"content":{"rendered":"<p>Queridos compa\u00f1eros y compa\u00f1eras,<\/p>\n<p>Como sab\u00e9is, las elecciones para renovar la Junta de Gobierno el 2019 quedaron suspendidas por orden judicial al haberse excluido la Candidatura liderada por el compa\u00f1ero Joan Mesi\u00e0 en aplicaci\u00f3n por la Junta Electoral del que dispone el arte. 33.2 de los Estatutos colegiales.<\/p>\n<p>Con voluntad de superar esta situaci\u00f3n de interinidad, la actual Junta presidida en funciones por el compa\u00f1ero Ricard Par\u00e9s y la candidatura liderada por el Sr. Joan Mesi\u00e0 han llegado a los siguientes acuerdos:<\/p>\n<ol>\n<li>Convocar una Asamblea General extraordinaria de colegiados para modificar los Estatutos, derogando el arte. 33.2 que permite excluir una candidatura, as\u00ed como los preceptos que regulan la obligatoria aprobaci\u00f3n previa de los programas electorales y la composici\u00f3n de la Junta Electoral que pasar\u00e1 a ser designada por sorteo entre todos los colegiados.<\/li>\n<li>Una vez modificados los Estatutos en el sentido expresado (si as\u00ed lo aprueba la Asamblea General), proceder a convocar elecciones para cubrir la totalidad de cargos de la Junta de Gobierno.<\/li>\n<\/ol>\n<p>Estas elecciones, supervisadas ya por la nueva Junta Electoral, se celebrar\u00e1n conforme a los Estatutos y usos del Colegio, permiti\u00e9ndose el voto por correo certificado para propiciar la m\u00e1xima participaci\u00f3n.<\/p>\n<p>Con estos acuerdos, esperamos poder poner fin a la situaci\u00f3n de interinidad y judicializaci\u00f3n que ha vivido la Corporaci\u00f3n estos \u00faltimos a\u00f1os y recuperar la normalidad democr\u00e1tica de nuestro Colegio.<\/p>\n<p>Barcelona, 3 de marzo de 2023.<\/p>\n<p>LA JUNTA DE GOVIERNO EN FUNCIONS<\/p>\n","protected":false},"excerpt":{"rendered":"<p>Queridos compa\u00f1eros y compa\u00f1eras, Como sab\u00e9is, las elecciones para renovar la Junta de Gobierno el 2019 quedaron suspendidas por orden judicial al haberse excluido la Candidatura liderada por el compa\u00f1ero Joan Mesi\u00e0 en aplicaci\u00f3n por la Junta Electoral del que dispone el arte. 33.2 de los Estatutos colegiales. Con voluntad de superar esta situaci\u00f3n de [&hellip;]<\/p>\n","protected":false},"author":106,"featured_media":982,"comment_status":"closed","ping_status":"closed","sticky":false,"template":"","format":"standard","meta":{"_monsterinsights_skip_tracking":false,"_monsterinsights_sitenote_active":false,"_monsterinsights_sitenote_note":"","_monsterinsights_sitenote_category":0,"_jetpack_memberships_contains_paid_content":false,"footnotes":""},"categories":[138,17],"tags":[],"class_list":["post-29786","post","type-post","status-publish","format-standard","has-post-thumbnail","hentry","category-corporativo","category-general"],"yoast_head":"<!-- This site is optimized with the Yoast SEO plugin v27.0 - https:\/\/yoast.com\/product\/yoast-seo-wordpress\/ -->\n<title>Comunicado de la Junta de Gobierno del COVB - COVB - Col\u00b7legi Oficial de Veterinaris de Barcelona<\/title>\n<meta name=\"description\" content=\"Queridos compa\u00f1eros y compa\u00f1eras, Como sab\u00e9is, las elecciones para renovar la Junta de Gobierno el 2019 quedaron suspendidas por orden judicial al haberse\" \/>\n<meta name=\"robots\" content=\"index, follow, max-snippet:-1, max-image-preview:large, max-video-preview:-1\" \/>\n<link rel=\"canonical\" href=\"https:\/\/www.covb.cat\/es\/actualitat\/noticies\/general\/comunicado-de-la-junta-de-gobierno-del-covb\/\" \/>\n<meta property=\"og:locale\" content=\"es_ES\" \/>\n<meta property=\"og:type\" content=\"article\" \/>\n<meta property=\"og:title\" content=\"Comunicado de la Junta de Gobierno del COVB - COVB - Col\u00b7legi Oficial de Veterinaris de Barcelona\" \/>\n<meta property=\"og:description\" content=\"Queridos compa\u00f1eros y compa\u00f1eras, Como sab\u00e9is, las elecciones para renovar la Junta de Gobierno el 2019 quedaron suspendidas por orden judicial al haberse\" \/>\n<meta property=\"og:url\" content=\"https:\/\/www.covb.cat\/es\/actualitat\/noticies\/general\/comunicado-de-la-junta-de-gobierno-del-covb\/\" \/>\n<meta property=\"og:site_name\" content=\"COVB\" \/>\n<meta property=\"article:publisher\" content=\"https:\/\/www.facebook.com\/COVBcat\/\" \/>\n<meta property=\"article:published_time\" content=\"2023-03-06T18:57:47+00:00\" \/>\n<meta property=\"article:modified_time\" content=\"2023-03-08T16:06:35+00:00\" \/>\n<meta property=\"og:image\" content=\"https:\/\/www.covb.cat\/wp-content\/uploads\/2020\/04\/covb.jpg\" \/>\n\t<meta property=\"og:image:width\" content=\"992\" \/>\n\t<meta property=\"og:image:height\" content=\"558\" \/>\n\t<meta property=\"og:image:type\" content=\"image\/jpeg\" \/>\n<meta name=\"twitter:card\" content=\"summary_large_image\" \/>\n<meta name=\"twitter:creator\" content=\"@COVBcat\" \/>\n<meta name=\"twitter:site\" content=\"@COVBcat\" \/>\n<meta name=\"twitter:label1\" content=\"Escrito por\" \/>\n\t<meta name=\"twitter:data1\" content=\"\" \/>\n\t<meta name=\"twitter:label2\" content=\"Tiempo de lectura\" \/>\n\t<meta name=\"twitter:data2\" content=\"2 minutos\" \/>\n<script type=\"application\/ld+json\" class=\"yoast-schema-graph\">{\"@context\":\"https:\/\/schema.org\",\"@graph\":[{\"@type\":\"Article\",\"@id\":\"https:\/\/www.covb.cat\/es\/actualitat\/noticies\/general\/comunicado-de-la-junta-de-gobierno-del-covb\/#article\",\"isPartOf\":{\"@id\":\"https:\/\/www.covb.cat\/es\/actualitat\/noticies\/general\/comunicado-de-la-junta-de-gobierno-del-covb\/\"},\"author\":{\"name\":\"\",\"@id\":\"\"},\"headline\":\"Comunicado de la Junta de Gobierno del COVB\",\"datePublished\":\"2023-03-06T18:57:47+00:00\",\"dateModified\":\"2023-03-08T16:06:35+00:00\",\"mainEntityOfPage\":{\"@id\":\"https:\/\/www.covb.cat\/es\/actualitat\/noticies\/general\/comunicado-de-la-junta-de-gobierno-del-covb\/\"},\"wordCount\":259,\"publisher\":{\"@id\":\"https:\/\/www.covb.cat\/es\/#organization\"},\"image\":{\"@id\":\"https:\/\/www.covb.cat\/es\/actualitat\/noticies\/general\/comunicado-de-la-junta-de-gobierno-del-covb\/#primaryimage\"},\"thumbnailUrl\":\"https:\/\/www.covb.cat\/wp-content\/uploads\/2020\/04\/covb.jpg\",\"articleSection\":[\"Corporativo\",\"General\"],\"inLanguage\":\"es\"},{\"@type\":\"WebPage\",\"@id\":\"https:\/\/www.covb.cat\/es\/actualitat\/noticies\/general\/comunicado-de-la-junta-de-gobierno-del-covb\/\",\"url\":\"https:\/\/www.covb.cat\/es\/actualitat\/noticies\/general\/comunicado-de-la-junta-de-gobierno-del-covb\/\",\"name\":\"Comunicado de la Junta de Gobierno del COVB - COVB - Col\u00b7legi Oficial de Veterinaris de Barcelona\",\"isPartOf\":{\"@id\":\"https:\/\/www.covb.cat\/es\/#website\"},\"primaryImageOfPage\":{\"@id\":\"https:\/\/www.covb.cat\/es\/actualitat\/noticies\/general\/comunicado-de-la-junta-de-gobierno-del-covb\/#primaryimage\"},\"image\":{\"@id\":\"https:\/\/www.covb.cat\/es\/actualitat\/noticies\/general\/comunicado-de-la-junta-de-gobierno-del-covb\/#primaryimage\"},\"thumbnailUrl\":\"https:\/\/www.covb.cat\/wp-content\/uploads\/2020\/04\/covb.jpg\",\"datePublished\":\"2023-03-06T18:57:47+00:00\",\"dateModified\":\"2023-03-08T16:06:35+00:00\",\"description\":\"Queridos compa\u00f1eros y compa\u00f1eras, Como sab\u00e9is, las elecciones para renovar la Junta de Gobierno el 2019 quedaron suspendidas por orden judicial al haberse\",\"breadcrumb\":{\"@id\":\"https:\/\/www.covb.cat\/es\/actualitat\/noticies\/general\/comunicado-de-la-junta-de-gobierno-del-covb\/#breadcrumb\"},\"inLanguage\":\"es\",\"potentialAction\":[{\"@type\":\"ReadAction\",\"target\":[\"https:\/\/www.covb.cat\/es\/actualitat\/noticies\/general\/comunicado-de-la-junta-de-gobierno-del-covb\/\"]}]},{\"@type\":\"ImageObject\",\"inLanguage\":\"es\",\"@id\":\"https:\/\/www.covb.cat\/es\/actualitat\/noticies\/general\/comunicado-de-la-junta-de-gobierno-del-covb\/#primaryimage\",\"url\":\"https:\/\/www.covb.cat\/wp-content\/uploads\/2020\/04\/covb.jpg\",\"contentUrl\":\"https:\/\/www.covb.cat\/wp-content\/uploads\/2020\/04\/covb.jpg\",\"width\":992,\"height\":558},{\"@type\":\"BreadcrumbList\",\"@id\":\"https:\/\/www.covb.cat\/es\/actualitat\/noticies\/general\/comunicado-de-la-junta-de-gobierno-del-covb\/#breadcrumb\",\"itemListElement\":[{\"@type\":\"ListItem\",\"position\":1,\"name\":\"Inici\",\"item\":\"https:\/\/www.covb.cat\/es\/\"},{\"@type\":\"ListItem\",\"position\":2,\"name\":\"Comunicado de la Junta de Gobierno del COVB\"}]},{\"@type\":\"WebSite\",\"@id\":\"https:\/\/www.covb.cat\/es\/#website\",\"url\":\"https:\/\/www.covb.cat\/es\/\",\"name\":\"COVB\",\"description\":\"Col\u00b7legi Oficial de Veterinaris de Barcelona\",\"publisher\":{\"@id\":\"https:\/\/www.covb.cat\/es\/#organization\"},\"potentialAction\":[{\"@type\":\"SearchAction\",\"target\":{\"@type\":\"EntryPoint\",\"urlTemplate\":\"https:\/\/www.covb.cat\/es\/?s={search_term_string}\"},\"query-input\":{\"@type\":\"PropertyValueSpecification\",\"valueRequired\":true,\"valueName\":\"search_term_string\"}}],\"inLanguage\":\"es\"},{\"@type\":\"Organization\",\"@id\":\"https:\/\/www.covb.cat\/es\/#organization\",\"name\":\"COVB\",\"url\":\"https:\/\/www.covb.cat\/es\/\",\"logo\":{\"@type\":\"ImageObject\",\"inLanguage\":\"es\",\"@id\":\"https:\/\/www.covb.cat\/es\/#\/schema\/logo\/image\/\",\"url\":\"https:\/\/www.covb.cat\/wp-content\/uploads\/2018\/07\/favicon-covb.png\",\"contentUrl\":\"https:\/\/www.covb.cat\/wp-content\/uploads\/2018\/07\/favicon-covb.png\",\"width\":512,\"height\":512,\"caption\":\"COVB\"},\"image\":{\"@id\":\"https:\/\/www.covb.cat\/es\/#\/schema\/logo\/image\/\"},\"sameAs\":[\"https:\/\/www.facebook.com\/COVBcat\/\",\"https:\/\/x.com\/COVBcat\",\"https:\/\/www.youtube.com\/user\/covbcn\"]},{\"@type\":\"Person\",\"@id\":\"\"}]}<\/script>\n<!-- \/ Yoast SEO plugin. -->","yoast_head_json":{"title":"Comunicado de la Junta de Gobierno del COVB - COVB - Col\u00b7legi Oficial de Veterinaris de Barcelona","description":"Queridos compa\u00f1eros y compa\u00f1eras, Como sab\u00e9is, las elecciones para renovar la Junta de Gobierno el 2019 quedaron suspendidas por orden judicial al haberse","robots":{"index":"index","follow":"follow","max-snippet":"max-snippet:-1","max-image-preview":"max-image-preview:large","max-video-preview":"max-video-preview:-1"},"canonical":"https:\/\/www.covb.cat\/es\/actualitat\/noticies\/general\/comunicado-de-la-junta-de-gobierno-del-covb\/","og_locale":"es_ES","og_type":"article","og_title":"Comunicado de la Junta de Gobierno del COVB - COVB - Col\u00b7legi Oficial de Veterinaris de Barcelona","og_description":"Queridos compa\u00f1eros y compa\u00f1eras, Como sab\u00e9is, las elecciones para renovar la Junta de Gobierno el 2019 quedaron suspendidas por orden judicial al haberse","og_url":"https:\/\/www.covb.cat\/es\/actualitat\/noticies\/general\/comunicado-de-la-junta-de-gobierno-del-covb\/","og_site_name":"COVB","article_publisher":"https:\/\/www.facebook.com\/COVBcat\/","article_published_time":"2023-03-06T18:57:47+00:00","article_modified_time":"2023-03-08T16:06:35+00:00","og_image":[{"width":992,"height":558,"url":"https:\/\/www.covb.cat\/wp-content\/uploads\/2020\/04\/covb.jpg","type":"image\/jpeg"}],"twitter_card":"summary_large_image","twitter_creator":"@COVBcat","twitter_site":"@COVBcat","twitter_misc":{"Escrito por":"","Tiempo de lectura":"2 minutos"},"schema":{"@context":"https:\/\/schema.org","@graph":[{"@type":"Article","@id":"https:\/\/www.covb.cat\/es\/actualitat\/noticies\/general\/comunicado-de-la-junta-de-gobierno-del-covb\/#article","isPartOf":{"@id":"https:\/\/www.covb.cat\/es\/actualitat\/noticies\/general\/comunicado-de-la-junta-de-gobierno-del-covb\/"},"author":{"name":"","@id":""},"headline":"Comunicado de la Junta de Gobierno del COVB","datePublished":"2023-03-06T18:57:47+00:00","dateModified":"2023-03-08T16:06:35+00:00","mainEntityOfPage":{"@id":"https:\/\/www.covb.cat\/es\/actualitat\/noticies\/general\/comunicado-de-la-junta-de-gobierno-del-covb\/"},"wordCount":259,"publisher":{"@id":"https:\/\/www.covb.cat\/es\/#organization"},"image":{"@id":"https:\/\/www.covb.cat\/es\/actualitat\/noticies\/general\/comunicado-de-la-junta-de-gobierno-del-covb\/#primaryimage"},"thumbnailUrl":"https:\/\/www.covb.cat\/wp-content\/uploads\/2020\/04\/covb.jpg","articleSection":["Corporativo","General"],"inLanguage":"es"},{"@type":"WebPage","@id":"https:\/\/www.covb.cat\/es\/actualitat\/noticies\/general\/comunicado-de-la-junta-de-gobierno-del-covb\/","url":"https:\/\/www.covb.cat\/es\/actualitat\/noticies\/general\/comunicado-de-la-junta-de-gobierno-del-covb\/","name":"Comunicado de la Junta de Gobierno del COVB - COVB - Col\u00b7legi Oficial de Veterinaris de Barcelona","isPartOf":{"@id":"https:\/\/www.covb.cat\/es\/#website"},"primaryImageOfPage":{"@id":"https:\/\/www.covb.cat\/es\/actualitat\/noticies\/general\/comunicado-de-la-junta-de-gobierno-del-covb\/#primaryimage"},"image":{"@id":"https:\/\/www.covb.cat\/es\/actualitat\/noticies\/general\/comunicado-de-la-junta-de-gobierno-del-covb\/#primaryimage"},"thumbnailUrl":"https:\/\/www.covb.cat\/wp-content\/uploads\/2020\/04\/covb.jpg","datePublished":"2023-03-06T18:57:47+00:00","dateModified":"2023-03-08T16:06:35+00:00","description":"Queridos compa\u00f1eros y compa\u00f1eras, Como sab\u00e9is, las elecciones para renovar la Junta de Gobierno el 2019 quedaron suspendidas por orden judicial al haberse","breadcrumb":{"@id":"https:\/\/www.covb.cat\/es\/actualitat\/noticies\/general\/comunicado-de-la-junta-de-gobierno-del-covb\/#breadcrumb"},"inLanguage":"es","potentialAction":[{"@type":"ReadAction","target":["https:\/\/www.covb.cat\/es\/actualitat\/noticies\/general\/comunicado-de-la-junta-de-gobierno-del-covb\/"]}]},{"@type":"ImageObject","inLanguage":"es","@id":"https:\/\/www.covb.cat\/es\/actualitat\/noticies\/general\/comunicado-de-la-junta-de-gobierno-del-covb\/#primaryimage","url":"https:\/\/www.covb.cat\/wp-content\/uploads\/2020\/04\/covb.jpg","contentUrl":"https:\/\/www.covb.cat\/wp-content\/uploads\/2020\/04\/covb.jpg","width":992,"height":558},{"@type":"BreadcrumbList","@id":"https:\/\/www.covb.cat\/es\/actualitat\/noticies\/general\/comunicado-de-la-junta-de-gobierno-del-covb\/#breadcrumb","itemListElement":[{"@type":"ListItem","position":1,"name":"Inici","item":"https:\/\/www.covb.cat\/es\/"},{"@type":"ListItem","position":2,"name":"Comunicado de la Junta de Gobierno del COVB"}]},{"@type":"WebSite","@id":"https:\/\/www.covb.cat\/es\/#website","url":"https:\/\/www.covb.cat\/es\/","name":"COVB","description":"Col\u00b7legi Oficial de Veterinaris de Barcelona","publisher":{"@id":"https:\/\/www.covb.cat\/es\/#organization"},"potentialAction":[{"@type":"SearchAction","target":{"@type":"EntryPoint","urlTemplate":"https:\/\/www.covb.cat\/es\/?s={search_term_string}"},"query-input":{"@type":"PropertyValueSpecification","valueRequired":true,"valueName":"search_term_string"}}],"inLanguage":"es"},{"@type":"Organization","@id":"https:\/\/www.covb.cat\/es\/#organization","name":"COVB","url":"https:\/\/www.covb.cat\/es\/","logo":{"@type":"ImageObject","inLanguage":"es","@id":"https:\/\/www.covb.cat\/es\/#\/schema\/logo\/image\/","url":"https:\/\/www.covb.cat\/wp-content\/uploads\/2018\/07\/favicon-covb.png","contentUrl":"https:\/\/www.covb.cat\/wp-content\/uploads\/2018\/07\/favicon-covb.png","width":512,"height":512,"caption":"COVB"},"image":{"@id":"https:\/\/www.covb.cat\/es\/#\/schema\/logo\/image\/"},"sameAs":["https:\/\/www.facebook.com\/COVBcat\/","https:\/\/x.com\/COVBcat","https:\/\/www.youtube.com\/user\/covbcn"]},{"@type":"Person","@id":""}]}},"jetpack_featured_media_url":"https:\/\/www.covb.cat\/wp-content\/uploads\/2020\/04\/covb.jpg","jetpack_sharing_enabled":true,"_links":{"self":[{"href":"https:\/\/www.covb.cat\/es\/wp-json\/wp\/v2\/posts\/29786","targetHints":{"allow":["GET"]}}],"collection":[{"href":"https:\/\/www.covb.cat\/es\/wp-json\/wp\/v2\/posts"}],"about":[{"href":"https:\/\/www.covb.cat\/es\/wp-json\/wp\/v2\/types\/post"}],"author":[{"embeddable":true,"href":"https:\/\/www.covb.cat\/es\/wp-json\/wp\/v2\/users\/106"}],"replies":[{"embeddable":true,"href":"https:\/\/www.covb.cat\/es\/wp-json\/wp\/v2\/comments?post=29786"}],"version-history":[{"count":0,"href":"https:\/\/www.covb.cat\/es\/wp-json\/wp\/v2\/posts\/29786\/revisions"}],"wp:featuredmedia":[{"embeddable":true,"href":"https:\/\/www.covb.cat\/es\/wp-json\/wp\/v2\/media\/982"}],"wp:attachment":[{"href":"https:\/\/www.covb.cat\/es\/wp-json\/wp\/v2\/media?parent=29786"}],"wp:term":[{"taxonomy":"category","embeddable":true,"href":"https:\/\/www.covb.cat\/es\/wp-json\/wp\/v2\/categories?post=29786"},{"taxonomy":"post_tag","embeddable":true,"href":"https:\/\/www.covb.cat\/es\/wp-json\/wp\/v2\/tags?post=29786"}],"curies":[{"name":"wp","href":"https:\/\/api.w.org\/{rel}","templated":true}]}}