{"id":2718,"date":"2020-09-22T11:19:33","date_gmt":"2020-09-22T09:19:33","guid":{"rendered":"https:\/\/www.covb.cat\/?p=2718"},"modified":"2020-09-22T11:19:33","modified_gmt":"2020-09-22T09:19:33","slug":"nota-de-prensa-se-revelan-mas-detalles-del-caso-negrito","status":"publish","type":"post","link":"https:\/\/www.covb.cat\/es\/actualitat\/noticies\/general\/nota-de-prensa-se-revelan-mas-detalles-del-caso-negrito\/","title":{"rendered":"Nota de Prensa: \u00abSe revelan m\u00e1s detalles del caso Negrito\u00bb"},"content":{"rendered":"<p>Os remitimos a continuaci\u00f3n la nota de prensa enviada a los medios de comunicaci\u00f3n por parte del Consell de Col\u00b7legis Veterinaris de Catalunya con la colaboraci\u00f3n de IRTA-CReSA, IRSICaixa y la UAB en relaci\u00f3n a los nuevos detalles del caso Negrito: el primer gato infectado con SARS-CoV-2 del Estado espa\u00f1ol.<\/p>\n<p><span lang=\"ES-TRAD\">\u00a0<\/span><\/p>\n<p><span lang=\"ES-TRAD\">\u2013 Bellaterra, 21 de septiembre de 2020 \u2013<\/span><\/p>\n<p><strong><span lang=\"ES-TRAD\">Se revelan m\u00e1s detalles del caso Negrito, el primer gato infectado con SARS-CoV-2 del Estado espa\u00f1ol<\/span><\/strong><\/p>\n<p><em><span lang=\"ES-TRAD\">\u00b7\u00a0\u00a0\u00a0\u00a0\u00a0\u00a0\u00a0\u00a0\u00a0<\/span><span lang=\"ES-TRAD\">El equipo de investigaci\u00f3n en coronavirus de IRTA-CReSA junto con investigadores del IrsiCaixa, Barcelona Supercomputing Centro (BSC) y veterinarios del Hospital Veterinari Sant Mori publican en la revista Proceedings of the National Academy of Sciences (PNAS)los resultados de los an\u00e1lisis posteriores a la necr\u00f2psia del gato positivo de COVID-19.<\/p>\n<p><\/span><\/em><\/p>\n<p><em><span lang=\"ES-TRAD\">\u00b7\u00a0\u00a0\u00a0\u00a0\u00a0\u00a0\u00a0\u00a0\u00a0<\/span><span lang=\"ES-TRAD\">El estudio confirma que los gatos pueden infectarse por SARS-CoV-2 sin que les afecte a la salud porque generan una respuesta inmunitaria eficaz contra el virus y tampoco pueden transmitirlo a las personas.<\/p>\n<p><\/span><\/em><\/p>\n<p><em><span lang=\"ES-TRAD\">\u00b7\u00a0\u00a0\u00a0\u00a0\u00a0\u00a0\u00a0\u00a0\u00a0<\/span><span lang=\"ES-TRAD\">IRTA y el Consell de Col\u00b7legis Veterinaris de Catalnya, en colaboraci\u00f3n con el Hospital Cl\u00ednico Veterinario de la UAB, estudian si las mascotas pueden infectarse con SARS-CoV-2<\/span><\/em><\/p>\n<p>&nbsp;<\/p>\n<p><span lang=\"ES-TRAD\">El pasado 8 de mayo IRTA notific\u00f3 el caso del primer gato infectado del Estado Espa\u00f1ol con SARS-CoV-2. Se trataba de un gato de 4 a\u00f1os, Negrito, que conviv\u00eda con una familia afectada por COVID-19 con un caso de muerte. Coincidiendo con estos hechos, el animal present\u00f3 dificultades respiratorias graves y se lo llev\u00f3 en el Hospital Veterinari Sant Mori de Badalona, donde se le hizo un diagn\u00f3stico cl\u00ednico de cardiomiopatia hipertr\u00f3fica, y debido en un estado terminal, se decidi\u00f3 hacer una eutanasia humanitaria. La necr\u00f2psia, hecha en las instalaciones de Alto Nivel de Bioseguridad del Centro de Investigaci\u00f3n en Sanidad Animal (CReSA), del Instituto de Investigaci\u00f3n y Tecnolog\u00eda Agroalimentarias (IRTA), confirm\u00f3 que Negrito sufr\u00eda una cardiomiopatia hipertr\u00f3fica felina y no ten\u00eda otras lesiones o s\u00edntomas compatibles con una infecci\u00f3n por coronavirus. La prueba RT-PCR confirm\u00f3 que el animal se hab\u00eda infectado con SARS-CoV-2 pero con una carga viral muy baja y residual.<\/span><\/p>\n<p><span lang=\"ES-TRAD\">Hasta ahora, ha habido pocos casos de infecci\u00f3n de felinos por SARS-CoV-2 en todo el mundo, es por eso que los investigadores han profundizado el estudio del caso y lo han publicado hoy en la revista Proceedings of the National Academy of Sciences (PNAS). Para hacerlo, han realizado an\u00e1lisis de serolog\u00eda del gato Negrito y de otro gato que tambi\u00e9n viv\u00eda en el mismo hogar, Whisky, que no present\u00f3 ning\u00fan tipo de signo de enfermedad. Los an\u00e1lisis, realizados por el Instituto de Investigaci\u00f3n del Sida IrsiCaixa, muestran que los dos gatos hab\u00edan desarrollado anticuerpos contra el SARS-CoV-2. \u00abEn ambos casos hemos detectado anticuerpos neutralitzantes, es decir, que tienen la capacidad de unirse al virus y bloquearlo\u00bb, explica Juli\u00e0 Blanco, investigador IGTP a IrsiCaixa, \u00abesto es importante puesto que nos demuestra que el sistema inmunitario de los gatos puede hacer frente al SARS-CoV-2 y, en estos casos en concreto, protegerlos para que no desarrollen s\u00edntomas\u00bb, a\u00f1ade.<\/span><\/p>\n<p><span lang=\"ES-TRAD\">Actualmente, hay estudios experimentales que demuestran que los gatos, adem\u00e1s de infectarse con SARS-CoV-2, lo pueden transmitir a otros gatos pr\u00f3ximos pero sin presentar signos cl\u00ednicos. No obstante, las primeras sospechas de los investigadores eran que tanto Negrito como Whisky se habr\u00edan infectado a partir de sus propietarios porque no hab\u00edan tenido contacto con otros gatos. Para comprobarlo, el equipo ha analizado la secuencia gen\u00e9tica del virus que ten\u00eda lo Negrito y han visto que \u00abtiene un 99,9% de similitud con el virus del propietario que muri\u00f3, esto sugiere que el gato se infect\u00f3 directamente desde los miembros de la familia\u00bb, explica Marc Noguera-Juli\u00e1n, investigador de IrsiCaixa.<\/span><\/p>\n<p><span lang=\"ES-TRAD\">Teniendo en cuenta el n\u00famero de personas infectadas en todo el mundo y los pocos casos reportados de animales, los expertos siguen remarcando que \u00ablos animales de compa\u00f1\u00eda juegan un papel negligible en la epidemiolog\u00eda del SARS-CoV-2 y, en concreto, los gatos se infectan de manera muy residual y no hay ninguna evidencia de transmisi\u00f3n del virus a las personas. Se trata de un caso de zoonosis reversa, en que los gatos son las v\u00edctimas colaterals sin que el virus los provoque problemas de salud\u00bb, constata J\u00falia Vergara-Alert, investigadora de la IRTA-CReSA. Hasta ahora, solo ha habido un episodio reportado en los Pa\u00edses Bajos en que un granjero se ha infectado a trav\u00e9s de visones, hecho que ser\u00eda el primer caso potencial conocido de zoonosis del COVID-19.<\/span><\/p>\n<p><span lang=\"ES-TRAD\">A ra\u00edz del caso Negrito, el mes de mayo el equipo de investigaci\u00f3n en coronavirus del IRTA-CReSA, el Consell de Col\u00b7legis Veterinaris de Catalunya, en colaboraci\u00f3n con el Hospital Cl\u00ednico Veterinario de la Universitat Aut\u00f2noma de Barcelona, pusieron en marcha un estudio para evaluar la frecuencia con que gatos, perros y hurones se han podido infectar con el SARS*CoV-2 desde personas de cualquier \u00e1mbito familiar. El estudio se est\u00e1 llevando a cabo con participaci\u00f3n voluntaria de las cl\u00ednicas y los hospitales veterinarios de Catalu\u00f1a y consiste a tomar muestras de hisopos orofar\u00edngics y rectales, as\u00ed como suero de los animales.<\/span><\/p>\n<p><span lang=\"ES-TRAD\">\u00abQueremos comprobar si lo que hemos encontrado con el Negrito y e Whisky ha estado puntual o bien se repite en m\u00e1s casos; de este modo tendremos m\u00e1s informaci\u00f3n cient\u00edfica sobre como las mascotas m\u00e1s comunes pueden infectarse con el SARS-CoV-2 y en qu\u00e9 grado\u00bb, explica Joaquim Segal\u00e9s, investigador del IRTA-CReSA y catedr\u00e1tico de la Facultad de Veterinaria de la Universitat Aut\u00f2noma de Barcelona (UAB). El catedr\u00e1tico tambi\u00e9n remarca que \u00abhasta ahora se sabe que en todo el mundo ha habido algunos casos de gatos y perros que se han infectado a trav\u00e9s de sus propietarios, pero estos animales no han sufrido una enfermedad grave ni se tiene constancia que hayan transmitido el virus a sus propietarios\u00bb.<\/span><\/p>\n<p><strong><span lang=\"ES-TRAD\">Referencia del art\u00edculo:<\/span><\/strong><\/p>\n<p><span lang=\"ES-TRAD\">Joaquim Segal\u00e9s, Mariona Puig, Jordi Rodon, Carlos Avila-Nieto, Jorge Carrillo, Guillermo Cantero, Maria Teresa Terr\u00f3n, S\u00edlvia Cruz, Mariona Parera, Marc Noguera-Juli\u00e1n, Nuria Izquierdo-Useros, V\u00edctor Guallar, Enric Vidal, Alfonso Valencia, Ignacio Blanco, Juli\u00e0 Blanco, Bonaventura Clotet, J\u00falia Vergara-Alert. Detection of SARS-CoV-2 in a cat owned by a COVID-19\u2212affected patient in Spain.Proceedings of the National Academy of Sciences. PNAS first published September 18, 2020. 202010817;\u00a0<\/span><span lang=\"CA\"><a href=\"https:\/\/www.pnas.org\/content\/early\/2020\/09\/17\/2010817117\">10.1073\/pnas.2010817117<\/a><\/span><\/p>\n<p><span lang=\"ES-TRAD\">\u00a0<\/span><\/p>\n<p><span lang=\"ES-TRAD\">Trobeu la nota de premsa <a href=\"https:\/\/www.covb.cat\/wp-content\/uploads\/2020\/09\/NdP-nous-resultats-estudi-gats-al-corona.pdf\">AQU\u00cd.<\/a><\/span><\/p>\n","protected":false},"excerpt":{"rendered":"<p>Os remitimos a continuaci\u00f3n la nota de prensa enviada a los medios de comunicaci\u00f3n por parte del Consell de Col\u00b7legis Veterinaris de Catalunya con la colaboraci\u00f3n de IRTA-CReSA, IRSICaixa y la UAB en relaci\u00f3n a los nuevos detalles del caso Negrito: el primer gato infectado con SARS-CoV-2 del Estado espa\u00f1ol. \u00a0 \u2013 Bellaterra, 21 de [&hellip;]<\/p>\n","protected":false},"author":106,"featured_media":0,"comment_status":"closed","ping_status":"closed","sticky":false,"template":"","format":"standard","meta":{"_monsterinsights_skip_tracking":false,"_monsterinsights_sitenote_active":false,"_monsterinsights_sitenote_note":"","_monsterinsights_sitenote_category":0,"_jetpack_memberships_contains_paid_content":false,"footnotes":""},"categories":[17],"tags":[],"class_list":["post-2718","post","type-post","status-publish","format-standard","hentry","category-general"],"yoast_head":"<!-- This site is optimized with the Yoast SEO plugin v27.0 - https:\/\/yoast.com\/product\/yoast-seo-wordpress\/ -->\n<title>Nota de Prensa: &quot;Se revelan m\u00e1s detalles del caso Negrito&quot; - COVB - Col\u00b7legi Oficial de Veterinaris de Barcelona<\/title>\n<meta name=\"description\" content=\"Os remitimos a continuaci\u00f3n la nota de prensa enviada a los medios de comunicaci\u00f3n por parte del Consell de Col\u00b7legis Veterinaris de Catalunya con la\" \/>\n<meta name=\"robots\" content=\"index, follow, max-snippet:-1, max-image-preview:large, max-video-preview:-1\" \/>\n<link rel=\"canonical\" href=\"https:\/\/www.covb.cat\/es\/actualitat\/noticies\/general\/nota-de-prensa-se-revelan-mas-detalles-del-caso-negrito\/\" \/>\n<meta property=\"og:locale\" content=\"es_ES\" \/>\n<meta property=\"og:type\" content=\"article\" \/>\n<meta property=\"og:title\" content=\"Nota de Prensa: &quot;Se revelan m\u00e1s detalles del caso Negrito&quot; - COVB - Col\u00b7legi Oficial de Veterinaris de Barcelona\" \/>\n<meta property=\"og:description\" content=\"Os remitimos a continuaci\u00f3n la nota de prensa enviada a los medios de comunicaci\u00f3n por parte del Consell de Col\u00b7legis Veterinaris de Catalunya con la\" \/>\n<meta property=\"og:url\" content=\"https:\/\/www.covb.cat\/es\/actualitat\/noticies\/general\/nota-de-prensa-se-revelan-mas-detalles-del-caso-negrito\/\" \/>\n<meta property=\"og:site_name\" content=\"COVB\" \/>\n<meta property=\"article:publisher\" content=\"https:\/\/www.facebook.com\/COVBcat\/\" \/>\n<meta property=\"article:published_time\" content=\"2020-09-22T09:19:33+00:00\" \/>\n<meta name=\"twitter:card\" content=\"summary_large_image\" \/>\n<meta name=\"twitter:creator\" content=\"@COVBcat\" \/>\n<meta name=\"twitter:site\" content=\"@COVBcat\" \/>\n<meta name=\"twitter:label1\" content=\"Escrito por\" \/>\n\t<meta name=\"twitter:data1\" content=\"\" \/>\n\t<meta name=\"twitter:label2\" content=\"Tiempo de lectura\" \/>\n\t<meta name=\"twitter:data2\" content=\"5 minutos\" \/>\n<script type=\"application\/ld+json\" class=\"yoast-schema-graph\">{\"@context\":\"https:\/\/schema.org\",\"@graph\":[{\"@type\":\"Article\",\"@id\":\"https:\/\/www.covb.cat\/es\/actualitat\/noticies\/general\/nota-de-prensa-se-revelan-mas-detalles-del-caso-negrito\/#article\",\"isPartOf\":{\"@id\":\"https:\/\/www.covb.cat\/es\/actualitat\/noticies\/general\/nota-de-prensa-se-revelan-mas-detalles-del-caso-negrito\/\"},\"author\":{\"name\":\"\",\"@id\":\"\"},\"headline\":\"Nota de Prensa: \u00abSe revelan m\u00e1s detalles del caso Negrito\u00bb\",\"datePublished\":\"2020-09-22T09:19:33+00:00\",\"mainEntityOfPage\":{\"@id\":\"https:\/\/www.covb.cat\/es\/actualitat\/noticies\/general\/nota-de-prensa-se-revelan-mas-detalles-del-caso-negrito\/\"},\"wordCount\":1107,\"publisher\":{\"@id\":\"https:\/\/www.covb.cat\/es\/#organization\"},\"articleSection\":[\"General\"],\"inLanguage\":\"es\"},{\"@type\":\"WebPage\",\"@id\":\"https:\/\/www.covb.cat\/es\/actualitat\/noticies\/general\/nota-de-prensa-se-revelan-mas-detalles-del-caso-negrito\/\",\"url\":\"https:\/\/www.covb.cat\/es\/actualitat\/noticies\/general\/nota-de-prensa-se-revelan-mas-detalles-del-caso-negrito\/\",\"name\":\"Nota de Prensa: \\\"Se revelan m\u00e1s detalles del caso Negrito\\\" - COVB - Col\u00b7legi Oficial de Veterinaris de Barcelona\",\"isPartOf\":{\"@id\":\"https:\/\/www.covb.cat\/es\/#website\"},\"datePublished\":\"2020-09-22T09:19:33+00:00\",\"description\":\"Os remitimos a continuaci\u00f3n la nota de prensa enviada a los medios de comunicaci\u00f3n por parte del Consell de Col\u00b7legis Veterinaris de Catalunya con la\",\"breadcrumb\":{\"@id\":\"https:\/\/www.covb.cat\/es\/actualitat\/noticies\/general\/nota-de-prensa-se-revelan-mas-detalles-del-caso-negrito\/#breadcrumb\"},\"inLanguage\":\"es\",\"potentialAction\":[{\"@type\":\"ReadAction\",\"target\":[\"https:\/\/www.covb.cat\/es\/actualitat\/noticies\/general\/nota-de-prensa-se-revelan-mas-detalles-del-caso-negrito\/\"]}]},{\"@type\":\"BreadcrumbList\",\"@id\":\"https:\/\/www.covb.cat\/es\/actualitat\/noticies\/general\/nota-de-prensa-se-revelan-mas-detalles-del-caso-negrito\/#breadcrumb\",\"itemListElement\":[{\"@type\":\"ListItem\",\"position\":1,\"name\":\"Inici\",\"item\":\"https:\/\/www.covb.cat\/es\/\"},{\"@type\":\"ListItem\",\"position\":2,\"name\":\"Nota de Prensa: \u00abSe revelan m\u00e1s detalles del caso Negrito\u00bb\"}]},{\"@type\":\"WebSite\",\"@id\":\"https:\/\/www.covb.cat\/es\/#website\",\"url\":\"https:\/\/www.covb.cat\/es\/\",\"name\":\"COVB\",\"description\":\"Col\u00b7legi Oficial de Veterinaris de Barcelona\",\"publisher\":{\"@id\":\"https:\/\/www.covb.cat\/es\/#organization\"},\"potentialAction\":[{\"@type\":\"SearchAction\",\"target\":{\"@type\":\"EntryPoint\",\"urlTemplate\":\"https:\/\/www.covb.cat\/es\/?s={search_term_string}\"},\"query-input\":{\"@type\":\"PropertyValueSpecification\",\"valueRequired\":true,\"valueName\":\"search_term_string\"}}],\"inLanguage\":\"es\"},{\"@type\":\"Organization\",\"@id\":\"https:\/\/www.covb.cat\/es\/#organization\",\"name\":\"COVB\",\"url\":\"https:\/\/www.covb.cat\/es\/\",\"logo\":{\"@type\":\"ImageObject\",\"inLanguage\":\"es\",\"@id\":\"https:\/\/www.covb.cat\/es\/#\/schema\/logo\/image\/\",\"url\":\"https:\/\/www.covb.cat\/wp-content\/uploads\/2018\/07\/favicon-covb.png\",\"contentUrl\":\"https:\/\/www.covb.cat\/wp-content\/uploads\/2018\/07\/favicon-covb.png\",\"width\":512,\"height\":512,\"caption\":\"COVB\"},\"image\":{\"@id\":\"https:\/\/www.covb.cat\/es\/#\/schema\/logo\/image\/\"},\"sameAs\":[\"https:\/\/www.facebook.com\/COVBcat\/\",\"https:\/\/x.com\/COVBcat\",\"https:\/\/www.youtube.com\/user\/covbcn\"]},{\"@type\":\"Person\",\"@id\":\"\"}]}<\/script>\n<!-- \/ Yoast SEO plugin. -->","yoast_head_json":{"title":"Nota de Prensa: \"Se revelan m\u00e1s detalles del caso Negrito\" - COVB - Col\u00b7legi Oficial de Veterinaris de Barcelona","description":"Os remitimos a continuaci\u00f3n la nota de prensa enviada a los medios de comunicaci\u00f3n por parte del Consell de Col\u00b7legis Veterinaris de Catalunya con la","robots":{"index":"index","follow":"follow","max-snippet":"max-snippet:-1","max-image-preview":"max-image-preview:large","max-video-preview":"max-video-preview:-1"},"canonical":"https:\/\/www.covb.cat\/es\/actualitat\/noticies\/general\/nota-de-prensa-se-revelan-mas-detalles-del-caso-negrito\/","og_locale":"es_ES","og_type":"article","og_title":"Nota de Prensa: \"Se revelan m\u00e1s detalles del caso Negrito\" - COVB - Col\u00b7legi Oficial de Veterinaris de Barcelona","og_description":"Os remitimos a continuaci\u00f3n la nota de prensa enviada a los medios de comunicaci\u00f3n por parte del Consell de Col\u00b7legis Veterinaris de Catalunya con la","og_url":"https:\/\/www.covb.cat\/es\/actualitat\/noticies\/general\/nota-de-prensa-se-revelan-mas-detalles-del-caso-negrito\/","og_site_name":"COVB","article_publisher":"https:\/\/www.facebook.com\/COVBcat\/","article_published_time":"2020-09-22T09:19:33+00:00","twitter_card":"summary_large_image","twitter_creator":"@COVBcat","twitter_site":"@COVBcat","twitter_misc":{"Escrito por":"","Tiempo de lectura":"5 minutos"},"schema":{"@context":"https:\/\/schema.org","@graph":[{"@type":"Article","@id":"https:\/\/www.covb.cat\/es\/actualitat\/noticies\/general\/nota-de-prensa-se-revelan-mas-detalles-del-caso-negrito\/#article","isPartOf":{"@id":"https:\/\/www.covb.cat\/es\/actualitat\/noticies\/general\/nota-de-prensa-se-revelan-mas-detalles-del-caso-negrito\/"},"author":{"name":"","@id":""},"headline":"Nota de Prensa: \u00abSe revelan m\u00e1s detalles del caso Negrito\u00bb","datePublished":"2020-09-22T09:19:33+00:00","mainEntityOfPage":{"@id":"https:\/\/www.covb.cat\/es\/actualitat\/noticies\/general\/nota-de-prensa-se-revelan-mas-detalles-del-caso-negrito\/"},"wordCount":1107,"publisher":{"@id":"https:\/\/www.covb.cat\/es\/#organization"},"articleSection":["General"],"inLanguage":"es"},{"@type":"WebPage","@id":"https:\/\/www.covb.cat\/es\/actualitat\/noticies\/general\/nota-de-prensa-se-revelan-mas-detalles-del-caso-negrito\/","url":"https:\/\/www.covb.cat\/es\/actualitat\/noticies\/general\/nota-de-prensa-se-revelan-mas-detalles-del-caso-negrito\/","name":"Nota de Prensa: \"Se revelan m\u00e1s detalles del caso Negrito\" - COVB - Col\u00b7legi Oficial de Veterinaris de Barcelona","isPartOf":{"@id":"https:\/\/www.covb.cat\/es\/#website"},"datePublished":"2020-09-22T09:19:33+00:00","description":"Os remitimos a continuaci\u00f3n la nota de prensa enviada a los medios de comunicaci\u00f3n por parte del Consell de Col\u00b7legis Veterinaris de Catalunya con la","breadcrumb":{"@id":"https:\/\/www.covb.cat\/es\/actualitat\/noticies\/general\/nota-de-prensa-se-revelan-mas-detalles-del-caso-negrito\/#breadcrumb"},"inLanguage":"es","potentialAction":[{"@type":"ReadAction","target":["https:\/\/www.covb.cat\/es\/actualitat\/noticies\/general\/nota-de-prensa-se-revelan-mas-detalles-del-caso-negrito\/"]}]},{"@type":"BreadcrumbList","@id":"https:\/\/www.covb.cat\/es\/actualitat\/noticies\/general\/nota-de-prensa-se-revelan-mas-detalles-del-caso-negrito\/#breadcrumb","itemListElement":[{"@type":"ListItem","position":1,"name":"Inici","item":"https:\/\/www.covb.cat\/es\/"},{"@type":"ListItem","position":2,"name":"Nota de Prensa: \u00abSe revelan m\u00e1s detalles del caso Negrito\u00bb"}]},{"@type":"WebSite","@id":"https:\/\/www.covb.cat\/es\/#website","url":"https:\/\/www.covb.cat\/es\/","name":"COVB","description":"Col\u00b7legi Oficial de Veterinaris de Barcelona","publisher":{"@id":"https:\/\/www.covb.cat\/es\/#organization"},"potentialAction":[{"@type":"SearchAction","target":{"@type":"EntryPoint","urlTemplate":"https:\/\/www.covb.cat\/es\/?s={search_term_string}"},"query-input":{"@type":"PropertyValueSpecification","valueRequired":true,"valueName":"search_term_string"}}],"inLanguage":"es"},{"@type":"Organization","@id":"https:\/\/www.covb.cat\/es\/#organization","name":"COVB","url":"https:\/\/www.covb.cat\/es\/","logo":{"@type":"ImageObject","inLanguage":"es","@id":"https:\/\/www.covb.cat\/es\/#\/schema\/logo\/image\/","url":"https:\/\/www.covb.cat\/wp-content\/uploads\/2018\/07\/favicon-covb.png","contentUrl":"https:\/\/www.covb.cat\/wp-content\/uploads\/2018\/07\/favicon-covb.png","width":512,"height":512,"caption":"COVB"},"image":{"@id":"https:\/\/www.covb.cat\/es\/#\/schema\/logo\/image\/"},"sameAs":["https:\/\/www.facebook.com\/COVBcat\/","https:\/\/x.com\/COVBcat","https:\/\/www.youtube.com\/user\/covbcn"]},{"@type":"Person","@id":""}]}},"jetpack_featured_media_url":"","jetpack_sharing_enabled":true,"_links":{"self":[{"href":"https:\/\/www.covb.cat\/es\/wp-json\/wp\/v2\/posts\/2718","targetHints":{"allow":["GET"]}}],"collection":[{"href":"https:\/\/www.covb.cat\/es\/wp-json\/wp\/v2\/posts"}],"about":[{"href":"https:\/\/www.covb.cat\/es\/wp-json\/wp\/v2\/types\/post"}],"author":[{"embeddable":true,"href":"https:\/\/www.covb.cat\/es\/wp-json\/wp\/v2\/users\/106"}],"replies":[{"embeddable":true,"href":"https:\/\/www.covb.cat\/es\/wp-json\/wp\/v2\/comments?post=2718"}],"version-history":[{"count":0,"href":"https:\/\/www.covb.cat\/es\/wp-json\/wp\/v2\/posts\/2718\/revisions"}],"wp:attachment":[{"href":"https:\/\/www.covb.cat\/es\/wp-json\/wp\/v2\/media?parent=2718"}],"wp:term":[{"taxonomy":"category","embeddable":true,"href":"https:\/\/www.covb.cat\/es\/wp-json\/wp\/v2\/categories?post=2718"},{"taxonomy":"post_tag","embeddable":true,"href":"https:\/\/www.covb.cat\/es\/wp-json\/wp\/v2\/tags?post=2718"}],"curies":[{"name":"wp","href":"https:\/\/api.w.org\/{rel}","templated":true}]}}