{"id":26775,"date":"2023-01-16T19:02:41","date_gmt":"2023-01-16T18:02:41","guid":{"rendered":"https:\/\/www.covb.cat\/?p=26775"},"modified":"2023-01-16T19:02:41","modified_gmt":"2023-01-16T18:02:41","slug":"confirmados-2-casos-de-influenza-aviaria-en-la-ciudad-de-barcelona","status":"publish","type":"post","link":"https:\/\/www.covb.cat\/es\/actualitat\/noticies\/alertas\/confirmados-2-casos-de-influenza-aviaria-en-la-ciudad-de-barcelona\/","title":{"rendered":"Confirmados 2 casos de Influenza aviaria en la ciudad de Barcelona"},"content":{"rendered":"<p>Con fecha 9 de enero de 2023, el Laboratorio Nacional de Referencia de Algete, ha confirmado el resultado positivo de Influenza aviaria de alta patogenicidad H5N1 en las muestras obtenidas a partir de 2 aves silvestres localizades en el Parc de la Ciutadella\/Parc zool\u00f2gic de Barcelona:<\/p>\n<ol>\n<li>Garza real (<em>Ardea cinerea<\/em>) \u2013 22CR3939<em>, <\/em>localizado en el Parc de la Ciutadella, trasladado al Centre de Recuperaci\u00f3 de fauna de Torreferrussa el 19\/12\/2022 para tomar muestras.<\/li>\n<li>Gaviota (<em>Larus michahellis<\/em>) \u2013 22CR3944, localizado y muestreado en las instalaciones del Parc Zool\u00f2gic de Barcelona.<\/li>\n<\/ol>\n<p>En este sentido, dada la proximidad de la localizaci\u00f3n de las aves con la del Buculus Ibis confirmado positivo de IAAP H5N1 el pasado 29\/12\/2022 con identificaci\u00f3n de foco RASVE 2022\/150, se ha consensuado con el MAPA la inclusi\u00f3n de \u00e9stas nuevas aves confirmadas dentro del mismo foco.<\/p>\n<p>Los radios de 3 Km (zona de control) y 3-10 km (zona de seguimiento) a partir de las nuevas aves confirmadas coinciden con los radios del foco con c\u00f3digo 2022\/150, por tanto, se mantienen las medidas ya implementadas con motivo de la notificaci\u00f3n de este \u00faltimo foco.<\/p>\n<p>Las principales medidas de prevenci\u00f3n frente a estos nuevos focos son:<\/p>\n<ul>\n<li>Prohibici\u00f3n de cr\u00eda y mantenimiento de patos y gansos juntamente con otras especies de aves de corral.<\/li>\n<li>Prohibici\u00f3n de la producci\u00f3n y mantenimiento de aves de corral al aire libre.<\/li>\n<li>Prohibici\u00f3n uso de aves de los \u00f3rdenes Anseriformes y Charadriiformes como reclamos de caza.<\/li>\n<li>Los dep\u00f3sitos de agua situados en el exterior, necesarios por motivos de bienestar animal, quedar\u00e1n suficientemente protegidos contra las aves acu\u00e1ticas silvestres.<\/li>\n<\/ul>\n<p>Recordad, la obligaci\u00f3n de notificar inmediatamente a la Oficina Comarcal del DACC correspondiente, la detecci\u00f3n de alguno de los siguientes signos en la explotaci\u00f3n:<\/p>\n<ol>\n<li>Disminuci\u00f3n del consumo de pienso y agua superior al 20%.<\/li>\n<li>Disminuci\u00f3n en la puesta superior al 5% durante m\u00e1s de 2 d\u00edas consecutivos, sin causa justificada.<\/li>\n<li>Mortalidad superior al 3% durante una semana, sin causa justificada.<\/li>\n<li>Cualquier signo cl\u00ednico o lesi\u00f3n post mortem sospechoso de influenza aviar (tos, estornudos, lagrimeo, descarga nasal\/oral, anorexia, cianosis de la cabeza, cresta o barbilla, edema facial, diarrea, sintomatolog\u00eda nerviosa, lesiones hemorr\u00e1gicas).<\/li>\n<\/ol>\n<p>y de la necesidad de extremar las medidas de bioseguridad en la explotaci\u00f3n, sobre todo aquellas destinadas a evitar el contacto directo e indirecto de aves silvestres con las aves de corral.<\/p>\n<p><a href=\"https:\/\/agricultura.gencat.cat\/web\/.content\/07-ramaderia\/sanitat-animal\/influenca-aviaria\/enllacos-documents\/fitxers-binaris\/stop_influenca_aviaria.pdf\">En el enlace<\/a>, se puede consultar el d\u00edptico con las medidas de bioseguridad en explotaciones av\u00edcolas para prevenir la entrada de la IAAP, elaborado por el Servei de Prevenci\u00f3 en Salut Animal. Y para cualquier consulta pod\u00e9is contactar con <a href=\"mailto:salutanimal.daam@gencat.cat\">salutanimal.daam@gencat.cat<\/a><\/p>\n","protected":false},"excerpt":{"rendered":"<p>Con fecha 9 de enero de 2023, el Laboratorio Nacional de Referencia de Algete, ha confirmado el resultado positivo de Influenza aviaria de alta patogenicidad H5N1 en las muestras obtenidas a partir de 2 aves silvestres localizades en el Parc de la Ciutadella\/Parc zool\u00f2gic de Barcelona: Garza real (Ardea cinerea) \u2013 22CR3939, localizado en el [&hellip;]<\/p>\n","protected":false},"author":106,"featured_media":4401,"comment_status":"closed","ping_status":"closed","sticky":false,"template":"","format":"standard","meta":{"_monsterinsights_skip_tracking":false,"_monsterinsights_sitenote_active":false,"_monsterinsights_sitenote_note":"","_monsterinsights_sitenote_category":0,"_jetpack_memberships_contains_paid_content":false,"footnotes":""},"categories":[156,17],"tags":[],"class_list":["post-26775","post","type-post","status-publish","format-standard","has-post-thumbnail","hentry","category-alertas","category-general"],"yoast_head":"<!-- This site is optimized with the Yoast SEO plugin v27.0 - https:\/\/yoast.com\/product\/yoast-seo-wordpress\/ -->\n<title>Confirmados 2 casos de Influenza aviaria en la ciudad de Barcelona - COVB - Col\u00b7legi Oficial de Veterinaris de Barcelona<\/title>\n<meta name=\"description\" content=\"Con fecha 9 de enero de 2023, el Laboratorio Nacional de Referencia de Algete, ha confirmado el resultado positivo de Influenza aviaria de alta\" \/>\n<meta name=\"robots\" content=\"index, follow, max-snippet:-1, max-image-preview:large, max-video-preview:-1\" \/>\n<link rel=\"canonical\" href=\"https:\/\/www.covb.cat\/es\/actualitat\/noticies\/alertas\/confirmados-2-casos-de-influenza-aviaria-en-la-ciudad-de-barcelona\/\" \/>\n<meta property=\"og:locale\" content=\"es_ES\" \/>\n<meta property=\"og:type\" content=\"article\" \/>\n<meta property=\"og:title\" content=\"Confirmados 2 casos de Influenza aviaria en la ciudad de Barcelona - COVB - Col\u00b7legi Oficial de Veterinaris de Barcelona\" \/>\n<meta property=\"og:description\" content=\"Con fecha 9 de enero de 2023, el Laboratorio Nacional de Referencia de Algete, ha confirmado el resultado positivo de Influenza aviaria de alta\" \/>\n<meta property=\"og:url\" content=\"https:\/\/www.covb.cat\/es\/actualitat\/noticies\/alertas\/confirmados-2-casos-de-influenza-aviaria-en-la-ciudad-de-barcelona\/\" \/>\n<meta property=\"og:site_name\" content=\"COVB\" \/>\n<meta property=\"article:publisher\" content=\"https:\/\/www.facebook.com\/COVBcat\/\" \/>\n<meta property=\"article:published_time\" content=\"2023-01-16T18:02:41+00:00\" \/>\n<meta property=\"og:image\" content=\"https:\/\/www.covb.cat\/wp-content\/uploads\/2020\/12\/bginflaviar.jpg\" \/>\n\t<meta property=\"og:image:width\" content=\"600\" \/>\n\t<meta property=\"og:image:height\" content=\"247\" \/>\n\t<meta property=\"og:image:type\" content=\"image\/jpeg\" \/>\n<meta name=\"twitter:card\" content=\"summary_large_image\" \/>\n<meta name=\"twitter:creator\" content=\"@COVBcat\" \/>\n<meta name=\"twitter:site\" content=\"@COVBcat\" \/>\n<meta name=\"twitter:label1\" content=\"Escrito por\" \/>\n\t<meta name=\"twitter:data1\" content=\"\" \/>\n\t<meta name=\"twitter:label2\" content=\"Tiempo de lectura\" \/>\n\t<meta name=\"twitter:data2\" content=\"3 minutos\" \/>\n<script type=\"application\/ld+json\" class=\"yoast-schema-graph\">{\"@context\":\"https:\/\/schema.org\",\"@graph\":[{\"@type\":\"Article\",\"@id\":\"https:\/\/www.covb.cat\/es\/actualitat\/noticies\/alertas\/confirmados-2-casos-de-influenza-aviaria-en-la-ciudad-de-barcelona\/#article\",\"isPartOf\":{\"@id\":\"https:\/\/www.covb.cat\/es\/actualitat\/noticies\/alertas\/confirmados-2-casos-de-influenza-aviaria-en-la-ciudad-de-barcelona\/\"},\"author\":{\"name\":\"\",\"@id\":\"\"},\"headline\":\"Confirmados 2 casos de Influenza aviaria en la ciudad de Barcelona\",\"datePublished\":\"2023-01-16T18:02:41+00:00\",\"mainEntityOfPage\":{\"@id\":\"https:\/\/www.covb.cat\/es\/actualitat\/noticies\/alertas\/confirmados-2-casos-de-influenza-aviaria-en-la-ciudad-de-barcelona\/\"},\"wordCount\":458,\"publisher\":{\"@id\":\"https:\/\/www.covb.cat\/es\/#organization\"},\"image\":{\"@id\":\"https:\/\/www.covb.cat\/es\/actualitat\/noticies\/alertas\/confirmados-2-casos-de-influenza-aviaria-en-la-ciudad-de-barcelona\/#primaryimage\"},\"thumbnailUrl\":\"https:\/\/www.covb.cat\/wp-content\/uploads\/2020\/12\/bginflaviar.jpg\",\"articleSection\":[\"Alertas\",\"General\"],\"inLanguage\":\"es\"},{\"@type\":\"WebPage\",\"@id\":\"https:\/\/www.covb.cat\/es\/actualitat\/noticies\/alertas\/confirmados-2-casos-de-influenza-aviaria-en-la-ciudad-de-barcelona\/\",\"url\":\"https:\/\/www.covb.cat\/es\/actualitat\/noticies\/alertas\/confirmados-2-casos-de-influenza-aviaria-en-la-ciudad-de-barcelona\/\",\"name\":\"Confirmados 2 casos de Influenza aviaria en la ciudad de Barcelona - COVB - Col\u00b7legi Oficial de Veterinaris de Barcelona\",\"isPartOf\":{\"@id\":\"https:\/\/www.covb.cat\/es\/#website\"},\"primaryImageOfPage\":{\"@id\":\"https:\/\/www.covb.cat\/es\/actualitat\/noticies\/alertas\/confirmados-2-casos-de-influenza-aviaria-en-la-ciudad-de-barcelona\/#primaryimage\"},\"image\":{\"@id\":\"https:\/\/www.covb.cat\/es\/actualitat\/noticies\/alertas\/confirmados-2-casos-de-influenza-aviaria-en-la-ciudad-de-barcelona\/#primaryimage\"},\"thumbnailUrl\":\"https:\/\/www.covb.cat\/wp-content\/uploads\/2020\/12\/bginflaviar.jpg\",\"datePublished\":\"2023-01-16T18:02:41+00:00\",\"description\":\"Con fecha 9 de enero de 2023, el Laboratorio Nacional de Referencia de Algete, ha confirmado el resultado positivo de Influenza aviaria de alta\",\"breadcrumb\":{\"@id\":\"https:\/\/www.covb.cat\/es\/actualitat\/noticies\/alertas\/confirmados-2-casos-de-influenza-aviaria-en-la-ciudad-de-barcelona\/#breadcrumb\"},\"inLanguage\":\"es\",\"potentialAction\":[{\"@type\":\"ReadAction\",\"target\":[\"https:\/\/www.covb.cat\/es\/actualitat\/noticies\/alertas\/confirmados-2-casos-de-influenza-aviaria-en-la-ciudad-de-barcelona\/\"]}]},{\"@type\":\"ImageObject\",\"inLanguage\":\"es\",\"@id\":\"https:\/\/www.covb.cat\/es\/actualitat\/noticies\/alertas\/confirmados-2-casos-de-influenza-aviaria-en-la-ciudad-de-barcelona\/#primaryimage\",\"url\":\"https:\/\/www.covb.cat\/wp-content\/uploads\/2020\/12\/bginflaviar.jpg\",\"contentUrl\":\"https:\/\/www.covb.cat\/wp-content\/uploads\/2020\/12\/bginflaviar.jpg\",\"width\":600,\"height\":247},{\"@type\":\"BreadcrumbList\",\"@id\":\"https:\/\/www.covb.cat\/es\/actualitat\/noticies\/alertas\/confirmados-2-casos-de-influenza-aviaria-en-la-ciudad-de-barcelona\/#breadcrumb\",\"itemListElement\":[{\"@type\":\"ListItem\",\"position\":1,\"name\":\"Inici\",\"item\":\"https:\/\/www.covb.cat\/es\/\"},{\"@type\":\"ListItem\",\"position\":2,\"name\":\"Confirmados 2 casos de Influenza aviaria en la ciudad de Barcelona\"}]},{\"@type\":\"WebSite\",\"@id\":\"https:\/\/www.covb.cat\/es\/#website\",\"url\":\"https:\/\/www.covb.cat\/es\/\",\"name\":\"COVB\",\"description\":\"Col\u00b7legi Oficial de Veterinaris de Barcelona\",\"publisher\":{\"@id\":\"https:\/\/www.covb.cat\/es\/#organization\"},\"potentialAction\":[{\"@type\":\"SearchAction\",\"target\":{\"@type\":\"EntryPoint\",\"urlTemplate\":\"https:\/\/www.covb.cat\/es\/?s={search_term_string}\"},\"query-input\":{\"@type\":\"PropertyValueSpecification\",\"valueRequired\":true,\"valueName\":\"search_term_string\"}}],\"inLanguage\":\"es\"},{\"@type\":\"Organization\",\"@id\":\"https:\/\/www.covb.cat\/es\/#organization\",\"name\":\"COVB\",\"url\":\"https:\/\/www.covb.cat\/es\/\",\"logo\":{\"@type\":\"ImageObject\",\"inLanguage\":\"es\",\"@id\":\"https:\/\/www.covb.cat\/es\/#\/schema\/logo\/image\/\",\"url\":\"https:\/\/www.covb.cat\/wp-content\/uploads\/2018\/07\/favicon-covb.png\",\"contentUrl\":\"https:\/\/www.covb.cat\/wp-content\/uploads\/2018\/07\/favicon-covb.png\",\"width\":512,\"height\":512,\"caption\":\"COVB\"},\"image\":{\"@id\":\"https:\/\/www.covb.cat\/es\/#\/schema\/logo\/image\/\"},\"sameAs\":[\"https:\/\/www.facebook.com\/COVBcat\/\",\"https:\/\/x.com\/COVBcat\",\"https:\/\/www.youtube.com\/user\/covbcn\"]},{\"@type\":\"Person\",\"@id\":\"\"}]}<\/script>\n<!-- \/ Yoast SEO plugin. -->","yoast_head_json":{"title":"Confirmados 2 casos de Influenza aviaria en la ciudad de Barcelona - COVB - Col\u00b7legi Oficial de Veterinaris de Barcelona","description":"Con fecha 9 de enero de 2023, el Laboratorio Nacional de Referencia de Algete, ha confirmado el resultado positivo de Influenza aviaria de alta","robots":{"index":"index","follow":"follow","max-snippet":"max-snippet:-1","max-image-preview":"max-image-preview:large","max-video-preview":"max-video-preview:-1"},"canonical":"https:\/\/www.covb.cat\/es\/actualitat\/noticies\/alertas\/confirmados-2-casos-de-influenza-aviaria-en-la-ciudad-de-barcelona\/","og_locale":"es_ES","og_type":"article","og_title":"Confirmados 2 casos de Influenza aviaria en la ciudad de Barcelona - COVB - Col\u00b7legi Oficial de Veterinaris de Barcelona","og_description":"Con fecha 9 de enero de 2023, el Laboratorio Nacional de Referencia de Algete, ha confirmado el resultado positivo de Influenza aviaria de alta","og_url":"https:\/\/www.covb.cat\/es\/actualitat\/noticies\/alertas\/confirmados-2-casos-de-influenza-aviaria-en-la-ciudad-de-barcelona\/","og_site_name":"COVB","article_publisher":"https:\/\/www.facebook.com\/COVBcat\/","article_published_time":"2023-01-16T18:02:41+00:00","og_image":[{"width":600,"height":247,"url":"https:\/\/www.covb.cat\/wp-content\/uploads\/2020\/12\/bginflaviar.jpg","type":"image\/jpeg"}],"twitter_card":"summary_large_image","twitter_creator":"@COVBcat","twitter_site":"@COVBcat","twitter_misc":{"Escrito por":"","Tiempo de lectura":"3 minutos"},"schema":{"@context":"https:\/\/schema.org","@graph":[{"@type":"Article","@id":"https:\/\/www.covb.cat\/es\/actualitat\/noticies\/alertas\/confirmados-2-casos-de-influenza-aviaria-en-la-ciudad-de-barcelona\/#article","isPartOf":{"@id":"https:\/\/www.covb.cat\/es\/actualitat\/noticies\/alertas\/confirmados-2-casos-de-influenza-aviaria-en-la-ciudad-de-barcelona\/"},"author":{"name":"","@id":""},"headline":"Confirmados 2 casos de Influenza aviaria en la ciudad de Barcelona","datePublished":"2023-01-16T18:02:41+00:00","mainEntityOfPage":{"@id":"https:\/\/www.covb.cat\/es\/actualitat\/noticies\/alertas\/confirmados-2-casos-de-influenza-aviaria-en-la-ciudad-de-barcelona\/"},"wordCount":458,"publisher":{"@id":"https:\/\/www.covb.cat\/es\/#organization"},"image":{"@id":"https:\/\/www.covb.cat\/es\/actualitat\/noticies\/alertas\/confirmados-2-casos-de-influenza-aviaria-en-la-ciudad-de-barcelona\/#primaryimage"},"thumbnailUrl":"https:\/\/www.covb.cat\/wp-content\/uploads\/2020\/12\/bginflaviar.jpg","articleSection":["Alertas","General"],"inLanguage":"es"},{"@type":"WebPage","@id":"https:\/\/www.covb.cat\/es\/actualitat\/noticies\/alertas\/confirmados-2-casos-de-influenza-aviaria-en-la-ciudad-de-barcelona\/","url":"https:\/\/www.covb.cat\/es\/actualitat\/noticies\/alertas\/confirmados-2-casos-de-influenza-aviaria-en-la-ciudad-de-barcelona\/","name":"Confirmados 2 casos de Influenza aviaria en la ciudad de Barcelona - COVB - Col\u00b7legi Oficial de Veterinaris de Barcelona","isPartOf":{"@id":"https:\/\/www.covb.cat\/es\/#website"},"primaryImageOfPage":{"@id":"https:\/\/www.covb.cat\/es\/actualitat\/noticies\/alertas\/confirmados-2-casos-de-influenza-aviaria-en-la-ciudad-de-barcelona\/#primaryimage"},"image":{"@id":"https:\/\/www.covb.cat\/es\/actualitat\/noticies\/alertas\/confirmados-2-casos-de-influenza-aviaria-en-la-ciudad-de-barcelona\/#primaryimage"},"thumbnailUrl":"https:\/\/www.covb.cat\/wp-content\/uploads\/2020\/12\/bginflaviar.jpg","datePublished":"2023-01-16T18:02:41+00:00","description":"Con fecha 9 de enero de 2023, el Laboratorio Nacional de Referencia de Algete, ha confirmado el resultado positivo de Influenza aviaria de alta","breadcrumb":{"@id":"https:\/\/www.covb.cat\/es\/actualitat\/noticies\/alertas\/confirmados-2-casos-de-influenza-aviaria-en-la-ciudad-de-barcelona\/#breadcrumb"},"inLanguage":"es","potentialAction":[{"@type":"ReadAction","target":["https:\/\/www.covb.cat\/es\/actualitat\/noticies\/alertas\/confirmados-2-casos-de-influenza-aviaria-en-la-ciudad-de-barcelona\/"]}]},{"@type":"ImageObject","inLanguage":"es","@id":"https:\/\/www.covb.cat\/es\/actualitat\/noticies\/alertas\/confirmados-2-casos-de-influenza-aviaria-en-la-ciudad-de-barcelona\/#primaryimage","url":"https:\/\/www.covb.cat\/wp-content\/uploads\/2020\/12\/bginflaviar.jpg","contentUrl":"https:\/\/www.covb.cat\/wp-content\/uploads\/2020\/12\/bginflaviar.jpg","width":600,"height":247},{"@type":"BreadcrumbList","@id":"https:\/\/www.covb.cat\/es\/actualitat\/noticies\/alertas\/confirmados-2-casos-de-influenza-aviaria-en-la-ciudad-de-barcelona\/#breadcrumb","itemListElement":[{"@type":"ListItem","position":1,"name":"Inici","item":"https:\/\/www.covb.cat\/es\/"},{"@type":"ListItem","position":2,"name":"Confirmados 2 casos de Influenza aviaria en la ciudad de Barcelona"}]},{"@type":"WebSite","@id":"https:\/\/www.covb.cat\/es\/#website","url":"https:\/\/www.covb.cat\/es\/","name":"COVB","description":"Col\u00b7legi Oficial de Veterinaris de Barcelona","publisher":{"@id":"https:\/\/www.covb.cat\/es\/#organization"},"potentialAction":[{"@type":"SearchAction","target":{"@type":"EntryPoint","urlTemplate":"https:\/\/www.covb.cat\/es\/?s={search_term_string}"},"query-input":{"@type":"PropertyValueSpecification","valueRequired":true,"valueName":"search_term_string"}}],"inLanguage":"es"},{"@type":"Organization","@id":"https:\/\/www.covb.cat\/es\/#organization","name":"COVB","url":"https:\/\/www.covb.cat\/es\/","logo":{"@type":"ImageObject","inLanguage":"es","@id":"https:\/\/www.covb.cat\/es\/#\/schema\/logo\/image\/","url":"https:\/\/www.covb.cat\/wp-content\/uploads\/2018\/07\/favicon-covb.png","contentUrl":"https:\/\/www.covb.cat\/wp-content\/uploads\/2018\/07\/favicon-covb.png","width":512,"height":512,"caption":"COVB"},"image":{"@id":"https:\/\/www.covb.cat\/es\/#\/schema\/logo\/image\/"},"sameAs":["https:\/\/www.facebook.com\/COVBcat\/","https:\/\/x.com\/COVBcat","https:\/\/www.youtube.com\/user\/covbcn"]},{"@type":"Person","@id":""}]}},"jetpack_featured_media_url":"https:\/\/www.covb.cat\/wp-content\/uploads\/2020\/12\/bginflaviar.jpg","jetpack_sharing_enabled":true,"_links":{"self":[{"href":"https:\/\/www.covb.cat\/es\/wp-json\/wp\/v2\/posts\/26775","targetHints":{"allow":["GET"]}}],"collection":[{"href":"https:\/\/www.covb.cat\/es\/wp-json\/wp\/v2\/posts"}],"about":[{"href":"https:\/\/www.covb.cat\/es\/wp-json\/wp\/v2\/types\/post"}],"author":[{"embeddable":true,"href":"https:\/\/www.covb.cat\/es\/wp-json\/wp\/v2\/users\/106"}],"replies":[{"embeddable":true,"href":"https:\/\/www.covb.cat\/es\/wp-json\/wp\/v2\/comments?post=26775"}],"version-history":[{"count":0,"href":"https:\/\/www.covb.cat\/es\/wp-json\/wp\/v2\/posts\/26775\/revisions"}],"wp:featuredmedia":[{"embeddable":true,"href":"https:\/\/www.covb.cat\/es\/wp-json\/wp\/v2\/media\/4401"}],"wp:attachment":[{"href":"https:\/\/www.covb.cat\/es\/wp-json\/wp\/v2\/media?parent=26775"}],"wp:term":[{"taxonomy":"category","embeddable":true,"href":"https:\/\/www.covb.cat\/es\/wp-json\/wp\/v2\/categories?post=26775"},{"taxonomy":"post_tag","embeddable":true,"href":"https:\/\/www.covb.cat\/es\/wp-json\/wp\/v2\/tags?post=26775"}],"curies":[{"name":"wp","href":"https:\/\/api.w.org\/{rel}","templated":true}]}}