{"id":26344,"date":"2022-12-30T14:00:04","date_gmt":"2022-12-30T13:00:04","guid":{"rendered":"https:\/\/www.covb.cat\/actualitat\/noticies\/general\/entrevista-dr-juan-jose-badiola\/"},"modified":"2023-01-10T17:22:19","modified_gmt":"2023-01-10T16:22:19","slug":"entrevista-dr-juan-jose-badiola","status":"publish","type":"post","link":"https:\/\/www.covb.cat\/es\/actualitat\/noticies\/general\/entrevista-dr-juan-jose-badiola\/","title":{"rendered":"ENTREVISTA: Dr. Juan Jos\u00e9 Badiola"},"content":{"rendered":"<p>Aprovechamos la presencia del profesor Juan Jos\u00e9 Badiola, catedr\u00e1tico em\u00e9rito de Patolog\u00eda Animal en la Facultad de Veterinaria de Zaragoza y director del Centro de Encefalopat\u00edas y Enfermedades Transmisibles Emergentes, para que nos explique a grandes rasgos los principales retos que tiene la veterinaria actual y futura, tema de la conferencia con la que inaugur\u00f3 la I Jornada Veterinaria de Barcelona.<\/p>\n<p><strong>\u00bfC\u00f3mo ha cambiado la profesi\u00f3n desde que usted empez\u00f3?<\/strong><\/p>\n<p>Los cambios han sido espectaculares en todos los aspectos. La sociedad ha cambiado y en consecuencia nuestra profesi\u00f3n tambi\u00e9n. Por ejemplo, hemos dejado de ser una sociedad agr\u00edcola, nos hemos ido a la ciudad y hemos abandonado el mundo rural y eso afecta, no solo a que ya no necesitamos tantos veterinarios dedicados al ganado, sino a que ha cambiado la forma de llegar y aprender la profesi\u00f3n. Antes solo hab\u00eda 4 facultades y aprend\u00edamos sobre el terreno. Ahora tenemos 11 facultades p\u00fablicas y 4 privadas. Todas las p\u00fablicas est\u00e1n acreditadas por Europa y su nivel es muy alto, pero cabe decir que tenemos m\u00e1s facultadas que las recomendadas, que ser\u00edan 6 o 7, lo que puede provocar a la larga o no tan a la larga un desajuste entre oferta y demanda.<\/p>\n<p><strong>\u00bfY el perfil del profesional, c\u00f3mo ha cambiado?<\/strong><\/p>\n<p>Yo destacar\u00eda tres fen\u00f3menos: la veterinaria hoy es una profesi\u00f3n joven con todo el dinamismo que ello comporta; la veterinaria es una profesi\u00f3n feminizada algo com\u00fan a todas las profesiones sanitarias y, por \u00faltimo, ahora la veterinaria que predomina es la que se dedica a los animales de compa\u00f1\u00eda, es la vocaci\u00f3n mayoritaria porque el afecto, el sentimiento hacia los animales, tambi\u00e9n ha cambiado.<\/p>\n<p><strong>\u00bfEs esta una tendencia que puede volverse en contra de la profesi\u00f3n?<\/strong><\/p>\n<p>Pues en cierta medida s\u00ed, porque hay un exceso de especialistas en animales de compa\u00f1\u00eda y faltan en otras especialidades que si no cubrimos nosotros vendr\u00e1n profesionales de otros sectores y ocupar\u00e1n ese espacio. Esto puede pasar en el mundo ganadero, somos un pa\u00eds de ganaderos, somos los primeros productores europeos en cerdo y faltan veterinarios en el campo y en las instalaciones ganaderas.<\/p>\n<p>Tambi\u00e9n en otros campos, por ejemplo, las crisis sanitarias y alimentarias en Europa tambi\u00e9n son una oportunidad. El control de los alimentos en toda la cadena: granja, mataderos, transporte, transformaci\u00f3n de los alimentos o puntos de venta. Conceptos como zoonosis, epidemiologia, OneHealth, el cuidado del medioambiente, la deforestaci\u00f3n, los desequilibrios biol\u00f3gicos que provocan, en todos estos temas los veterinarios deben ser protagonistas y l\u00edderes porque tenemos formaci\u00f3n para ello y porque si no lo hacemos otros ocupar\u00e1n nuestro lugar.<\/p>\n<p><strong>\u00bfY c\u00f3mo lo hacemos?<\/strong><\/p>\n<p>Hay que comunicar, explicar qu\u00e9 hacemos, qu\u00e9 sabemos hacer y qu\u00e9 podemos hacer. Pero tambi\u00e9n escuchar, observar, saber qu\u00e9 piensa la gente, ver por d\u00f3nde van las tendencias y actuar en consecuencia. Estamos frente a una nueva realidad que nos ofrece muchas posibilidades el cambio clim\u00e1tico y sus efectos, la producci\u00f3n sostenible, el uso de antibi\u00f3ticos o fertilizantes, las exigencias de los consumidores de productos de calidad\u2026 Debemos que estar preparados y responder con eficacia.<\/p>\n","protected":false},"excerpt":{"rendered":"<p>Aprovechamos la presencia del profesor Juan Jos\u00e9 Badiola, catedr\u00e1tico em\u00e9rito de Patolog\u00eda Animal en la Facultad de Veterinaria de Zaragoza y director del Centro de Encefalopat\u00edas y Enfermedades Transmisibles Emergentes, para que nos explique a grandes rasgos los principales retos que tiene la veterinaria actual y futura, tema de la conferencia con la que inaugur\u00f3 [&hellip;]<\/p>\n","protected":false},"author":106,"featured_media":26341,"comment_status":"closed","ping_status":"closed","sticky":false,"template":"","format":"standard","meta":{"_monsterinsights_skip_tracking":false,"_monsterinsights_sitenote_active":false,"_monsterinsights_sitenote_note":"","_monsterinsights_sitenote_category":0,"_jetpack_memberships_contains_paid_content":false,"footnotes":""},"categories":[17],"tags":[186,187,221],"class_list":["post-26344","post","type-post","status-publish","format-standard","has-post-thumbnail","hentry","category-general","tag-accent","tag-accent-es","tag-entrevista-es"],"yoast_head":"<!-- This site is optimized with the Yoast SEO plugin v27.0 - https:\/\/yoast.com\/product\/yoast-seo-wordpress\/ -->\n<title>ENTREVISTA: Dr. Juan Jos\u00e9 Badiola - COVB - Col\u00b7legi Oficial de Veterinaris de Barcelona<\/title>\n<meta name=\"description\" content=\"Aprovechamos la presencia del profesor Juan Jos\u00e9 Badiola, catedr\u00e1tico em\u00e9rito de Patolog\u00eda Animal en la Facultad de Veterinaria de Zaragoza y director del\" \/>\n<meta name=\"robots\" content=\"index, follow, max-snippet:-1, max-image-preview:large, max-video-preview:-1\" \/>\n<link rel=\"canonical\" href=\"https:\/\/www.covb.cat\/es\/actualitat\/noticies\/general\/entrevista-dr-juan-jose-badiola\/\" \/>\n<meta property=\"og:locale\" content=\"es_ES\" \/>\n<meta property=\"og:type\" content=\"article\" \/>\n<meta property=\"og:title\" content=\"ENTREVISTA: Dr. Juan Jos\u00e9 Badiola - COVB - Col\u00b7legi Oficial de Veterinaris de Barcelona\" \/>\n<meta property=\"og:description\" content=\"Aprovechamos la presencia del profesor Juan Jos\u00e9 Badiola, catedr\u00e1tico em\u00e9rito de Patolog\u00eda Animal en la Facultad de Veterinaria de Zaragoza y director del\" \/>\n<meta property=\"og:url\" content=\"https:\/\/www.covb.cat\/es\/actualitat\/noticies\/general\/entrevista-dr-juan-jose-badiola\/\" \/>\n<meta property=\"og:site_name\" content=\"COVB\" \/>\n<meta property=\"article:publisher\" content=\"https:\/\/www.facebook.com\/COVBcat\/\" \/>\n<meta property=\"article:published_time\" content=\"2022-12-30T13:00:04+00:00\" \/>\n<meta property=\"article:modified_time\" content=\"2023-01-10T16:22:19+00:00\" \/>\n<meta property=\"og:image\" content=\"https:\/\/www.covb.cat\/wp-content\/uploads\/2022\/12\/ed1fe936-4ac2-c957-93d1-b1df77a3000b.png\" \/>\n\t<meta property=\"og:image:width\" content=\"175\" \/>\n\t<meta property=\"og:image:height\" content=\"175\" \/>\n\t<meta property=\"og:image:type\" content=\"image\/png\" \/>\n<meta name=\"twitter:card\" content=\"summary_large_image\" \/>\n<meta name=\"twitter:creator\" content=\"@COVBcat\" \/>\n<meta name=\"twitter:site\" content=\"@COVBcat\" \/>\n<meta name=\"twitter:label1\" content=\"Escrito por\" \/>\n\t<meta name=\"twitter:data1\" content=\"\" \/>\n\t<meta name=\"twitter:label2\" content=\"Tiempo de lectura\" \/>\n\t<meta name=\"twitter:data2\" content=\"3 minutos\" \/>\n<script type=\"application\/ld+json\" class=\"yoast-schema-graph\">{\"@context\":\"https:\/\/schema.org\",\"@graph\":[{\"@type\":\"Article\",\"@id\":\"https:\/\/www.covb.cat\/es\/actualitat\/noticies\/general\/entrevista-dr-juan-jose-badiola\/#article\",\"isPartOf\":{\"@id\":\"https:\/\/www.covb.cat\/es\/actualitat\/noticies\/general\/entrevista-dr-juan-jose-badiola\/\"},\"author\":{\"name\":\"\",\"@id\":\"\"},\"headline\":\"ENTREVISTA: Dr. Juan Jos\u00e9 Badiola\",\"datePublished\":\"2022-12-30T13:00:04+00:00\",\"dateModified\":\"2023-01-10T16:22:19+00:00\",\"mainEntityOfPage\":{\"@id\":\"https:\/\/www.covb.cat\/es\/actualitat\/noticies\/general\/entrevista-dr-juan-jose-badiola\/\"},\"wordCount\":554,\"publisher\":{\"@id\":\"https:\/\/www.covb.cat\/es\/#organization\"},\"image\":{\"@id\":\"https:\/\/www.covb.cat\/es\/actualitat\/noticies\/general\/entrevista-dr-juan-jose-badiola\/#primaryimage\"},\"thumbnailUrl\":\"https:\/\/www.covb.cat\/wp-content\/uploads\/2022\/12\/ed1fe936-4ac2-c957-93d1-b1df77a3000b.png\",\"keywords\":[\"Accent\",\"accent\",\"Entrevista\"],\"articleSection\":[\"General\"],\"inLanguage\":\"es\"},{\"@type\":\"WebPage\",\"@id\":\"https:\/\/www.covb.cat\/es\/actualitat\/noticies\/general\/entrevista-dr-juan-jose-badiola\/\",\"url\":\"https:\/\/www.covb.cat\/es\/actualitat\/noticies\/general\/entrevista-dr-juan-jose-badiola\/\",\"name\":\"ENTREVISTA: Dr. Juan Jos\u00e9 Badiola - COVB - Col\u00b7legi Oficial de Veterinaris de Barcelona\",\"isPartOf\":{\"@id\":\"https:\/\/www.covb.cat\/es\/#website\"},\"primaryImageOfPage\":{\"@id\":\"https:\/\/www.covb.cat\/es\/actualitat\/noticies\/general\/entrevista-dr-juan-jose-badiola\/#primaryimage\"},\"image\":{\"@id\":\"https:\/\/www.covb.cat\/es\/actualitat\/noticies\/general\/entrevista-dr-juan-jose-badiola\/#primaryimage\"},\"thumbnailUrl\":\"https:\/\/www.covb.cat\/wp-content\/uploads\/2022\/12\/ed1fe936-4ac2-c957-93d1-b1df77a3000b.png\",\"datePublished\":\"2022-12-30T13:00:04+00:00\",\"dateModified\":\"2023-01-10T16:22:19+00:00\",\"description\":\"Aprovechamos la presencia del profesor Juan Jos\u00e9 Badiola, catedr\u00e1tico em\u00e9rito de Patolog\u00eda Animal en la Facultad de Veterinaria de Zaragoza y director del\",\"breadcrumb\":{\"@id\":\"https:\/\/www.covb.cat\/es\/actualitat\/noticies\/general\/entrevista-dr-juan-jose-badiola\/#breadcrumb\"},\"inLanguage\":\"es\",\"potentialAction\":[{\"@type\":\"ReadAction\",\"target\":[\"https:\/\/www.covb.cat\/es\/actualitat\/noticies\/general\/entrevista-dr-juan-jose-badiola\/\"]}]},{\"@type\":\"ImageObject\",\"inLanguage\":\"es\",\"@id\":\"https:\/\/www.covb.cat\/es\/actualitat\/noticies\/general\/entrevista-dr-juan-jose-badiola\/#primaryimage\",\"url\":\"https:\/\/www.covb.cat\/wp-content\/uploads\/2022\/12\/ed1fe936-4ac2-c957-93d1-b1df77a3000b.png\",\"contentUrl\":\"https:\/\/www.covb.cat\/wp-content\/uploads\/2022\/12\/ed1fe936-4ac2-c957-93d1-b1df77a3000b.png\",\"width\":175,\"height\":175},{\"@type\":\"BreadcrumbList\",\"@id\":\"https:\/\/www.covb.cat\/es\/actualitat\/noticies\/general\/entrevista-dr-juan-jose-badiola\/#breadcrumb\",\"itemListElement\":[{\"@type\":\"ListItem\",\"position\":1,\"name\":\"Inici\",\"item\":\"https:\/\/www.covb.cat\/es\/\"},{\"@type\":\"ListItem\",\"position\":2,\"name\":\"ENTREVISTA: Dr. Juan Jos\u00e9 Badiola\"}]},{\"@type\":\"WebSite\",\"@id\":\"https:\/\/www.covb.cat\/es\/#website\",\"url\":\"https:\/\/www.covb.cat\/es\/\",\"name\":\"COVB\",\"description\":\"Col\u00b7legi Oficial de Veterinaris de Barcelona\",\"publisher\":{\"@id\":\"https:\/\/www.covb.cat\/es\/#organization\"},\"potentialAction\":[{\"@type\":\"SearchAction\",\"target\":{\"@type\":\"EntryPoint\",\"urlTemplate\":\"https:\/\/www.covb.cat\/es\/?s={search_term_string}\"},\"query-input\":{\"@type\":\"PropertyValueSpecification\",\"valueRequired\":true,\"valueName\":\"search_term_string\"}}],\"inLanguage\":\"es\"},{\"@type\":\"Organization\",\"@id\":\"https:\/\/www.covb.cat\/es\/#organization\",\"name\":\"COVB\",\"url\":\"https:\/\/www.covb.cat\/es\/\",\"logo\":{\"@type\":\"ImageObject\",\"inLanguage\":\"es\",\"@id\":\"https:\/\/www.covb.cat\/es\/#\/schema\/logo\/image\/\",\"url\":\"https:\/\/www.covb.cat\/wp-content\/uploads\/2018\/07\/favicon-covb.png\",\"contentUrl\":\"https:\/\/www.covb.cat\/wp-content\/uploads\/2018\/07\/favicon-covb.png\",\"width\":512,\"height\":512,\"caption\":\"COVB\"},\"image\":{\"@id\":\"https:\/\/www.covb.cat\/es\/#\/schema\/logo\/image\/\"},\"sameAs\":[\"https:\/\/www.facebook.com\/COVBcat\/\",\"https:\/\/x.com\/COVBcat\",\"https:\/\/www.youtube.com\/user\/covbcn\"]},{\"@type\":\"Person\",\"@id\":\"\"}]}<\/script>\n<!-- \/ Yoast SEO plugin. -->","yoast_head_json":{"title":"ENTREVISTA: Dr. Juan Jos\u00e9 Badiola - COVB - Col\u00b7legi Oficial de Veterinaris de Barcelona","description":"Aprovechamos la presencia del profesor Juan Jos\u00e9 Badiola, catedr\u00e1tico em\u00e9rito de Patolog\u00eda Animal en la Facultad de Veterinaria de Zaragoza y director del","robots":{"index":"index","follow":"follow","max-snippet":"max-snippet:-1","max-image-preview":"max-image-preview:large","max-video-preview":"max-video-preview:-1"},"canonical":"https:\/\/www.covb.cat\/es\/actualitat\/noticies\/general\/entrevista-dr-juan-jose-badiola\/","og_locale":"es_ES","og_type":"article","og_title":"ENTREVISTA: Dr. Juan Jos\u00e9 Badiola - COVB - Col\u00b7legi Oficial de Veterinaris de Barcelona","og_description":"Aprovechamos la presencia del profesor Juan Jos\u00e9 Badiola, catedr\u00e1tico em\u00e9rito de Patolog\u00eda Animal en la Facultad de Veterinaria de Zaragoza y director del","og_url":"https:\/\/www.covb.cat\/es\/actualitat\/noticies\/general\/entrevista-dr-juan-jose-badiola\/","og_site_name":"COVB","article_publisher":"https:\/\/www.facebook.com\/COVBcat\/","article_published_time":"2022-12-30T13:00:04+00:00","article_modified_time":"2023-01-10T16:22:19+00:00","og_image":[{"width":175,"height":175,"url":"https:\/\/www.covb.cat\/wp-content\/uploads\/2022\/12\/ed1fe936-4ac2-c957-93d1-b1df77a3000b.png","type":"image\/png"}],"twitter_card":"summary_large_image","twitter_creator":"@COVBcat","twitter_site":"@COVBcat","twitter_misc":{"Escrito por":"","Tiempo de lectura":"3 minutos"},"schema":{"@context":"https:\/\/schema.org","@graph":[{"@type":"Article","@id":"https:\/\/www.covb.cat\/es\/actualitat\/noticies\/general\/entrevista-dr-juan-jose-badiola\/#article","isPartOf":{"@id":"https:\/\/www.covb.cat\/es\/actualitat\/noticies\/general\/entrevista-dr-juan-jose-badiola\/"},"author":{"name":"","@id":""},"headline":"ENTREVISTA: Dr. Juan Jos\u00e9 Badiola","datePublished":"2022-12-30T13:00:04+00:00","dateModified":"2023-01-10T16:22:19+00:00","mainEntityOfPage":{"@id":"https:\/\/www.covb.cat\/es\/actualitat\/noticies\/general\/entrevista-dr-juan-jose-badiola\/"},"wordCount":554,"publisher":{"@id":"https:\/\/www.covb.cat\/es\/#organization"},"image":{"@id":"https:\/\/www.covb.cat\/es\/actualitat\/noticies\/general\/entrevista-dr-juan-jose-badiola\/#primaryimage"},"thumbnailUrl":"https:\/\/www.covb.cat\/wp-content\/uploads\/2022\/12\/ed1fe936-4ac2-c957-93d1-b1df77a3000b.png","keywords":["Accent","accent","Entrevista"],"articleSection":["General"],"inLanguage":"es"},{"@type":"WebPage","@id":"https:\/\/www.covb.cat\/es\/actualitat\/noticies\/general\/entrevista-dr-juan-jose-badiola\/","url":"https:\/\/www.covb.cat\/es\/actualitat\/noticies\/general\/entrevista-dr-juan-jose-badiola\/","name":"ENTREVISTA: Dr. Juan Jos\u00e9 Badiola - COVB - Col\u00b7legi Oficial de Veterinaris de Barcelona","isPartOf":{"@id":"https:\/\/www.covb.cat\/es\/#website"},"primaryImageOfPage":{"@id":"https:\/\/www.covb.cat\/es\/actualitat\/noticies\/general\/entrevista-dr-juan-jose-badiola\/#primaryimage"},"image":{"@id":"https:\/\/www.covb.cat\/es\/actualitat\/noticies\/general\/entrevista-dr-juan-jose-badiola\/#primaryimage"},"thumbnailUrl":"https:\/\/www.covb.cat\/wp-content\/uploads\/2022\/12\/ed1fe936-4ac2-c957-93d1-b1df77a3000b.png","datePublished":"2022-12-30T13:00:04+00:00","dateModified":"2023-01-10T16:22:19+00:00","description":"Aprovechamos la presencia del profesor Juan Jos\u00e9 Badiola, catedr\u00e1tico em\u00e9rito de Patolog\u00eda Animal en la Facultad de Veterinaria de Zaragoza y director del","breadcrumb":{"@id":"https:\/\/www.covb.cat\/es\/actualitat\/noticies\/general\/entrevista-dr-juan-jose-badiola\/#breadcrumb"},"inLanguage":"es","potentialAction":[{"@type":"ReadAction","target":["https:\/\/www.covb.cat\/es\/actualitat\/noticies\/general\/entrevista-dr-juan-jose-badiola\/"]}]},{"@type":"ImageObject","inLanguage":"es","@id":"https:\/\/www.covb.cat\/es\/actualitat\/noticies\/general\/entrevista-dr-juan-jose-badiola\/#primaryimage","url":"https:\/\/www.covb.cat\/wp-content\/uploads\/2022\/12\/ed1fe936-4ac2-c957-93d1-b1df77a3000b.png","contentUrl":"https:\/\/www.covb.cat\/wp-content\/uploads\/2022\/12\/ed1fe936-4ac2-c957-93d1-b1df77a3000b.png","width":175,"height":175},{"@type":"BreadcrumbList","@id":"https:\/\/www.covb.cat\/es\/actualitat\/noticies\/general\/entrevista-dr-juan-jose-badiola\/#breadcrumb","itemListElement":[{"@type":"ListItem","position":1,"name":"Inici","item":"https:\/\/www.covb.cat\/es\/"},{"@type":"ListItem","position":2,"name":"ENTREVISTA: Dr. Juan Jos\u00e9 Badiola"}]},{"@type":"WebSite","@id":"https:\/\/www.covb.cat\/es\/#website","url":"https:\/\/www.covb.cat\/es\/","name":"COVB","description":"Col\u00b7legi Oficial de Veterinaris de Barcelona","publisher":{"@id":"https:\/\/www.covb.cat\/es\/#organization"},"potentialAction":[{"@type":"SearchAction","target":{"@type":"EntryPoint","urlTemplate":"https:\/\/www.covb.cat\/es\/?s={search_term_string}"},"query-input":{"@type":"PropertyValueSpecification","valueRequired":true,"valueName":"search_term_string"}}],"inLanguage":"es"},{"@type":"Organization","@id":"https:\/\/www.covb.cat\/es\/#organization","name":"COVB","url":"https:\/\/www.covb.cat\/es\/","logo":{"@type":"ImageObject","inLanguage":"es","@id":"https:\/\/www.covb.cat\/es\/#\/schema\/logo\/image\/","url":"https:\/\/www.covb.cat\/wp-content\/uploads\/2018\/07\/favicon-covb.png","contentUrl":"https:\/\/www.covb.cat\/wp-content\/uploads\/2018\/07\/favicon-covb.png","width":512,"height":512,"caption":"COVB"},"image":{"@id":"https:\/\/www.covb.cat\/es\/#\/schema\/logo\/image\/"},"sameAs":["https:\/\/www.facebook.com\/COVBcat\/","https:\/\/x.com\/COVBcat","https:\/\/www.youtube.com\/user\/covbcn"]},{"@type":"Person","@id":""}]}},"jetpack_featured_media_url":"https:\/\/www.covb.cat\/wp-content\/uploads\/2022\/12\/ed1fe936-4ac2-c957-93d1-b1df77a3000b.png","jetpack_sharing_enabled":true,"_links":{"self":[{"href":"https:\/\/www.covb.cat\/es\/wp-json\/wp\/v2\/posts\/26344","targetHints":{"allow":["GET"]}}],"collection":[{"href":"https:\/\/www.covb.cat\/es\/wp-json\/wp\/v2\/posts"}],"about":[{"href":"https:\/\/www.covb.cat\/es\/wp-json\/wp\/v2\/types\/post"}],"author":[{"embeddable":true,"href":"https:\/\/www.covb.cat\/es\/wp-json\/wp\/v2\/users\/106"}],"replies":[{"embeddable":true,"href":"https:\/\/www.covb.cat\/es\/wp-json\/wp\/v2\/comments?post=26344"}],"version-history":[{"count":0,"href":"https:\/\/www.covb.cat\/es\/wp-json\/wp\/v2\/posts\/26344\/revisions"}],"wp:featuredmedia":[{"embeddable":true,"href":"https:\/\/www.covb.cat\/es\/wp-json\/wp\/v2\/media\/26341"}],"wp:attachment":[{"href":"https:\/\/www.covb.cat\/es\/wp-json\/wp\/v2\/media?parent=26344"}],"wp:term":[{"taxonomy":"category","embeddable":true,"href":"https:\/\/www.covb.cat\/es\/wp-json\/wp\/v2\/categories?post=26344"},{"taxonomy":"post_tag","embeddable":true,"href":"https:\/\/www.covb.cat\/es\/wp-json\/wp\/v2\/tags?post=26344"}],"curies":[{"name":"wp","href":"https:\/\/api.w.org\/{rel}","templated":true}]}}