{"id":26223,"date":"2022-12-28T09:32:36","date_gmt":"2022-12-28T08:32:36","guid":{"rendered":"https:\/\/www.covb.cat\/?p=26223"},"modified":"2023-10-25T11:16:15","modified_gmt":"2023-10-25T09:16:15","slug":"ana-boadas-sera-la-presentadora-de-los-premis-vets-2022","status":"publish","type":"post","link":"https:\/\/www.covb.cat\/es\/actualitat\/noticies\/general\/ana-boadas-sera-la-presentadora-de-los-premis-vets-2022\/","title":{"rendered":"Ana Boadas ser\u00e1 la presentadora de los Premis VETS 2022"},"content":{"rendered":"<p>La periodista, y actualmente co-presentadora del programa La Gran Confusi\u00f3n, Ana Boadas, ser\u00e1 la presentadora del acto de entrega de los Premis VETS 2022 que celebraremos el pr\u00f3ximo 15 de febrero de 2023 a las 19:00h en el Auditorio AXA en Avenida Diagonal, 547, de Barcelona.<\/p>\n<p>Si quieres asistir al acto y posterior c\u00f3ctel, puedes inscribirte y reservar plaza mediante <a href=\"https:\/\/forms.gle\/n8jz7QVyLdrQiRVaA\">este formulario<\/a>.<\/p>\n<p>&nbsp;<\/p>\n<h4><strong>Patrocinadores:<\/strong><\/h4>\n<p>&nbsp;<\/p>\n<p><a href=\"https:\/\/www.gepork.es\/\" target=\"_blank\" rel=\"noopener\"><img loading=\"lazy\" decoding=\"async\" class=\"alignnone wp-image-15815\" src=\"https:\/\/www.covb.cat\/wp-content\/uploads\/2021\/10\/Grup-GEPORK.png\" alt=\"\" width=\"231\" height=\"144\" \/><\/a>\u00a0 \u00a0 \u00a0 <img loading=\"lazy\" decoding=\"async\" class=\"alignnone wp-image-16173\" src=\"https:\/\/www.covb.cat\/wp-content\/uploads\/2022\/01\/msd_ah_rgb_pos.png\" alt=\"\" width=\"393\" height=\"196\" \/><\/p>\n<p>&nbsp;<\/p>\n<p><img loading=\"lazy\" decoding=\"async\" class=\"alignnone wp-image-15816\" src=\"https:\/\/www.covb.cat\/wp-content\/uploads\/2021\/10\/LOGO-LETIPHARMA-RGB_Junio21.png\" alt=\"\" width=\"134\" height=\"47\" \/><\/p>\n","protected":false},"excerpt":{"rendered":"<p>La periodista, y actualmente co-presentadora del programa La Gran Confusi\u00f3n, Ana Boadas, ser\u00e1 la presentadora del acto de entrega de los Premis VETS 2022 que celebraremos el pr\u00f3ximo 15 de febrero de 2023 a las 19:00h en el Auditorio AXA en Avenida Diagonal, 547, de Barcelona. Si quieres asistir al acto y posterior c\u00f3ctel, puedes [&hellip;]<\/p>\n","protected":false},"author":106,"featured_media":26152,"comment_status":"closed","ping_status":"closed","sticky":false,"template":"","format":"standard","meta":{"_monsterinsights_skip_tracking":false,"_monsterinsights_sitenote_active":false,"_monsterinsights_sitenote_note":"","_monsterinsights_sitenote_category":0,"_jetpack_memberships_contains_paid_content":false,"footnotes":""},"categories":[138,17],"tags":[257,247],"class_list":["post-26223","post","type-post","status-publish","format-standard","has-post-thumbnail","hentry","category-corporativo","category-general","tag-eventos","tag-premisvets2022-es"],"yoast_head":"<!-- This site is optimized with the Yoast SEO plugin v27.0 - https:\/\/yoast.com\/product\/yoast-seo-wordpress\/ -->\n<title>Ana Boadas ser\u00e1 la presentadora de los Premis VETS 2022 - COVB - Col\u00b7legi Oficial de Veterinaris de Barcelona<\/title>\n<meta name=\"description\" content=\"La periodista, y actualmente co-presentadora del programa La Gran Confusi\u00f3n, Ana Boadas, ser\u00e1 la presentadora del acto de entrega de los Premis VETS 2022\" \/>\n<meta name=\"robots\" content=\"index, follow, max-snippet:-1, max-image-preview:large, max-video-preview:-1\" \/>\n<link rel=\"canonical\" href=\"https:\/\/www.covb.cat\/es\/actualitat\/noticies\/general\/ana-boadas-sera-la-presentadora-de-los-premis-vets-2022\/\" \/>\n<meta property=\"og:locale\" content=\"es_ES\" \/>\n<meta property=\"og:type\" content=\"article\" \/>\n<meta property=\"og:title\" content=\"Ana Boadas ser\u00e1 la presentadora de los Premis VETS 2022 - COVB - Col\u00b7legi Oficial de Veterinaris de Barcelona\" \/>\n<meta property=\"og:description\" content=\"La periodista, y actualmente co-presentadora del programa La Gran Confusi\u00f3n, Ana Boadas, ser\u00e1 la presentadora del acto de entrega de los Premis VETS 2022\" \/>\n<meta property=\"og:url\" content=\"https:\/\/www.covb.cat\/es\/actualitat\/noticies\/general\/ana-boadas-sera-la-presentadora-de-los-premis-vets-2022\/\" \/>\n<meta property=\"og:site_name\" content=\"COVB\" \/>\n<meta property=\"article:publisher\" content=\"https:\/\/www.facebook.com\/COVBcat\/\" \/>\n<meta property=\"article:published_time\" content=\"2022-12-28T08:32:36+00:00\" \/>\n<meta property=\"article:modified_time\" content=\"2023-10-25T09:16:15+00:00\" \/>\n<meta property=\"og:image\" content=\"https:\/\/www.covb.cat\/wp-content\/uploads\/2022\/12\/35ff53eb-a152-0016-3bae-c7f67af90e70.jpg\" \/>\n\t<meta property=\"og:image:width\" content=\"746\" \/>\n\t<meta property=\"og:image:height\" content=\"510\" \/>\n\t<meta property=\"og:image:type\" content=\"image\/jpeg\" \/>\n<meta name=\"twitter:card\" content=\"summary_large_image\" \/>\n<meta name=\"twitter:creator\" content=\"@COVBcat\" \/>\n<meta name=\"twitter:site\" content=\"@COVBcat\" \/>\n<meta name=\"twitter:label1\" content=\"Escrito por\" \/>\n\t<meta name=\"twitter:data1\" content=\"\" \/>\n\t<meta name=\"twitter:label2\" content=\"Tiempo de lectura\" \/>\n\t<meta name=\"twitter:data2\" content=\"1 minuto\" \/>\n<script type=\"application\/ld+json\" class=\"yoast-schema-graph\">{\"@context\":\"https:\/\/schema.org\",\"@graph\":[{\"@type\":\"Article\",\"@id\":\"https:\/\/www.covb.cat\/es\/actualitat\/noticies\/general\/ana-boadas-sera-la-presentadora-de-los-premis-vets-2022\/#article\",\"isPartOf\":{\"@id\":\"https:\/\/www.covb.cat\/es\/actualitat\/noticies\/general\/ana-boadas-sera-la-presentadora-de-los-premis-vets-2022\/\"},\"author\":{\"name\":\"\",\"@id\":\"\"},\"headline\":\"Ana Boadas ser\u00e1 la presentadora de los Premis VETS 2022\",\"datePublished\":\"2022-12-28T08:32:36+00:00\",\"dateModified\":\"2023-10-25T09:16:15+00:00\",\"mainEntityOfPage\":{\"@id\":\"https:\/\/www.covb.cat\/es\/actualitat\/noticies\/general\/ana-boadas-sera-la-presentadora-de-los-premis-vets-2022\/\"},\"wordCount\":74,\"publisher\":{\"@id\":\"https:\/\/www.covb.cat\/es\/#organization\"},\"image\":{\"@id\":\"https:\/\/www.covb.cat\/es\/actualitat\/noticies\/general\/ana-boadas-sera-la-presentadora-de-los-premis-vets-2022\/#primaryimage\"},\"thumbnailUrl\":\"https:\/\/www.covb.cat\/wp-content\/uploads\/2022\/12\/35ff53eb-a152-0016-3bae-c7f67af90e70.jpg\",\"keywords\":[\"eventos\",\"Premis Vets 2022\"],\"articleSection\":[\"Corporativo\",\"General\"],\"inLanguage\":\"es\"},{\"@type\":\"WebPage\",\"@id\":\"https:\/\/www.covb.cat\/es\/actualitat\/noticies\/general\/ana-boadas-sera-la-presentadora-de-los-premis-vets-2022\/\",\"url\":\"https:\/\/www.covb.cat\/es\/actualitat\/noticies\/general\/ana-boadas-sera-la-presentadora-de-los-premis-vets-2022\/\",\"name\":\"Ana Boadas ser\u00e1 la presentadora de los Premis VETS 2022 - COVB - Col\u00b7legi Oficial de Veterinaris de Barcelona\",\"isPartOf\":{\"@id\":\"https:\/\/www.covb.cat\/es\/#website\"},\"primaryImageOfPage\":{\"@id\":\"https:\/\/www.covb.cat\/es\/actualitat\/noticies\/general\/ana-boadas-sera-la-presentadora-de-los-premis-vets-2022\/#primaryimage\"},\"image\":{\"@id\":\"https:\/\/www.covb.cat\/es\/actualitat\/noticies\/general\/ana-boadas-sera-la-presentadora-de-los-premis-vets-2022\/#primaryimage\"},\"thumbnailUrl\":\"https:\/\/www.covb.cat\/wp-content\/uploads\/2022\/12\/35ff53eb-a152-0016-3bae-c7f67af90e70.jpg\",\"datePublished\":\"2022-12-28T08:32:36+00:00\",\"dateModified\":\"2023-10-25T09:16:15+00:00\",\"description\":\"La periodista, y actualmente co-presentadora del programa La Gran Confusi\u00f3n, Ana Boadas, ser\u00e1 la presentadora del acto de entrega de los Premis VETS 2022\",\"breadcrumb\":{\"@id\":\"https:\/\/www.covb.cat\/es\/actualitat\/noticies\/general\/ana-boadas-sera-la-presentadora-de-los-premis-vets-2022\/#breadcrumb\"},\"inLanguage\":\"es\",\"potentialAction\":[{\"@type\":\"ReadAction\",\"target\":[\"https:\/\/www.covb.cat\/es\/actualitat\/noticies\/general\/ana-boadas-sera-la-presentadora-de-los-premis-vets-2022\/\"]}]},{\"@type\":\"ImageObject\",\"inLanguage\":\"es\",\"@id\":\"https:\/\/www.covb.cat\/es\/actualitat\/noticies\/general\/ana-boadas-sera-la-presentadora-de-los-premis-vets-2022\/#primaryimage\",\"url\":\"https:\/\/www.covb.cat\/wp-content\/uploads\/2022\/12\/35ff53eb-a152-0016-3bae-c7f67af90e70.jpg\",\"contentUrl\":\"https:\/\/www.covb.cat\/wp-content\/uploads\/2022\/12\/35ff53eb-a152-0016-3bae-c7f67af90e70.jpg\",\"width\":746,\"height\":510},{\"@type\":\"BreadcrumbList\",\"@id\":\"https:\/\/www.covb.cat\/es\/actualitat\/noticies\/general\/ana-boadas-sera-la-presentadora-de-los-premis-vets-2022\/#breadcrumb\",\"itemListElement\":[{\"@type\":\"ListItem\",\"position\":1,\"name\":\"Inici\",\"item\":\"https:\/\/www.covb.cat\/es\/\"},{\"@type\":\"ListItem\",\"position\":2,\"name\":\"Ana Boadas ser\u00e1 la presentadora de los Premis VETS 2022\"}]},{\"@type\":\"WebSite\",\"@id\":\"https:\/\/www.covb.cat\/es\/#website\",\"url\":\"https:\/\/www.covb.cat\/es\/\",\"name\":\"COVB\",\"description\":\"Col\u00b7legi Oficial de Veterinaris de Barcelona\",\"publisher\":{\"@id\":\"https:\/\/www.covb.cat\/es\/#organization\"},\"potentialAction\":[{\"@type\":\"SearchAction\",\"target\":{\"@type\":\"EntryPoint\",\"urlTemplate\":\"https:\/\/www.covb.cat\/es\/?s={search_term_string}\"},\"query-input\":{\"@type\":\"PropertyValueSpecification\",\"valueRequired\":true,\"valueName\":\"search_term_string\"}}],\"inLanguage\":\"es\"},{\"@type\":\"Organization\",\"@id\":\"https:\/\/www.covb.cat\/es\/#organization\",\"name\":\"COVB\",\"url\":\"https:\/\/www.covb.cat\/es\/\",\"logo\":{\"@type\":\"ImageObject\",\"inLanguage\":\"es\",\"@id\":\"https:\/\/www.covb.cat\/es\/#\/schema\/logo\/image\/\",\"url\":\"https:\/\/www.covb.cat\/wp-content\/uploads\/2018\/07\/favicon-covb.png\",\"contentUrl\":\"https:\/\/www.covb.cat\/wp-content\/uploads\/2018\/07\/favicon-covb.png\",\"width\":512,\"height\":512,\"caption\":\"COVB\"},\"image\":{\"@id\":\"https:\/\/www.covb.cat\/es\/#\/schema\/logo\/image\/\"},\"sameAs\":[\"https:\/\/www.facebook.com\/COVBcat\/\",\"https:\/\/x.com\/COVBcat\",\"https:\/\/www.youtube.com\/user\/covbcn\"]},{\"@type\":\"Person\",\"@id\":\"\"}]}<\/script>\n<!-- \/ Yoast SEO plugin. -->","yoast_head_json":{"title":"Ana Boadas ser\u00e1 la presentadora de los Premis VETS 2022 - COVB - Col\u00b7legi Oficial de Veterinaris de Barcelona","description":"La periodista, y actualmente co-presentadora del programa La Gran Confusi\u00f3n, Ana Boadas, ser\u00e1 la presentadora del acto de entrega de los Premis VETS 2022","robots":{"index":"index","follow":"follow","max-snippet":"max-snippet:-1","max-image-preview":"max-image-preview:large","max-video-preview":"max-video-preview:-1"},"canonical":"https:\/\/www.covb.cat\/es\/actualitat\/noticies\/general\/ana-boadas-sera-la-presentadora-de-los-premis-vets-2022\/","og_locale":"es_ES","og_type":"article","og_title":"Ana Boadas ser\u00e1 la presentadora de los Premis VETS 2022 - COVB - Col\u00b7legi Oficial de Veterinaris de Barcelona","og_description":"La periodista, y actualmente co-presentadora del programa La Gran Confusi\u00f3n, Ana Boadas, ser\u00e1 la presentadora del acto de entrega de los Premis VETS 2022","og_url":"https:\/\/www.covb.cat\/es\/actualitat\/noticies\/general\/ana-boadas-sera-la-presentadora-de-los-premis-vets-2022\/","og_site_name":"COVB","article_publisher":"https:\/\/www.facebook.com\/COVBcat\/","article_published_time":"2022-12-28T08:32:36+00:00","article_modified_time":"2023-10-25T09:16:15+00:00","og_image":[{"width":746,"height":510,"url":"https:\/\/www.covb.cat\/wp-content\/uploads\/2022\/12\/35ff53eb-a152-0016-3bae-c7f67af90e70.jpg","type":"image\/jpeg"}],"twitter_card":"summary_large_image","twitter_creator":"@COVBcat","twitter_site":"@COVBcat","twitter_misc":{"Escrito por":"","Tiempo de lectura":"1 minuto"},"schema":{"@context":"https:\/\/schema.org","@graph":[{"@type":"Article","@id":"https:\/\/www.covb.cat\/es\/actualitat\/noticies\/general\/ana-boadas-sera-la-presentadora-de-los-premis-vets-2022\/#article","isPartOf":{"@id":"https:\/\/www.covb.cat\/es\/actualitat\/noticies\/general\/ana-boadas-sera-la-presentadora-de-los-premis-vets-2022\/"},"author":{"name":"","@id":""},"headline":"Ana Boadas ser\u00e1 la presentadora de los Premis VETS 2022","datePublished":"2022-12-28T08:32:36+00:00","dateModified":"2023-10-25T09:16:15+00:00","mainEntityOfPage":{"@id":"https:\/\/www.covb.cat\/es\/actualitat\/noticies\/general\/ana-boadas-sera-la-presentadora-de-los-premis-vets-2022\/"},"wordCount":74,"publisher":{"@id":"https:\/\/www.covb.cat\/es\/#organization"},"image":{"@id":"https:\/\/www.covb.cat\/es\/actualitat\/noticies\/general\/ana-boadas-sera-la-presentadora-de-los-premis-vets-2022\/#primaryimage"},"thumbnailUrl":"https:\/\/www.covb.cat\/wp-content\/uploads\/2022\/12\/35ff53eb-a152-0016-3bae-c7f67af90e70.jpg","keywords":["eventos","Premis Vets 2022"],"articleSection":["Corporativo","General"],"inLanguage":"es"},{"@type":"WebPage","@id":"https:\/\/www.covb.cat\/es\/actualitat\/noticies\/general\/ana-boadas-sera-la-presentadora-de-los-premis-vets-2022\/","url":"https:\/\/www.covb.cat\/es\/actualitat\/noticies\/general\/ana-boadas-sera-la-presentadora-de-los-premis-vets-2022\/","name":"Ana Boadas ser\u00e1 la presentadora de los Premis VETS 2022 - COVB - Col\u00b7legi Oficial de Veterinaris de Barcelona","isPartOf":{"@id":"https:\/\/www.covb.cat\/es\/#website"},"primaryImageOfPage":{"@id":"https:\/\/www.covb.cat\/es\/actualitat\/noticies\/general\/ana-boadas-sera-la-presentadora-de-los-premis-vets-2022\/#primaryimage"},"image":{"@id":"https:\/\/www.covb.cat\/es\/actualitat\/noticies\/general\/ana-boadas-sera-la-presentadora-de-los-premis-vets-2022\/#primaryimage"},"thumbnailUrl":"https:\/\/www.covb.cat\/wp-content\/uploads\/2022\/12\/35ff53eb-a152-0016-3bae-c7f67af90e70.jpg","datePublished":"2022-12-28T08:32:36+00:00","dateModified":"2023-10-25T09:16:15+00:00","description":"La periodista, y actualmente co-presentadora del programa La Gran Confusi\u00f3n, Ana Boadas, ser\u00e1 la presentadora del acto de entrega de los Premis VETS 2022","breadcrumb":{"@id":"https:\/\/www.covb.cat\/es\/actualitat\/noticies\/general\/ana-boadas-sera-la-presentadora-de-los-premis-vets-2022\/#breadcrumb"},"inLanguage":"es","potentialAction":[{"@type":"ReadAction","target":["https:\/\/www.covb.cat\/es\/actualitat\/noticies\/general\/ana-boadas-sera-la-presentadora-de-los-premis-vets-2022\/"]}]},{"@type":"ImageObject","inLanguage":"es","@id":"https:\/\/www.covb.cat\/es\/actualitat\/noticies\/general\/ana-boadas-sera-la-presentadora-de-los-premis-vets-2022\/#primaryimage","url":"https:\/\/www.covb.cat\/wp-content\/uploads\/2022\/12\/35ff53eb-a152-0016-3bae-c7f67af90e70.jpg","contentUrl":"https:\/\/www.covb.cat\/wp-content\/uploads\/2022\/12\/35ff53eb-a152-0016-3bae-c7f67af90e70.jpg","width":746,"height":510},{"@type":"BreadcrumbList","@id":"https:\/\/www.covb.cat\/es\/actualitat\/noticies\/general\/ana-boadas-sera-la-presentadora-de-los-premis-vets-2022\/#breadcrumb","itemListElement":[{"@type":"ListItem","position":1,"name":"Inici","item":"https:\/\/www.covb.cat\/es\/"},{"@type":"ListItem","position":2,"name":"Ana Boadas ser\u00e1 la presentadora de los Premis VETS 2022"}]},{"@type":"WebSite","@id":"https:\/\/www.covb.cat\/es\/#website","url":"https:\/\/www.covb.cat\/es\/","name":"COVB","description":"Col\u00b7legi Oficial de Veterinaris de Barcelona","publisher":{"@id":"https:\/\/www.covb.cat\/es\/#organization"},"potentialAction":[{"@type":"SearchAction","target":{"@type":"EntryPoint","urlTemplate":"https:\/\/www.covb.cat\/es\/?s={search_term_string}"},"query-input":{"@type":"PropertyValueSpecification","valueRequired":true,"valueName":"search_term_string"}}],"inLanguage":"es"},{"@type":"Organization","@id":"https:\/\/www.covb.cat\/es\/#organization","name":"COVB","url":"https:\/\/www.covb.cat\/es\/","logo":{"@type":"ImageObject","inLanguage":"es","@id":"https:\/\/www.covb.cat\/es\/#\/schema\/logo\/image\/","url":"https:\/\/www.covb.cat\/wp-content\/uploads\/2018\/07\/favicon-covb.png","contentUrl":"https:\/\/www.covb.cat\/wp-content\/uploads\/2018\/07\/favicon-covb.png","width":512,"height":512,"caption":"COVB"},"image":{"@id":"https:\/\/www.covb.cat\/es\/#\/schema\/logo\/image\/"},"sameAs":["https:\/\/www.facebook.com\/COVBcat\/","https:\/\/x.com\/COVBcat","https:\/\/www.youtube.com\/user\/covbcn"]},{"@type":"Person","@id":""}]}},"jetpack_featured_media_url":"https:\/\/www.covb.cat\/wp-content\/uploads\/2022\/12\/35ff53eb-a152-0016-3bae-c7f67af90e70.jpg","jetpack_sharing_enabled":true,"_links":{"self":[{"href":"https:\/\/www.covb.cat\/es\/wp-json\/wp\/v2\/posts\/26223","targetHints":{"allow":["GET"]}}],"collection":[{"href":"https:\/\/www.covb.cat\/es\/wp-json\/wp\/v2\/posts"}],"about":[{"href":"https:\/\/www.covb.cat\/es\/wp-json\/wp\/v2\/types\/post"}],"author":[{"embeddable":true,"href":"https:\/\/www.covb.cat\/es\/wp-json\/wp\/v2\/users\/106"}],"replies":[{"embeddable":true,"href":"https:\/\/www.covb.cat\/es\/wp-json\/wp\/v2\/comments?post=26223"}],"version-history":[{"count":0,"href":"https:\/\/www.covb.cat\/es\/wp-json\/wp\/v2\/posts\/26223\/revisions"}],"wp:featuredmedia":[{"embeddable":true,"href":"https:\/\/www.covb.cat\/es\/wp-json\/wp\/v2\/media\/26152"}],"wp:attachment":[{"href":"https:\/\/www.covb.cat\/es\/wp-json\/wp\/v2\/media?parent=26223"}],"wp:term":[{"taxonomy":"category","embeddable":true,"href":"https:\/\/www.covb.cat\/es\/wp-json\/wp\/v2\/categories?post=26223"},{"taxonomy":"post_tag","embeddable":true,"href":"https:\/\/www.covb.cat\/es\/wp-json\/wp\/v2\/tags?post=26223"}],"curies":[{"name":"wp","href":"https:\/\/api.w.org\/{rel}","templated":true}]}}