{"id":26021,"date":"2022-12-21T11:50:19","date_gmt":"2022-12-21T10:50:19","guid":{"rendered":"https:\/\/www.covb.cat\/?p=26021"},"modified":"2023-02-06T20:46:48","modified_gmt":"2023-02-06T19:46:48","slug":"nuevo-decreto-sobre-el-uso-sostenible-de-antibioticos","status":"publish","type":"post","link":"https:\/\/www.covb.cat\/es\/actualitat\/noticies\/general\/nuevo-decreto-sobre-el-uso-sostenible-de-antibioticos\/","title":{"rendered":"Nuevo decreto sobre el uso sostenible de antibi\u00f3ticos"},"content":{"rendered":"<p>El Real Decreto 992\/2022, publicado el 15 de diciembre de 2022 en el BOE, establece las medidas que deber\u00e1n tomar las explotaciones ganaderas para un uso sostenible de antibi\u00f3ticos. Es un Decreto que afecta a todas las especies ganaderas incluida la acuicultura. Las medidas que establece este Decreto deber\u00e1n aplicarse cuando entre en vigor el Decreto sobre el veterinario de explotaci\u00f3n que establecer\u00e1 un plan sanitario integral.<\/p>\n<p>Esta norma desarrolla la normativa europea de sanidad animal y medicamentos en Espa\u00f1a a\u00f1adiendo medidas adicionales para el sector ganadero porque tanto el volumen de medicamentos antimicrobianos comercializados como de cepas resistentes detectadas son superiores a la media europea.<\/p>\n<p><strong>Cada explotaci\u00f3n tendr\u00e1 acceso a su consumo medio de antibi\u00f3ticos<br \/>\n<\/strong>Cada titular de explotaci\u00f3n tendr\u00e1 acceso, a trav\u00e9s de la base de datos PRESVET, al c\u00e1lculo de su consumo habitual, expresado en mg de antibi\u00f3ticos utilizados. Este valor se calcular\u00e1 de forma autom\u00e1tica el d\u00eda 1 de cada trimestre en PRESVET a partir de las recetas prescritas. Se considera consumo habitual, el valor medio de antibi\u00f3ticos usados expresado en kg por unidad de referencia de la explotaci\u00f3n (UR), calculado a partir del valor del trimestre en curso y de los tres trimestres anteriores. El titular de la explotaci\u00f3n deber\u00e1 autorizar a su veterinario de explotaci\u00f3n el acceso a PRESVET para poder realizar la asesor\u00eda oportuna en materia de optimizaci\u00f3n del uso de antibi\u00f3ticos.<\/p>\n<p><strong>Publicaci\u00f3n del consumo medio de antibi\u00f3ticos en todo el Estado <\/strong><\/p>\n<p>El indicador de referencia espa\u00f1ol se publicar\u00e1 en el BOE como m\u00e1ximo el d\u00eda 1 de junio de cada a\u00f1o, y se establecer\u00e1 mediante una media ponderada de todos los consumos habituales anuales del a\u00f1o anterior, seg\u00fan la especie y la clasificaci\u00f3n zoot\u00e9cnica.<\/p>\n<p><strong>Actuaciones que deber\u00e1 realizar cada granja<\/strong><\/p>\n<p>Cada granja deber\u00e1 tomar determinadas medidas seg\u00fan sea su consumo medio respecto al consumo medio de todos el Estado:<\/p>\n<ul>\n<li>\u02c3 Inferior o 5% superior a la media estatal: no son necesarias medidas.<\/li>\n<li>\u02c3 5,1 &#8211; 25,9% superior a la media estatal: el veterinario de explotaci\u00f3n propondr\u00e1 unas medidas que quedar\u00e1n registradas en el Plan Sanitario Integral de la granja.<\/li>\n<li>\u02c3 26 &#8211; 50,9% superior a la media estatal: el veterinario de explotaci\u00f3n propondr\u00e1 determinadas medidas con objetivos de reducci\u00f3n. El titular de la explotaci\u00f3n deber\u00e1 enviar los resultados a la autoridad competente, que valorar\u00e1 las medidas.<\/li>\n<li>\u02c3 51 &#8211; 100% superior respecte a la media estatal: las mismas medidas anteriores. La autoridad competente valorar\u00e1 otras medidas de restricci\u00f3n de movimientos o suspensi\u00f3n de autorizaciones.<\/li>\n<\/ul>\n<p>Si se mantiene durante m\u00e1s de dos a\u00f1os el mismo rango, excepto que este sea 0 e inferior, se aplicar\u00e1n las medidas del rango superior. En las explotaciones con rango superior al 25%, en el caso de antibi\u00f3ticos de categor\u00eda B, se revisar\u00e1 la adecuaci\u00f3n de la legalidad de las prescripciones. El titular de la explotaci\u00f3n ser\u00e1 la persona responsable del cumplimiento de las medidas.<\/p>\n","protected":false},"excerpt":{"rendered":"<p>El Real Decreto 992\/2022, publicado el 15 de diciembre de 2022 en el BOE, establece las medidas que deber\u00e1n tomar las explotaciones ganaderas para un uso sostenible de antibi\u00f3ticos. Es un Decreto que afecta a todas las especies ganaderas incluida la acuicultura. Las medidas que establece este Decreto deber\u00e1n aplicarse cuando entre en vigor el [&hellip;]<\/p>\n","protected":false},"author":106,"featured_media":25889,"comment_status":"closed","ping_status":"closed","sticky":false,"template":"","format":"standard","meta":{"_monsterinsights_skip_tracking":false,"_monsterinsights_sitenote_active":false,"_monsterinsights_sitenote_note":"","_monsterinsights_sitenote_category":0,"_jetpack_memberships_contains_paid_content":false,"footnotes":""},"categories":[17,264],"tags":[],"class_list":["post-26021","post","type-post","status-publish","format-standard","has-post-thumbnail","hentry","category-general","category-salud-alimentaria"],"yoast_head":"<!-- This site is optimized with the Yoast SEO plugin v27.0 - https:\/\/yoast.com\/product\/yoast-seo-wordpress\/ -->\n<title>Nuevo decreto sobre el uso sostenible de antibi\u00f3ticos - COVB - Col\u00b7legi Oficial de Veterinaris de Barcelona<\/title>\n<meta name=\"description\" content=\"El Real Decreto 992\/2022, publicado el 15 de diciembre de 2022 en el BOE, establece las medidas que deber\u00e1n tomar las explotaciones ganaderas para un uso\" \/>\n<meta name=\"robots\" content=\"index, follow, max-snippet:-1, max-image-preview:large, max-video-preview:-1\" \/>\n<link rel=\"canonical\" href=\"https:\/\/www.covb.cat\/es\/actualitat\/noticies\/general\/nuevo-decreto-sobre-el-uso-sostenible-de-antibioticos\/\" \/>\n<meta property=\"og:locale\" content=\"es_ES\" \/>\n<meta property=\"og:type\" content=\"article\" \/>\n<meta property=\"og:title\" content=\"Nuevo decreto sobre el uso sostenible de antibi\u00f3ticos - COVB - Col\u00b7legi Oficial de Veterinaris de Barcelona\" \/>\n<meta property=\"og:description\" content=\"El Real Decreto 992\/2022, publicado el 15 de diciembre de 2022 en el BOE, establece las medidas que deber\u00e1n tomar las explotaciones ganaderas para un uso\" \/>\n<meta property=\"og:url\" content=\"https:\/\/www.covb.cat\/es\/actualitat\/noticies\/general\/nuevo-decreto-sobre-el-uso-sostenible-de-antibioticos\/\" \/>\n<meta property=\"og:site_name\" content=\"COVB\" \/>\n<meta property=\"article:publisher\" content=\"https:\/\/www.facebook.com\/COVBcat\/\" \/>\n<meta property=\"article:published_time\" content=\"2022-12-21T10:50:19+00:00\" \/>\n<meta property=\"article:modified_time\" content=\"2023-02-06T19:46:48+00:00\" \/>\n<meta property=\"og:image\" content=\"https:\/\/www.covb.cat\/wp-content\/uploads\/2022\/12\/antibiotic.jpg\" \/>\n\t<meta property=\"og:image:width\" content=\"640\" \/>\n\t<meta property=\"og:image:height\" content=\"427\" \/>\n\t<meta property=\"og:image:type\" content=\"image\/jpeg\" \/>\n<meta name=\"twitter:card\" content=\"summary_large_image\" \/>\n<meta name=\"twitter:creator\" content=\"@COVBcat\" \/>\n<meta name=\"twitter:site\" content=\"@COVBcat\" \/>\n<meta name=\"twitter:label1\" content=\"Escrito por\" \/>\n\t<meta name=\"twitter:data1\" content=\"\" \/>\n\t<meta name=\"twitter:label2\" content=\"Tiempo de lectura\" \/>\n\t<meta name=\"twitter:data2\" content=\"3 minutos\" \/>\n<script type=\"application\/ld+json\" class=\"yoast-schema-graph\">{\"@context\":\"https:\/\/schema.org\",\"@graph\":[{\"@type\":\"Article\",\"@id\":\"https:\/\/www.covb.cat\/es\/actualitat\/noticies\/general\/nuevo-decreto-sobre-el-uso-sostenible-de-antibioticos\/#article\",\"isPartOf\":{\"@id\":\"https:\/\/www.covb.cat\/es\/actualitat\/noticies\/general\/nuevo-decreto-sobre-el-uso-sostenible-de-antibioticos\/\"},\"author\":{\"name\":\"\",\"@id\":\"\"},\"headline\":\"Nuevo decreto sobre el uso sostenible de antibi\u00f3ticos\",\"datePublished\":\"2022-12-21T10:50:19+00:00\",\"dateModified\":\"2023-02-06T19:46:48+00:00\",\"mainEntityOfPage\":{\"@id\":\"https:\/\/www.covb.cat\/es\/actualitat\/noticies\/general\/nuevo-decreto-sobre-el-uso-sostenible-de-antibioticos\/\"},\"wordCount\":514,\"publisher\":{\"@id\":\"https:\/\/www.covb.cat\/es\/#organization\"},\"image\":{\"@id\":\"https:\/\/www.covb.cat\/es\/actualitat\/noticies\/general\/nuevo-decreto-sobre-el-uso-sostenible-de-antibioticos\/#primaryimage\"},\"thumbnailUrl\":\"https:\/\/www.covb.cat\/wp-content\/uploads\/2022\/12\/antibiotic.jpg\",\"articleSection\":[\"General\",\"Salud alimentaria\"],\"inLanguage\":\"es\"},{\"@type\":\"WebPage\",\"@id\":\"https:\/\/www.covb.cat\/es\/actualitat\/noticies\/general\/nuevo-decreto-sobre-el-uso-sostenible-de-antibioticos\/\",\"url\":\"https:\/\/www.covb.cat\/es\/actualitat\/noticies\/general\/nuevo-decreto-sobre-el-uso-sostenible-de-antibioticos\/\",\"name\":\"Nuevo decreto sobre el uso sostenible de antibi\u00f3ticos - COVB - Col\u00b7legi Oficial de Veterinaris de Barcelona\",\"isPartOf\":{\"@id\":\"https:\/\/www.covb.cat\/es\/#website\"},\"primaryImageOfPage\":{\"@id\":\"https:\/\/www.covb.cat\/es\/actualitat\/noticies\/general\/nuevo-decreto-sobre-el-uso-sostenible-de-antibioticos\/#primaryimage\"},\"image\":{\"@id\":\"https:\/\/www.covb.cat\/es\/actualitat\/noticies\/general\/nuevo-decreto-sobre-el-uso-sostenible-de-antibioticos\/#primaryimage\"},\"thumbnailUrl\":\"https:\/\/www.covb.cat\/wp-content\/uploads\/2022\/12\/antibiotic.jpg\",\"datePublished\":\"2022-12-21T10:50:19+00:00\",\"dateModified\":\"2023-02-06T19:46:48+00:00\",\"description\":\"El Real Decreto 992\/2022, publicado el 15 de diciembre de 2022 en el BOE, establece las medidas que deber\u00e1n tomar las explotaciones ganaderas para un uso\",\"breadcrumb\":{\"@id\":\"https:\/\/www.covb.cat\/es\/actualitat\/noticies\/general\/nuevo-decreto-sobre-el-uso-sostenible-de-antibioticos\/#breadcrumb\"},\"inLanguage\":\"es\",\"potentialAction\":[{\"@type\":\"ReadAction\",\"target\":[\"https:\/\/www.covb.cat\/es\/actualitat\/noticies\/general\/nuevo-decreto-sobre-el-uso-sostenible-de-antibioticos\/\"]}]},{\"@type\":\"ImageObject\",\"inLanguage\":\"es\",\"@id\":\"https:\/\/www.covb.cat\/es\/actualitat\/noticies\/general\/nuevo-decreto-sobre-el-uso-sostenible-de-antibioticos\/#primaryimage\",\"url\":\"https:\/\/www.covb.cat\/wp-content\/uploads\/2022\/12\/antibiotic.jpg\",\"contentUrl\":\"https:\/\/www.covb.cat\/wp-content\/uploads\/2022\/12\/antibiotic.jpg\",\"width\":640,\"height\":427},{\"@type\":\"BreadcrumbList\",\"@id\":\"https:\/\/www.covb.cat\/es\/actualitat\/noticies\/general\/nuevo-decreto-sobre-el-uso-sostenible-de-antibioticos\/#breadcrumb\",\"itemListElement\":[{\"@type\":\"ListItem\",\"position\":1,\"name\":\"Inici\",\"item\":\"https:\/\/www.covb.cat\/es\/\"},{\"@type\":\"ListItem\",\"position\":2,\"name\":\"Nuevo decreto sobre el uso sostenible de antibi\u00f3ticos\"}]},{\"@type\":\"WebSite\",\"@id\":\"https:\/\/www.covb.cat\/es\/#website\",\"url\":\"https:\/\/www.covb.cat\/es\/\",\"name\":\"COVB\",\"description\":\"Col\u00b7legi Oficial de Veterinaris de Barcelona\",\"publisher\":{\"@id\":\"https:\/\/www.covb.cat\/es\/#organization\"},\"potentialAction\":[{\"@type\":\"SearchAction\",\"target\":{\"@type\":\"EntryPoint\",\"urlTemplate\":\"https:\/\/www.covb.cat\/es\/?s={search_term_string}\"},\"query-input\":{\"@type\":\"PropertyValueSpecification\",\"valueRequired\":true,\"valueName\":\"search_term_string\"}}],\"inLanguage\":\"es\"},{\"@type\":\"Organization\",\"@id\":\"https:\/\/www.covb.cat\/es\/#organization\",\"name\":\"COVB\",\"url\":\"https:\/\/www.covb.cat\/es\/\",\"logo\":{\"@type\":\"ImageObject\",\"inLanguage\":\"es\",\"@id\":\"https:\/\/www.covb.cat\/es\/#\/schema\/logo\/image\/\",\"url\":\"https:\/\/www.covb.cat\/wp-content\/uploads\/2018\/07\/favicon-covb.png\",\"contentUrl\":\"https:\/\/www.covb.cat\/wp-content\/uploads\/2018\/07\/favicon-covb.png\",\"width\":512,\"height\":512,\"caption\":\"COVB\"},\"image\":{\"@id\":\"https:\/\/www.covb.cat\/es\/#\/schema\/logo\/image\/\"},\"sameAs\":[\"https:\/\/www.facebook.com\/COVBcat\/\",\"https:\/\/x.com\/COVBcat\",\"https:\/\/www.youtube.com\/user\/covbcn\"]},{\"@type\":\"Person\",\"@id\":\"\"}]}<\/script>\n<!-- \/ Yoast SEO plugin. -->","yoast_head_json":{"title":"Nuevo decreto sobre el uso sostenible de antibi\u00f3ticos - COVB - Col\u00b7legi Oficial de Veterinaris de Barcelona","description":"El Real Decreto 992\/2022, publicado el 15 de diciembre de 2022 en el BOE, establece las medidas que deber\u00e1n tomar las explotaciones ganaderas para un uso","robots":{"index":"index","follow":"follow","max-snippet":"max-snippet:-1","max-image-preview":"max-image-preview:large","max-video-preview":"max-video-preview:-1"},"canonical":"https:\/\/www.covb.cat\/es\/actualitat\/noticies\/general\/nuevo-decreto-sobre-el-uso-sostenible-de-antibioticos\/","og_locale":"es_ES","og_type":"article","og_title":"Nuevo decreto sobre el uso sostenible de antibi\u00f3ticos - COVB - Col\u00b7legi Oficial de Veterinaris de Barcelona","og_description":"El Real Decreto 992\/2022, publicado el 15 de diciembre de 2022 en el BOE, establece las medidas que deber\u00e1n tomar las explotaciones ganaderas para un uso","og_url":"https:\/\/www.covb.cat\/es\/actualitat\/noticies\/general\/nuevo-decreto-sobre-el-uso-sostenible-de-antibioticos\/","og_site_name":"COVB","article_publisher":"https:\/\/www.facebook.com\/COVBcat\/","article_published_time":"2022-12-21T10:50:19+00:00","article_modified_time":"2023-02-06T19:46:48+00:00","og_image":[{"width":640,"height":427,"url":"https:\/\/www.covb.cat\/wp-content\/uploads\/2022\/12\/antibiotic.jpg","type":"image\/jpeg"}],"twitter_card":"summary_large_image","twitter_creator":"@COVBcat","twitter_site":"@COVBcat","twitter_misc":{"Escrito por":"","Tiempo de lectura":"3 minutos"},"schema":{"@context":"https:\/\/schema.org","@graph":[{"@type":"Article","@id":"https:\/\/www.covb.cat\/es\/actualitat\/noticies\/general\/nuevo-decreto-sobre-el-uso-sostenible-de-antibioticos\/#article","isPartOf":{"@id":"https:\/\/www.covb.cat\/es\/actualitat\/noticies\/general\/nuevo-decreto-sobre-el-uso-sostenible-de-antibioticos\/"},"author":{"name":"","@id":""},"headline":"Nuevo decreto sobre el uso sostenible de antibi\u00f3ticos","datePublished":"2022-12-21T10:50:19+00:00","dateModified":"2023-02-06T19:46:48+00:00","mainEntityOfPage":{"@id":"https:\/\/www.covb.cat\/es\/actualitat\/noticies\/general\/nuevo-decreto-sobre-el-uso-sostenible-de-antibioticos\/"},"wordCount":514,"publisher":{"@id":"https:\/\/www.covb.cat\/es\/#organization"},"image":{"@id":"https:\/\/www.covb.cat\/es\/actualitat\/noticies\/general\/nuevo-decreto-sobre-el-uso-sostenible-de-antibioticos\/#primaryimage"},"thumbnailUrl":"https:\/\/www.covb.cat\/wp-content\/uploads\/2022\/12\/antibiotic.jpg","articleSection":["General","Salud alimentaria"],"inLanguage":"es"},{"@type":"WebPage","@id":"https:\/\/www.covb.cat\/es\/actualitat\/noticies\/general\/nuevo-decreto-sobre-el-uso-sostenible-de-antibioticos\/","url":"https:\/\/www.covb.cat\/es\/actualitat\/noticies\/general\/nuevo-decreto-sobre-el-uso-sostenible-de-antibioticos\/","name":"Nuevo decreto sobre el uso sostenible de antibi\u00f3ticos - COVB - Col\u00b7legi Oficial de Veterinaris de Barcelona","isPartOf":{"@id":"https:\/\/www.covb.cat\/es\/#website"},"primaryImageOfPage":{"@id":"https:\/\/www.covb.cat\/es\/actualitat\/noticies\/general\/nuevo-decreto-sobre-el-uso-sostenible-de-antibioticos\/#primaryimage"},"image":{"@id":"https:\/\/www.covb.cat\/es\/actualitat\/noticies\/general\/nuevo-decreto-sobre-el-uso-sostenible-de-antibioticos\/#primaryimage"},"thumbnailUrl":"https:\/\/www.covb.cat\/wp-content\/uploads\/2022\/12\/antibiotic.jpg","datePublished":"2022-12-21T10:50:19+00:00","dateModified":"2023-02-06T19:46:48+00:00","description":"El Real Decreto 992\/2022, publicado el 15 de diciembre de 2022 en el BOE, establece las medidas que deber\u00e1n tomar las explotaciones ganaderas para un uso","breadcrumb":{"@id":"https:\/\/www.covb.cat\/es\/actualitat\/noticies\/general\/nuevo-decreto-sobre-el-uso-sostenible-de-antibioticos\/#breadcrumb"},"inLanguage":"es","potentialAction":[{"@type":"ReadAction","target":["https:\/\/www.covb.cat\/es\/actualitat\/noticies\/general\/nuevo-decreto-sobre-el-uso-sostenible-de-antibioticos\/"]}]},{"@type":"ImageObject","inLanguage":"es","@id":"https:\/\/www.covb.cat\/es\/actualitat\/noticies\/general\/nuevo-decreto-sobre-el-uso-sostenible-de-antibioticos\/#primaryimage","url":"https:\/\/www.covb.cat\/wp-content\/uploads\/2022\/12\/antibiotic.jpg","contentUrl":"https:\/\/www.covb.cat\/wp-content\/uploads\/2022\/12\/antibiotic.jpg","width":640,"height":427},{"@type":"BreadcrumbList","@id":"https:\/\/www.covb.cat\/es\/actualitat\/noticies\/general\/nuevo-decreto-sobre-el-uso-sostenible-de-antibioticos\/#breadcrumb","itemListElement":[{"@type":"ListItem","position":1,"name":"Inici","item":"https:\/\/www.covb.cat\/es\/"},{"@type":"ListItem","position":2,"name":"Nuevo decreto sobre el uso sostenible de antibi\u00f3ticos"}]},{"@type":"WebSite","@id":"https:\/\/www.covb.cat\/es\/#website","url":"https:\/\/www.covb.cat\/es\/","name":"COVB","description":"Col\u00b7legi Oficial de Veterinaris de Barcelona","publisher":{"@id":"https:\/\/www.covb.cat\/es\/#organization"},"potentialAction":[{"@type":"SearchAction","target":{"@type":"EntryPoint","urlTemplate":"https:\/\/www.covb.cat\/es\/?s={search_term_string}"},"query-input":{"@type":"PropertyValueSpecification","valueRequired":true,"valueName":"search_term_string"}}],"inLanguage":"es"},{"@type":"Organization","@id":"https:\/\/www.covb.cat\/es\/#organization","name":"COVB","url":"https:\/\/www.covb.cat\/es\/","logo":{"@type":"ImageObject","inLanguage":"es","@id":"https:\/\/www.covb.cat\/es\/#\/schema\/logo\/image\/","url":"https:\/\/www.covb.cat\/wp-content\/uploads\/2018\/07\/favicon-covb.png","contentUrl":"https:\/\/www.covb.cat\/wp-content\/uploads\/2018\/07\/favicon-covb.png","width":512,"height":512,"caption":"COVB"},"image":{"@id":"https:\/\/www.covb.cat\/es\/#\/schema\/logo\/image\/"},"sameAs":["https:\/\/www.facebook.com\/COVBcat\/","https:\/\/x.com\/COVBcat","https:\/\/www.youtube.com\/user\/covbcn"]},{"@type":"Person","@id":""}]}},"jetpack_featured_media_url":"https:\/\/www.covb.cat\/wp-content\/uploads\/2022\/12\/antibiotic.jpg","jetpack_sharing_enabled":true,"_links":{"self":[{"href":"https:\/\/www.covb.cat\/es\/wp-json\/wp\/v2\/posts\/26021","targetHints":{"allow":["GET"]}}],"collection":[{"href":"https:\/\/www.covb.cat\/es\/wp-json\/wp\/v2\/posts"}],"about":[{"href":"https:\/\/www.covb.cat\/es\/wp-json\/wp\/v2\/types\/post"}],"author":[{"embeddable":true,"href":"https:\/\/www.covb.cat\/es\/wp-json\/wp\/v2\/users\/106"}],"replies":[{"embeddable":true,"href":"https:\/\/www.covb.cat\/es\/wp-json\/wp\/v2\/comments?post=26021"}],"version-history":[{"count":0,"href":"https:\/\/www.covb.cat\/es\/wp-json\/wp\/v2\/posts\/26021\/revisions"}],"wp:featuredmedia":[{"embeddable":true,"href":"https:\/\/www.covb.cat\/es\/wp-json\/wp\/v2\/media\/25889"}],"wp:attachment":[{"href":"https:\/\/www.covb.cat\/es\/wp-json\/wp\/v2\/media?parent=26021"}],"wp:term":[{"taxonomy":"category","embeddable":true,"href":"https:\/\/www.covb.cat\/es\/wp-json\/wp\/v2\/categories?post=26021"},{"taxonomy":"post_tag","embeddable":true,"href":"https:\/\/www.covb.cat\/es\/wp-json\/wp\/v2\/tags?post=26021"}],"curies":[{"name":"wp","href":"https:\/\/api.w.org\/{rel}","templated":true}]}}