{"id":2571,"date":"2020-09-16T12:17:15","date_gmt":"2020-09-16T10:17:15","guid":{"rendered":"https:\/\/www.covb.cat\/?p=2571"},"modified":"2020-09-16T12:17:15","modified_gmt":"2020-09-16T10:17:15","slug":"posibilidad-recogida-de-pedidos-en-el-covb","status":"publish","type":"post","link":"https:\/\/www.covb.cat\/es\/actualitat\/noticies\/general\/posibilidad-recogida-de-pedidos-en-el-covb\/","title":{"rendered":"Posibilidad recogida de pedidos en el COVB"},"content":{"rendered":"<p>En primer lugar, deseamos que todos los colegiados y colegiadas, y sus familias, est\u00e9n bien de salud.<\/p>\n<p>Como sab\u00e9is, desde el 11 de Mayo, la sede del COVB est\u00e1 abierta con los siguientes criterios:<\/p>\n<p>&#8211; Se sigue manteniendo el canal telef\u00f3nico (93.211.24.66) y de correo electr\u00f3nico (covb@covb.cat) como preferente para las gestiones y consultas colegiales.<\/p>\n<p>&#8211; La atenci\u00f3n presencial en la sede del COVB tendr\u00e1 el siguiente horario: 9-14 y 16-19 horas, y atendiendo a las disposiciones actuales tendr\u00e1 las siguientes caracter\u00edsticas:<\/p>\n<p>\u00b7 La atenci\u00f3n al colegiado ser\u00e1 exclusivamente con hora convenida (cita previa). Hay que reservar hora mediante la direcci\u00f3n covb@covb.cat<\/p>\n<p>\u00b7 Se reserva la franja horaria de 11 a 12 horas para la atenci\u00f3n a los colegiados de m\u00e1s de 65 a\u00f1os (igualmente con cita previa)<\/p>\n<p>\u00b7 Se destinar\u00e1 exclusivamente la planta baja de la sede del COVB para hacer la atenci\u00f3n presencial al colegiado (sin que esta zona tenga funciones de sala de espera)<\/p>\n<p>&#8211; Las consultas jur\u00eddicas se mantienen por v\u00eda correo electr\u00f3nico o telef\u00f3nico.<\/p>\n<p>&#8211; Las consultas laborales se mantienen con Sellar\u00e9s Asesores.<\/p>\n<p>&#8211; Las comunicaciones institucionales se mantienen v\u00eda el correo electr\u00f3nico presidencia@covb.cat<\/p>\n<p>&nbsp;<\/p>\n<p><strong>Como novedad, en el apartado de la venta de material, si bien se mantiene la prioridad de reparto de material por mensajer\u00eda, se habilita la franja horaria de 16 a 18 horas pues quien as\u00ed lo prefiera pueda pasar a recoger los pedidos a la sede del COVB, en el bien entendido de que se trata s\u00f3lo de que quien as\u00ed lo desee pueda recoger el pedido presencialmente (la realizaci\u00f3n de la misma debe ser previa).<\/strong><\/p>\n<p>Como veis, sigue manteniendo el objetivo de dar las m\u00e1ximas garant\u00edas de prevenci\u00f3n tanto de los colegiados como los trabajadores del COVB.<\/p>\n","protected":false},"excerpt":{"rendered":"<p>En primer lugar, deseamos que todos los colegiados y colegiadas, y sus familias, est\u00e9n bien de salud. Como sab\u00e9is, desde el 11 de Mayo, la sede del COVB est\u00e1 abierta con los siguientes criterios: &#8211; Se sigue manteniendo el canal telef\u00f3nico (93.211.24.66) y de correo electr\u00f3nico (covb@covb.cat) como preferente para las gestiones y consultas colegiales. [&hellip;]<\/p>\n","protected":false},"author":106,"featured_media":602,"comment_status":"closed","ping_status":"closed","sticky":false,"template":"","format":"standard","meta":{"_monsterinsights_skip_tracking":false,"_monsterinsights_sitenote_active":false,"_monsterinsights_sitenote_note":"","_monsterinsights_sitenote_category":0,"_jetpack_memberships_contains_paid_content":false,"footnotes":""},"categories":[17],"tags":[],"class_list":["post-2571","post","type-post","status-publish","format-standard","has-post-thumbnail","hentry","category-general"],"yoast_head":"<!-- This site is optimized with the Yoast SEO plugin v27.0 - https:\/\/yoast.com\/product\/yoast-seo-wordpress\/ -->\n<title>Posibilidad recogida de pedidos en el COVB - COVB - Col\u00b7legi Oficial de Veterinaris de Barcelona<\/title>\n<meta name=\"description\" content=\"En primer lugar, deseamos que todos los colegiados y colegiadas, y sus familias, est\u00e9n bien de salud. Como sab\u00e9is, desde el 11 de Mayo, la sede del COVB\" \/>\n<meta name=\"robots\" content=\"index, follow, max-snippet:-1, max-image-preview:large, max-video-preview:-1\" \/>\n<link rel=\"canonical\" href=\"https:\/\/www.covb.cat\/es\/actualitat\/noticies\/general\/posibilidad-recogida-de-pedidos-en-el-covb\/\" \/>\n<meta property=\"og:locale\" content=\"es_ES\" \/>\n<meta property=\"og:type\" content=\"article\" \/>\n<meta property=\"og:title\" content=\"Posibilidad recogida de pedidos en el COVB - COVB - Col\u00b7legi Oficial de Veterinaris de Barcelona\" \/>\n<meta property=\"og:description\" content=\"En primer lugar, deseamos que todos los colegiados y colegiadas, y sus familias, est\u00e9n bien de salud. Como sab\u00e9is, desde el 11 de Mayo, la sede del COVB\" \/>\n<meta property=\"og:url\" content=\"https:\/\/www.covb.cat\/es\/actualitat\/noticies\/general\/posibilidad-recogida-de-pedidos-en-el-covb\/\" \/>\n<meta property=\"og:site_name\" content=\"COVB\" \/>\n<meta property=\"article:publisher\" content=\"https:\/\/www.facebook.com\/COVBcat\/\" \/>\n<meta property=\"article:published_time\" content=\"2020-09-16T10:17:15+00:00\" \/>\n<meta property=\"og:image\" content=\"https:\/\/www.covb.cat\/wp-content\/uploads\/2019\/12\/logo-covb.jpg\" \/>\n\t<meta property=\"og:image:width\" content=\"900\" \/>\n\t<meta property=\"og:image:height\" content=\"400\" \/>\n\t<meta property=\"og:image:type\" content=\"image\/jpeg\" \/>\n<meta name=\"twitter:card\" content=\"summary_large_image\" \/>\n<meta name=\"twitter:creator\" content=\"@COVBcat\" \/>\n<meta name=\"twitter:site\" content=\"@COVBcat\" \/>\n<meta name=\"twitter:label1\" content=\"Escrito por\" \/>\n\t<meta name=\"twitter:data1\" content=\"\" \/>\n\t<meta name=\"twitter:label2\" content=\"Tiempo de lectura\" \/>\n\t<meta name=\"twitter:data2\" content=\"2 minutos\" \/>\n<script type=\"application\/ld+json\" class=\"yoast-schema-graph\">{\"@context\":\"https:\/\/schema.org\",\"@graph\":[{\"@type\":\"Article\",\"@id\":\"https:\/\/www.covb.cat\/es\/actualitat\/noticies\/general\/posibilidad-recogida-de-pedidos-en-el-covb\/#article\",\"isPartOf\":{\"@id\":\"https:\/\/www.covb.cat\/es\/actualitat\/noticies\/general\/posibilidad-recogida-de-pedidos-en-el-covb\/\"},\"author\":{\"name\":\"\",\"@id\":\"\"},\"headline\":\"Posibilidad recogida de pedidos en el COVB\",\"datePublished\":\"2020-09-16T10:17:15+00:00\",\"mainEntityOfPage\":{\"@id\":\"https:\/\/www.covb.cat\/es\/actualitat\/noticies\/general\/posibilidad-recogida-de-pedidos-en-el-covb\/\"},\"wordCount\":316,\"publisher\":{\"@id\":\"https:\/\/www.covb.cat\/es\/#organization\"},\"image\":{\"@id\":\"https:\/\/www.covb.cat\/es\/actualitat\/noticies\/general\/posibilidad-recogida-de-pedidos-en-el-covb\/#primaryimage\"},\"thumbnailUrl\":\"https:\/\/www.covb.cat\/wp-content\/uploads\/2019\/12\/logo-covb.jpg\",\"articleSection\":[\"General\"],\"inLanguage\":\"es\"},{\"@type\":\"WebPage\",\"@id\":\"https:\/\/www.covb.cat\/es\/actualitat\/noticies\/general\/posibilidad-recogida-de-pedidos-en-el-covb\/\",\"url\":\"https:\/\/www.covb.cat\/es\/actualitat\/noticies\/general\/posibilidad-recogida-de-pedidos-en-el-covb\/\",\"name\":\"Posibilidad recogida de pedidos en el COVB - COVB - Col\u00b7legi Oficial de Veterinaris de Barcelona\",\"isPartOf\":{\"@id\":\"https:\/\/www.covb.cat\/es\/#website\"},\"primaryImageOfPage\":{\"@id\":\"https:\/\/www.covb.cat\/es\/actualitat\/noticies\/general\/posibilidad-recogida-de-pedidos-en-el-covb\/#primaryimage\"},\"image\":{\"@id\":\"https:\/\/www.covb.cat\/es\/actualitat\/noticies\/general\/posibilidad-recogida-de-pedidos-en-el-covb\/#primaryimage\"},\"thumbnailUrl\":\"https:\/\/www.covb.cat\/wp-content\/uploads\/2019\/12\/logo-covb.jpg\",\"datePublished\":\"2020-09-16T10:17:15+00:00\",\"description\":\"En primer lugar, deseamos que todos los colegiados y colegiadas, y sus familias, est\u00e9n bien de salud. Como sab\u00e9is, desde el 11 de Mayo, la sede del COVB\",\"breadcrumb\":{\"@id\":\"https:\/\/www.covb.cat\/es\/actualitat\/noticies\/general\/posibilidad-recogida-de-pedidos-en-el-covb\/#breadcrumb\"},\"inLanguage\":\"es\",\"potentialAction\":[{\"@type\":\"ReadAction\",\"target\":[\"https:\/\/www.covb.cat\/es\/actualitat\/noticies\/general\/posibilidad-recogida-de-pedidos-en-el-covb\/\"]}]},{\"@type\":\"ImageObject\",\"inLanguage\":\"es\",\"@id\":\"https:\/\/www.covb.cat\/es\/actualitat\/noticies\/general\/posibilidad-recogida-de-pedidos-en-el-covb\/#primaryimage\",\"url\":\"https:\/\/www.covb.cat\/wp-content\/uploads\/2019\/12\/logo-covb.jpg\",\"contentUrl\":\"https:\/\/www.covb.cat\/wp-content\/uploads\/2019\/12\/logo-covb.jpg\",\"width\":900,\"height\":400},{\"@type\":\"BreadcrumbList\",\"@id\":\"https:\/\/www.covb.cat\/es\/actualitat\/noticies\/general\/posibilidad-recogida-de-pedidos-en-el-covb\/#breadcrumb\",\"itemListElement\":[{\"@type\":\"ListItem\",\"position\":1,\"name\":\"Inici\",\"item\":\"https:\/\/www.covb.cat\/es\/\"},{\"@type\":\"ListItem\",\"position\":2,\"name\":\"Posibilidad recogida de pedidos en el COVB\"}]},{\"@type\":\"WebSite\",\"@id\":\"https:\/\/www.covb.cat\/es\/#website\",\"url\":\"https:\/\/www.covb.cat\/es\/\",\"name\":\"COVB\",\"description\":\"Col\u00b7legi Oficial de Veterinaris de Barcelona\",\"publisher\":{\"@id\":\"https:\/\/www.covb.cat\/es\/#organization\"},\"potentialAction\":[{\"@type\":\"SearchAction\",\"target\":{\"@type\":\"EntryPoint\",\"urlTemplate\":\"https:\/\/www.covb.cat\/es\/?s={search_term_string}\"},\"query-input\":{\"@type\":\"PropertyValueSpecification\",\"valueRequired\":true,\"valueName\":\"search_term_string\"}}],\"inLanguage\":\"es\"},{\"@type\":\"Organization\",\"@id\":\"https:\/\/www.covb.cat\/es\/#organization\",\"name\":\"COVB\",\"url\":\"https:\/\/www.covb.cat\/es\/\",\"logo\":{\"@type\":\"ImageObject\",\"inLanguage\":\"es\",\"@id\":\"https:\/\/www.covb.cat\/es\/#\/schema\/logo\/image\/\",\"url\":\"https:\/\/www.covb.cat\/wp-content\/uploads\/2018\/07\/favicon-covb.png\",\"contentUrl\":\"https:\/\/www.covb.cat\/wp-content\/uploads\/2018\/07\/favicon-covb.png\",\"width\":512,\"height\":512,\"caption\":\"COVB\"},\"image\":{\"@id\":\"https:\/\/www.covb.cat\/es\/#\/schema\/logo\/image\/\"},\"sameAs\":[\"https:\/\/www.facebook.com\/COVBcat\/\",\"https:\/\/x.com\/COVBcat\",\"https:\/\/www.youtube.com\/user\/covbcn\"]},{\"@type\":\"Person\",\"@id\":\"\"}]}<\/script>\n<!-- \/ Yoast SEO plugin. -->","yoast_head_json":{"title":"Posibilidad recogida de pedidos en el COVB - COVB - Col\u00b7legi Oficial de Veterinaris de Barcelona","description":"En primer lugar, deseamos que todos los colegiados y colegiadas, y sus familias, est\u00e9n bien de salud. Como sab\u00e9is, desde el 11 de Mayo, la sede del COVB","robots":{"index":"index","follow":"follow","max-snippet":"max-snippet:-1","max-image-preview":"max-image-preview:large","max-video-preview":"max-video-preview:-1"},"canonical":"https:\/\/www.covb.cat\/es\/actualitat\/noticies\/general\/posibilidad-recogida-de-pedidos-en-el-covb\/","og_locale":"es_ES","og_type":"article","og_title":"Posibilidad recogida de pedidos en el COVB - COVB - Col\u00b7legi Oficial de Veterinaris de Barcelona","og_description":"En primer lugar, deseamos que todos los colegiados y colegiadas, y sus familias, est\u00e9n bien de salud. Como sab\u00e9is, desde el 11 de Mayo, la sede del COVB","og_url":"https:\/\/www.covb.cat\/es\/actualitat\/noticies\/general\/posibilidad-recogida-de-pedidos-en-el-covb\/","og_site_name":"COVB","article_publisher":"https:\/\/www.facebook.com\/COVBcat\/","article_published_time":"2020-09-16T10:17:15+00:00","og_image":[{"width":900,"height":400,"url":"https:\/\/www.covb.cat\/wp-content\/uploads\/2019\/12\/logo-covb.jpg","type":"image\/jpeg"}],"twitter_card":"summary_large_image","twitter_creator":"@COVBcat","twitter_site":"@COVBcat","twitter_misc":{"Escrito por":"","Tiempo de lectura":"2 minutos"},"schema":{"@context":"https:\/\/schema.org","@graph":[{"@type":"Article","@id":"https:\/\/www.covb.cat\/es\/actualitat\/noticies\/general\/posibilidad-recogida-de-pedidos-en-el-covb\/#article","isPartOf":{"@id":"https:\/\/www.covb.cat\/es\/actualitat\/noticies\/general\/posibilidad-recogida-de-pedidos-en-el-covb\/"},"author":{"name":"","@id":""},"headline":"Posibilidad recogida de pedidos en el COVB","datePublished":"2020-09-16T10:17:15+00:00","mainEntityOfPage":{"@id":"https:\/\/www.covb.cat\/es\/actualitat\/noticies\/general\/posibilidad-recogida-de-pedidos-en-el-covb\/"},"wordCount":316,"publisher":{"@id":"https:\/\/www.covb.cat\/es\/#organization"},"image":{"@id":"https:\/\/www.covb.cat\/es\/actualitat\/noticies\/general\/posibilidad-recogida-de-pedidos-en-el-covb\/#primaryimage"},"thumbnailUrl":"https:\/\/www.covb.cat\/wp-content\/uploads\/2019\/12\/logo-covb.jpg","articleSection":["General"],"inLanguage":"es"},{"@type":"WebPage","@id":"https:\/\/www.covb.cat\/es\/actualitat\/noticies\/general\/posibilidad-recogida-de-pedidos-en-el-covb\/","url":"https:\/\/www.covb.cat\/es\/actualitat\/noticies\/general\/posibilidad-recogida-de-pedidos-en-el-covb\/","name":"Posibilidad recogida de pedidos en el COVB - COVB - Col\u00b7legi Oficial de Veterinaris de Barcelona","isPartOf":{"@id":"https:\/\/www.covb.cat\/es\/#website"},"primaryImageOfPage":{"@id":"https:\/\/www.covb.cat\/es\/actualitat\/noticies\/general\/posibilidad-recogida-de-pedidos-en-el-covb\/#primaryimage"},"image":{"@id":"https:\/\/www.covb.cat\/es\/actualitat\/noticies\/general\/posibilidad-recogida-de-pedidos-en-el-covb\/#primaryimage"},"thumbnailUrl":"https:\/\/www.covb.cat\/wp-content\/uploads\/2019\/12\/logo-covb.jpg","datePublished":"2020-09-16T10:17:15+00:00","description":"En primer lugar, deseamos que todos los colegiados y colegiadas, y sus familias, est\u00e9n bien de salud. Como sab\u00e9is, desde el 11 de Mayo, la sede del COVB","breadcrumb":{"@id":"https:\/\/www.covb.cat\/es\/actualitat\/noticies\/general\/posibilidad-recogida-de-pedidos-en-el-covb\/#breadcrumb"},"inLanguage":"es","potentialAction":[{"@type":"ReadAction","target":["https:\/\/www.covb.cat\/es\/actualitat\/noticies\/general\/posibilidad-recogida-de-pedidos-en-el-covb\/"]}]},{"@type":"ImageObject","inLanguage":"es","@id":"https:\/\/www.covb.cat\/es\/actualitat\/noticies\/general\/posibilidad-recogida-de-pedidos-en-el-covb\/#primaryimage","url":"https:\/\/www.covb.cat\/wp-content\/uploads\/2019\/12\/logo-covb.jpg","contentUrl":"https:\/\/www.covb.cat\/wp-content\/uploads\/2019\/12\/logo-covb.jpg","width":900,"height":400},{"@type":"BreadcrumbList","@id":"https:\/\/www.covb.cat\/es\/actualitat\/noticies\/general\/posibilidad-recogida-de-pedidos-en-el-covb\/#breadcrumb","itemListElement":[{"@type":"ListItem","position":1,"name":"Inici","item":"https:\/\/www.covb.cat\/es\/"},{"@type":"ListItem","position":2,"name":"Posibilidad recogida de pedidos en el COVB"}]},{"@type":"WebSite","@id":"https:\/\/www.covb.cat\/es\/#website","url":"https:\/\/www.covb.cat\/es\/","name":"COVB","description":"Col\u00b7legi Oficial de Veterinaris de Barcelona","publisher":{"@id":"https:\/\/www.covb.cat\/es\/#organization"},"potentialAction":[{"@type":"SearchAction","target":{"@type":"EntryPoint","urlTemplate":"https:\/\/www.covb.cat\/es\/?s={search_term_string}"},"query-input":{"@type":"PropertyValueSpecification","valueRequired":true,"valueName":"search_term_string"}}],"inLanguage":"es"},{"@type":"Organization","@id":"https:\/\/www.covb.cat\/es\/#organization","name":"COVB","url":"https:\/\/www.covb.cat\/es\/","logo":{"@type":"ImageObject","inLanguage":"es","@id":"https:\/\/www.covb.cat\/es\/#\/schema\/logo\/image\/","url":"https:\/\/www.covb.cat\/wp-content\/uploads\/2018\/07\/favicon-covb.png","contentUrl":"https:\/\/www.covb.cat\/wp-content\/uploads\/2018\/07\/favicon-covb.png","width":512,"height":512,"caption":"COVB"},"image":{"@id":"https:\/\/www.covb.cat\/es\/#\/schema\/logo\/image\/"},"sameAs":["https:\/\/www.facebook.com\/COVBcat\/","https:\/\/x.com\/COVBcat","https:\/\/www.youtube.com\/user\/covbcn"]},{"@type":"Person","@id":""}]}},"jetpack_featured_media_url":"https:\/\/www.covb.cat\/wp-content\/uploads\/2019\/12\/logo-covb.jpg","jetpack_sharing_enabled":true,"_links":{"self":[{"href":"https:\/\/www.covb.cat\/es\/wp-json\/wp\/v2\/posts\/2571","targetHints":{"allow":["GET"]}}],"collection":[{"href":"https:\/\/www.covb.cat\/es\/wp-json\/wp\/v2\/posts"}],"about":[{"href":"https:\/\/www.covb.cat\/es\/wp-json\/wp\/v2\/types\/post"}],"author":[{"embeddable":true,"href":"https:\/\/www.covb.cat\/es\/wp-json\/wp\/v2\/users\/106"}],"replies":[{"embeddable":true,"href":"https:\/\/www.covb.cat\/es\/wp-json\/wp\/v2\/comments?post=2571"}],"version-history":[{"count":0,"href":"https:\/\/www.covb.cat\/es\/wp-json\/wp\/v2\/posts\/2571\/revisions"}],"wp:featuredmedia":[{"embeddable":true,"href":"https:\/\/www.covb.cat\/es\/wp-json\/wp\/v2\/media\/602"}],"wp:attachment":[{"href":"https:\/\/www.covb.cat\/es\/wp-json\/wp\/v2\/media?parent=2571"}],"wp:term":[{"taxonomy":"category","embeddable":true,"href":"https:\/\/www.covb.cat\/es\/wp-json\/wp\/v2\/categories?post=2571"},{"taxonomy":"post_tag","embeddable":true,"href":"https:\/\/www.covb.cat\/es\/wp-json\/wp\/v2\/tags?post=2571"}],"curies":[{"name":"wp","href":"https:\/\/api.w.org\/{rel}","templated":true}]}}