{"id":25502,"date":"2022-12-05T14:18:18","date_gmt":"2022-12-05T13:18:18","guid":{"rendered":"https:\/\/www.covb.cat\/?p=25502"},"modified":"2022-12-05T14:18:18","modified_gmt":"2022-12-05T13:18:18","slug":"reunion-del-covb-y-faada-para-analizar-temas-clave-de-la-veterinaria","status":"publish","type":"post","link":"https:\/\/www.covb.cat\/es\/actualitat\/noticies\/general\/reunion-del-covb-y-faada-para-analizar-temas-clave-de-la-veterinaria\/","title":{"rendered":"Reuni\u00f3n del COVB y FAADA para analizar temas clave de la veterinaria"},"content":{"rendered":"<p>Ricard Par\u00e9s, presidente del Consell de Col\u00b7legis Veterinaris de Catalunya y vicepresidente del Col\u00b7legi Oficial de Veterinaris de Barcelona, se reuni\u00f3 este 1 de diciembre con Carla Cornella de la Fundaci\u00f3n para el Asesoramiento y Acci\u00f3n en Defensa de los Animales (FAADA), Eva Fornieles, coordinadora del \u00c1rea de Animales Dom\u00e9sticos y Noe Terrassa t\u00e9cnica del Departamento de Animales de Compa\u00f1\u00eda de FAADA.<\/p>\n<p>En el encuentro, los asistentes revisaron temas de actualidad de la veterinaria, como el proceso abierto sobre la vacunaci\u00f3n contra la rabia en Catalu\u00f1a, la gesti\u00f3n de los N\u00facleos Zool\u00f3gicos, particularmente de las colonias felinas, y la situaci\u00f3n actual de la propuesta de ley sobre la protecci\u00f3n de los animales, para encontrar puntos de inter\u00e9s com\u00fan y \u00e1reas de colaboraci\u00f3n.<\/p>\n","protected":false},"excerpt":{"rendered":"<p>Ricard Par\u00e9s, presidente del Consell de Col\u00b7legis Veterinaris de Catalunya y vicepresidente del Col\u00b7legi Oficial de Veterinaris de Barcelona, se reuni\u00f3 este 1 de diciembre con Carla Cornella de la Fundaci\u00f3n para el Asesoramiento y Acci\u00f3n en Defensa de los Animales (FAADA), Eva Fornieles, coordinadora del \u00c1rea de Animales Dom\u00e9sticos y Noe Terrassa t\u00e9cnica del [&hellip;]<\/p>\n","protected":false},"author":106,"featured_media":25455,"comment_status":"closed","ping_status":"closed","sticky":false,"template":"","format":"standard","meta":{"_monsterinsights_skip_tracking":false,"_monsterinsights_sitenote_active":false,"_monsterinsights_sitenote_note":"","_monsterinsights_sitenote_category":0,"_jetpack_memberships_contains_paid_content":false,"footnotes":""},"categories":[138,17],"tags":[],"class_list":["post-25502","post","type-post","status-publish","format-standard","has-post-thumbnail","hentry","category-corporativo","category-general"],"yoast_head":"<!-- This site is optimized with the Yoast SEO plugin v27.0 - https:\/\/yoast.com\/product\/yoast-seo-wordpress\/ -->\n<title>Reuni\u00f3n del COVB y FAADA para analizar temas clave de la veterinaria - COVB - Col\u00b7legi Oficial de Veterinaris de Barcelona<\/title>\n<meta name=\"description\" content=\"Ricard Par\u00e9s, presidente del Consell de Col\u00b7legis Veterinaris de Catalunya y vicepresidente del Col\u00b7legi Oficial de Veterinaris de Barcelona, se reuni\u00f3\" \/>\n<meta name=\"robots\" content=\"index, follow, max-snippet:-1, max-image-preview:large, max-video-preview:-1\" \/>\n<link rel=\"canonical\" href=\"https:\/\/www.covb.cat\/es\/actualitat\/noticies\/general\/reunion-del-covb-y-faada-para-analizar-temas-clave-de-la-veterinaria\/\" \/>\n<meta property=\"og:locale\" content=\"es_ES\" \/>\n<meta property=\"og:type\" content=\"article\" \/>\n<meta property=\"og:title\" content=\"Reuni\u00f3n del COVB y FAADA para analizar temas clave de la veterinaria - COVB - Col\u00b7legi Oficial de Veterinaris de Barcelona\" \/>\n<meta property=\"og:description\" content=\"Ricard Par\u00e9s, presidente del Consell de Col\u00b7legis Veterinaris de Catalunya y vicepresidente del Col\u00b7legi Oficial de Veterinaris de Barcelona, se reuni\u00f3\" \/>\n<meta property=\"og:url\" content=\"https:\/\/www.covb.cat\/es\/actualitat\/noticies\/general\/reunion-del-covb-y-faada-para-analizar-temas-clave-de-la-veterinaria\/\" \/>\n<meta property=\"og:site_name\" content=\"COVB\" \/>\n<meta property=\"article:publisher\" content=\"https:\/\/www.facebook.com\/COVBcat\/\" \/>\n<meta property=\"article:published_time\" content=\"2022-12-05T13:18:18+00:00\" \/>\n<meta property=\"og:image\" content=\"https:\/\/www.covb.cat\/wp-content\/uploads\/2022\/12\/de1e77f3-5d5c-fe53-6327-0a66d677fa0b.jpeg\" \/>\n\t<meta property=\"og:image:width\" content=\"768\" \/>\n\t<meta property=\"og:image:height\" content=\"1024\" \/>\n\t<meta property=\"og:image:type\" content=\"image\/jpeg\" \/>\n<meta name=\"twitter:card\" content=\"summary_large_image\" \/>\n<meta name=\"twitter:creator\" content=\"@COVBcat\" \/>\n<meta name=\"twitter:site\" content=\"@COVBcat\" \/>\n<meta name=\"twitter:label1\" content=\"Escrito por\" \/>\n\t<meta name=\"twitter:data1\" content=\"\" \/>\n\t<meta name=\"twitter:label2\" content=\"Tiempo de lectura\" \/>\n\t<meta name=\"twitter:data2\" content=\"1 minuto\" \/>\n<script type=\"application\/ld+json\" class=\"yoast-schema-graph\">{\"@context\":\"https:\/\/schema.org\",\"@graph\":[{\"@type\":\"Article\",\"@id\":\"https:\/\/www.covb.cat\/es\/actualitat\/noticies\/general\/reunion-del-covb-y-faada-para-analizar-temas-clave-de-la-veterinaria\/#article\",\"isPartOf\":{\"@id\":\"https:\/\/www.covb.cat\/es\/actualitat\/noticies\/general\/reunion-del-covb-y-faada-para-analizar-temas-clave-de-la-veterinaria\/\"},\"author\":{\"name\":\"\",\"@id\":\"\"},\"headline\":\"Reuni\u00f3n del COVB y FAADA para analizar temas clave de la veterinaria\",\"datePublished\":\"2022-12-05T13:18:18+00:00\",\"mainEntityOfPage\":{\"@id\":\"https:\/\/www.covb.cat\/es\/actualitat\/noticies\/general\/reunion-del-covb-y-faada-para-analizar-temas-clave-de-la-veterinaria\/\"},\"wordCount\":152,\"publisher\":{\"@id\":\"https:\/\/www.covb.cat\/es\/#organization\"},\"image\":{\"@id\":\"https:\/\/www.covb.cat\/es\/actualitat\/noticies\/general\/reunion-del-covb-y-faada-para-analizar-temas-clave-de-la-veterinaria\/#primaryimage\"},\"thumbnailUrl\":\"https:\/\/www.covb.cat\/wp-content\/uploads\/2022\/12\/de1e77f3-5d5c-fe53-6327-0a66d677fa0b.jpeg\",\"articleSection\":[\"Corporativo\",\"General\"],\"inLanguage\":\"es\"},{\"@type\":\"WebPage\",\"@id\":\"https:\/\/www.covb.cat\/es\/actualitat\/noticies\/general\/reunion-del-covb-y-faada-para-analizar-temas-clave-de-la-veterinaria\/\",\"url\":\"https:\/\/www.covb.cat\/es\/actualitat\/noticies\/general\/reunion-del-covb-y-faada-para-analizar-temas-clave-de-la-veterinaria\/\",\"name\":\"Reuni\u00f3n del COVB y FAADA para analizar temas clave de la veterinaria - COVB - Col\u00b7legi Oficial de Veterinaris de Barcelona\",\"isPartOf\":{\"@id\":\"https:\/\/www.covb.cat\/es\/#website\"},\"primaryImageOfPage\":{\"@id\":\"https:\/\/www.covb.cat\/es\/actualitat\/noticies\/general\/reunion-del-covb-y-faada-para-analizar-temas-clave-de-la-veterinaria\/#primaryimage\"},\"image\":{\"@id\":\"https:\/\/www.covb.cat\/es\/actualitat\/noticies\/general\/reunion-del-covb-y-faada-para-analizar-temas-clave-de-la-veterinaria\/#primaryimage\"},\"thumbnailUrl\":\"https:\/\/www.covb.cat\/wp-content\/uploads\/2022\/12\/de1e77f3-5d5c-fe53-6327-0a66d677fa0b.jpeg\",\"datePublished\":\"2022-12-05T13:18:18+00:00\",\"description\":\"Ricard Par\u00e9s, presidente del Consell de Col\u00b7legis Veterinaris de Catalunya y vicepresidente del Col\u00b7legi Oficial de Veterinaris de Barcelona, se reuni\u00f3\",\"breadcrumb\":{\"@id\":\"https:\/\/www.covb.cat\/es\/actualitat\/noticies\/general\/reunion-del-covb-y-faada-para-analizar-temas-clave-de-la-veterinaria\/#breadcrumb\"},\"inLanguage\":\"es\",\"potentialAction\":[{\"@type\":\"ReadAction\",\"target\":[\"https:\/\/www.covb.cat\/es\/actualitat\/noticies\/general\/reunion-del-covb-y-faada-para-analizar-temas-clave-de-la-veterinaria\/\"]}]},{\"@type\":\"ImageObject\",\"inLanguage\":\"es\",\"@id\":\"https:\/\/www.covb.cat\/es\/actualitat\/noticies\/general\/reunion-del-covb-y-faada-para-analizar-temas-clave-de-la-veterinaria\/#primaryimage\",\"url\":\"https:\/\/www.covb.cat\/wp-content\/uploads\/2022\/12\/de1e77f3-5d5c-fe53-6327-0a66d677fa0b.jpeg\",\"contentUrl\":\"https:\/\/www.covb.cat\/wp-content\/uploads\/2022\/12\/de1e77f3-5d5c-fe53-6327-0a66d677fa0b.jpeg\",\"width\":768,\"height\":1024},{\"@type\":\"BreadcrumbList\",\"@id\":\"https:\/\/www.covb.cat\/es\/actualitat\/noticies\/general\/reunion-del-covb-y-faada-para-analizar-temas-clave-de-la-veterinaria\/#breadcrumb\",\"itemListElement\":[{\"@type\":\"ListItem\",\"position\":1,\"name\":\"Inici\",\"item\":\"https:\/\/www.covb.cat\/es\/\"},{\"@type\":\"ListItem\",\"position\":2,\"name\":\"Reuni\u00f3n del COVB y FAADA para analizar temas clave de la veterinaria\"}]},{\"@type\":\"WebSite\",\"@id\":\"https:\/\/www.covb.cat\/es\/#website\",\"url\":\"https:\/\/www.covb.cat\/es\/\",\"name\":\"COVB\",\"description\":\"Col\u00b7legi Oficial de Veterinaris de Barcelona\",\"publisher\":{\"@id\":\"https:\/\/www.covb.cat\/es\/#organization\"},\"potentialAction\":[{\"@type\":\"SearchAction\",\"target\":{\"@type\":\"EntryPoint\",\"urlTemplate\":\"https:\/\/www.covb.cat\/es\/?s={search_term_string}\"},\"query-input\":{\"@type\":\"PropertyValueSpecification\",\"valueRequired\":true,\"valueName\":\"search_term_string\"}}],\"inLanguage\":\"es\"},{\"@type\":\"Organization\",\"@id\":\"https:\/\/www.covb.cat\/es\/#organization\",\"name\":\"COVB\",\"url\":\"https:\/\/www.covb.cat\/es\/\",\"logo\":{\"@type\":\"ImageObject\",\"inLanguage\":\"es\",\"@id\":\"https:\/\/www.covb.cat\/es\/#\/schema\/logo\/image\/\",\"url\":\"https:\/\/www.covb.cat\/wp-content\/uploads\/2018\/07\/favicon-covb.png\",\"contentUrl\":\"https:\/\/www.covb.cat\/wp-content\/uploads\/2018\/07\/favicon-covb.png\",\"width\":512,\"height\":512,\"caption\":\"COVB\"},\"image\":{\"@id\":\"https:\/\/www.covb.cat\/es\/#\/schema\/logo\/image\/\"},\"sameAs\":[\"https:\/\/www.facebook.com\/COVBcat\/\",\"https:\/\/x.com\/COVBcat\",\"https:\/\/www.youtube.com\/user\/covbcn\"]},{\"@type\":\"Person\",\"@id\":\"\"}]}<\/script>\n<!-- \/ Yoast SEO plugin. -->","yoast_head_json":{"title":"Reuni\u00f3n del COVB y FAADA para analizar temas clave de la veterinaria - COVB - Col\u00b7legi Oficial de Veterinaris de Barcelona","description":"Ricard Par\u00e9s, presidente del Consell de Col\u00b7legis Veterinaris de Catalunya y vicepresidente del Col\u00b7legi Oficial de Veterinaris de Barcelona, se reuni\u00f3","robots":{"index":"index","follow":"follow","max-snippet":"max-snippet:-1","max-image-preview":"max-image-preview:large","max-video-preview":"max-video-preview:-1"},"canonical":"https:\/\/www.covb.cat\/es\/actualitat\/noticies\/general\/reunion-del-covb-y-faada-para-analizar-temas-clave-de-la-veterinaria\/","og_locale":"es_ES","og_type":"article","og_title":"Reuni\u00f3n del COVB y FAADA para analizar temas clave de la veterinaria - COVB - Col\u00b7legi Oficial de Veterinaris de Barcelona","og_description":"Ricard Par\u00e9s, presidente del Consell de Col\u00b7legis Veterinaris de Catalunya y vicepresidente del Col\u00b7legi Oficial de Veterinaris de Barcelona, se reuni\u00f3","og_url":"https:\/\/www.covb.cat\/es\/actualitat\/noticies\/general\/reunion-del-covb-y-faada-para-analizar-temas-clave-de-la-veterinaria\/","og_site_name":"COVB","article_publisher":"https:\/\/www.facebook.com\/COVBcat\/","article_published_time":"2022-12-05T13:18:18+00:00","og_image":[{"width":768,"height":1024,"url":"https:\/\/www.covb.cat\/wp-content\/uploads\/2022\/12\/de1e77f3-5d5c-fe53-6327-0a66d677fa0b.jpeg","type":"image\/jpeg"}],"twitter_card":"summary_large_image","twitter_creator":"@COVBcat","twitter_site":"@COVBcat","twitter_misc":{"Escrito por":"","Tiempo de lectura":"1 minuto"},"schema":{"@context":"https:\/\/schema.org","@graph":[{"@type":"Article","@id":"https:\/\/www.covb.cat\/es\/actualitat\/noticies\/general\/reunion-del-covb-y-faada-para-analizar-temas-clave-de-la-veterinaria\/#article","isPartOf":{"@id":"https:\/\/www.covb.cat\/es\/actualitat\/noticies\/general\/reunion-del-covb-y-faada-para-analizar-temas-clave-de-la-veterinaria\/"},"author":{"name":"","@id":""},"headline":"Reuni\u00f3n del COVB y FAADA para analizar temas clave de la veterinaria","datePublished":"2022-12-05T13:18:18+00:00","mainEntityOfPage":{"@id":"https:\/\/www.covb.cat\/es\/actualitat\/noticies\/general\/reunion-del-covb-y-faada-para-analizar-temas-clave-de-la-veterinaria\/"},"wordCount":152,"publisher":{"@id":"https:\/\/www.covb.cat\/es\/#organization"},"image":{"@id":"https:\/\/www.covb.cat\/es\/actualitat\/noticies\/general\/reunion-del-covb-y-faada-para-analizar-temas-clave-de-la-veterinaria\/#primaryimage"},"thumbnailUrl":"https:\/\/www.covb.cat\/wp-content\/uploads\/2022\/12\/de1e77f3-5d5c-fe53-6327-0a66d677fa0b.jpeg","articleSection":["Corporativo","General"],"inLanguage":"es"},{"@type":"WebPage","@id":"https:\/\/www.covb.cat\/es\/actualitat\/noticies\/general\/reunion-del-covb-y-faada-para-analizar-temas-clave-de-la-veterinaria\/","url":"https:\/\/www.covb.cat\/es\/actualitat\/noticies\/general\/reunion-del-covb-y-faada-para-analizar-temas-clave-de-la-veterinaria\/","name":"Reuni\u00f3n del COVB y FAADA para analizar temas clave de la veterinaria - COVB - Col\u00b7legi Oficial de Veterinaris de Barcelona","isPartOf":{"@id":"https:\/\/www.covb.cat\/es\/#website"},"primaryImageOfPage":{"@id":"https:\/\/www.covb.cat\/es\/actualitat\/noticies\/general\/reunion-del-covb-y-faada-para-analizar-temas-clave-de-la-veterinaria\/#primaryimage"},"image":{"@id":"https:\/\/www.covb.cat\/es\/actualitat\/noticies\/general\/reunion-del-covb-y-faada-para-analizar-temas-clave-de-la-veterinaria\/#primaryimage"},"thumbnailUrl":"https:\/\/www.covb.cat\/wp-content\/uploads\/2022\/12\/de1e77f3-5d5c-fe53-6327-0a66d677fa0b.jpeg","datePublished":"2022-12-05T13:18:18+00:00","description":"Ricard Par\u00e9s, presidente del Consell de Col\u00b7legis Veterinaris de Catalunya y vicepresidente del Col\u00b7legi Oficial de Veterinaris de Barcelona, se reuni\u00f3","breadcrumb":{"@id":"https:\/\/www.covb.cat\/es\/actualitat\/noticies\/general\/reunion-del-covb-y-faada-para-analizar-temas-clave-de-la-veterinaria\/#breadcrumb"},"inLanguage":"es","potentialAction":[{"@type":"ReadAction","target":["https:\/\/www.covb.cat\/es\/actualitat\/noticies\/general\/reunion-del-covb-y-faada-para-analizar-temas-clave-de-la-veterinaria\/"]}]},{"@type":"ImageObject","inLanguage":"es","@id":"https:\/\/www.covb.cat\/es\/actualitat\/noticies\/general\/reunion-del-covb-y-faada-para-analizar-temas-clave-de-la-veterinaria\/#primaryimage","url":"https:\/\/www.covb.cat\/wp-content\/uploads\/2022\/12\/de1e77f3-5d5c-fe53-6327-0a66d677fa0b.jpeg","contentUrl":"https:\/\/www.covb.cat\/wp-content\/uploads\/2022\/12\/de1e77f3-5d5c-fe53-6327-0a66d677fa0b.jpeg","width":768,"height":1024},{"@type":"BreadcrumbList","@id":"https:\/\/www.covb.cat\/es\/actualitat\/noticies\/general\/reunion-del-covb-y-faada-para-analizar-temas-clave-de-la-veterinaria\/#breadcrumb","itemListElement":[{"@type":"ListItem","position":1,"name":"Inici","item":"https:\/\/www.covb.cat\/es\/"},{"@type":"ListItem","position":2,"name":"Reuni\u00f3n del COVB y FAADA para analizar temas clave de la veterinaria"}]},{"@type":"WebSite","@id":"https:\/\/www.covb.cat\/es\/#website","url":"https:\/\/www.covb.cat\/es\/","name":"COVB","description":"Col\u00b7legi Oficial de Veterinaris de Barcelona","publisher":{"@id":"https:\/\/www.covb.cat\/es\/#organization"},"potentialAction":[{"@type":"SearchAction","target":{"@type":"EntryPoint","urlTemplate":"https:\/\/www.covb.cat\/es\/?s={search_term_string}"},"query-input":{"@type":"PropertyValueSpecification","valueRequired":true,"valueName":"search_term_string"}}],"inLanguage":"es"},{"@type":"Organization","@id":"https:\/\/www.covb.cat\/es\/#organization","name":"COVB","url":"https:\/\/www.covb.cat\/es\/","logo":{"@type":"ImageObject","inLanguage":"es","@id":"https:\/\/www.covb.cat\/es\/#\/schema\/logo\/image\/","url":"https:\/\/www.covb.cat\/wp-content\/uploads\/2018\/07\/favicon-covb.png","contentUrl":"https:\/\/www.covb.cat\/wp-content\/uploads\/2018\/07\/favicon-covb.png","width":512,"height":512,"caption":"COVB"},"image":{"@id":"https:\/\/www.covb.cat\/es\/#\/schema\/logo\/image\/"},"sameAs":["https:\/\/www.facebook.com\/COVBcat\/","https:\/\/x.com\/COVBcat","https:\/\/www.youtube.com\/user\/covbcn"]},{"@type":"Person","@id":""}]}},"jetpack_featured_media_url":"https:\/\/www.covb.cat\/wp-content\/uploads\/2022\/12\/de1e77f3-5d5c-fe53-6327-0a66d677fa0b.jpeg","jetpack_sharing_enabled":true,"_links":{"self":[{"href":"https:\/\/www.covb.cat\/es\/wp-json\/wp\/v2\/posts\/25502","targetHints":{"allow":["GET"]}}],"collection":[{"href":"https:\/\/www.covb.cat\/es\/wp-json\/wp\/v2\/posts"}],"about":[{"href":"https:\/\/www.covb.cat\/es\/wp-json\/wp\/v2\/types\/post"}],"author":[{"embeddable":true,"href":"https:\/\/www.covb.cat\/es\/wp-json\/wp\/v2\/users\/106"}],"replies":[{"embeddable":true,"href":"https:\/\/www.covb.cat\/es\/wp-json\/wp\/v2\/comments?post=25502"}],"version-history":[{"count":0,"href":"https:\/\/www.covb.cat\/es\/wp-json\/wp\/v2\/posts\/25502\/revisions"}],"wp:featuredmedia":[{"embeddable":true,"href":"https:\/\/www.covb.cat\/es\/wp-json\/wp\/v2\/media\/25455"}],"wp:attachment":[{"href":"https:\/\/www.covb.cat\/es\/wp-json\/wp\/v2\/media?parent=25502"}],"wp:term":[{"taxonomy":"category","embeddable":true,"href":"https:\/\/www.covb.cat\/es\/wp-json\/wp\/v2\/categories?post=25502"},{"taxonomy":"post_tag","embeddable":true,"href":"https:\/\/www.covb.cat\/es\/wp-json\/wp\/v2\/tags?post=25502"}],"curies":[{"name":"wp","href":"https:\/\/api.w.org\/{rel}","templated":true}]}}