{"id":2537,"date":"2020-09-16T10:40:00","date_gmt":"2020-09-16T08:40:00","guid":{"rendered":"https:\/\/www.covb.cat\/?p=2537"},"modified":"2020-09-16T10:40:00","modified_gmt":"2020-09-16T08:40:00","slug":"valoraciones-del-consell-de-collegis-veterinaris-de-catalunya-a-partir-del-positivo-de-un-gato-por-sars-cov-2","status":"publish","type":"post","link":"https:\/\/www.covb.cat\/es\/actualitat\/noticies\/general\/valoraciones-del-consell-de-collegis-veterinaris-de-catalunya-a-partir-del-positivo-de-un-gato-por-sars-cov-2\/","title":{"rendered":"Valoraciones del Consell de Col\u00b7legis Veterinaris de Catalunya a partir del positivo de un gato por SARS-CoV-2"},"content":{"rendered":"<p>Tras el reciente positivo confirmado por SARS-CoV-2 en un gato por parte de los investigadores de IRTA-CReSA, el primero en todo el Estado, desde el\u00a0<span lang=\"CA\">Consell de Col\u00b7legis Veterinaris de Catalunya<\/span>\u00a0(CCVC) hace una llamada a la calma y diferentes aclaraciones.<\/p>\n<p>Este ha sido el primer animal positivo en el territorio y el sexto gato contagiado a todo el mundo y, en todos ellos, se ha detectado una sintomatolog\u00eda de muy leve a moderada. Adem\u00e1s, hay otro factor en com\u00fan: todos conviv\u00edan con una o varias personas enfermas por la COVID-19 y, por ello, se considera que los gatos se han contagiado por las personas.<\/p>\n<p>Justamente este es el caso del gato de Catalunya: su propietario y las otras personas que viv\u00edan en la misma casa hab\u00edan pasado la infecci\u00f3n. Lo llevaron al veterinario al darse cuenta de que no se encontraba bien y la veterinaria comprob\u00f3 que presentaba signos cl\u00ednicos respiratorios, as\u00ed como una cardiomiopat\u00eda hipertr\u00f3fica. El estado era cr\u00edtico y acordaron realizar una eutanasia humanitaria. En este contexto, se procedi\u00f3 a realizar una investigaci\u00f3n m\u00e1s a fondo, que confirm\u00f3 el positivo.<\/p>\n<p>Desde el CCVC se destaca que cabe diferenciar entre contagiarse y ser contagioso. Los gatos son susceptibles a la infecci\u00f3n por el nuevo coronavirus, pero no hay ninguna evidencia que sugiera que son contagiosos para los humanos. La v\u00eda de transmisi\u00f3n predominante de la COVID-19 es de humano a humano. El comunicado \u00edntegro se puede encontrar <a href=\"http:\/\/www.veterinaris.cat\/CommonFiles\/noticianopopup.asp?id=1807&amp;keepThisxx=true&amp;TB_iframexx=true\"><strong>AQU\u00cd<\/strong><\/a>.<\/p>\n<p>En este sentido el veterinario, investigador del IRTA-CReSA y catedr\u00e1tico de la UAB, Quim Segal\u00e9s, ha publicado recientemente un nuevo v\u00eddeo con diferentes valoraciones en torno a este caso. Se puede visualizar a continuaci\u00f3n:<\/p>\n<p><iframe loading=\"lazy\" src=\"https:\/\/www.youtube.com\/embed\/sOKfI_0mx-k\" width=\"560\" height=\"315\" frameborder=\"0\" allowfullscreen=\"allowfullscreen\" data-mce-fragment=\"1\"><\/iframe><\/p>\n","protected":false},"excerpt":{"rendered":"<p>Tras el reciente positivo confirmado por SARS-CoV-2 en un gato por parte de los investigadores de IRTA-CReSA, el primero en todo el Estado, desde el\u00a0Consell de Col\u00b7legis Veterinaris de Catalunya\u00a0(CCVC) hace una llamada a la calma y diferentes aclaraciones. Este ha sido el primer animal positivo en el territorio y el sexto gato contagiado a [&hellip;]<\/p>\n","protected":false},"author":106,"featured_media":1297,"comment_status":"closed","ping_status":"closed","sticky":false,"template":"","format":"standard","meta":{"_monsterinsights_skip_tracking":false,"_monsterinsights_sitenote_active":false,"_monsterinsights_sitenote_note":"","_monsterinsights_sitenote_category":0,"_jetpack_memberships_contains_paid_content":false,"footnotes":""},"categories":[17],"tags":[],"class_list":["post-2537","post","type-post","status-publish","format-standard","has-post-thumbnail","hentry","category-general"],"yoast_head":"<!-- This site is optimized with the Yoast SEO plugin v27.0 - https:\/\/yoast.com\/product\/yoast-seo-wordpress\/ -->\n<title>Valoraciones del Consell de Col\u00b7legis Veterinaris de Catalunya a partir del positivo de un gato por SARS-CoV-2 - COVB - Col\u00b7legi Oficial de Veterinaris de Barcelona<\/title>\n<meta name=\"description\" content=\"Tras el reciente positivo confirmado por SARS-CoV-2 en un gato por parte de los investigadores de IRTA-CReSA, el primero en todo el Estado, desde\" \/>\n<meta name=\"robots\" content=\"index, follow, max-snippet:-1, max-image-preview:large, max-video-preview:-1\" \/>\n<link rel=\"canonical\" href=\"https:\/\/www.covb.cat\/es\/actualitat\/noticies\/general\/valoraciones-del-consell-de-collegis-veterinaris-de-catalunya-a-partir-del-positivo-de-un-gato-por-sars-cov-2\/\" \/>\n<meta property=\"og:locale\" content=\"es_ES\" \/>\n<meta property=\"og:type\" content=\"article\" \/>\n<meta property=\"og:title\" content=\"Valoraciones del Consell de Col\u00b7legis Veterinaris de Catalunya a partir del positivo de un gato por SARS-CoV-2 - COVB - Col\u00b7legi Oficial de Veterinaris de Barcelona\" \/>\n<meta property=\"og:description\" content=\"Tras el reciente positivo confirmado por SARS-CoV-2 en un gato por parte de los investigadores de IRTA-CReSA, el primero en todo el Estado, desde\" \/>\n<meta property=\"og:url\" content=\"https:\/\/www.covb.cat\/es\/actualitat\/noticies\/general\/valoraciones-del-consell-de-collegis-veterinaris-de-catalunya-a-partir-del-positivo-de-un-gato-por-sars-cov-2\/\" \/>\n<meta property=\"og:site_name\" content=\"COVB\" \/>\n<meta property=\"article:publisher\" content=\"https:\/\/www.facebook.com\/COVBcat\/\" \/>\n<meta property=\"article:published_time\" content=\"2020-09-16T08:40:00+00:00\" \/>\n<meta property=\"og:image\" content=\"https:\/\/www.covb.cat\/wp-content\/uploads\/2020\/05\/cat-pet-animal-domestic-104827.jpeg\" \/>\n\t<meta property=\"og:image:width\" content=\"1880\" \/>\n\t<meta property=\"og:image:height\" content=\"1249\" \/>\n\t<meta property=\"og:image:type\" content=\"image\/jpeg\" \/>\n<meta name=\"twitter:card\" content=\"summary_large_image\" \/>\n<meta name=\"twitter:creator\" content=\"@COVBcat\" \/>\n<meta name=\"twitter:site\" content=\"@COVBcat\" \/>\n<meta name=\"twitter:label1\" content=\"Escrito por\" \/>\n\t<meta name=\"twitter:data1\" content=\"\" \/>\n\t<meta name=\"twitter:label2\" content=\"Tiempo de lectura\" \/>\n\t<meta name=\"twitter:data2\" content=\"1 minuto\" \/>\n<script type=\"application\/ld+json\" class=\"yoast-schema-graph\">{\"@context\":\"https:\/\/schema.org\",\"@graph\":[{\"@type\":\"Article\",\"@id\":\"https:\/\/www.covb.cat\/es\/actualitat\/noticies\/general\/valoraciones-del-consell-de-collegis-veterinaris-de-catalunya-a-partir-del-positivo-de-un-gato-por-sars-cov-2\/#article\",\"isPartOf\":{\"@id\":\"https:\/\/www.covb.cat\/es\/actualitat\/noticies\/general\/valoraciones-del-consell-de-collegis-veterinaris-de-catalunya-a-partir-del-positivo-de-un-gato-por-sars-cov-2\/\"},\"author\":{\"name\":\"\",\"@id\":\"\"},\"headline\":\"Valoraciones del Consell de Col\u00b7legis Veterinaris de Catalunya a partir del positivo de un gato por SARS-CoV-2\",\"datePublished\":\"2020-09-16T08:40:00+00:00\",\"mainEntityOfPage\":{\"@id\":\"https:\/\/www.covb.cat\/es\/actualitat\/noticies\/general\/valoraciones-del-consell-de-collegis-veterinaris-de-catalunya-a-partir-del-positivo-de-un-gato-por-sars-cov-2\/\"},\"wordCount\":313,\"publisher\":{\"@id\":\"https:\/\/www.covb.cat\/es\/#organization\"},\"image\":{\"@id\":\"https:\/\/www.covb.cat\/es\/actualitat\/noticies\/general\/valoraciones-del-consell-de-collegis-veterinaris-de-catalunya-a-partir-del-positivo-de-un-gato-por-sars-cov-2\/#primaryimage\"},\"thumbnailUrl\":\"https:\/\/www.covb.cat\/wp-content\/uploads\/2020\/05\/cat-pet-animal-domestic-104827.jpeg\",\"articleSection\":[\"General\"],\"inLanguage\":\"es\"},{\"@type\":\"WebPage\",\"@id\":\"https:\/\/www.covb.cat\/es\/actualitat\/noticies\/general\/valoraciones-del-consell-de-collegis-veterinaris-de-catalunya-a-partir-del-positivo-de-un-gato-por-sars-cov-2\/\",\"url\":\"https:\/\/www.covb.cat\/es\/actualitat\/noticies\/general\/valoraciones-del-consell-de-collegis-veterinaris-de-catalunya-a-partir-del-positivo-de-un-gato-por-sars-cov-2\/\",\"name\":\"Valoraciones del Consell de Col\u00b7legis Veterinaris de Catalunya a partir del positivo de un gato por SARS-CoV-2 - COVB - Col\u00b7legi Oficial de Veterinaris de Barcelona\",\"isPartOf\":{\"@id\":\"https:\/\/www.covb.cat\/es\/#website\"},\"primaryImageOfPage\":{\"@id\":\"https:\/\/www.covb.cat\/es\/actualitat\/noticies\/general\/valoraciones-del-consell-de-collegis-veterinaris-de-catalunya-a-partir-del-positivo-de-un-gato-por-sars-cov-2\/#primaryimage\"},\"image\":{\"@id\":\"https:\/\/www.covb.cat\/es\/actualitat\/noticies\/general\/valoraciones-del-consell-de-collegis-veterinaris-de-catalunya-a-partir-del-positivo-de-un-gato-por-sars-cov-2\/#primaryimage\"},\"thumbnailUrl\":\"https:\/\/www.covb.cat\/wp-content\/uploads\/2020\/05\/cat-pet-animal-domestic-104827.jpeg\",\"datePublished\":\"2020-09-16T08:40:00+00:00\",\"description\":\"Tras el reciente positivo confirmado por SARS-CoV-2 en un gato por parte de los investigadores de IRTA-CReSA, el primero en todo el Estado, desde\",\"breadcrumb\":{\"@id\":\"https:\/\/www.covb.cat\/es\/actualitat\/noticies\/general\/valoraciones-del-consell-de-collegis-veterinaris-de-catalunya-a-partir-del-positivo-de-un-gato-por-sars-cov-2\/#breadcrumb\"},\"inLanguage\":\"es\",\"potentialAction\":[{\"@type\":\"ReadAction\",\"target\":[\"https:\/\/www.covb.cat\/es\/actualitat\/noticies\/general\/valoraciones-del-consell-de-collegis-veterinaris-de-catalunya-a-partir-del-positivo-de-un-gato-por-sars-cov-2\/\"]}]},{\"@type\":\"ImageObject\",\"inLanguage\":\"es\",\"@id\":\"https:\/\/www.covb.cat\/es\/actualitat\/noticies\/general\/valoraciones-del-consell-de-collegis-veterinaris-de-catalunya-a-partir-del-positivo-de-un-gato-por-sars-cov-2\/#primaryimage\",\"url\":\"https:\/\/www.covb.cat\/wp-content\/uploads\/2020\/05\/cat-pet-animal-domestic-104827.jpeg\",\"contentUrl\":\"https:\/\/www.covb.cat\/wp-content\/uploads\/2020\/05\/cat-pet-animal-domestic-104827.jpeg\",\"width\":1880,\"height\":1249},{\"@type\":\"BreadcrumbList\",\"@id\":\"https:\/\/www.covb.cat\/es\/actualitat\/noticies\/general\/valoraciones-del-consell-de-collegis-veterinaris-de-catalunya-a-partir-del-positivo-de-un-gato-por-sars-cov-2\/#breadcrumb\",\"itemListElement\":[{\"@type\":\"ListItem\",\"position\":1,\"name\":\"Inici\",\"item\":\"https:\/\/www.covb.cat\/es\/\"},{\"@type\":\"ListItem\",\"position\":2,\"name\":\"Valoraciones del Consell de Col\u00b7legis Veterinaris de Catalunya a partir del positivo de un gato por SARS-CoV-2\"}]},{\"@type\":\"WebSite\",\"@id\":\"https:\/\/www.covb.cat\/es\/#website\",\"url\":\"https:\/\/www.covb.cat\/es\/\",\"name\":\"COVB\",\"description\":\"Col\u00b7legi Oficial de Veterinaris de Barcelona\",\"publisher\":{\"@id\":\"https:\/\/www.covb.cat\/es\/#organization\"},\"potentialAction\":[{\"@type\":\"SearchAction\",\"target\":{\"@type\":\"EntryPoint\",\"urlTemplate\":\"https:\/\/www.covb.cat\/es\/?s={search_term_string}\"},\"query-input\":{\"@type\":\"PropertyValueSpecification\",\"valueRequired\":true,\"valueName\":\"search_term_string\"}}],\"inLanguage\":\"es\"},{\"@type\":\"Organization\",\"@id\":\"https:\/\/www.covb.cat\/es\/#organization\",\"name\":\"COVB\",\"url\":\"https:\/\/www.covb.cat\/es\/\",\"logo\":{\"@type\":\"ImageObject\",\"inLanguage\":\"es\",\"@id\":\"https:\/\/www.covb.cat\/es\/#\/schema\/logo\/image\/\",\"url\":\"https:\/\/www.covb.cat\/wp-content\/uploads\/2018\/07\/favicon-covb.png\",\"contentUrl\":\"https:\/\/www.covb.cat\/wp-content\/uploads\/2018\/07\/favicon-covb.png\",\"width\":512,\"height\":512,\"caption\":\"COVB\"},\"image\":{\"@id\":\"https:\/\/www.covb.cat\/es\/#\/schema\/logo\/image\/\"},\"sameAs\":[\"https:\/\/www.facebook.com\/COVBcat\/\",\"https:\/\/x.com\/COVBcat\",\"https:\/\/www.youtube.com\/user\/covbcn\"]},{\"@type\":\"Person\",\"@id\":\"\"}]}<\/script>\n<!-- \/ Yoast SEO plugin. -->","yoast_head_json":{"title":"Valoraciones del Consell de Col\u00b7legis Veterinaris de Catalunya a partir del positivo de un gato por SARS-CoV-2 - COVB - Col\u00b7legi Oficial de Veterinaris de Barcelona","description":"Tras el reciente positivo confirmado por SARS-CoV-2 en un gato por parte de los investigadores de IRTA-CReSA, el primero en todo el Estado, desde","robots":{"index":"index","follow":"follow","max-snippet":"max-snippet:-1","max-image-preview":"max-image-preview:large","max-video-preview":"max-video-preview:-1"},"canonical":"https:\/\/www.covb.cat\/es\/actualitat\/noticies\/general\/valoraciones-del-consell-de-collegis-veterinaris-de-catalunya-a-partir-del-positivo-de-un-gato-por-sars-cov-2\/","og_locale":"es_ES","og_type":"article","og_title":"Valoraciones del Consell de Col\u00b7legis Veterinaris de Catalunya a partir del positivo de un gato por SARS-CoV-2 - COVB - Col\u00b7legi Oficial de Veterinaris de Barcelona","og_description":"Tras el reciente positivo confirmado por SARS-CoV-2 en un gato por parte de los investigadores de IRTA-CReSA, el primero en todo el Estado, desde","og_url":"https:\/\/www.covb.cat\/es\/actualitat\/noticies\/general\/valoraciones-del-consell-de-collegis-veterinaris-de-catalunya-a-partir-del-positivo-de-un-gato-por-sars-cov-2\/","og_site_name":"COVB","article_publisher":"https:\/\/www.facebook.com\/COVBcat\/","article_published_time":"2020-09-16T08:40:00+00:00","og_image":[{"width":1880,"height":1249,"url":"https:\/\/www.covb.cat\/wp-content\/uploads\/2020\/05\/cat-pet-animal-domestic-104827.jpeg","type":"image\/jpeg"}],"twitter_card":"summary_large_image","twitter_creator":"@COVBcat","twitter_site":"@COVBcat","twitter_misc":{"Escrito por":"","Tiempo de lectura":"1 minuto"},"schema":{"@context":"https:\/\/schema.org","@graph":[{"@type":"Article","@id":"https:\/\/www.covb.cat\/es\/actualitat\/noticies\/general\/valoraciones-del-consell-de-collegis-veterinaris-de-catalunya-a-partir-del-positivo-de-un-gato-por-sars-cov-2\/#article","isPartOf":{"@id":"https:\/\/www.covb.cat\/es\/actualitat\/noticies\/general\/valoraciones-del-consell-de-collegis-veterinaris-de-catalunya-a-partir-del-positivo-de-un-gato-por-sars-cov-2\/"},"author":{"name":"","@id":""},"headline":"Valoraciones del Consell de Col\u00b7legis Veterinaris de Catalunya a partir del positivo de un gato por SARS-CoV-2","datePublished":"2020-09-16T08:40:00+00:00","mainEntityOfPage":{"@id":"https:\/\/www.covb.cat\/es\/actualitat\/noticies\/general\/valoraciones-del-consell-de-collegis-veterinaris-de-catalunya-a-partir-del-positivo-de-un-gato-por-sars-cov-2\/"},"wordCount":313,"publisher":{"@id":"https:\/\/www.covb.cat\/es\/#organization"},"image":{"@id":"https:\/\/www.covb.cat\/es\/actualitat\/noticies\/general\/valoraciones-del-consell-de-collegis-veterinaris-de-catalunya-a-partir-del-positivo-de-un-gato-por-sars-cov-2\/#primaryimage"},"thumbnailUrl":"https:\/\/www.covb.cat\/wp-content\/uploads\/2020\/05\/cat-pet-animal-domestic-104827.jpeg","articleSection":["General"],"inLanguage":"es"},{"@type":"WebPage","@id":"https:\/\/www.covb.cat\/es\/actualitat\/noticies\/general\/valoraciones-del-consell-de-collegis-veterinaris-de-catalunya-a-partir-del-positivo-de-un-gato-por-sars-cov-2\/","url":"https:\/\/www.covb.cat\/es\/actualitat\/noticies\/general\/valoraciones-del-consell-de-collegis-veterinaris-de-catalunya-a-partir-del-positivo-de-un-gato-por-sars-cov-2\/","name":"Valoraciones del Consell de Col\u00b7legis Veterinaris de Catalunya a partir del positivo de un gato por SARS-CoV-2 - COVB - Col\u00b7legi Oficial de Veterinaris de Barcelona","isPartOf":{"@id":"https:\/\/www.covb.cat\/es\/#website"},"primaryImageOfPage":{"@id":"https:\/\/www.covb.cat\/es\/actualitat\/noticies\/general\/valoraciones-del-consell-de-collegis-veterinaris-de-catalunya-a-partir-del-positivo-de-un-gato-por-sars-cov-2\/#primaryimage"},"image":{"@id":"https:\/\/www.covb.cat\/es\/actualitat\/noticies\/general\/valoraciones-del-consell-de-collegis-veterinaris-de-catalunya-a-partir-del-positivo-de-un-gato-por-sars-cov-2\/#primaryimage"},"thumbnailUrl":"https:\/\/www.covb.cat\/wp-content\/uploads\/2020\/05\/cat-pet-animal-domestic-104827.jpeg","datePublished":"2020-09-16T08:40:00+00:00","description":"Tras el reciente positivo confirmado por SARS-CoV-2 en un gato por parte de los investigadores de IRTA-CReSA, el primero en todo el Estado, desde","breadcrumb":{"@id":"https:\/\/www.covb.cat\/es\/actualitat\/noticies\/general\/valoraciones-del-consell-de-collegis-veterinaris-de-catalunya-a-partir-del-positivo-de-un-gato-por-sars-cov-2\/#breadcrumb"},"inLanguage":"es","potentialAction":[{"@type":"ReadAction","target":["https:\/\/www.covb.cat\/es\/actualitat\/noticies\/general\/valoraciones-del-consell-de-collegis-veterinaris-de-catalunya-a-partir-del-positivo-de-un-gato-por-sars-cov-2\/"]}]},{"@type":"ImageObject","inLanguage":"es","@id":"https:\/\/www.covb.cat\/es\/actualitat\/noticies\/general\/valoraciones-del-consell-de-collegis-veterinaris-de-catalunya-a-partir-del-positivo-de-un-gato-por-sars-cov-2\/#primaryimage","url":"https:\/\/www.covb.cat\/wp-content\/uploads\/2020\/05\/cat-pet-animal-domestic-104827.jpeg","contentUrl":"https:\/\/www.covb.cat\/wp-content\/uploads\/2020\/05\/cat-pet-animal-domestic-104827.jpeg","width":1880,"height":1249},{"@type":"BreadcrumbList","@id":"https:\/\/www.covb.cat\/es\/actualitat\/noticies\/general\/valoraciones-del-consell-de-collegis-veterinaris-de-catalunya-a-partir-del-positivo-de-un-gato-por-sars-cov-2\/#breadcrumb","itemListElement":[{"@type":"ListItem","position":1,"name":"Inici","item":"https:\/\/www.covb.cat\/es\/"},{"@type":"ListItem","position":2,"name":"Valoraciones del Consell de Col\u00b7legis Veterinaris de Catalunya a partir del positivo de un gato por SARS-CoV-2"}]},{"@type":"WebSite","@id":"https:\/\/www.covb.cat\/es\/#website","url":"https:\/\/www.covb.cat\/es\/","name":"COVB","description":"Col\u00b7legi Oficial de Veterinaris de Barcelona","publisher":{"@id":"https:\/\/www.covb.cat\/es\/#organization"},"potentialAction":[{"@type":"SearchAction","target":{"@type":"EntryPoint","urlTemplate":"https:\/\/www.covb.cat\/es\/?s={search_term_string}"},"query-input":{"@type":"PropertyValueSpecification","valueRequired":true,"valueName":"search_term_string"}}],"inLanguage":"es"},{"@type":"Organization","@id":"https:\/\/www.covb.cat\/es\/#organization","name":"COVB","url":"https:\/\/www.covb.cat\/es\/","logo":{"@type":"ImageObject","inLanguage":"es","@id":"https:\/\/www.covb.cat\/es\/#\/schema\/logo\/image\/","url":"https:\/\/www.covb.cat\/wp-content\/uploads\/2018\/07\/favicon-covb.png","contentUrl":"https:\/\/www.covb.cat\/wp-content\/uploads\/2018\/07\/favicon-covb.png","width":512,"height":512,"caption":"COVB"},"image":{"@id":"https:\/\/www.covb.cat\/es\/#\/schema\/logo\/image\/"},"sameAs":["https:\/\/www.facebook.com\/COVBcat\/","https:\/\/x.com\/COVBcat","https:\/\/www.youtube.com\/user\/covbcn"]},{"@type":"Person","@id":""}]}},"jetpack_featured_media_url":"https:\/\/www.covb.cat\/wp-content\/uploads\/2020\/05\/cat-pet-animal-domestic-104827.jpeg","jetpack_sharing_enabled":true,"_links":{"self":[{"href":"https:\/\/www.covb.cat\/es\/wp-json\/wp\/v2\/posts\/2537","targetHints":{"allow":["GET"]}}],"collection":[{"href":"https:\/\/www.covb.cat\/es\/wp-json\/wp\/v2\/posts"}],"about":[{"href":"https:\/\/www.covb.cat\/es\/wp-json\/wp\/v2\/types\/post"}],"author":[{"embeddable":true,"href":"https:\/\/www.covb.cat\/es\/wp-json\/wp\/v2\/users\/106"}],"replies":[{"embeddable":true,"href":"https:\/\/www.covb.cat\/es\/wp-json\/wp\/v2\/comments?post=2537"}],"version-history":[{"count":0,"href":"https:\/\/www.covb.cat\/es\/wp-json\/wp\/v2\/posts\/2537\/revisions"}],"wp:featuredmedia":[{"embeddable":true,"href":"https:\/\/www.covb.cat\/es\/wp-json\/wp\/v2\/media\/1297"}],"wp:attachment":[{"href":"https:\/\/www.covb.cat\/es\/wp-json\/wp\/v2\/media?parent=2537"}],"wp:term":[{"taxonomy":"category","embeddable":true,"href":"https:\/\/www.covb.cat\/es\/wp-json\/wp\/v2\/categories?post=2537"},{"taxonomy":"post_tag","embeddable":true,"href":"https:\/\/www.covb.cat\/es\/wp-json\/wp\/v2\/tags?post=2537"}],"curies":[{"name":"wp","href":"https:\/\/api.w.org\/{rel}","templated":true}]}}