{"id":2473,"date":"2020-09-15T12:11:15","date_gmt":"2020-09-15T10:11:15","guid":{"rendered":"https:\/\/www.covb.cat\/?p=2473"},"modified":"2020-09-15T12:11:15","modified_gmt":"2020-09-15T10:11:15","slug":"aclaracion-en-relacion-al-plazo-de-comunicacion-de-prescripcion-de-antibioticos-en-la-aplicacion-gtr","status":"publish","type":"post","link":"https:\/\/www.covb.cat\/es\/actualitat\/noticies\/general\/aclaracion-en-relacion-al-plazo-de-comunicacion-de-prescripcion-de-antibioticos-en-la-aplicacion-gtr\/","title":{"rendered":"Aclaraci\u00f3n en relaci\u00f3n al plazo de comunicaci\u00f3n de prescripci\u00f3n de antibi\u00f3ticos en la aplicaci\u00f3n GTR"},"content":{"rendered":"<p>El RD 63\/2020 de 14 de marzo, por el que se declara el estado de alarma para la gesti\u00f3n de la situaci\u00f3n de crisis sanitaria ocasionada por COVID-19, establece la suspensi\u00f3n de los plazos administrativos.<\/p>\n<p>El RD 191\/2018 de 6 de abril, por lo que se establece la transmisi\u00f3n electr\u00f3nica de datos de prescripciones de antibi\u00f3ticos en animales de producci\u00f3n, establece en el art.3.1 la obligaci\u00f3n de las personas veterinarias comunicar las prescripciones realizadas con una frecuencia m\u00ednima mensual a la autoridad competente de la comunidad aut\u00f3noma por los medios electr\u00f3nicos que \u00e9sta establezca. En el caso de Catalunya, las comunicaciones se realizar\u00e1n a la aplicaci\u00f3n de gesti\u00f3n telem\u00e1tica ganadera (GTR)<\/p>\n<p>Ante las consultas sobre la posible afectaci\u00f3n del plazo establecido en el RD 191\/2018 por la suspensi\u00f3n de plazos administrativos establecida en el RD 63\/2020, desde el\u00a0<span lang=\"CA\">Departament d\u2019Agricultura, Ramaderia, Pesca i Alimentaci\u00f3 de la Generalitat<\/span>, se hace la siguiente aclaraci\u00f3n:<\/p>\n<p>La obligaci\u00f3n de comunicaci\u00f3n electr\u00f3nica de los datos de las prescripciones veterinarias de antibi\u00f3ticos destinados a animales productores de alimentos no es propiamente un plazo dentro de un procedimiento administrativo, sino una obligaci\u00f3n sustantiva de los veterinarios cl\u00ednicos inherente a la actividad que realizan. El estado de alarma no exime del cumplimiento de las obligaciones derivadas del ejercicio de la actividad de la cl\u00ednica veterinaria.<\/p>\n<p>Mientras se realice la actividad veterinaria, esta se desarrollar\u00e1 de acuerdo con las obligaciones incluidas en la normativa, siempre que \u00e9stas no supongan un incumplimiento del estado de alarma; entre estas obligaciones est\u00e1 la de comunicar las prescripciones de antibi\u00f3ticos. Teniendo en cuenta que la comunicaci\u00f3n a GTR se realiza por medios telem\u00e1ticos, no es incompatible con el estado de alarma.<\/p>\n<p>Por todo ello, se mantiene la obligaci\u00f3n de las personas veterinarias comunicar mensualmente a la autoridad competente todas las prescripciones de antibi\u00f3ticos que realicen los animales productores de alimentos, de acuerdo con lo establecido en el Real Decreto 191\/2018.<\/p>\n","protected":false},"excerpt":{"rendered":"<p>El RD 63\/2020 de 14 de marzo, por el que se declara el estado de alarma para la gesti\u00f3n de la situaci\u00f3n de crisis sanitaria ocasionada por COVID-19, establece la suspensi\u00f3n de los plazos administrativos. El RD 191\/2018 de 6 de abril, por lo que se establece la transmisi\u00f3n electr\u00f3nica de datos de prescripciones de [&hellip;]<\/p>\n","protected":false},"author":106,"featured_media":1042,"comment_status":"closed","ping_status":"closed","sticky":false,"template":"","format":"standard","meta":{"_monsterinsights_skip_tracking":false,"_monsterinsights_sitenote_active":false,"_monsterinsights_sitenote_note":"","_monsterinsights_sitenote_category":0,"_jetpack_memberships_contains_paid_content":false,"footnotes":""},"categories":[17],"tags":[],"class_list":["post-2473","post","type-post","status-publish","format-standard","has-post-thumbnail","hentry","category-general"],"yoast_head":"<!-- This site is optimized with the Yoast SEO plugin v27.0 - https:\/\/yoast.com\/product\/yoast-seo-wordpress\/ -->\n<title>Aclaraci\u00f3n en relaci\u00f3n al plazo de comunicaci\u00f3n de prescripci\u00f3n de antibi\u00f3ticos en la aplicaci\u00f3n GTR - COVB - Col\u00b7legi Oficial de Veterinaris de Barcelona<\/title>\n<meta name=\"description\" content=\"El RD 63\/2020 de 14 de marzo, por el que se declara el estado de alarma para la gesti\u00f3n de la situaci\u00f3n de crisis sanitaria ocasionada por COVID-19,\" \/>\n<meta name=\"robots\" content=\"index, follow, max-snippet:-1, max-image-preview:large, max-video-preview:-1\" \/>\n<link rel=\"canonical\" href=\"https:\/\/www.covb.cat\/es\/actualitat\/noticies\/general\/aclaracion-en-relacion-al-plazo-de-comunicacion-de-prescripcion-de-antibioticos-en-la-aplicacion-gtr\/\" \/>\n<meta property=\"og:locale\" content=\"es_ES\" \/>\n<meta property=\"og:type\" content=\"article\" \/>\n<meta property=\"og:title\" content=\"Aclaraci\u00f3n en relaci\u00f3n al plazo de comunicaci\u00f3n de prescripci\u00f3n de antibi\u00f3ticos en la aplicaci\u00f3n GTR - COVB - Col\u00b7legi Oficial de Veterinaris de Barcelona\" \/>\n<meta property=\"og:description\" content=\"El RD 63\/2020 de 14 de marzo, por el que se declara el estado de alarma para la gesti\u00f3n de la situaci\u00f3n de crisis sanitaria ocasionada por COVID-19,\" \/>\n<meta property=\"og:url\" content=\"https:\/\/www.covb.cat\/es\/actualitat\/noticies\/general\/aclaracion-en-relacion-al-plazo-de-comunicacion-de-prescripcion-de-antibioticos-en-la-aplicacion-gtr\/\" \/>\n<meta property=\"og:site_name\" content=\"COVB\" \/>\n<meta property=\"article:publisher\" content=\"https:\/\/www.facebook.com\/COVBcat\/\" \/>\n<meta property=\"article:published_time\" content=\"2020-09-15T10:11:15+00:00\" \/>\n<meta property=\"og:image\" content=\"https:\/\/www.covb.cat\/wp-content\/uploads\/2020\/04\/DARPA.jpg\" \/>\n\t<meta property=\"og:image:width\" content=\"600\" \/>\n\t<meta property=\"og:image:height\" content=\"400\" \/>\n\t<meta property=\"og:image:type\" content=\"image\/jpeg\" \/>\n<meta name=\"twitter:card\" content=\"summary_large_image\" \/>\n<meta name=\"twitter:creator\" content=\"@COVBcat\" \/>\n<meta name=\"twitter:site\" content=\"@COVBcat\" \/>\n<meta name=\"twitter:label1\" content=\"Escrito por\" \/>\n\t<meta name=\"twitter:data1\" content=\"\" \/>\n\t<meta name=\"twitter:label2\" content=\"Tiempo de lectura\" \/>\n\t<meta name=\"twitter:data2\" content=\"2 minutos\" \/>\n<script type=\"application\/ld+json\" class=\"yoast-schema-graph\">{\"@context\":\"https:\/\/schema.org\",\"@graph\":[{\"@type\":\"Article\",\"@id\":\"https:\/\/www.covb.cat\/es\/actualitat\/noticies\/general\/aclaracion-en-relacion-al-plazo-de-comunicacion-de-prescripcion-de-antibioticos-en-la-aplicacion-gtr\/#article\",\"isPartOf\":{\"@id\":\"https:\/\/www.covb.cat\/es\/actualitat\/noticies\/general\/aclaracion-en-relacion-al-plazo-de-comunicacion-de-prescripcion-de-antibioticos-en-la-aplicacion-gtr\/\"},\"author\":{\"name\":\"\",\"@id\":\"\"},\"headline\":\"Aclaraci\u00f3n en relaci\u00f3n al plazo de comunicaci\u00f3n de prescripci\u00f3n de antibi\u00f3ticos en la aplicaci\u00f3n GTR\",\"datePublished\":\"2020-09-15T10:11:15+00:00\",\"mainEntityOfPage\":{\"@id\":\"https:\/\/www.covb.cat\/es\/actualitat\/noticies\/general\/aclaracion-en-relacion-al-plazo-de-comunicacion-de-prescripcion-de-antibioticos-en-la-aplicacion-gtr\/\"},\"wordCount\":362,\"publisher\":{\"@id\":\"https:\/\/www.covb.cat\/es\/#organization\"},\"image\":{\"@id\":\"https:\/\/www.covb.cat\/es\/actualitat\/noticies\/general\/aclaracion-en-relacion-al-plazo-de-comunicacion-de-prescripcion-de-antibioticos-en-la-aplicacion-gtr\/#primaryimage\"},\"thumbnailUrl\":\"https:\/\/www.covb.cat\/wp-content\/uploads\/2020\/04\/DARPA.jpg\",\"articleSection\":[\"General\"],\"inLanguage\":\"es\"},{\"@type\":\"WebPage\",\"@id\":\"https:\/\/www.covb.cat\/es\/actualitat\/noticies\/general\/aclaracion-en-relacion-al-plazo-de-comunicacion-de-prescripcion-de-antibioticos-en-la-aplicacion-gtr\/\",\"url\":\"https:\/\/www.covb.cat\/es\/actualitat\/noticies\/general\/aclaracion-en-relacion-al-plazo-de-comunicacion-de-prescripcion-de-antibioticos-en-la-aplicacion-gtr\/\",\"name\":\"Aclaraci\u00f3n en relaci\u00f3n al plazo de comunicaci\u00f3n de prescripci\u00f3n de antibi\u00f3ticos en la aplicaci\u00f3n GTR - COVB - Col\u00b7legi Oficial de Veterinaris de Barcelona\",\"isPartOf\":{\"@id\":\"https:\/\/www.covb.cat\/es\/#website\"},\"primaryImageOfPage\":{\"@id\":\"https:\/\/www.covb.cat\/es\/actualitat\/noticies\/general\/aclaracion-en-relacion-al-plazo-de-comunicacion-de-prescripcion-de-antibioticos-en-la-aplicacion-gtr\/#primaryimage\"},\"image\":{\"@id\":\"https:\/\/www.covb.cat\/es\/actualitat\/noticies\/general\/aclaracion-en-relacion-al-plazo-de-comunicacion-de-prescripcion-de-antibioticos-en-la-aplicacion-gtr\/#primaryimage\"},\"thumbnailUrl\":\"https:\/\/www.covb.cat\/wp-content\/uploads\/2020\/04\/DARPA.jpg\",\"datePublished\":\"2020-09-15T10:11:15+00:00\",\"description\":\"El RD 63\/2020 de 14 de marzo, por el que se declara el estado de alarma para la gesti\u00f3n de la situaci\u00f3n de crisis sanitaria ocasionada por COVID-19,\",\"breadcrumb\":{\"@id\":\"https:\/\/www.covb.cat\/es\/actualitat\/noticies\/general\/aclaracion-en-relacion-al-plazo-de-comunicacion-de-prescripcion-de-antibioticos-en-la-aplicacion-gtr\/#breadcrumb\"},\"inLanguage\":\"es\",\"potentialAction\":[{\"@type\":\"ReadAction\",\"target\":[\"https:\/\/www.covb.cat\/es\/actualitat\/noticies\/general\/aclaracion-en-relacion-al-plazo-de-comunicacion-de-prescripcion-de-antibioticos-en-la-aplicacion-gtr\/\"]}]},{\"@type\":\"ImageObject\",\"inLanguage\":\"es\",\"@id\":\"https:\/\/www.covb.cat\/es\/actualitat\/noticies\/general\/aclaracion-en-relacion-al-plazo-de-comunicacion-de-prescripcion-de-antibioticos-en-la-aplicacion-gtr\/#primaryimage\",\"url\":\"https:\/\/www.covb.cat\/wp-content\/uploads\/2020\/04\/DARPA.jpg\",\"contentUrl\":\"https:\/\/www.covb.cat\/wp-content\/uploads\/2020\/04\/DARPA.jpg\",\"width\":600,\"height\":400},{\"@type\":\"BreadcrumbList\",\"@id\":\"https:\/\/www.covb.cat\/es\/actualitat\/noticies\/general\/aclaracion-en-relacion-al-plazo-de-comunicacion-de-prescripcion-de-antibioticos-en-la-aplicacion-gtr\/#breadcrumb\",\"itemListElement\":[{\"@type\":\"ListItem\",\"position\":1,\"name\":\"Inici\",\"item\":\"https:\/\/www.covb.cat\/es\/\"},{\"@type\":\"ListItem\",\"position\":2,\"name\":\"Aclaraci\u00f3n en relaci\u00f3n al plazo de comunicaci\u00f3n de prescripci\u00f3n de antibi\u00f3ticos en la aplicaci\u00f3n GTR\"}]},{\"@type\":\"WebSite\",\"@id\":\"https:\/\/www.covb.cat\/es\/#website\",\"url\":\"https:\/\/www.covb.cat\/es\/\",\"name\":\"COVB\",\"description\":\"Col\u00b7legi Oficial de Veterinaris de Barcelona\",\"publisher\":{\"@id\":\"https:\/\/www.covb.cat\/es\/#organization\"},\"potentialAction\":[{\"@type\":\"SearchAction\",\"target\":{\"@type\":\"EntryPoint\",\"urlTemplate\":\"https:\/\/www.covb.cat\/es\/?s={search_term_string}\"},\"query-input\":{\"@type\":\"PropertyValueSpecification\",\"valueRequired\":true,\"valueName\":\"search_term_string\"}}],\"inLanguage\":\"es\"},{\"@type\":\"Organization\",\"@id\":\"https:\/\/www.covb.cat\/es\/#organization\",\"name\":\"COVB\",\"url\":\"https:\/\/www.covb.cat\/es\/\",\"logo\":{\"@type\":\"ImageObject\",\"inLanguage\":\"es\",\"@id\":\"https:\/\/www.covb.cat\/es\/#\/schema\/logo\/image\/\",\"url\":\"https:\/\/www.covb.cat\/wp-content\/uploads\/2018\/07\/favicon-covb.png\",\"contentUrl\":\"https:\/\/www.covb.cat\/wp-content\/uploads\/2018\/07\/favicon-covb.png\",\"width\":512,\"height\":512,\"caption\":\"COVB\"},\"image\":{\"@id\":\"https:\/\/www.covb.cat\/es\/#\/schema\/logo\/image\/\"},\"sameAs\":[\"https:\/\/www.facebook.com\/COVBcat\/\",\"https:\/\/x.com\/COVBcat\",\"https:\/\/www.youtube.com\/user\/covbcn\"]},{\"@type\":\"Person\",\"@id\":\"\"}]}<\/script>\n<!-- \/ Yoast SEO plugin. -->","yoast_head_json":{"title":"Aclaraci\u00f3n en relaci\u00f3n al plazo de comunicaci\u00f3n de prescripci\u00f3n de antibi\u00f3ticos en la aplicaci\u00f3n GTR - COVB - Col\u00b7legi Oficial de Veterinaris de Barcelona","description":"El RD 63\/2020 de 14 de marzo, por el que se declara el estado de alarma para la gesti\u00f3n de la situaci\u00f3n de crisis sanitaria ocasionada por COVID-19,","robots":{"index":"index","follow":"follow","max-snippet":"max-snippet:-1","max-image-preview":"max-image-preview:large","max-video-preview":"max-video-preview:-1"},"canonical":"https:\/\/www.covb.cat\/es\/actualitat\/noticies\/general\/aclaracion-en-relacion-al-plazo-de-comunicacion-de-prescripcion-de-antibioticos-en-la-aplicacion-gtr\/","og_locale":"es_ES","og_type":"article","og_title":"Aclaraci\u00f3n en relaci\u00f3n al plazo de comunicaci\u00f3n de prescripci\u00f3n de antibi\u00f3ticos en la aplicaci\u00f3n GTR - COVB - Col\u00b7legi Oficial de Veterinaris de Barcelona","og_description":"El RD 63\/2020 de 14 de marzo, por el que se declara el estado de alarma para la gesti\u00f3n de la situaci\u00f3n de crisis sanitaria ocasionada por COVID-19,","og_url":"https:\/\/www.covb.cat\/es\/actualitat\/noticies\/general\/aclaracion-en-relacion-al-plazo-de-comunicacion-de-prescripcion-de-antibioticos-en-la-aplicacion-gtr\/","og_site_name":"COVB","article_publisher":"https:\/\/www.facebook.com\/COVBcat\/","article_published_time":"2020-09-15T10:11:15+00:00","og_image":[{"width":600,"height":400,"url":"https:\/\/www.covb.cat\/wp-content\/uploads\/2020\/04\/DARPA.jpg","type":"image\/jpeg"}],"twitter_card":"summary_large_image","twitter_creator":"@COVBcat","twitter_site":"@COVBcat","twitter_misc":{"Escrito por":"","Tiempo de lectura":"2 minutos"},"schema":{"@context":"https:\/\/schema.org","@graph":[{"@type":"Article","@id":"https:\/\/www.covb.cat\/es\/actualitat\/noticies\/general\/aclaracion-en-relacion-al-plazo-de-comunicacion-de-prescripcion-de-antibioticos-en-la-aplicacion-gtr\/#article","isPartOf":{"@id":"https:\/\/www.covb.cat\/es\/actualitat\/noticies\/general\/aclaracion-en-relacion-al-plazo-de-comunicacion-de-prescripcion-de-antibioticos-en-la-aplicacion-gtr\/"},"author":{"name":"","@id":""},"headline":"Aclaraci\u00f3n en relaci\u00f3n al plazo de comunicaci\u00f3n de prescripci\u00f3n de antibi\u00f3ticos en la aplicaci\u00f3n GTR","datePublished":"2020-09-15T10:11:15+00:00","mainEntityOfPage":{"@id":"https:\/\/www.covb.cat\/es\/actualitat\/noticies\/general\/aclaracion-en-relacion-al-plazo-de-comunicacion-de-prescripcion-de-antibioticos-en-la-aplicacion-gtr\/"},"wordCount":362,"publisher":{"@id":"https:\/\/www.covb.cat\/es\/#organization"},"image":{"@id":"https:\/\/www.covb.cat\/es\/actualitat\/noticies\/general\/aclaracion-en-relacion-al-plazo-de-comunicacion-de-prescripcion-de-antibioticos-en-la-aplicacion-gtr\/#primaryimage"},"thumbnailUrl":"https:\/\/www.covb.cat\/wp-content\/uploads\/2020\/04\/DARPA.jpg","articleSection":["General"],"inLanguage":"es"},{"@type":"WebPage","@id":"https:\/\/www.covb.cat\/es\/actualitat\/noticies\/general\/aclaracion-en-relacion-al-plazo-de-comunicacion-de-prescripcion-de-antibioticos-en-la-aplicacion-gtr\/","url":"https:\/\/www.covb.cat\/es\/actualitat\/noticies\/general\/aclaracion-en-relacion-al-plazo-de-comunicacion-de-prescripcion-de-antibioticos-en-la-aplicacion-gtr\/","name":"Aclaraci\u00f3n en relaci\u00f3n al plazo de comunicaci\u00f3n de prescripci\u00f3n de antibi\u00f3ticos en la aplicaci\u00f3n GTR - COVB - Col\u00b7legi Oficial de Veterinaris de Barcelona","isPartOf":{"@id":"https:\/\/www.covb.cat\/es\/#website"},"primaryImageOfPage":{"@id":"https:\/\/www.covb.cat\/es\/actualitat\/noticies\/general\/aclaracion-en-relacion-al-plazo-de-comunicacion-de-prescripcion-de-antibioticos-en-la-aplicacion-gtr\/#primaryimage"},"image":{"@id":"https:\/\/www.covb.cat\/es\/actualitat\/noticies\/general\/aclaracion-en-relacion-al-plazo-de-comunicacion-de-prescripcion-de-antibioticos-en-la-aplicacion-gtr\/#primaryimage"},"thumbnailUrl":"https:\/\/www.covb.cat\/wp-content\/uploads\/2020\/04\/DARPA.jpg","datePublished":"2020-09-15T10:11:15+00:00","description":"El RD 63\/2020 de 14 de marzo, por el que se declara el estado de alarma para la gesti\u00f3n de la situaci\u00f3n de crisis sanitaria ocasionada por COVID-19,","breadcrumb":{"@id":"https:\/\/www.covb.cat\/es\/actualitat\/noticies\/general\/aclaracion-en-relacion-al-plazo-de-comunicacion-de-prescripcion-de-antibioticos-en-la-aplicacion-gtr\/#breadcrumb"},"inLanguage":"es","potentialAction":[{"@type":"ReadAction","target":["https:\/\/www.covb.cat\/es\/actualitat\/noticies\/general\/aclaracion-en-relacion-al-plazo-de-comunicacion-de-prescripcion-de-antibioticos-en-la-aplicacion-gtr\/"]}]},{"@type":"ImageObject","inLanguage":"es","@id":"https:\/\/www.covb.cat\/es\/actualitat\/noticies\/general\/aclaracion-en-relacion-al-plazo-de-comunicacion-de-prescripcion-de-antibioticos-en-la-aplicacion-gtr\/#primaryimage","url":"https:\/\/www.covb.cat\/wp-content\/uploads\/2020\/04\/DARPA.jpg","contentUrl":"https:\/\/www.covb.cat\/wp-content\/uploads\/2020\/04\/DARPA.jpg","width":600,"height":400},{"@type":"BreadcrumbList","@id":"https:\/\/www.covb.cat\/es\/actualitat\/noticies\/general\/aclaracion-en-relacion-al-plazo-de-comunicacion-de-prescripcion-de-antibioticos-en-la-aplicacion-gtr\/#breadcrumb","itemListElement":[{"@type":"ListItem","position":1,"name":"Inici","item":"https:\/\/www.covb.cat\/es\/"},{"@type":"ListItem","position":2,"name":"Aclaraci\u00f3n en relaci\u00f3n al plazo de comunicaci\u00f3n de prescripci\u00f3n de antibi\u00f3ticos en la aplicaci\u00f3n GTR"}]},{"@type":"WebSite","@id":"https:\/\/www.covb.cat\/es\/#website","url":"https:\/\/www.covb.cat\/es\/","name":"COVB","description":"Col\u00b7legi Oficial de Veterinaris de Barcelona","publisher":{"@id":"https:\/\/www.covb.cat\/es\/#organization"},"potentialAction":[{"@type":"SearchAction","target":{"@type":"EntryPoint","urlTemplate":"https:\/\/www.covb.cat\/es\/?s={search_term_string}"},"query-input":{"@type":"PropertyValueSpecification","valueRequired":true,"valueName":"search_term_string"}}],"inLanguage":"es"},{"@type":"Organization","@id":"https:\/\/www.covb.cat\/es\/#organization","name":"COVB","url":"https:\/\/www.covb.cat\/es\/","logo":{"@type":"ImageObject","inLanguage":"es","@id":"https:\/\/www.covb.cat\/es\/#\/schema\/logo\/image\/","url":"https:\/\/www.covb.cat\/wp-content\/uploads\/2018\/07\/favicon-covb.png","contentUrl":"https:\/\/www.covb.cat\/wp-content\/uploads\/2018\/07\/favicon-covb.png","width":512,"height":512,"caption":"COVB"},"image":{"@id":"https:\/\/www.covb.cat\/es\/#\/schema\/logo\/image\/"},"sameAs":["https:\/\/www.facebook.com\/COVBcat\/","https:\/\/x.com\/COVBcat","https:\/\/www.youtube.com\/user\/covbcn"]},{"@type":"Person","@id":""}]}},"jetpack_featured_media_url":"https:\/\/www.covb.cat\/wp-content\/uploads\/2020\/04\/DARPA.jpg","jetpack_sharing_enabled":true,"_links":{"self":[{"href":"https:\/\/www.covb.cat\/es\/wp-json\/wp\/v2\/posts\/2473","targetHints":{"allow":["GET"]}}],"collection":[{"href":"https:\/\/www.covb.cat\/es\/wp-json\/wp\/v2\/posts"}],"about":[{"href":"https:\/\/www.covb.cat\/es\/wp-json\/wp\/v2\/types\/post"}],"author":[{"embeddable":true,"href":"https:\/\/www.covb.cat\/es\/wp-json\/wp\/v2\/users\/106"}],"replies":[{"embeddable":true,"href":"https:\/\/www.covb.cat\/es\/wp-json\/wp\/v2\/comments?post=2473"}],"version-history":[{"count":0,"href":"https:\/\/www.covb.cat\/es\/wp-json\/wp\/v2\/posts\/2473\/revisions"}],"wp:featuredmedia":[{"embeddable":true,"href":"https:\/\/www.covb.cat\/es\/wp-json\/wp\/v2\/media\/1042"}],"wp:attachment":[{"href":"https:\/\/www.covb.cat\/es\/wp-json\/wp\/v2\/media?parent=2473"}],"wp:term":[{"taxonomy":"category","embeddable":true,"href":"https:\/\/www.covb.cat\/es\/wp-json\/wp\/v2\/categories?post=2473"},{"taxonomy":"post_tag","embeddable":true,"href":"https:\/\/www.covb.cat\/es\/wp-json\/wp\/v2\/tags?post=2473"}],"curies":[{"name":"wp","href":"https:\/\/api.w.org\/{rel}","templated":true}]}}