{"id":2471,"date":"2020-09-15T12:08:34","date_gmt":"2020-09-15T10:08:34","guid":{"rendered":"https:\/\/www.covb.cat\/?p=2471"},"modified":"2020-09-15T12:08:34","modified_gmt":"2020-09-15T10:08:34","slug":"propuestas-formativas-de-la-intercollegial-relacionadas-con-la-excepcional-situacion-actual-a-disposicion-de-los-colegiados-del-covb","status":"publish","type":"post","link":"https:\/\/www.covb.cat\/es\/actualitat\/noticies\/general\/propuestas-formativas-de-la-intercollegial-relacionadas-con-la-excepcional-situacion-actual-a-disposicion-de-los-colegiados-del-covb\/","title":{"rendered":"Propuestas formativas de la Intercol\u00b7legial, relacionadas con la excepcional situaci\u00f3n actual, a disposici\u00f3n de los colegiados del COVB"},"content":{"rendered":"<p>La Intercol\u00b7legial de Col\u00b7legis Professionals de Catalunya ofrece, a lo largo del mes de abril, una serie de propuestas informativas abiertas a todos sus Col\u00b7legis integrantes, estrechamente vinculadas con la situaci\u00f3n que se deriva de la pandemia de COVID-19. Los colegiados del COVB tambi\u00e9n pueden inscribirse. A continuaci\u00f3n se puede encontrar la informaci\u00f3n detallada de las sesiones propuestas:<\/p>\n<p>&#8211;\u00a0\u00a0\u00a0\u00a0\u00a0\u00a0\u00a008\/04\/20: Sesi\u00f3n en directo de 16 a 17h: &#8216;La importancia del marketing en las ventas y en estos momentos&#8217; (I) \u2013 Col\u00b7legi Oficial d\u2019Agents Comercials de Barcelona.\u00a0<a href=\"https:\/\/www.email-index.com\/click.php?L=g8COTFM763miV23Qx763MKKG8g&amp;J=b16RVPBRSodC7QOe8qmSkQ&amp;C=vQovLIpJG0HbPESX2YcdLQ&amp;F=HKFRcCbcnmxmc4f43DJP5g\" target=\"_blank\" rel=\"noopener noreferrer\">[Leer m\u00e1s]<\/a><\/p>\n<p>&#8211;\u00a0\u00a0\u00a0\u00a0\u00a0\u00a0\u00a009\/04\/20: Sesi\u00f3n en directo de 16 a 17h: &#8216;Novedades fiscales que te afectan como trabajador\/a aut\u00f3nomo\/a&#8217;\u00a0&#8211; Col\u00b7legi Oficial d&#8217;Agents Comercials de Barcelona.\u00a0<a href=\"https:\/\/www.email-index.com\/click.php?L=892zoTFx763SC892G8qXe7qM88Uw&amp;J=b16RVPBRSodC7QOe8qmSkQ&amp;C=vQovLIpJG0HbPESX2YcdLQ&amp;F=HKFRcCbcnmxmc4f43DJP5g\" target=\"_blank\" rel=\"noopener noreferrer\">[Leer m\u00e1s]<\/a><\/p>\n<p>&#8211;\u00a0\u00a0\u00a0\u00a0\u00a0\u00a0\u00a014\/04\/20:\u00a0Sesi\u00f3n en directo a las 10h: &#8216;Aceptaciones y autorizaciones r\u00e1pidas y demostrables, contrataci\u00f3n electr\u00f3nica&#8217; &#8211; Cambra de Comer\u00e7 de Barcelona.\u00a0<a href=\"https:\/\/www.email-index.com\/click.php?L=GptcPiFPdG7634B0p4BRf0Pg&amp;J=b16RVPBRSodC7QOe8qmSkQ&amp;C=vQovLIpJG0HbPESX2YcdLQ&amp;F=HKFRcCbcnmxmc4f43DJP5g\" target=\"_blank\" rel=\"noopener noreferrer\">[Leer m\u00e1s]<\/a><\/p>\n<p>&#8211;\u00a0\u00a0\u00a0\u00a0\u00a0\u00a0\u00a015\/04\/20:\u00a0Sesi\u00f3n en directo a las 12: \u2018Teletrabajo. Todo lo que necesitas para convertir tu casa en tu oficina&#8217; &#8211; Cambra de Comer\u00e7 de Barcelona.\u00a0<a href=\"https:\/\/www.email-index.com\/click.php?L=SGFFz6atZ8jsj6SYgnw3763Q&amp;J=b16RVPBRSodC7QOe8qmSkQ&amp;C=vQovLIpJG0HbPESX2YcdLQ&amp;F=HKFRcCbcnmxmc4f43DJP5g\" target=\"_blank\" rel=\"noopener noreferrer\">[Leer m\u00e1s]<\/a><\/p>\n<p>&#8211;\u00a0\u00a0\u00a0\u00a0\u00a0\u00a0\u00a015\/04\/20: Sesi\u00f3n en directo a las 17h: &#8216;Medidas para favorecer las empresas afectadas por COVID-19&#8217; &#8211; Cambra de Comer\u00e7 de Barcelona.\u00a0<a href=\"https:\/\/www.email-index.com\/click.php?L=0YdYcjpVCOHzquGkWvUEzg&amp;J=b16RVPBRSodC7QOe8qmSkQ&amp;C=vQovLIpJG0HbPESX2YcdLQ&amp;F=HKFRcCbcnmxmc4f43DJP5g\" target=\"_blank\" rel=\"noopener noreferrer\">[Leer m\u00e1s]<\/a><\/p>\n<p>&#8211;\u00a0\u00a0\u00a0\u00a0\u00a0\u00a0\u00a016\/04\/20:\u00a0Sesi\u00f3n en directo a las 16h: &#8216;C\u00f3mo gestionar tu facturaci\u00f3n durante el tiempo de teletrabajo&#8217; &#8211; Cambra de Comer\u00e7 de Barcelona\u00a0<a href=\"https:\/\/www.email-index.com\/click.php?L=KVs7y85JCsVJ892iQET9DVag&amp;J=b16RVPBRSodC7QOe8qmSkQ&amp;C=vQovLIpJG0HbPESX2YcdLQ&amp;F=HKFRcCbcnmxmc4f43DJP5g\" target=\"_blank\" rel=\"noopener noreferrer\">[Leer m\u00e1s]<\/a><\/p>\n<p>&#8211;\u00a0\u00a0\u00a0\u00a0\u00a0\u00a0\u00a020\/04\/20:\u00a0Sesi\u00f3n en directo a las 11h: &#8216;Agilizando las comunicaciones de Recursos Humanos&#8217; &#8211; Cambra de Comer\u00e7 de Barcelona\u00a0<a href=\"https:\/\/www.email-index.com\/click.php?L=nRulNEhBYrHErpFgYoj41g&amp;J=b16RVPBRSodC7QOe8qmSkQ&amp;C=vQovLIpJG0HbPESX2YcdLQ&amp;F=HKFRcCbcnmxmc4f43DJP5g\" target=\"_blank\" rel=\"noopener noreferrer\">[Leer m\u00e1s]<\/a><\/p>\n<p>&#8211;\u00a0\u00a0\u00a0\u00a0\u00a0\u00a0\u00a0C\u00e1psulas V\u00eddeo sobre Derecho Civil; Derecho Concursal; Derecho de Consumo; Derecho de Familia; Derecho Fiscal; Derecho Laboral; Derecho Mercantil; Responsabilidad Civil y Seguros y de Segunda Oportunidad:\u00a0Il\u00b7lustre Col\u00b7legi de l&#8217;Advocacia de Barcelona.\u00a0<a href=\"https:\/\/www.email-index.com\/click.php?L=etGmAuCrOuRsRZJe9FGagA&amp;J=b16RVPBRSodC7QOe8qmSkQ&amp;C=vQovLIpJG0HbPESX2YcdLQ&amp;F=HKFRcCbcnmxmc4f43DJP5g\" target=\"_blank\" rel=\"noopener noreferrer\">[Leer m\u00e1s]<\/a><\/p>\n<p>&#8211;\u00a0\u00a0\u00a0\u00a0\u00a0\u00a0\u00a0Conferencias videostreaming: Il\u00b7lustre Col\u00b7legi de l&#8217;Advocacia de Barcelona.\u00a0<a href=\"https:\/\/www.email-index.com\/click.php?L=9qbmLR0DR892XyR6UGgJ7RDQ&amp;J=b16RVPBRSodC7QOe8qmSkQ&amp;C=vQovLIpJG0HbPESX2YcdLQ&amp;F=HKFRcCbcnmxmc4f43DJP5g\" target=\"_blank\" rel=\"noopener noreferrer\">[Leer m\u00e1s]<\/a><\/p>\n<p>Adem\u00e1s, la Intercol\u00b7legial tambi\u00e9n ofrece cursos y formaci\u00f3n para los profesionales de sus Col\u00b7legis miembros, a precio especial. Son estos:<\/p>\n<p>&#8211;\u00a0\u00a0\u00a0\u00a0\u00a0\u00a0\u00a01-29 de abril (10 horas):\u00a0\u2018Personal Branding 3.0\u2019 &#8211; Col\u00b7legi de Periodistes de Catalunya\u00a0<a href=\"https:\/\/www.email-index.com\/click.php?L=XYyiqF3ebZ6n92h892a4NKyQ&amp;J=b16RVPBRSodC7QOe8qmSkQ&amp;C=vQovLIpJG0HbPESX2YcdLQ&amp;F=HKFRcCbcnmxmc4f43DJP5g\">[<\/a><a href=\"https:\/\/www.email-index.com\/click.php?L=XYyiqF3ebZ6n92h892a4NKyQ&amp;J=b16RVPBRSodC7QOe8qmSkQ&amp;C=vQovLIpJG0HbPESX2YcdLQ&amp;F=HKFRcCbcnmxmc4f43DJP5g\" target=\"_blank\" rel=\"noopener noreferrer\">Leer m\u00e1s]<\/a><\/p>\n<p>&#8211;\u00a0\u00a0\u00a0\u00a0\u00a0\u00a0\u00a02-3 de abril (12 horas): \u2018E-mail marketing: una herramienta por redescubrir\u2019\u00a0&#8211; Col\u00b7legi de Periodistes de Catalunya\u00a0<a href=\"https:\/\/www.email-index.com\/click.php?L=kjf763BKKo8aVSIC3rIB6bbg&amp;J=b16RVPBRSodC7QOe8qmSkQ&amp;C=vQovLIpJG0HbPESX2YcdLQ&amp;F=HKFRcCbcnmxmc4f43DJP5g\" target=\"_blank\" rel=\"noopener noreferrer\">[Leer m\u00e1s]<\/a><\/p>\n<p>&#8211;\u00a0\u00a0\u00a0\u00a0\u00a0\u00a0\u00a02-30 de abril (6 horas): \u2018C\u00f3mo conseguir subscriptores para tu medio digital\u2019 &#8211; Col\u00b7legi de Periodistes de Catalunya<a href=\"https:\/\/www.email-index.com\/click.php?L=8KC763d7P9y96UsCQFsckqXQ&amp;J=b16RVPBRSodC7QOe8qmSkQ&amp;C=vQovLIpJG0HbPESX2YcdLQ&amp;F=HKFRcCbcnmxmc4f43DJP5g\" target=\"_blank\" rel=\"noopener noreferrer\">\u00a0[Leer m\u00e1s]<\/a><\/p>\n<p>&#8211;\u00a0\u00a0\u00a0\u00a0\u00a0\u00a0\u00a03-30 de abril (12 horas):\u00a0\u2018C\u00f3mo hacer un reportaje multimedia de principio a fin\u2019\u2019<a href=\"https:\/\/www.email-index.com\/click.php?L=iTV0yVsmKoKOk5LOawT4Pg&amp;J=b16RVPBRSodC7QOe8qmSkQ&amp;C=vQovLIpJG0HbPESX2YcdLQ&amp;F=HKFRcCbcnmxmc4f43DJP5g\" target=\"_blank\" rel=\"noopener noreferrer\">\u00a0[Leer m\u00e1s]<\/a><\/p>\n","protected":false},"excerpt":{"rendered":"<p>La Intercol\u00b7legial de Col\u00b7legis Professionals de Catalunya ofrece, a lo largo del mes de abril, una serie de propuestas informativas abiertas a todos sus Col\u00b7legis integrantes, estrechamente vinculadas con la situaci\u00f3n que se deriva de la pandemia de COVID-19. Los colegiados del COVB tambi\u00e9n pueden inscribirse. A continuaci\u00f3n se puede encontrar la informaci\u00f3n detallada de [&hellip;]<\/p>\n","protected":false},"author":106,"featured_media":1178,"comment_status":"closed","ping_status":"closed","sticky":false,"template":"","format":"standard","meta":{"_monsterinsights_skip_tracking":false,"_monsterinsights_sitenote_active":false,"_monsterinsights_sitenote_note":"","_monsterinsights_sitenote_category":0,"_jetpack_memberships_contains_paid_content":false,"footnotes":""},"categories":[17],"tags":[],"class_list":["post-2471","post","type-post","status-publish","format-standard","has-post-thumbnail","hentry","category-general"],"yoast_head":"<!-- This site is optimized with the Yoast SEO plugin v27.0 - https:\/\/yoast.com\/product\/yoast-seo-wordpress\/ -->\n<title>Propuestas formativas de la Intercol\u00b7legial, relacionadas con la excepcional situaci\u00f3n actual, a disposici\u00f3n de los colegiados del COVB - COVB - Col\u00b7legi Oficial de Veterinaris de Barcelona<\/title>\n<meta name=\"description\" content=\"La Intercol\u00b7legial de Col\u00b7legis Professionals de Catalunya ofrece, a lo largo del mes de abril, una serie de propuestas informativas abiertas a todos sus\" \/>\n<meta name=\"robots\" content=\"index, follow, max-snippet:-1, max-image-preview:large, max-video-preview:-1\" \/>\n<link rel=\"canonical\" href=\"https:\/\/www.covb.cat\/es\/actualitat\/noticies\/general\/propuestas-formativas-de-la-intercollegial-relacionadas-con-la-excepcional-situacion-actual-a-disposicion-de-los-colegiados-del-covb\/\" \/>\n<meta property=\"og:locale\" content=\"es_ES\" \/>\n<meta property=\"og:type\" content=\"article\" \/>\n<meta property=\"og:title\" content=\"Propuestas formativas de la Intercol\u00b7legial, relacionadas con la excepcional situaci\u00f3n actual, a disposici\u00f3n de los colegiados del COVB - COVB - Col\u00b7legi Oficial de Veterinaris de Barcelona\" \/>\n<meta property=\"og:description\" content=\"La Intercol\u00b7legial de Col\u00b7legis Professionals de Catalunya ofrece, a lo largo del mes de abril, una serie de propuestas informativas abiertas a todos sus\" \/>\n<meta property=\"og:url\" content=\"https:\/\/www.covb.cat\/es\/actualitat\/noticies\/general\/propuestas-formativas-de-la-intercollegial-relacionadas-con-la-excepcional-situacion-actual-a-disposicion-de-los-colegiados-del-covb\/\" \/>\n<meta property=\"og:site_name\" content=\"COVB\" \/>\n<meta property=\"article:publisher\" content=\"https:\/\/www.facebook.com\/COVBcat\/\" \/>\n<meta property=\"article:published_time\" content=\"2020-09-15T10:08:34+00:00\" \/>\n<meta property=\"og:image\" content=\"https:\/\/www.covb.cat\/wp-content\/uploads\/2020\/04\/Nb1JIxZs.jpg\" \/>\n\t<meta property=\"og:image:width\" content=\"286\" \/>\n\t<meta property=\"og:image:height\" content=\"286\" \/>\n\t<meta property=\"og:image:type\" content=\"image\/jpeg\" \/>\n<meta name=\"twitter:card\" content=\"summary_large_image\" \/>\n<meta name=\"twitter:creator\" content=\"@COVBcat\" \/>\n<meta name=\"twitter:site\" content=\"@COVBcat\" \/>\n<meta name=\"twitter:label1\" content=\"Escrito por\" \/>\n\t<meta name=\"twitter:data1\" content=\"\" \/>\n\t<meta name=\"twitter:label2\" content=\"Tiempo de lectura\" \/>\n\t<meta name=\"twitter:data2\" content=\"2 minutos\" \/>\n<script type=\"application\/ld+json\" class=\"yoast-schema-graph\">{\"@context\":\"https:\/\/schema.org\",\"@graph\":[{\"@type\":\"Article\",\"@id\":\"https:\/\/www.covb.cat\/es\/actualitat\/noticies\/general\/propuestas-formativas-de-la-intercollegial-relacionadas-con-la-excepcional-situacion-actual-a-disposicion-de-los-colegiados-del-covb\/#article\",\"isPartOf\":{\"@id\":\"https:\/\/www.covb.cat\/es\/actualitat\/noticies\/general\/propuestas-formativas-de-la-intercollegial-relacionadas-con-la-excepcional-situacion-actual-a-disposicion-de-los-colegiados-del-covb\/\"},\"author\":{\"name\":\"\",\"@id\":\"\"},\"headline\":\"Propuestas formativas de la Intercol\u00b7legial, relacionadas con la excepcional situaci\u00f3n actual, a disposici\u00f3n de los colegiados del COVB\",\"datePublished\":\"2020-09-15T10:08:34+00:00\",\"mainEntityOfPage\":{\"@id\":\"https:\/\/www.covb.cat\/es\/actualitat\/noticies\/general\/propuestas-formativas-de-la-intercollegial-relacionadas-con-la-excepcional-situacion-actual-a-disposicion-de-los-colegiados-del-covb\/\"},\"wordCount\":441,\"publisher\":{\"@id\":\"https:\/\/www.covb.cat\/es\/#organization\"},\"image\":{\"@id\":\"https:\/\/www.covb.cat\/es\/actualitat\/noticies\/general\/propuestas-formativas-de-la-intercollegial-relacionadas-con-la-excepcional-situacion-actual-a-disposicion-de-los-colegiados-del-covb\/#primaryimage\"},\"thumbnailUrl\":\"https:\/\/www.covb.cat\/wp-content\/uploads\/2020\/04\/Nb1JIxZs.jpg\",\"articleSection\":[\"General\"],\"inLanguage\":\"es\"},{\"@type\":\"WebPage\",\"@id\":\"https:\/\/www.covb.cat\/es\/actualitat\/noticies\/general\/propuestas-formativas-de-la-intercollegial-relacionadas-con-la-excepcional-situacion-actual-a-disposicion-de-los-colegiados-del-covb\/\",\"url\":\"https:\/\/www.covb.cat\/es\/actualitat\/noticies\/general\/propuestas-formativas-de-la-intercollegial-relacionadas-con-la-excepcional-situacion-actual-a-disposicion-de-los-colegiados-del-covb\/\",\"name\":\"Propuestas formativas de la Intercol\u00b7legial, relacionadas con la excepcional situaci\u00f3n actual, a disposici\u00f3n de los colegiados del COVB - COVB - Col\u00b7legi Oficial de Veterinaris de Barcelona\",\"isPartOf\":{\"@id\":\"https:\/\/www.covb.cat\/es\/#website\"},\"primaryImageOfPage\":{\"@id\":\"https:\/\/www.covb.cat\/es\/actualitat\/noticies\/general\/propuestas-formativas-de-la-intercollegial-relacionadas-con-la-excepcional-situacion-actual-a-disposicion-de-los-colegiados-del-covb\/#primaryimage\"},\"image\":{\"@id\":\"https:\/\/www.covb.cat\/es\/actualitat\/noticies\/general\/propuestas-formativas-de-la-intercollegial-relacionadas-con-la-excepcional-situacion-actual-a-disposicion-de-los-colegiados-del-covb\/#primaryimage\"},\"thumbnailUrl\":\"https:\/\/www.covb.cat\/wp-content\/uploads\/2020\/04\/Nb1JIxZs.jpg\",\"datePublished\":\"2020-09-15T10:08:34+00:00\",\"description\":\"La Intercol\u00b7legial de Col\u00b7legis Professionals de Catalunya ofrece, a lo largo del mes de abril, una serie de propuestas informativas abiertas a todos sus\",\"breadcrumb\":{\"@id\":\"https:\/\/www.covb.cat\/es\/actualitat\/noticies\/general\/propuestas-formativas-de-la-intercollegial-relacionadas-con-la-excepcional-situacion-actual-a-disposicion-de-los-colegiados-del-covb\/#breadcrumb\"},\"inLanguage\":\"es\",\"potentialAction\":[{\"@type\":\"ReadAction\",\"target\":[\"https:\/\/www.covb.cat\/es\/actualitat\/noticies\/general\/propuestas-formativas-de-la-intercollegial-relacionadas-con-la-excepcional-situacion-actual-a-disposicion-de-los-colegiados-del-covb\/\"]}]},{\"@type\":\"ImageObject\",\"inLanguage\":\"es\",\"@id\":\"https:\/\/www.covb.cat\/es\/actualitat\/noticies\/general\/propuestas-formativas-de-la-intercollegial-relacionadas-con-la-excepcional-situacion-actual-a-disposicion-de-los-colegiados-del-covb\/#primaryimage\",\"url\":\"https:\/\/www.covb.cat\/wp-content\/uploads\/2020\/04\/Nb1JIxZs.jpg\",\"contentUrl\":\"https:\/\/www.covb.cat\/wp-content\/uploads\/2020\/04\/Nb1JIxZs.jpg\",\"width\":286,\"height\":286},{\"@type\":\"BreadcrumbList\",\"@id\":\"https:\/\/www.covb.cat\/es\/actualitat\/noticies\/general\/propuestas-formativas-de-la-intercollegial-relacionadas-con-la-excepcional-situacion-actual-a-disposicion-de-los-colegiados-del-covb\/#breadcrumb\",\"itemListElement\":[{\"@type\":\"ListItem\",\"position\":1,\"name\":\"Inici\",\"item\":\"https:\/\/www.covb.cat\/es\/\"},{\"@type\":\"ListItem\",\"position\":2,\"name\":\"Propuestas formativas de la Intercol\u00b7legial, relacionadas con la excepcional situaci\u00f3n actual, a disposici\u00f3n de los colegiados del COVB\"}]},{\"@type\":\"WebSite\",\"@id\":\"https:\/\/www.covb.cat\/es\/#website\",\"url\":\"https:\/\/www.covb.cat\/es\/\",\"name\":\"COVB\",\"description\":\"Col\u00b7legi Oficial de Veterinaris de Barcelona\",\"publisher\":{\"@id\":\"https:\/\/www.covb.cat\/es\/#organization\"},\"potentialAction\":[{\"@type\":\"SearchAction\",\"target\":{\"@type\":\"EntryPoint\",\"urlTemplate\":\"https:\/\/www.covb.cat\/es\/?s={search_term_string}\"},\"query-input\":{\"@type\":\"PropertyValueSpecification\",\"valueRequired\":true,\"valueName\":\"search_term_string\"}}],\"inLanguage\":\"es\"},{\"@type\":\"Organization\",\"@id\":\"https:\/\/www.covb.cat\/es\/#organization\",\"name\":\"COVB\",\"url\":\"https:\/\/www.covb.cat\/es\/\",\"logo\":{\"@type\":\"ImageObject\",\"inLanguage\":\"es\",\"@id\":\"https:\/\/www.covb.cat\/es\/#\/schema\/logo\/image\/\",\"url\":\"https:\/\/www.covb.cat\/wp-content\/uploads\/2018\/07\/favicon-covb.png\",\"contentUrl\":\"https:\/\/www.covb.cat\/wp-content\/uploads\/2018\/07\/favicon-covb.png\",\"width\":512,\"height\":512,\"caption\":\"COVB\"},\"image\":{\"@id\":\"https:\/\/www.covb.cat\/es\/#\/schema\/logo\/image\/\"},\"sameAs\":[\"https:\/\/www.facebook.com\/COVBcat\/\",\"https:\/\/x.com\/COVBcat\",\"https:\/\/www.youtube.com\/user\/covbcn\"]},{\"@type\":\"Person\",\"@id\":\"\"}]}<\/script>\n<!-- \/ Yoast SEO plugin. -->","yoast_head_json":{"title":"Propuestas formativas de la Intercol\u00b7legial, relacionadas con la excepcional situaci\u00f3n actual, a disposici\u00f3n de los colegiados del COVB - COVB - Col\u00b7legi Oficial de Veterinaris de Barcelona","description":"La Intercol\u00b7legial de Col\u00b7legis Professionals de Catalunya ofrece, a lo largo del mes de abril, una serie de propuestas informativas abiertas a todos sus","robots":{"index":"index","follow":"follow","max-snippet":"max-snippet:-1","max-image-preview":"max-image-preview:large","max-video-preview":"max-video-preview:-1"},"canonical":"https:\/\/www.covb.cat\/es\/actualitat\/noticies\/general\/propuestas-formativas-de-la-intercollegial-relacionadas-con-la-excepcional-situacion-actual-a-disposicion-de-los-colegiados-del-covb\/","og_locale":"es_ES","og_type":"article","og_title":"Propuestas formativas de la Intercol\u00b7legial, relacionadas con la excepcional situaci\u00f3n actual, a disposici\u00f3n de los colegiados del COVB - COVB - Col\u00b7legi Oficial de Veterinaris de Barcelona","og_description":"La Intercol\u00b7legial de Col\u00b7legis Professionals de Catalunya ofrece, a lo largo del mes de abril, una serie de propuestas informativas abiertas a todos sus","og_url":"https:\/\/www.covb.cat\/es\/actualitat\/noticies\/general\/propuestas-formativas-de-la-intercollegial-relacionadas-con-la-excepcional-situacion-actual-a-disposicion-de-los-colegiados-del-covb\/","og_site_name":"COVB","article_publisher":"https:\/\/www.facebook.com\/COVBcat\/","article_published_time":"2020-09-15T10:08:34+00:00","og_image":[{"width":286,"height":286,"url":"https:\/\/www.covb.cat\/wp-content\/uploads\/2020\/04\/Nb1JIxZs.jpg","type":"image\/jpeg"}],"twitter_card":"summary_large_image","twitter_creator":"@COVBcat","twitter_site":"@COVBcat","twitter_misc":{"Escrito por":"","Tiempo de lectura":"2 minutos"},"schema":{"@context":"https:\/\/schema.org","@graph":[{"@type":"Article","@id":"https:\/\/www.covb.cat\/es\/actualitat\/noticies\/general\/propuestas-formativas-de-la-intercollegial-relacionadas-con-la-excepcional-situacion-actual-a-disposicion-de-los-colegiados-del-covb\/#article","isPartOf":{"@id":"https:\/\/www.covb.cat\/es\/actualitat\/noticies\/general\/propuestas-formativas-de-la-intercollegial-relacionadas-con-la-excepcional-situacion-actual-a-disposicion-de-los-colegiados-del-covb\/"},"author":{"name":"","@id":""},"headline":"Propuestas formativas de la Intercol\u00b7legial, relacionadas con la excepcional situaci\u00f3n actual, a disposici\u00f3n de los colegiados del COVB","datePublished":"2020-09-15T10:08:34+00:00","mainEntityOfPage":{"@id":"https:\/\/www.covb.cat\/es\/actualitat\/noticies\/general\/propuestas-formativas-de-la-intercollegial-relacionadas-con-la-excepcional-situacion-actual-a-disposicion-de-los-colegiados-del-covb\/"},"wordCount":441,"publisher":{"@id":"https:\/\/www.covb.cat\/es\/#organization"},"image":{"@id":"https:\/\/www.covb.cat\/es\/actualitat\/noticies\/general\/propuestas-formativas-de-la-intercollegial-relacionadas-con-la-excepcional-situacion-actual-a-disposicion-de-los-colegiados-del-covb\/#primaryimage"},"thumbnailUrl":"https:\/\/www.covb.cat\/wp-content\/uploads\/2020\/04\/Nb1JIxZs.jpg","articleSection":["General"],"inLanguage":"es"},{"@type":"WebPage","@id":"https:\/\/www.covb.cat\/es\/actualitat\/noticies\/general\/propuestas-formativas-de-la-intercollegial-relacionadas-con-la-excepcional-situacion-actual-a-disposicion-de-los-colegiados-del-covb\/","url":"https:\/\/www.covb.cat\/es\/actualitat\/noticies\/general\/propuestas-formativas-de-la-intercollegial-relacionadas-con-la-excepcional-situacion-actual-a-disposicion-de-los-colegiados-del-covb\/","name":"Propuestas formativas de la Intercol\u00b7legial, relacionadas con la excepcional situaci\u00f3n actual, a disposici\u00f3n de los colegiados del COVB - COVB - Col\u00b7legi Oficial de Veterinaris de Barcelona","isPartOf":{"@id":"https:\/\/www.covb.cat\/es\/#website"},"primaryImageOfPage":{"@id":"https:\/\/www.covb.cat\/es\/actualitat\/noticies\/general\/propuestas-formativas-de-la-intercollegial-relacionadas-con-la-excepcional-situacion-actual-a-disposicion-de-los-colegiados-del-covb\/#primaryimage"},"image":{"@id":"https:\/\/www.covb.cat\/es\/actualitat\/noticies\/general\/propuestas-formativas-de-la-intercollegial-relacionadas-con-la-excepcional-situacion-actual-a-disposicion-de-los-colegiados-del-covb\/#primaryimage"},"thumbnailUrl":"https:\/\/www.covb.cat\/wp-content\/uploads\/2020\/04\/Nb1JIxZs.jpg","datePublished":"2020-09-15T10:08:34+00:00","description":"La Intercol\u00b7legial de Col\u00b7legis Professionals de Catalunya ofrece, a lo largo del mes de abril, una serie de propuestas informativas abiertas a todos sus","breadcrumb":{"@id":"https:\/\/www.covb.cat\/es\/actualitat\/noticies\/general\/propuestas-formativas-de-la-intercollegial-relacionadas-con-la-excepcional-situacion-actual-a-disposicion-de-los-colegiados-del-covb\/#breadcrumb"},"inLanguage":"es","potentialAction":[{"@type":"ReadAction","target":["https:\/\/www.covb.cat\/es\/actualitat\/noticies\/general\/propuestas-formativas-de-la-intercollegial-relacionadas-con-la-excepcional-situacion-actual-a-disposicion-de-los-colegiados-del-covb\/"]}]},{"@type":"ImageObject","inLanguage":"es","@id":"https:\/\/www.covb.cat\/es\/actualitat\/noticies\/general\/propuestas-formativas-de-la-intercollegial-relacionadas-con-la-excepcional-situacion-actual-a-disposicion-de-los-colegiados-del-covb\/#primaryimage","url":"https:\/\/www.covb.cat\/wp-content\/uploads\/2020\/04\/Nb1JIxZs.jpg","contentUrl":"https:\/\/www.covb.cat\/wp-content\/uploads\/2020\/04\/Nb1JIxZs.jpg","width":286,"height":286},{"@type":"BreadcrumbList","@id":"https:\/\/www.covb.cat\/es\/actualitat\/noticies\/general\/propuestas-formativas-de-la-intercollegial-relacionadas-con-la-excepcional-situacion-actual-a-disposicion-de-los-colegiados-del-covb\/#breadcrumb","itemListElement":[{"@type":"ListItem","position":1,"name":"Inici","item":"https:\/\/www.covb.cat\/es\/"},{"@type":"ListItem","position":2,"name":"Propuestas formativas de la Intercol\u00b7legial, relacionadas con la excepcional situaci\u00f3n actual, a disposici\u00f3n de los colegiados del COVB"}]},{"@type":"WebSite","@id":"https:\/\/www.covb.cat\/es\/#website","url":"https:\/\/www.covb.cat\/es\/","name":"COVB","description":"Col\u00b7legi Oficial de Veterinaris de Barcelona","publisher":{"@id":"https:\/\/www.covb.cat\/es\/#organization"},"potentialAction":[{"@type":"SearchAction","target":{"@type":"EntryPoint","urlTemplate":"https:\/\/www.covb.cat\/es\/?s={search_term_string}"},"query-input":{"@type":"PropertyValueSpecification","valueRequired":true,"valueName":"search_term_string"}}],"inLanguage":"es"},{"@type":"Organization","@id":"https:\/\/www.covb.cat\/es\/#organization","name":"COVB","url":"https:\/\/www.covb.cat\/es\/","logo":{"@type":"ImageObject","inLanguage":"es","@id":"https:\/\/www.covb.cat\/es\/#\/schema\/logo\/image\/","url":"https:\/\/www.covb.cat\/wp-content\/uploads\/2018\/07\/favicon-covb.png","contentUrl":"https:\/\/www.covb.cat\/wp-content\/uploads\/2018\/07\/favicon-covb.png","width":512,"height":512,"caption":"COVB"},"image":{"@id":"https:\/\/www.covb.cat\/es\/#\/schema\/logo\/image\/"},"sameAs":["https:\/\/www.facebook.com\/COVBcat\/","https:\/\/x.com\/COVBcat","https:\/\/www.youtube.com\/user\/covbcn"]},{"@type":"Person","@id":""}]}},"jetpack_featured_media_url":"https:\/\/www.covb.cat\/wp-content\/uploads\/2020\/04\/Nb1JIxZs.jpg","jetpack_sharing_enabled":true,"_links":{"self":[{"href":"https:\/\/www.covb.cat\/es\/wp-json\/wp\/v2\/posts\/2471","targetHints":{"allow":["GET"]}}],"collection":[{"href":"https:\/\/www.covb.cat\/es\/wp-json\/wp\/v2\/posts"}],"about":[{"href":"https:\/\/www.covb.cat\/es\/wp-json\/wp\/v2\/types\/post"}],"author":[{"embeddable":true,"href":"https:\/\/www.covb.cat\/es\/wp-json\/wp\/v2\/users\/106"}],"replies":[{"embeddable":true,"href":"https:\/\/www.covb.cat\/es\/wp-json\/wp\/v2\/comments?post=2471"}],"version-history":[{"count":0,"href":"https:\/\/www.covb.cat\/es\/wp-json\/wp\/v2\/posts\/2471\/revisions"}],"wp:featuredmedia":[{"embeddable":true,"href":"https:\/\/www.covb.cat\/es\/wp-json\/wp\/v2\/media\/1178"}],"wp:attachment":[{"href":"https:\/\/www.covb.cat\/es\/wp-json\/wp\/v2\/media?parent=2471"}],"wp:term":[{"taxonomy":"category","embeddable":true,"href":"https:\/\/www.covb.cat\/es\/wp-json\/wp\/v2\/categories?post=2471"},{"taxonomy":"post_tag","embeddable":true,"href":"https:\/\/www.covb.cat\/es\/wp-json\/wp\/v2\/tags?post=2471"}],"curies":[{"name":"wp","href":"https:\/\/api.w.org\/{rel}","templated":true}]}}