{"id":2430,"date":"2020-09-15T10:55:55","date_gmt":"2020-09-15T08:55:55","guid":{"rendered":"https:\/\/www.covb.cat\/?p=2430"},"modified":"2020-09-15T10:55:55","modified_gmt":"2020-09-15T08:55:55","slug":"el-covb-suspende-la-cuota-colegial-del-segundo-trimestre-como-medida-de-apoyo-a-los-profesionales-de-la-veterinaria-en-el-momento-actual","status":"publish","type":"post","link":"https:\/\/www.covb.cat\/es\/actualitat\/noticies\/general\/el-covb-suspende-la-cuota-colegial-del-segundo-trimestre-como-medida-de-apoyo-a-los-profesionales-de-la-veterinaria-en-el-momento-actual\/","title":{"rendered":"El COVB suspende la cuota colegial del segundo trimestre como medida de apoyo a los profesionales de la veterinaria en el momento actual"},"content":{"rendered":"<p>La Junta de Gobierno del Colegio Oficial de Veterinarios de Barcelona (COVB) ha adoptado la decisi\u00f3n de suspender la cuota colegial correspondiente al segundo trimestre de 2020, ante el estado de alarma declarado por el Gobierno espa\u00f1ol y el momento de incertidumbre econ\u00f3mica que esto ha generado. Esta decisi\u00f3n deber\u00e1 ser posteriormente ratificada en Asamblea de colegiados tal como se prev\u00e9 en los estatutos. La exenci\u00f3n de cuota no supondr\u00e1 en ning\u00fan caso la reducci\u00f3n en los servicios que se prestan a los colegiados.<\/p>\n","protected":false},"excerpt":{"rendered":"<p>La Junta de Gobierno del Colegio Oficial de Veterinarios de Barcelona (COVB) ha adoptado la decisi\u00f3n de suspender la cuota colegial correspondiente al segundo trimestre de 2020, ante el estado de alarma declarado por el Gobierno espa\u00f1ol y el momento de incertidumbre econ\u00f3mica que esto ha generado. Esta decisi\u00f3n deber\u00e1 ser posteriormente ratificada en Asamblea [&hellip;]<\/p>\n","protected":false},"author":106,"featured_media":602,"comment_status":"closed","ping_status":"closed","sticky":false,"template":"","format":"standard","meta":{"_monsterinsights_skip_tracking":false,"_monsterinsights_sitenote_active":false,"_monsterinsights_sitenote_note":"","_monsterinsights_sitenote_category":0,"_jetpack_memberships_contains_paid_content":false,"footnotes":""},"categories":[17],"tags":[],"class_list":["post-2430","post","type-post","status-publish","format-standard","has-post-thumbnail","hentry","category-general"],"yoast_head":"<!-- This site is optimized with the Yoast SEO plugin v27.0 - https:\/\/yoast.com\/product\/yoast-seo-wordpress\/ -->\n<title>El COVB suspende la cuota colegial del segundo trimestre como medida de apoyo a los profesionales de la veterinaria en el momento actual - COVB - Col\u00b7legi Oficial de Veterinaris de Barcelona<\/title>\n<meta name=\"description\" content=\"La Junta de Gobierno del Colegio Oficial de Veterinarios de Barcelona (COVB) ha adoptado la decisi\u00f3n de suspender la cuota colegial correspondiente al\" \/>\n<meta name=\"robots\" content=\"index, follow, max-snippet:-1, max-image-preview:large, max-video-preview:-1\" \/>\n<link rel=\"canonical\" href=\"https:\/\/www.covb.cat\/es\/actualitat\/noticies\/general\/el-covb-suspende-la-cuota-colegial-del-segundo-trimestre-como-medida-de-apoyo-a-los-profesionales-de-la-veterinaria-en-el-momento-actual\/\" \/>\n<meta property=\"og:locale\" content=\"es_ES\" \/>\n<meta property=\"og:type\" content=\"article\" \/>\n<meta property=\"og:title\" content=\"El COVB suspende la cuota colegial del segundo trimestre como medida de apoyo a los profesionales de la veterinaria en el momento actual - COVB - Col\u00b7legi Oficial de Veterinaris de Barcelona\" \/>\n<meta property=\"og:description\" content=\"La Junta de Gobierno del Colegio Oficial de Veterinarios de Barcelona (COVB) ha adoptado la decisi\u00f3n de suspender la cuota colegial correspondiente al\" \/>\n<meta property=\"og:url\" content=\"https:\/\/www.covb.cat\/es\/actualitat\/noticies\/general\/el-covb-suspende-la-cuota-colegial-del-segundo-trimestre-como-medida-de-apoyo-a-los-profesionales-de-la-veterinaria-en-el-momento-actual\/\" \/>\n<meta property=\"og:site_name\" content=\"COVB\" \/>\n<meta property=\"article:publisher\" content=\"https:\/\/www.facebook.com\/COVBcat\/\" \/>\n<meta property=\"article:published_time\" content=\"2020-09-15T08:55:55+00:00\" \/>\n<meta property=\"og:image\" content=\"https:\/\/www.covb.cat\/wp-content\/uploads\/2019\/12\/logo-covb.jpg\" \/>\n\t<meta property=\"og:image:width\" content=\"900\" \/>\n\t<meta property=\"og:image:height\" content=\"400\" \/>\n\t<meta property=\"og:image:type\" content=\"image\/jpeg\" \/>\n<meta name=\"twitter:card\" content=\"summary_large_image\" \/>\n<meta name=\"twitter:creator\" content=\"@COVBcat\" \/>\n<meta name=\"twitter:site\" content=\"@COVBcat\" \/>\n<meta name=\"twitter:label1\" content=\"Escrito por\" \/>\n\t<meta name=\"twitter:data1\" content=\"\" \/>\n<script type=\"application\/ld+json\" class=\"yoast-schema-graph\">{\"@context\":\"https:\/\/schema.org\",\"@graph\":[{\"@type\":\"Article\",\"@id\":\"https:\/\/www.covb.cat\/es\/actualitat\/noticies\/general\/el-covb-suspende-la-cuota-colegial-del-segundo-trimestre-como-medida-de-apoyo-a-los-profesionales-de-la-veterinaria-en-el-momento-actual\/#article\",\"isPartOf\":{\"@id\":\"https:\/\/www.covb.cat\/es\/actualitat\/noticies\/general\/el-covb-suspende-la-cuota-colegial-del-segundo-trimestre-como-medida-de-apoyo-a-los-profesionales-de-la-veterinaria-en-el-momento-actual\/\"},\"author\":{\"name\":\"\",\"@id\":\"\"},\"headline\":\"El COVB suspende la cuota colegial del segundo trimestre como medida de apoyo a los profesionales de la veterinaria en el momento actual\",\"datePublished\":\"2020-09-15T08:55:55+00:00\",\"mainEntityOfPage\":{\"@id\":\"https:\/\/www.covb.cat\/es\/actualitat\/noticies\/general\/el-covb-suspende-la-cuota-colegial-del-segundo-trimestre-como-medida-de-apoyo-a-los-profesionales-de-la-veterinaria-en-el-momento-actual\/\"},\"wordCount\":113,\"publisher\":{\"@id\":\"https:\/\/www.covb.cat\/es\/#organization\"},\"image\":{\"@id\":\"https:\/\/www.covb.cat\/es\/actualitat\/noticies\/general\/el-covb-suspende-la-cuota-colegial-del-segundo-trimestre-como-medida-de-apoyo-a-los-profesionales-de-la-veterinaria-en-el-momento-actual\/#primaryimage\"},\"thumbnailUrl\":\"https:\/\/www.covb.cat\/wp-content\/uploads\/2019\/12\/logo-covb.jpg\",\"articleSection\":[\"General\"],\"inLanguage\":\"es\"},{\"@type\":\"WebPage\",\"@id\":\"https:\/\/www.covb.cat\/es\/actualitat\/noticies\/general\/el-covb-suspende-la-cuota-colegial-del-segundo-trimestre-como-medida-de-apoyo-a-los-profesionales-de-la-veterinaria-en-el-momento-actual\/\",\"url\":\"https:\/\/www.covb.cat\/es\/actualitat\/noticies\/general\/el-covb-suspende-la-cuota-colegial-del-segundo-trimestre-como-medida-de-apoyo-a-los-profesionales-de-la-veterinaria-en-el-momento-actual\/\",\"name\":\"El COVB suspende la cuota colegial del segundo trimestre como medida de apoyo a los profesionales de la veterinaria en el momento actual - COVB - Col\u00b7legi Oficial de Veterinaris de Barcelona\",\"isPartOf\":{\"@id\":\"https:\/\/www.covb.cat\/es\/#website\"},\"primaryImageOfPage\":{\"@id\":\"https:\/\/www.covb.cat\/es\/actualitat\/noticies\/general\/el-covb-suspende-la-cuota-colegial-del-segundo-trimestre-como-medida-de-apoyo-a-los-profesionales-de-la-veterinaria-en-el-momento-actual\/#primaryimage\"},\"image\":{\"@id\":\"https:\/\/www.covb.cat\/es\/actualitat\/noticies\/general\/el-covb-suspende-la-cuota-colegial-del-segundo-trimestre-como-medida-de-apoyo-a-los-profesionales-de-la-veterinaria-en-el-momento-actual\/#primaryimage\"},\"thumbnailUrl\":\"https:\/\/www.covb.cat\/wp-content\/uploads\/2019\/12\/logo-covb.jpg\",\"datePublished\":\"2020-09-15T08:55:55+00:00\",\"description\":\"La Junta de Gobierno del Colegio Oficial de Veterinarios de Barcelona (COVB) ha adoptado la decisi\u00f3n de suspender la cuota colegial correspondiente al\",\"breadcrumb\":{\"@id\":\"https:\/\/www.covb.cat\/es\/actualitat\/noticies\/general\/el-covb-suspende-la-cuota-colegial-del-segundo-trimestre-como-medida-de-apoyo-a-los-profesionales-de-la-veterinaria-en-el-momento-actual\/#breadcrumb\"},\"inLanguage\":\"es\",\"potentialAction\":[{\"@type\":\"ReadAction\",\"target\":[\"https:\/\/www.covb.cat\/es\/actualitat\/noticies\/general\/el-covb-suspende-la-cuota-colegial-del-segundo-trimestre-como-medida-de-apoyo-a-los-profesionales-de-la-veterinaria-en-el-momento-actual\/\"]}]},{\"@type\":\"ImageObject\",\"inLanguage\":\"es\",\"@id\":\"https:\/\/www.covb.cat\/es\/actualitat\/noticies\/general\/el-covb-suspende-la-cuota-colegial-del-segundo-trimestre-como-medida-de-apoyo-a-los-profesionales-de-la-veterinaria-en-el-momento-actual\/#primaryimage\",\"url\":\"https:\/\/www.covb.cat\/wp-content\/uploads\/2019\/12\/logo-covb.jpg\",\"contentUrl\":\"https:\/\/www.covb.cat\/wp-content\/uploads\/2019\/12\/logo-covb.jpg\",\"width\":900,\"height\":400},{\"@type\":\"BreadcrumbList\",\"@id\":\"https:\/\/www.covb.cat\/es\/actualitat\/noticies\/general\/el-covb-suspende-la-cuota-colegial-del-segundo-trimestre-como-medida-de-apoyo-a-los-profesionales-de-la-veterinaria-en-el-momento-actual\/#breadcrumb\",\"itemListElement\":[{\"@type\":\"ListItem\",\"position\":1,\"name\":\"Inici\",\"item\":\"https:\/\/www.covb.cat\/es\/\"},{\"@type\":\"ListItem\",\"position\":2,\"name\":\"El COVB suspende la cuota colegial del segundo trimestre como medida de apoyo a los profesionales de la veterinaria en el momento actual\"}]},{\"@type\":\"WebSite\",\"@id\":\"https:\/\/www.covb.cat\/es\/#website\",\"url\":\"https:\/\/www.covb.cat\/es\/\",\"name\":\"COVB\",\"description\":\"Col\u00b7legi Oficial de Veterinaris de Barcelona\",\"publisher\":{\"@id\":\"https:\/\/www.covb.cat\/es\/#organization\"},\"potentialAction\":[{\"@type\":\"SearchAction\",\"target\":{\"@type\":\"EntryPoint\",\"urlTemplate\":\"https:\/\/www.covb.cat\/es\/?s={search_term_string}\"},\"query-input\":{\"@type\":\"PropertyValueSpecification\",\"valueRequired\":true,\"valueName\":\"search_term_string\"}}],\"inLanguage\":\"es\"},{\"@type\":\"Organization\",\"@id\":\"https:\/\/www.covb.cat\/es\/#organization\",\"name\":\"COVB\",\"url\":\"https:\/\/www.covb.cat\/es\/\",\"logo\":{\"@type\":\"ImageObject\",\"inLanguage\":\"es\",\"@id\":\"https:\/\/www.covb.cat\/es\/#\/schema\/logo\/image\/\",\"url\":\"https:\/\/www.covb.cat\/wp-content\/uploads\/2018\/07\/favicon-covb.png\",\"contentUrl\":\"https:\/\/www.covb.cat\/wp-content\/uploads\/2018\/07\/favicon-covb.png\",\"width\":512,\"height\":512,\"caption\":\"COVB\"},\"image\":{\"@id\":\"https:\/\/www.covb.cat\/es\/#\/schema\/logo\/image\/\"},\"sameAs\":[\"https:\/\/www.facebook.com\/COVBcat\/\",\"https:\/\/x.com\/COVBcat\",\"https:\/\/www.youtube.com\/user\/covbcn\"]},{\"@type\":\"Person\",\"@id\":\"\"}]}<\/script>\n<!-- \/ Yoast SEO plugin. -->","yoast_head_json":{"title":"El COVB suspende la cuota colegial del segundo trimestre como medida de apoyo a los profesionales de la veterinaria en el momento actual - COVB - Col\u00b7legi Oficial de Veterinaris de Barcelona","description":"La Junta de Gobierno del Colegio Oficial de Veterinarios de Barcelona (COVB) ha adoptado la decisi\u00f3n de suspender la cuota colegial correspondiente al","robots":{"index":"index","follow":"follow","max-snippet":"max-snippet:-1","max-image-preview":"max-image-preview:large","max-video-preview":"max-video-preview:-1"},"canonical":"https:\/\/www.covb.cat\/es\/actualitat\/noticies\/general\/el-covb-suspende-la-cuota-colegial-del-segundo-trimestre-como-medida-de-apoyo-a-los-profesionales-de-la-veterinaria-en-el-momento-actual\/","og_locale":"es_ES","og_type":"article","og_title":"El COVB suspende la cuota colegial del segundo trimestre como medida de apoyo a los profesionales de la veterinaria en el momento actual - COVB - Col\u00b7legi Oficial de Veterinaris de Barcelona","og_description":"La Junta de Gobierno del Colegio Oficial de Veterinarios de Barcelona (COVB) ha adoptado la decisi\u00f3n de suspender la cuota colegial correspondiente al","og_url":"https:\/\/www.covb.cat\/es\/actualitat\/noticies\/general\/el-covb-suspende-la-cuota-colegial-del-segundo-trimestre-como-medida-de-apoyo-a-los-profesionales-de-la-veterinaria-en-el-momento-actual\/","og_site_name":"COVB","article_publisher":"https:\/\/www.facebook.com\/COVBcat\/","article_published_time":"2020-09-15T08:55:55+00:00","og_image":[{"width":900,"height":400,"url":"https:\/\/www.covb.cat\/wp-content\/uploads\/2019\/12\/logo-covb.jpg","type":"image\/jpeg"}],"twitter_card":"summary_large_image","twitter_creator":"@COVBcat","twitter_site":"@COVBcat","twitter_misc":{"Escrito por":""},"schema":{"@context":"https:\/\/schema.org","@graph":[{"@type":"Article","@id":"https:\/\/www.covb.cat\/es\/actualitat\/noticies\/general\/el-covb-suspende-la-cuota-colegial-del-segundo-trimestre-como-medida-de-apoyo-a-los-profesionales-de-la-veterinaria-en-el-momento-actual\/#article","isPartOf":{"@id":"https:\/\/www.covb.cat\/es\/actualitat\/noticies\/general\/el-covb-suspende-la-cuota-colegial-del-segundo-trimestre-como-medida-de-apoyo-a-los-profesionales-de-la-veterinaria-en-el-momento-actual\/"},"author":{"name":"","@id":""},"headline":"El COVB suspende la cuota colegial del segundo trimestre como medida de apoyo a los profesionales de la veterinaria en el momento actual","datePublished":"2020-09-15T08:55:55+00:00","mainEntityOfPage":{"@id":"https:\/\/www.covb.cat\/es\/actualitat\/noticies\/general\/el-covb-suspende-la-cuota-colegial-del-segundo-trimestre-como-medida-de-apoyo-a-los-profesionales-de-la-veterinaria-en-el-momento-actual\/"},"wordCount":113,"publisher":{"@id":"https:\/\/www.covb.cat\/es\/#organization"},"image":{"@id":"https:\/\/www.covb.cat\/es\/actualitat\/noticies\/general\/el-covb-suspende-la-cuota-colegial-del-segundo-trimestre-como-medida-de-apoyo-a-los-profesionales-de-la-veterinaria-en-el-momento-actual\/#primaryimage"},"thumbnailUrl":"https:\/\/www.covb.cat\/wp-content\/uploads\/2019\/12\/logo-covb.jpg","articleSection":["General"],"inLanguage":"es"},{"@type":"WebPage","@id":"https:\/\/www.covb.cat\/es\/actualitat\/noticies\/general\/el-covb-suspende-la-cuota-colegial-del-segundo-trimestre-como-medida-de-apoyo-a-los-profesionales-de-la-veterinaria-en-el-momento-actual\/","url":"https:\/\/www.covb.cat\/es\/actualitat\/noticies\/general\/el-covb-suspende-la-cuota-colegial-del-segundo-trimestre-como-medida-de-apoyo-a-los-profesionales-de-la-veterinaria-en-el-momento-actual\/","name":"El COVB suspende la cuota colegial del segundo trimestre como medida de apoyo a los profesionales de la veterinaria en el momento actual - COVB - Col\u00b7legi Oficial de Veterinaris de Barcelona","isPartOf":{"@id":"https:\/\/www.covb.cat\/es\/#website"},"primaryImageOfPage":{"@id":"https:\/\/www.covb.cat\/es\/actualitat\/noticies\/general\/el-covb-suspende-la-cuota-colegial-del-segundo-trimestre-como-medida-de-apoyo-a-los-profesionales-de-la-veterinaria-en-el-momento-actual\/#primaryimage"},"image":{"@id":"https:\/\/www.covb.cat\/es\/actualitat\/noticies\/general\/el-covb-suspende-la-cuota-colegial-del-segundo-trimestre-como-medida-de-apoyo-a-los-profesionales-de-la-veterinaria-en-el-momento-actual\/#primaryimage"},"thumbnailUrl":"https:\/\/www.covb.cat\/wp-content\/uploads\/2019\/12\/logo-covb.jpg","datePublished":"2020-09-15T08:55:55+00:00","description":"La Junta de Gobierno del Colegio Oficial de Veterinarios de Barcelona (COVB) ha adoptado la decisi\u00f3n de suspender la cuota colegial correspondiente al","breadcrumb":{"@id":"https:\/\/www.covb.cat\/es\/actualitat\/noticies\/general\/el-covb-suspende-la-cuota-colegial-del-segundo-trimestre-como-medida-de-apoyo-a-los-profesionales-de-la-veterinaria-en-el-momento-actual\/#breadcrumb"},"inLanguage":"es","potentialAction":[{"@type":"ReadAction","target":["https:\/\/www.covb.cat\/es\/actualitat\/noticies\/general\/el-covb-suspende-la-cuota-colegial-del-segundo-trimestre-como-medida-de-apoyo-a-los-profesionales-de-la-veterinaria-en-el-momento-actual\/"]}]},{"@type":"ImageObject","inLanguage":"es","@id":"https:\/\/www.covb.cat\/es\/actualitat\/noticies\/general\/el-covb-suspende-la-cuota-colegial-del-segundo-trimestre-como-medida-de-apoyo-a-los-profesionales-de-la-veterinaria-en-el-momento-actual\/#primaryimage","url":"https:\/\/www.covb.cat\/wp-content\/uploads\/2019\/12\/logo-covb.jpg","contentUrl":"https:\/\/www.covb.cat\/wp-content\/uploads\/2019\/12\/logo-covb.jpg","width":900,"height":400},{"@type":"BreadcrumbList","@id":"https:\/\/www.covb.cat\/es\/actualitat\/noticies\/general\/el-covb-suspende-la-cuota-colegial-del-segundo-trimestre-como-medida-de-apoyo-a-los-profesionales-de-la-veterinaria-en-el-momento-actual\/#breadcrumb","itemListElement":[{"@type":"ListItem","position":1,"name":"Inici","item":"https:\/\/www.covb.cat\/es\/"},{"@type":"ListItem","position":2,"name":"El COVB suspende la cuota colegial del segundo trimestre como medida de apoyo a los profesionales de la veterinaria en el momento actual"}]},{"@type":"WebSite","@id":"https:\/\/www.covb.cat\/es\/#website","url":"https:\/\/www.covb.cat\/es\/","name":"COVB","description":"Col\u00b7legi Oficial de Veterinaris de Barcelona","publisher":{"@id":"https:\/\/www.covb.cat\/es\/#organization"},"potentialAction":[{"@type":"SearchAction","target":{"@type":"EntryPoint","urlTemplate":"https:\/\/www.covb.cat\/es\/?s={search_term_string}"},"query-input":{"@type":"PropertyValueSpecification","valueRequired":true,"valueName":"search_term_string"}}],"inLanguage":"es"},{"@type":"Organization","@id":"https:\/\/www.covb.cat\/es\/#organization","name":"COVB","url":"https:\/\/www.covb.cat\/es\/","logo":{"@type":"ImageObject","inLanguage":"es","@id":"https:\/\/www.covb.cat\/es\/#\/schema\/logo\/image\/","url":"https:\/\/www.covb.cat\/wp-content\/uploads\/2018\/07\/favicon-covb.png","contentUrl":"https:\/\/www.covb.cat\/wp-content\/uploads\/2018\/07\/favicon-covb.png","width":512,"height":512,"caption":"COVB"},"image":{"@id":"https:\/\/www.covb.cat\/es\/#\/schema\/logo\/image\/"},"sameAs":["https:\/\/www.facebook.com\/COVBcat\/","https:\/\/x.com\/COVBcat","https:\/\/www.youtube.com\/user\/covbcn"]},{"@type":"Person","@id":""}]}},"jetpack_featured_media_url":"https:\/\/www.covb.cat\/wp-content\/uploads\/2019\/12\/logo-covb.jpg","jetpack_sharing_enabled":true,"_links":{"self":[{"href":"https:\/\/www.covb.cat\/es\/wp-json\/wp\/v2\/posts\/2430","targetHints":{"allow":["GET"]}}],"collection":[{"href":"https:\/\/www.covb.cat\/es\/wp-json\/wp\/v2\/posts"}],"about":[{"href":"https:\/\/www.covb.cat\/es\/wp-json\/wp\/v2\/types\/post"}],"author":[{"embeddable":true,"href":"https:\/\/www.covb.cat\/es\/wp-json\/wp\/v2\/users\/106"}],"replies":[{"embeddable":true,"href":"https:\/\/www.covb.cat\/es\/wp-json\/wp\/v2\/comments?post=2430"}],"version-history":[{"count":0,"href":"https:\/\/www.covb.cat\/es\/wp-json\/wp\/v2\/posts\/2430\/revisions"}],"wp:featuredmedia":[{"embeddable":true,"href":"https:\/\/www.covb.cat\/es\/wp-json\/wp\/v2\/media\/602"}],"wp:attachment":[{"href":"https:\/\/www.covb.cat\/es\/wp-json\/wp\/v2\/media?parent=2430"}],"wp:term":[{"taxonomy":"category","embeddable":true,"href":"https:\/\/www.covb.cat\/es\/wp-json\/wp\/v2\/categories?post=2430"},{"taxonomy":"post_tag","embeddable":true,"href":"https:\/\/www.covb.cat\/es\/wp-json\/wp\/v2\/tags?post=2430"}],"curies":[{"name":"wp","href":"https:\/\/api.w.org\/{rel}","templated":true}]}}