{"id":24094,"date":"2022-10-24T18:08:21","date_gmt":"2022-10-24T16:08:21","guid":{"rendered":"https:\/\/www.covb.cat\/?p=24094"},"modified":"2022-10-24T18:08:21","modified_gmt":"2022-10-24T16:08:21","slug":"confirmado-un-caso-de-virus-del-nilo-en-equidos-en-el-alt-camp","status":"publish","type":"post","link":"https:\/\/www.covb.cat\/es\/actualitat\/noticies\/alertas\/confirmado-un-caso-de-virus-del-nilo-en-equidos-en-el-alt-camp\/","title":{"rendered":"Confirmado un caso de Virus del Nilo en \u00e9quidos en el Alt Camp"},"content":{"rendered":"<p>La Direcci\u00f3 General d\u2019Agricultura i Ramaderia informa que, con fecha 14 de octubre, el Laboratorio Central de Veterinaria de Algete, <strong>ha confirmado la detecci\u00f3n de IgM frente al virus del Nilo Occidental (VNO), mediante ELISA de captura, en un \u00e9quido del Alt Camp. <\/strong>La detecci\u00f3n de este caso, se ha realizado dentro del marco de activaci\u00f3n del <em>Programa d\u2019Alerta, prevenci\u00f3 i control del virus del Nil Occidental a Catalunya<\/em> <em>en hostes animals<\/em>, con motivo de la detecci\u00f3n del VNO en dos azores tambi\u00e9n en esta zona y un caso humano de FNO en Reus.<\/p>\n<p>Es necesario que los propietarios y veterinarios de \u00e9quidos est\u00e9n alerta y, en caso de que aparezca alg\u00fan \u00e9quido con sintomatolog\u00eda nerviosa, especialmente en la zona del Alt Camp, se env\u00eden muestras al IRTA-CReSA y se informe a los Servicios Veterinarios Oficiales del DACC.<\/p>\n<p>Adjuntamos el <a href=\"http:\/\/agricultura.gencat.cat\/web\/.content\/07-ramaderia\/sanitat-animal\/virus-nil-occidental\/enllacos-documents\/fitxers-binaris\/procediment-comunicacio-presa-identificacio-condicionament-tramesa-mostres-vigilancia-passiva-equids.pdf\"><em>Procediment d\u2019actuaci\u00f3 del\/la veterinari\/\u00e0ria en cas de sospita cl\u00ednica en \u00e8quids per a la vigil\u00e0ncia de la febre del Nil Occidental a Catalunya<\/em><\/a> y el <a href=\"http:\/\/agricultura.gencat.cat\/ca\/ambits\/ramaderia\/sanitat-animal\/dar_altres_programes_sanitaris\/dar_virus_nil_occidental\/dar_programa_dar\/\">document de tramesa de mostres<\/a>.<\/p>\n<p>Para cualquier duda o consulta, pod\u00e9is contactar con el Servei de Prevenci\u00f3 en Salut Animal (<a href=\"mailto:salutanimal.daam@gencat.cat\">salutanimal.daam@gencat.cat<\/a>).<\/p>\n","protected":false},"excerpt":{"rendered":"<p>La Direcci\u00f3 General d\u2019Agricultura i Ramaderia informa que, con fecha 14 de octubre, el Laboratorio Central de Veterinaria de Algete, ha confirmado la detecci\u00f3n de IgM frente al virus del Nilo Occidental (VNO), mediante ELISA de captura, en un \u00e9quido del Alt Camp. La detecci\u00f3n de este caso, se ha realizado dentro del marco de [&hellip;]<\/p>\n","protected":false},"author":106,"featured_media":4022,"comment_status":"closed","ping_status":"closed","sticky":false,"template":"","format":"standard","meta":{"_monsterinsights_skip_tracking":false,"_monsterinsights_sitenote_active":false,"_monsterinsights_sitenote_note":"","_monsterinsights_sitenote_category":0,"_jetpack_memberships_contains_paid_content":false,"footnotes":""},"categories":[156,17],"tags":[],"class_list":["post-24094","post","type-post","status-publish","format-standard","has-post-thumbnail","hentry","category-alertas","category-general"],"yoast_head":"<!-- This site is optimized with the Yoast SEO plugin v27.0 - https:\/\/yoast.com\/product\/yoast-seo-wordpress\/ -->\n<title>Confirmado un caso de Virus del Nilo en \u00e9quidos en el Alt Camp - COVB - Col\u00b7legi Oficial de Veterinaris de Barcelona<\/title>\n<meta name=\"description\" content=\"La Direcci\u00f3 General d\u2019Agricultura i Ramaderia informa que, con fecha 14 de octubre, el Laboratorio Central de Veterinaria de Algete, ha confirmado la\" \/>\n<meta name=\"robots\" content=\"index, follow, max-snippet:-1, max-image-preview:large, max-video-preview:-1\" \/>\n<link rel=\"canonical\" href=\"https:\/\/www.covb.cat\/es\/actualitat\/noticies\/alertas\/confirmado-un-caso-de-virus-del-nilo-en-equidos-en-el-alt-camp\/\" \/>\n<meta property=\"og:locale\" content=\"es_ES\" \/>\n<meta property=\"og:type\" content=\"article\" \/>\n<meta property=\"og:title\" content=\"Confirmado un caso de Virus del Nilo en \u00e9quidos en el Alt Camp - COVB - Col\u00b7legi Oficial de Veterinaris de Barcelona\" \/>\n<meta property=\"og:description\" content=\"La Direcci\u00f3 General d\u2019Agricultura i Ramaderia informa que, con fecha 14 de octubre, el Laboratorio Central de Veterinaria de Algete, ha confirmado la\" \/>\n<meta property=\"og:url\" content=\"https:\/\/www.covb.cat\/es\/actualitat\/noticies\/alertas\/confirmado-un-caso-de-virus-del-nilo-en-equidos-en-el-alt-camp\/\" \/>\n<meta property=\"og:site_name\" content=\"COVB\" \/>\n<meta property=\"article:publisher\" content=\"https:\/\/www.facebook.com\/COVBcat\/\" \/>\n<meta property=\"article:published_time\" content=\"2022-10-24T16:08:21+00:00\" \/>\n<meta property=\"og:image\" content=\"https:\/\/www.covb.cat\/wp-content\/uploads\/2020\/12\/bgwebequino.jpg\" \/>\n\t<meta property=\"og:image:width\" content=\"600\" \/>\n\t<meta property=\"og:image:height\" content=\"247\" \/>\n\t<meta property=\"og:image:type\" content=\"image\/jpeg\" \/>\n<meta name=\"twitter:card\" content=\"summary_large_image\" \/>\n<meta name=\"twitter:creator\" content=\"@COVBcat\" \/>\n<meta name=\"twitter:site\" content=\"@COVBcat\" \/>\n<meta name=\"twitter:label1\" content=\"Escrito por\" \/>\n\t<meta name=\"twitter:data1\" content=\"\" \/>\n\t<meta name=\"twitter:label2\" content=\"Tiempo de lectura\" \/>\n\t<meta name=\"twitter:data2\" content=\"2 minutos\" \/>\n<script type=\"application\/ld+json\" class=\"yoast-schema-graph\">{\"@context\":\"https:\/\/schema.org\",\"@graph\":[{\"@type\":\"Article\",\"@id\":\"https:\/\/www.covb.cat\/es\/actualitat\/noticies\/alertas\/confirmado-un-caso-de-virus-del-nilo-en-equidos-en-el-alt-camp\/#article\",\"isPartOf\":{\"@id\":\"https:\/\/www.covb.cat\/es\/actualitat\/noticies\/alertas\/confirmado-un-caso-de-virus-del-nilo-en-equidos-en-el-alt-camp\/\"},\"author\":{\"name\":\"\",\"@id\":\"\"},\"headline\":\"Confirmado un caso de Virus del Nilo en \u00e9quidos en el Alt Camp\",\"datePublished\":\"2022-10-24T16:08:21+00:00\",\"mainEntityOfPage\":{\"@id\":\"https:\/\/www.covb.cat\/es\/actualitat\/noticies\/alertas\/confirmado-un-caso-de-virus-del-nilo-en-equidos-en-el-alt-camp\/\"},\"wordCount\":218,\"publisher\":{\"@id\":\"https:\/\/www.covb.cat\/es\/#organization\"},\"image\":{\"@id\":\"https:\/\/www.covb.cat\/es\/actualitat\/noticies\/alertas\/confirmado-un-caso-de-virus-del-nilo-en-equidos-en-el-alt-camp\/#primaryimage\"},\"thumbnailUrl\":\"https:\/\/www.covb.cat\/wp-content\/uploads\/2020\/12\/bgwebequino.jpg\",\"articleSection\":[\"Alertas\",\"General\"],\"inLanguage\":\"es\"},{\"@type\":\"WebPage\",\"@id\":\"https:\/\/www.covb.cat\/es\/actualitat\/noticies\/alertas\/confirmado-un-caso-de-virus-del-nilo-en-equidos-en-el-alt-camp\/\",\"url\":\"https:\/\/www.covb.cat\/es\/actualitat\/noticies\/alertas\/confirmado-un-caso-de-virus-del-nilo-en-equidos-en-el-alt-camp\/\",\"name\":\"Confirmado un caso de Virus del Nilo en \u00e9quidos en el Alt Camp - COVB - Col\u00b7legi Oficial de Veterinaris de Barcelona\",\"isPartOf\":{\"@id\":\"https:\/\/www.covb.cat\/es\/#website\"},\"primaryImageOfPage\":{\"@id\":\"https:\/\/www.covb.cat\/es\/actualitat\/noticies\/alertas\/confirmado-un-caso-de-virus-del-nilo-en-equidos-en-el-alt-camp\/#primaryimage\"},\"image\":{\"@id\":\"https:\/\/www.covb.cat\/es\/actualitat\/noticies\/alertas\/confirmado-un-caso-de-virus-del-nilo-en-equidos-en-el-alt-camp\/#primaryimage\"},\"thumbnailUrl\":\"https:\/\/www.covb.cat\/wp-content\/uploads\/2020\/12\/bgwebequino.jpg\",\"datePublished\":\"2022-10-24T16:08:21+00:00\",\"description\":\"La Direcci\u00f3 General d\u2019Agricultura i Ramaderia informa que, con fecha 14 de octubre, el Laboratorio Central de Veterinaria de Algete, ha confirmado la\",\"breadcrumb\":{\"@id\":\"https:\/\/www.covb.cat\/es\/actualitat\/noticies\/alertas\/confirmado-un-caso-de-virus-del-nilo-en-equidos-en-el-alt-camp\/#breadcrumb\"},\"inLanguage\":\"es\",\"potentialAction\":[{\"@type\":\"ReadAction\",\"target\":[\"https:\/\/www.covb.cat\/es\/actualitat\/noticies\/alertas\/confirmado-un-caso-de-virus-del-nilo-en-equidos-en-el-alt-camp\/\"]}]},{\"@type\":\"ImageObject\",\"inLanguage\":\"es\",\"@id\":\"https:\/\/www.covb.cat\/es\/actualitat\/noticies\/alertas\/confirmado-un-caso-de-virus-del-nilo-en-equidos-en-el-alt-camp\/#primaryimage\",\"url\":\"https:\/\/www.covb.cat\/wp-content\/uploads\/2020\/12\/bgwebequino.jpg\",\"contentUrl\":\"https:\/\/www.covb.cat\/wp-content\/uploads\/2020\/12\/bgwebequino.jpg\",\"width\":600,\"height\":247},{\"@type\":\"BreadcrumbList\",\"@id\":\"https:\/\/www.covb.cat\/es\/actualitat\/noticies\/alertas\/confirmado-un-caso-de-virus-del-nilo-en-equidos-en-el-alt-camp\/#breadcrumb\",\"itemListElement\":[{\"@type\":\"ListItem\",\"position\":1,\"name\":\"Inici\",\"item\":\"https:\/\/www.covb.cat\/es\/\"},{\"@type\":\"ListItem\",\"position\":2,\"name\":\"Confirmado un caso de Virus del Nilo en \u00e9quidos en el Alt Camp\"}]},{\"@type\":\"WebSite\",\"@id\":\"https:\/\/www.covb.cat\/es\/#website\",\"url\":\"https:\/\/www.covb.cat\/es\/\",\"name\":\"COVB\",\"description\":\"Col\u00b7legi Oficial de Veterinaris de Barcelona\",\"publisher\":{\"@id\":\"https:\/\/www.covb.cat\/es\/#organization\"},\"potentialAction\":[{\"@type\":\"SearchAction\",\"target\":{\"@type\":\"EntryPoint\",\"urlTemplate\":\"https:\/\/www.covb.cat\/es\/?s={search_term_string}\"},\"query-input\":{\"@type\":\"PropertyValueSpecification\",\"valueRequired\":true,\"valueName\":\"search_term_string\"}}],\"inLanguage\":\"es\"},{\"@type\":\"Organization\",\"@id\":\"https:\/\/www.covb.cat\/es\/#organization\",\"name\":\"COVB\",\"url\":\"https:\/\/www.covb.cat\/es\/\",\"logo\":{\"@type\":\"ImageObject\",\"inLanguage\":\"es\",\"@id\":\"https:\/\/www.covb.cat\/es\/#\/schema\/logo\/image\/\",\"url\":\"https:\/\/www.covb.cat\/wp-content\/uploads\/2018\/07\/favicon-covb.png\",\"contentUrl\":\"https:\/\/www.covb.cat\/wp-content\/uploads\/2018\/07\/favicon-covb.png\",\"width\":512,\"height\":512,\"caption\":\"COVB\"},\"image\":{\"@id\":\"https:\/\/www.covb.cat\/es\/#\/schema\/logo\/image\/\"},\"sameAs\":[\"https:\/\/www.facebook.com\/COVBcat\/\",\"https:\/\/x.com\/COVBcat\",\"https:\/\/www.youtube.com\/user\/covbcn\"]},{\"@type\":\"Person\",\"@id\":\"\"}]}<\/script>\n<!-- \/ Yoast SEO plugin. -->","yoast_head_json":{"title":"Confirmado un caso de Virus del Nilo en \u00e9quidos en el Alt Camp - COVB - Col\u00b7legi Oficial de Veterinaris de Barcelona","description":"La Direcci\u00f3 General d\u2019Agricultura i Ramaderia informa que, con fecha 14 de octubre, el Laboratorio Central de Veterinaria de Algete, ha confirmado la","robots":{"index":"index","follow":"follow","max-snippet":"max-snippet:-1","max-image-preview":"max-image-preview:large","max-video-preview":"max-video-preview:-1"},"canonical":"https:\/\/www.covb.cat\/es\/actualitat\/noticies\/alertas\/confirmado-un-caso-de-virus-del-nilo-en-equidos-en-el-alt-camp\/","og_locale":"es_ES","og_type":"article","og_title":"Confirmado un caso de Virus del Nilo en \u00e9quidos en el Alt Camp - COVB - Col\u00b7legi Oficial de Veterinaris de Barcelona","og_description":"La Direcci\u00f3 General d\u2019Agricultura i Ramaderia informa que, con fecha 14 de octubre, el Laboratorio Central de Veterinaria de Algete, ha confirmado la","og_url":"https:\/\/www.covb.cat\/es\/actualitat\/noticies\/alertas\/confirmado-un-caso-de-virus-del-nilo-en-equidos-en-el-alt-camp\/","og_site_name":"COVB","article_publisher":"https:\/\/www.facebook.com\/COVBcat\/","article_published_time":"2022-10-24T16:08:21+00:00","og_image":[{"width":600,"height":247,"url":"https:\/\/www.covb.cat\/wp-content\/uploads\/2020\/12\/bgwebequino.jpg","type":"image\/jpeg"}],"twitter_card":"summary_large_image","twitter_creator":"@COVBcat","twitter_site":"@COVBcat","twitter_misc":{"Escrito por":"","Tiempo de lectura":"2 minutos"},"schema":{"@context":"https:\/\/schema.org","@graph":[{"@type":"Article","@id":"https:\/\/www.covb.cat\/es\/actualitat\/noticies\/alertas\/confirmado-un-caso-de-virus-del-nilo-en-equidos-en-el-alt-camp\/#article","isPartOf":{"@id":"https:\/\/www.covb.cat\/es\/actualitat\/noticies\/alertas\/confirmado-un-caso-de-virus-del-nilo-en-equidos-en-el-alt-camp\/"},"author":{"name":"","@id":""},"headline":"Confirmado un caso de Virus del Nilo en \u00e9quidos en el Alt Camp","datePublished":"2022-10-24T16:08:21+00:00","mainEntityOfPage":{"@id":"https:\/\/www.covb.cat\/es\/actualitat\/noticies\/alertas\/confirmado-un-caso-de-virus-del-nilo-en-equidos-en-el-alt-camp\/"},"wordCount":218,"publisher":{"@id":"https:\/\/www.covb.cat\/es\/#organization"},"image":{"@id":"https:\/\/www.covb.cat\/es\/actualitat\/noticies\/alertas\/confirmado-un-caso-de-virus-del-nilo-en-equidos-en-el-alt-camp\/#primaryimage"},"thumbnailUrl":"https:\/\/www.covb.cat\/wp-content\/uploads\/2020\/12\/bgwebequino.jpg","articleSection":["Alertas","General"],"inLanguage":"es"},{"@type":"WebPage","@id":"https:\/\/www.covb.cat\/es\/actualitat\/noticies\/alertas\/confirmado-un-caso-de-virus-del-nilo-en-equidos-en-el-alt-camp\/","url":"https:\/\/www.covb.cat\/es\/actualitat\/noticies\/alertas\/confirmado-un-caso-de-virus-del-nilo-en-equidos-en-el-alt-camp\/","name":"Confirmado un caso de Virus del Nilo en \u00e9quidos en el Alt Camp - COVB - Col\u00b7legi Oficial de Veterinaris de Barcelona","isPartOf":{"@id":"https:\/\/www.covb.cat\/es\/#website"},"primaryImageOfPage":{"@id":"https:\/\/www.covb.cat\/es\/actualitat\/noticies\/alertas\/confirmado-un-caso-de-virus-del-nilo-en-equidos-en-el-alt-camp\/#primaryimage"},"image":{"@id":"https:\/\/www.covb.cat\/es\/actualitat\/noticies\/alertas\/confirmado-un-caso-de-virus-del-nilo-en-equidos-en-el-alt-camp\/#primaryimage"},"thumbnailUrl":"https:\/\/www.covb.cat\/wp-content\/uploads\/2020\/12\/bgwebequino.jpg","datePublished":"2022-10-24T16:08:21+00:00","description":"La Direcci\u00f3 General d\u2019Agricultura i Ramaderia informa que, con fecha 14 de octubre, el Laboratorio Central de Veterinaria de Algete, ha confirmado la","breadcrumb":{"@id":"https:\/\/www.covb.cat\/es\/actualitat\/noticies\/alertas\/confirmado-un-caso-de-virus-del-nilo-en-equidos-en-el-alt-camp\/#breadcrumb"},"inLanguage":"es","potentialAction":[{"@type":"ReadAction","target":["https:\/\/www.covb.cat\/es\/actualitat\/noticies\/alertas\/confirmado-un-caso-de-virus-del-nilo-en-equidos-en-el-alt-camp\/"]}]},{"@type":"ImageObject","inLanguage":"es","@id":"https:\/\/www.covb.cat\/es\/actualitat\/noticies\/alertas\/confirmado-un-caso-de-virus-del-nilo-en-equidos-en-el-alt-camp\/#primaryimage","url":"https:\/\/www.covb.cat\/wp-content\/uploads\/2020\/12\/bgwebequino.jpg","contentUrl":"https:\/\/www.covb.cat\/wp-content\/uploads\/2020\/12\/bgwebequino.jpg","width":600,"height":247},{"@type":"BreadcrumbList","@id":"https:\/\/www.covb.cat\/es\/actualitat\/noticies\/alertas\/confirmado-un-caso-de-virus-del-nilo-en-equidos-en-el-alt-camp\/#breadcrumb","itemListElement":[{"@type":"ListItem","position":1,"name":"Inici","item":"https:\/\/www.covb.cat\/es\/"},{"@type":"ListItem","position":2,"name":"Confirmado un caso de Virus del Nilo en \u00e9quidos en el Alt Camp"}]},{"@type":"WebSite","@id":"https:\/\/www.covb.cat\/es\/#website","url":"https:\/\/www.covb.cat\/es\/","name":"COVB","description":"Col\u00b7legi Oficial de Veterinaris de Barcelona","publisher":{"@id":"https:\/\/www.covb.cat\/es\/#organization"},"potentialAction":[{"@type":"SearchAction","target":{"@type":"EntryPoint","urlTemplate":"https:\/\/www.covb.cat\/es\/?s={search_term_string}"},"query-input":{"@type":"PropertyValueSpecification","valueRequired":true,"valueName":"search_term_string"}}],"inLanguage":"es"},{"@type":"Organization","@id":"https:\/\/www.covb.cat\/es\/#organization","name":"COVB","url":"https:\/\/www.covb.cat\/es\/","logo":{"@type":"ImageObject","inLanguage":"es","@id":"https:\/\/www.covb.cat\/es\/#\/schema\/logo\/image\/","url":"https:\/\/www.covb.cat\/wp-content\/uploads\/2018\/07\/favicon-covb.png","contentUrl":"https:\/\/www.covb.cat\/wp-content\/uploads\/2018\/07\/favicon-covb.png","width":512,"height":512,"caption":"COVB"},"image":{"@id":"https:\/\/www.covb.cat\/es\/#\/schema\/logo\/image\/"},"sameAs":["https:\/\/www.facebook.com\/COVBcat\/","https:\/\/x.com\/COVBcat","https:\/\/www.youtube.com\/user\/covbcn"]},{"@type":"Person","@id":""}]}},"jetpack_featured_media_url":"https:\/\/www.covb.cat\/wp-content\/uploads\/2020\/12\/bgwebequino.jpg","jetpack_sharing_enabled":true,"_links":{"self":[{"href":"https:\/\/www.covb.cat\/es\/wp-json\/wp\/v2\/posts\/24094","targetHints":{"allow":["GET"]}}],"collection":[{"href":"https:\/\/www.covb.cat\/es\/wp-json\/wp\/v2\/posts"}],"about":[{"href":"https:\/\/www.covb.cat\/es\/wp-json\/wp\/v2\/types\/post"}],"author":[{"embeddable":true,"href":"https:\/\/www.covb.cat\/es\/wp-json\/wp\/v2\/users\/106"}],"replies":[{"embeddable":true,"href":"https:\/\/www.covb.cat\/es\/wp-json\/wp\/v2\/comments?post=24094"}],"version-history":[{"count":0,"href":"https:\/\/www.covb.cat\/es\/wp-json\/wp\/v2\/posts\/24094\/revisions"}],"wp:featuredmedia":[{"embeddable":true,"href":"https:\/\/www.covb.cat\/es\/wp-json\/wp\/v2\/media\/4022"}],"wp:attachment":[{"href":"https:\/\/www.covb.cat\/es\/wp-json\/wp\/v2\/media?parent=24094"}],"wp:term":[{"taxonomy":"category","embeddable":true,"href":"https:\/\/www.covb.cat\/es\/wp-json\/wp\/v2\/categories?post=24094"},{"taxonomy":"post_tag","embeddable":true,"href":"https:\/\/www.covb.cat\/es\/wp-json\/wp\/v2\/tags?post=24094"}],"curies":[{"name":"wp","href":"https:\/\/api.w.org\/{rel}","templated":true}]}}