{"id":2394,"date":"2020-09-15T09:56:27","date_gmt":"2020-09-15T07:56:27","guid":{"rendered":"https:\/\/www.covb.cat\/?p=2394"},"modified":"2020-09-15T09:56:27","modified_gmt":"2020-09-15T07:56:27","slug":"declaracion-conjunta-de-la-oie-y-la-amv-covid-19-y-las-actividades-veterinarias-designadas-como-esenciales","status":"publish","type":"post","link":"https:\/\/www.covb.cat\/es\/actualitat\/noticies\/general\/declaracion-conjunta-de-la-oie-y-la-amv-covid-19-y-las-actividades-veterinarias-designadas-como-esenciales\/","title":{"rendered":"Declaraci\u00f3n conjunta de la OIE y la AMV: COVID-19 y las actividades veterinarias designadas como esenciales"},"content":{"rendered":"<p>En el contexto de la pandemia de COVID-19, la Organizaci\u00f3n Mundial de Sanidad Animal (OIE) y la Asociaci\u00f3n Mundial Veterinaria (AMV) llaman conjuntamente la atenci\u00f3n sobre los roles y responsabilidades de la profesi\u00f3n en materia de salud p\u00fablica. Destacan las actividades veterinarias espec\u00edficas que son fundamentales para garantizar la continuidad en la inocuidad de los alimentos, la prevenci\u00f3n de enfermedades y la gesti\u00f3n de emergencias.<\/p>\n<p>Para hacer frente de manera eficaz a los desaf\u00edos que plantea la pandemia, muchos gobiernos de todo el mundo han adoptado medidas restrictivas para cancelar las actividades no esenciales. Estas decisiones plantean interrogantes sobre las posibles adaptaciones que necesitan ser implementadas por la profesi\u00f3n veterinaria.<\/p>\n<p>En este contexto, ambas asociaciones abogan por que las actividades espec\u00edficas de los Servicios Veterinarios sean consideradas como actividades esenciales.<\/p>\n<p>Descargar el comunicado \u00edntegro<span lang=\"CA\"> <a href=\"http:\/\/www.covb.cat\/mail\/comunicats\/20200320_oieamv\/Covid19_OIE_WVA_Spanish.pdf\" target=\"_blank\" rel=\"noopener noreferrer\">AQU\u00cd<\/a><\/span><span lang=\"CA\">.<\/span><\/p>\n","protected":false},"excerpt":{"rendered":"<p>En el contexto de la pandemia de COVID-19, la Organizaci\u00f3n Mundial de Sanidad Animal (OIE) y la Asociaci\u00f3n Mundial Veterinaria (AMV) llaman conjuntamente la atenci\u00f3n sobre los roles y responsabilidades de la profesi\u00f3n en materia de salud p\u00fablica. Destacan las actividades veterinarias espec\u00edficas que son fundamentales para garantizar la continuidad en la inocuidad de los [&hellip;]<\/p>\n","protected":false},"author":106,"featured_media":962,"comment_status":"closed","ping_status":"closed","sticky":false,"template":"","format":"standard","meta":{"_monsterinsights_skip_tracking":false,"_monsterinsights_sitenote_active":false,"_monsterinsights_sitenote_note":"","_monsterinsights_sitenote_category":0,"_jetpack_memberships_contains_paid_content":false,"footnotes":""},"categories":[17],"tags":[],"class_list":["post-2394","post","type-post","status-publish","format-standard","has-post-thumbnail","hentry","category-general"],"yoast_head":"<!-- This site is optimized with the Yoast SEO plugin v27.0 - https:\/\/yoast.com\/product\/yoast-seo-wordpress\/ -->\n<title>Declaraci\u00f3n conjunta de la OIE y la AMV: COVID-19 y las actividades veterinarias designadas como esenciales - COVB - Col\u00b7legi Oficial de Veterinaris de Barcelona<\/title>\n<meta name=\"description\" content=\"En el contexto de la pandemia de COVID-19, la Organizaci\u00f3n Mundial de Sanidad Animal (OIE) y la Asociaci\u00f3n Mundial Veterinaria (AMV) llaman conjuntamente\" \/>\n<meta name=\"robots\" content=\"index, follow, max-snippet:-1, max-image-preview:large, max-video-preview:-1\" \/>\n<link rel=\"canonical\" href=\"https:\/\/www.covb.cat\/es\/actualitat\/noticies\/general\/declaracion-conjunta-de-la-oie-y-la-amv-covid-19-y-las-actividades-veterinarias-designadas-como-esenciales\/\" \/>\n<meta property=\"og:locale\" content=\"es_ES\" \/>\n<meta property=\"og:type\" content=\"article\" \/>\n<meta property=\"og:title\" content=\"Declaraci\u00f3n conjunta de la OIE y la AMV: COVID-19 y las actividades veterinarias designadas como esenciales - COVB - Col\u00b7legi Oficial de Veterinaris de Barcelona\" \/>\n<meta property=\"og:description\" content=\"En el contexto de la pandemia de COVID-19, la Organizaci\u00f3n Mundial de Sanidad Animal (OIE) y la Asociaci\u00f3n Mundial Veterinaria (AMV) llaman conjuntamente\" \/>\n<meta property=\"og:url\" content=\"https:\/\/www.covb.cat\/es\/actualitat\/noticies\/general\/declaracion-conjunta-de-la-oie-y-la-amv-covid-19-y-las-actividades-veterinarias-designadas-como-esenciales\/\" \/>\n<meta property=\"og:site_name\" content=\"COVB\" \/>\n<meta property=\"article:publisher\" content=\"https:\/\/www.facebook.com\/COVBcat\/\" \/>\n<meta property=\"article:published_time\" content=\"2020-09-15T07:56:27+00:00\" \/>\n<meta property=\"og:image\" content=\"https:\/\/www.covb.cat\/wp-content\/uploads\/2020\/04\/OIE.jpg\" \/>\n\t<meta property=\"og:image:width\" content=\"2259\" \/>\n\t<meta property=\"og:image:height\" content=\"709\" \/>\n\t<meta property=\"og:image:type\" content=\"image\/jpeg\" \/>\n<meta name=\"twitter:card\" content=\"summary_large_image\" \/>\n<meta name=\"twitter:creator\" content=\"@COVBcat\" \/>\n<meta name=\"twitter:site\" content=\"@COVBcat\" \/>\n<meta name=\"twitter:label1\" content=\"Escrito por\" \/>\n\t<meta name=\"twitter:data1\" content=\"\" \/>\n\t<meta name=\"twitter:label2\" content=\"Tiempo de lectura\" \/>\n\t<meta name=\"twitter:data2\" content=\"1 minuto\" \/>\n<script type=\"application\/ld+json\" class=\"yoast-schema-graph\">{\"@context\":\"https:\/\/schema.org\",\"@graph\":[{\"@type\":\"Article\",\"@id\":\"https:\/\/www.covb.cat\/es\/actualitat\/noticies\/general\/declaracion-conjunta-de-la-oie-y-la-amv-covid-19-y-las-actividades-veterinarias-designadas-como-esenciales\/#article\",\"isPartOf\":{\"@id\":\"https:\/\/www.covb.cat\/es\/actualitat\/noticies\/general\/declaracion-conjunta-de-la-oie-y-la-amv-covid-19-y-las-actividades-veterinarias-designadas-como-esenciales\/\"},\"author\":{\"name\":\"\",\"@id\":\"\"},\"headline\":\"Declaraci\u00f3n conjunta de la OIE y la AMV: COVID-19 y las actividades veterinarias designadas como esenciales\",\"datePublished\":\"2020-09-15T07:56:27+00:00\",\"mainEntityOfPage\":{\"@id\":\"https:\/\/www.covb.cat\/es\/actualitat\/noticies\/general\/declaracion-conjunta-de-la-oie-y-la-amv-covid-19-y-las-actividades-veterinarias-designadas-como-esenciales\/\"},\"wordCount\":163,\"publisher\":{\"@id\":\"https:\/\/www.covb.cat\/es\/#organization\"},\"image\":{\"@id\":\"https:\/\/www.covb.cat\/es\/actualitat\/noticies\/general\/declaracion-conjunta-de-la-oie-y-la-amv-covid-19-y-las-actividades-veterinarias-designadas-como-esenciales\/#primaryimage\"},\"thumbnailUrl\":\"https:\/\/www.covb.cat\/wp-content\/uploads\/2020\/04\/OIE.jpg\",\"articleSection\":[\"General\"],\"inLanguage\":\"es\"},{\"@type\":\"WebPage\",\"@id\":\"https:\/\/www.covb.cat\/es\/actualitat\/noticies\/general\/declaracion-conjunta-de-la-oie-y-la-amv-covid-19-y-las-actividades-veterinarias-designadas-como-esenciales\/\",\"url\":\"https:\/\/www.covb.cat\/es\/actualitat\/noticies\/general\/declaracion-conjunta-de-la-oie-y-la-amv-covid-19-y-las-actividades-veterinarias-designadas-como-esenciales\/\",\"name\":\"Declaraci\u00f3n conjunta de la OIE y la AMV: COVID-19 y las actividades veterinarias designadas como esenciales - COVB - Col\u00b7legi Oficial de Veterinaris de Barcelona\",\"isPartOf\":{\"@id\":\"https:\/\/www.covb.cat\/es\/#website\"},\"primaryImageOfPage\":{\"@id\":\"https:\/\/www.covb.cat\/es\/actualitat\/noticies\/general\/declaracion-conjunta-de-la-oie-y-la-amv-covid-19-y-las-actividades-veterinarias-designadas-como-esenciales\/#primaryimage\"},\"image\":{\"@id\":\"https:\/\/www.covb.cat\/es\/actualitat\/noticies\/general\/declaracion-conjunta-de-la-oie-y-la-amv-covid-19-y-las-actividades-veterinarias-designadas-como-esenciales\/#primaryimage\"},\"thumbnailUrl\":\"https:\/\/www.covb.cat\/wp-content\/uploads\/2020\/04\/OIE.jpg\",\"datePublished\":\"2020-09-15T07:56:27+00:00\",\"description\":\"En el contexto de la pandemia de COVID-19, la Organizaci\u00f3n Mundial de Sanidad Animal (OIE) y la Asociaci\u00f3n Mundial Veterinaria (AMV) llaman conjuntamente\",\"breadcrumb\":{\"@id\":\"https:\/\/www.covb.cat\/es\/actualitat\/noticies\/general\/declaracion-conjunta-de-la-oie-y-la-amv-covid-19-y-las-actividades-veterinarias-designadas-como-esenciales\/#breadcrumb\"},\"inLanguage\":\"es\",\"potentialAction\":[{\"@type\":\"ReadAction\",\"target\":[\"https:\/\/www.covb.cat\/es\/actualitat\/noticies\/general\/declaracion-conjunta-de-la-oie-y-la-amv-covid-19-y-las-actividades-veterinarias-designadas-como-esenciales\/\"]}]},{\"@type\":\"ImageObject\",\"inLanguage\":\"es\",\"@id\":\"https:\/\/www.covb.cat\/es\/actualitat\/noticies\/general\/declaracion-conjunta-de-la-oie-y-la-amv-covid-19-y-las-actividades-veterinarias-designadas-como-esenciales\/#primaryimage\",\"url\":\"https:\/\/www.covb.cat\/wp-content\/uploads\/2020\/04\/OIE.jpg\",\"contentUrl\":\"https:\/\/www.covb.cat\/wp-content\/uploads\/2020\/04\/OIE.jpg\",\"width\":2259,\"height\":709},{\"@type\":\"BreadcrumbList\",\"@id\":\"https:\/\/www.covb.cat\/es\/actualitat\/noticies\/general\/declaracion-conjunta-de-la-oie-y-la-amv-covid-19-y-las-actividades-veterinarias-designadas-como-esenciales\/#breadcrumb\",\"itemListElement\":[{\"@type\":\"ListItem\",\"position\":1,\"name\":\"Inici\",\"item\":\"https:\/\/www.covb.cat\/es\/\"},{\"@type\":\"ListItem\",\"position\":2,\"name\":\"Declaraci\u00f3n conjunta de la OIE y la AMV: COVID-19 y las actividades veterinarias designadas como esenciales\"}]},{\"@type\":\"WebSite\",\"@id\":\"https:\/\/www.covb.cat\/es\/#website\",\"url\":\"https:\/\/www.covb.cat\/es\/\",\"name\":\"COVB\",\"description\":\"Col\u00b7legi Oficial de Veterinaris de Barcelona\",\"publisher\":{\"@id\":\"https:\/\/www.covb.cat\/es\/#organization\"},\"potentialAction\":[{\"@type\":\"SearchAction\",\"target\":{\"@type\":\"EntryPoint\",\"urlTemplate\":\"https:\/\/www.covb.cat\/es\/?s={search_term_string}\"},\"query-input\":{\"@type\":\"PropertyValueSpecification\",\"valueRequired\":true,\"valueName\":\"search_term_string\"}}],\"inLanguage\":\"es\"},{\"@type\":\"Organization\",\"@id\":\"https:\/\/www.covb.cat\/es\/#organization\",\"name\":\"COVB\",\"url\":\"https:\/\/www.covb.cat\/es\/\",\"logo\":{\"@type\":\"ImageObject\",\"inLanguage\":\"es\",\"@id\":\"https:\/\/www.covb.cat\/es\/#\/schema\/logo\/image\/\",\"url\":\"https:\/\/www.covb.cat\/wp-content\/uploads\/2018\/07\/favicon-covb.png\",\"contentUrl\":\"https:\/\/www.covb.cat\/wp-content\/uploads\/2018\/07\/favicon-covb.png\",\"width\":512,\"height\":512,\"caption\":\"COVB\"},\"image\":{\"@id\":\"https:\/\/www.covb.cat\/es\/#\/schema\/logo\/image\/\"},\"sameAs\":[\"https:\/\/www.facebook.com\/COVBcat\/\",\"https:\/\/x.com\/COVBcat\",\"https:\/\/www.youtube.com\/user\/covbcn\"]},{\"@type\":\"Person\",\"@id\":\"\"}]}<\/script>\n<!-- \/ Yoast SEO plugin. -->","yoast_head_json":{"title":"Declaraci\u00f3n conjunta de la OIE y la AMV: COVID-19 y las actividades veterinarias designadas como esenciales - COVB - Col\u00b7legi Oficial de Veterinaris de Barcelona","description":"En el contexto de la pandemia de COVID-19, la Organizaci\u00f3n Mundial de Sanidad Animal (OIE) y la Asociaci\u00f3n Mundial Veterinaria (AMV) llaman conjuntamente","robots":{"index":"index","follow":"follow","max-snippet":"max-snippet:-1","max-image-preview":"max-image-preview:large","max-video-preview":"max-video-preview:-1"},"canonical":"https:\/\/www.covb.cat\/es\/actualitat\/noticies\/general\/declaracion-conjunta-de-la-oie-y-la-amv-covid-19-y-las-actividades-veterinarias-designadas-como-esenciales\/","og_locale":"es_ES","og_type":"article","og_title":"Declaraci\u00f3n conjunta de la OIE y la AMV: COVID-19 y las actividades veterinarias designadas como esenciales - COVB - Col\u00b7legi Oficial de Veterinaris de Barcelona","og_description":"En el contexto de la pandemia de COVID-19, la Organizaci\u00f3n Mundial de Sanidad Animal (OIE) y la Asociaci\u00f3n Mundial Veterinaria (AMV) llaman conjuntamente","og_url":"https:\/\/www.covb.cat\/es\/actualitat\/noticies\/general\/declaracion-conjunta-de-la-oie-y-la-amv-covid-19-y-las-actividades-veterinarias-designadas-como-esenciales\/","og_site_name":"COVB","article_publisher":"https:\/\/www.facebook.com\/COVBcat\/","article_published_time":"2020-09-15T07:56:27+00:00","og_image":[{"width":2259,"height":709,"url":"https:\/\/www.covb.cat\/wp-content\/uploads\/2020\/04\/OIE.jpg","type":"image\/jpeg"}],"twitter_card":"summary_large_image","twitter_creator":"@COVBcat","twitter_site":"@COVBcat","twitter_misc":{"Escrito por":"","Tiempo de lectura":"1 minuto"},"schema":{"@context":"https:\/\/schema.org","@graph":[{"@type":"Article","@id":"https:\/\/www.covb.cat\/es\/actualitat\/noticies\/general\/declaracion-conjunta-de-la-oie-y-la-amv-covid-19-y-las-actividades-veterinarias-designadas-como-esenciales\/#article","isPartOf":{"@id":"https:\/\/www.covb.cat\/es\/actualitat\/noticies\/general\/declaracion-conjunta-de-la-oie-y-la-amv-covid-19-y-las-actividades-veterinarias-designadas-como-esenciales\/"},"author":{"name":"","@id":""},"headline":"Declaraci\u00f3n conjunta de la OIE y la AMV: COVID-19 y las actividades veterinarias designadas como esenciales","datePublished":"2020-09-15T07:56:27+00:00","mainEntityOfPage":{"@id":"https:\/\/www.covb.cat\/es\/actualitat\/noticies\/general\/declaracion-conjunta-de-la-oie-y-la-amv-covid-19-y-las-actividades-veterinarias-designadas-como-esenciales\/"},"wordCount":163,"publisher":{"@id":"https:\/\/www.covb.cat\/es\/#organization"},"image":{"@id":"https:\/\/www.covb.cat\/es\/actualitat\/noticies\/general\/declaracion-conjunta-de-la-oie-y-la-amv-covid-19-y-las-actividades-veterinarias-designadas-como-esenciales\/#primaryimage"},"thumbnailUrl":"https:\/\/www.covb.cat\/wp-content\/uploads\/2020\/04\/OIE.jpg","articleSection":["General"],"inLanguage":"es"},{"@type":"WebPage","@id":"https:\/\/www.covb.cat\/es\/actualitat\/noticies\/general\/declaracion-conjunta-de-la-oie-y-la-amv-covid-19-y-las-actividades-veterinarias-designadas-como-esenciales\/","url":"https:\/\/www.covb.cat\/es\/actualitat\/noticies\/general\/declaracion-conjunta-de-la-oie-y-la-amv-covid-19-y-las-actividades-veterinarias-designadas-como-esenciales\/","name":"Declaraci\u00f3n conjunta de la OIE y la AMV: COVID-19 y las actividades veterinarias designadas como esenciales - COVB - Col\u00b7legi Oficial de Veterinaris de Barcelona","isPartOf":{"@id":"https:\/\/www.covb.cat\/es\/#website"},"primaryImageOfPage":{"@id":"https:\/\/www.covb.cat\/es\/actualitat\/noticies\/general\/declaracion-conjunta-de-la-oie-y-la-amv-covid-19-y-las-actividades-veterinarias-designadas-como-esenciales\/#primaryimage"},"image":{"@id":"https:\/\/www.covb.cat\/es\/actualitat\/noticies\/general\/declaracion-conjunta-de-la-oie-y-la-amv-covid-19-y-las-actividades-veterinarias-designadas-como-esenciales\/#primaryimage"},"thumbnailUrl":"https:\/\/www.covb.cat\/wp-content\/uploads\/2020\/04\/OIE.jpg","datePublished":"2020-09-15T07:56:27+00:00","description":"En el contexto de la pandemia de COVID-19, la Organizaci\u00f3n Mundial de Sanidad Animal (OIE) y la Asociaci\u00f3n Mundial Veterinaria (AMV) llaman conjuntamente","breadcrumb":{"@id":"https:\/\/www.covb.cat\/es\/actualitat\/noticies\/general\/declaracion-conjunta-de-la-oie-y-la-amv-covid-19-y-las-actividades-veterinarias-designadas-como-esenciales\/#breadcrumb"},"inLanguage":"es","potentialAction":[{"@type":"ReadAction","target":["https:\/\/www.covb.cat\/es\/actualitat\/noticies\/general\/declaracion-conjunta-de-la-oie-y-la-amv-covid-19-y-las-actividades-veterinarias-designadas-como-esenciales\/"]}]},{"@type":"ImageObject","inLanguage":"es","@id":"https:\/\/www.covb.cat\/es\/actualitat\/noticies\/general\/declaracion-conjunta-de-la-oie-y-la-amv-covid-19-y-las-actividades-veterinarias-designadas-como-esenciales\/#primaryimage","url":"https:\/\/www.covb.cat\/wp-content\/uploads\/2020\/04\/OIE.jpg","contentUrl":"https:\/\/www.covb.cat\/wp-content\/uploads\/2020\/04\/OIE.jpg","width":2259,"height":709},{"@type":"BreadcrumbList","@id":"https:\/\/www.covb.cat\/es\/actualitat\/noticies\/general\/declaracion-conjunta-de-la-oie-y-la-amv-covid-19-y-las-actividades-veterinarias-designadas-como-esenciales\/#breadcrumb","itemListElement":[{"@type":"ListItem","position":1,"name":"Inici","item":"https:\/\/www.covb.cat\/es\/"},{"@type":"ListItem","position":2,"name":"Declaraci\u00f3n conjunta de la OIE y la AMV: COVID-19 y las actividades veterinarias designadas como esenciales"}]},{"@type":"WebSite","@id":"https:\/\/www.covb.cat\/es\/#website","url":"https:\/\/www.covb.cat\/es\/","name":"COVB","description":"Col\u00b7legi Oficial de Veterinaris de Barcelona","publisher":{"@id":"https:\/\/www.covb.cat\/es\/#organization"},"potentialAction":[{"@type":"SearchAction","target":{"@type":"EntryPoint","urlTemplate":"https:\/\/www.covb.cat\/es\/?s={search_term_string}"},"query-input":{"@type":"PropertyValueSpecification","valueRequired":true,"valueName":"search_term_string"}}],"inLanguage":"es"},{"@type":"Organization","@id":"https:\/\/www.covb.cat\/es\/#organization","name":"COVB","url":"https:\/\/www.covb.cat\/es\/","logo":{"@type":"ImageObject","inLanguage":"es","@id":"https:\/\/www.covb.cat\/es\/#\/schema\/logo\/image\/","url":"https:\/\/www.covb.cat\/wp-content\/uploads\/2018\/07\/favicon-covb.png","contentUrl":"https:\/\/www.covb.cat\/wp-content\/uploads\/2018\/07\/favicon-covb.png","width":512,"height":512,"caption":"COVB"},"image":{"@id":"https:\/\/www.covb.cat\/es\/#\/schema\/logo\/image\/"},"sameAs":["https:\/\/www.facebook.com\/COVBcat\/","https:\/\/x.com\/COVBcat","https:\/\/www.youtube.com\/user\/covbcn"]},{"@type":"Person","@id":""}]}},"jetpack_featured_media_url":"https:\/\/www.covb.cat\/wp-content\/uploads\/2020\/04\/OIE.jpg","jetpack_sharing_enabled":true,"_links":{"self":[{"href":"https:\/\/www.covb.cat\/es\/wp-json\/wp\/v2\/posts\/2394","targetHints":{"allow":["GET"]}}],"collection":[{"href":"https:\/\/www.covb.cat\/es\/wp-json\/wp\/v2\/posts"}],"about":[{"href":"https:\/\/www.covb.cat\/es\/wp-json\/wp\/v2\/types\/post"}],"author":[{"embeddable":true,"href":"https:\/\/www.covb.cat\/es\/wp-json\/wp\/v2\/users\/106"}],"replies":[{"embeddable":true,"href":"https:\/\/www.covb.cat\/es\/wp-json\/wp\/v2\/comments?post=2394"}],"version-history":[{"count":0,"href":"https:\/\/www.covb.cat\/es\/wp-json\/wp\/v2\/posts\/2394\/revisions"}],"wp:featuredmedia":[{"embeddable":true,"href":"https:\/\/www.covb.cat\/es\/wp-json\/wp\/v2\/media\/962"}],"wp:attachment":[{"href":"https:\/\/www.covb.cat\/es\/wp-json\/wp\/v2\/media?parent=2394"}],"wp:term":[{"taxonomy":"category","embeddable":true,"href":"https:\/\/www.covb.cat\/es\/wp-json\/wp\/v2\/categories?post=2394"},{"taxonomy":"post_tag","embeddable":true,"href":"https:\/\/www.covb.cat\/es\/wp-json\/wp\/v2\/tags?post=2394"}],"curies":[{"name":"wp","href":"https:\/\/api.w.org\/{rel}","templated":true}]}}