{"id":2331,"date":"2020-09-15T08:04:58","date_gmt":"2020-09-15T06:04:58","guid":{"rendered":"https:\/\/www.covb.cat\/?p=2331"},"modified":"2020-09-15T08:04:58","modified_gmt":"2020-09-15T06:04:58","slug":"comunicado-del-consell-de-collegis-veterinaris-de-catalunya-de-rechazo-a-la-propuesta-de-modificacion-de-los-equipos-de-salud-publica-por-parte-de-la-generalitat","status":"publish","type":"post","link":"https:\/\/www.covb.cat\/es\/actualitat\/noticies\/general\/comunicado-del-consell-de-collegis-veterinaris-de-catalunya-de-rechazo-a-la-propuesta-de-modificacion-de-los-equipos-de-salud-publica-por-parte-de-la-generalitat\/","title":{"rendered":"Comunicado del Consell de Col\u00b7legis Veterinaris de Catalunya de rechazo a la propuesta de modificaci\u00f3n de los equipos de salud p\u00fablica por parte de la Generalitat"},"content":{"rendered":"<p style=\"font-weight: 400;\">El Consell de Col\u00b7legis Veterinaris de Catalunya ha emitido, este 28 de febrero, un comunicado recogiendo la disconformidad del cuerpo de veterinarios ante la reciente propuesta del Departament de Salut de modificaci\u00f3n de las condiciones de trabajo de los colectivos funcionariales que conforman los equipos de salud p\u00fablica de la Secretaria de Salut P\u00fablica de la Generalitat.<\/p>\n<p style=\"font-weight: 400;\">El comunicado, que resulta de indudable inter\u00e9s para todos los colegiados y colegiadas y que se ha enviado tambi\u00e9n al departament, dice lo siguiente:<\/p>\n<p style=\"font-weight: 400;\">\n<p style=\"font-weight: 400;\"><b><strong>Comunicado<\/strong><\/b><\/p>\n<p style=\"font-weight: 400;\">28 de febrero de 2020<\/p>\n<p style=\"font-weight: 400;\">\u00abEl Departament de Salut ha elaborado una propuesta sobre las condiciones de trabajo de los colectivos funcionariales que conforman los equipos de salud p\u00fablica de la Secretaria de Salut P\u00fablica del Departament de Salut. Una propuesta que ha indignado al cuerpo de veterinarios.<\/p>\n<p style=\"font-weight: 400;\">El Consell de Col\u00b7legis Veterinaris de Catalunya y los 4 Colegios Oficiales de Veterinarios de Catalunya, que representamos a todos los veterinarios colegiados de Catalunya, queremos manifestar nuestro apoyo al colectivo veterinario de la Ag\u00e8ncia de Salut P\u00fablica de Catalunya del Departament de Salut, que rechaza totalmente la propuesta de la Administraci\u00f3n.<\/p>\n<p style=\"font-weight: 400;\">Damos nuestro apoyo al cuerpo de veterinarios y en reivindicamos su importancia, m\u00e1s all\u00e1 de aspectos salariales o de horarios.<\/p>\n<p style=\"font-weight: 400;\">Consideramos que cada profesi\u00f3n sanitaria vinculada a la Salud P\u00fablica tiene sus \u00e1mbitos de trabajo espec\u00edficos, y que cada una de ellas es fundamental en su especialidad, capacitaci\u00f3n y posibilidades de innovaci\u00f3n para desarrollar su tarea dentro del Departament de Salut. Es por eso que valoramos positivamente que los equipos sean en la mayor\u00eda de los casos multidisciplinares, ya que no todos los controles son productos de origen animal.<\/p>\n<p style=\"font-weight: 400;\">Siguiendo este criterio, creemos y queremos que la propuesta del Departament de Salut valore y respete la responsabilidad de los profesionales de la veterinaria para garantizar la Seguridad Alimentaria de todos los alimentos de origen animal, desde la granja hasta el consumidor. El cuerpo de veterinarios es un colectivo Profesional perfectamente preparado para desarrollar esta tarea, lo demuestra cada d\u00eda desde su creaci\u00f3n. Adem\u00e1s, es innovador y con capacidad de adaptaci\u00f3n a los nuevos cambios y demandas de la sociedad en alimentos de origen animal, sin olvidar la importancia de la trazabilidad para garantizar alimentos seguros.<\/p>\n<p style=\"font-weight: 400;\">No se puede admitir que la responsabilidad del cuerpo de veterinarios quede reducida \u00fanicamente a funciones a nivel de matadero, salas de despiece c\u00e1rnicas y las salas de tratamiento de carne de caza; el cuerpo de veterinarios es el colectivo profesional preparado para actuar en todos los productos de origen animal, cualquier alteraci\u00f3n del producto puede tener su origen en diferentes puntos de la cadena que va de la granja hasta la mesa del consumidor.<\/p>\n<p style=\"font-weight: 400;\">La presencia del colectivo veterinario en tres Departamentos: Salut; Agricultura, Ramaderia, Pesca y Alimentaci\u00f3; Territori y Sostenibilitat, favorecen las actuaciones transversales y la coordinaci\u00f3n de los tres Departamentos por la repercusi\u00f3n que implica la salud de los animales en la salud de las personas, tanto por la calidad y seguridad de los productos de origen animal como por el control de zoonosis.<\/p>\n<p style=\"font-weight: 400;\">Los veterinarios participamos en la aplicaci\u00f3n de correctas pautas de alimentaci\u00f3n, manejo y bioseguridad de las explotaciones ganaderas. Los programas sanitarios (sanidad animal) y el bienestar de los animales son competencia y responsabilidad del veterinario as\u00ed como su control en el sacrificio y la manipulaci\u00f3n. Tampoco debemos olvidar el resto de alimentos de origen animal, como huevos, leche y pescado. Somos los \u00fanicos profesionales sanitarios que garantizamos la trazabilidad de la granja a la mesa, y es aqu\u00ed donde radica la importancia del cuerpo de veterinarios, con el fin de reducir los riesgos y cualquier incidencia en la Salud P\u00fablica.<\/p>\n<p style=\"font-weight: 400;\">Por lo tanto desde el Consell de Col\u00b7legis Veterinaris de Catalunya reclamamos al Departament de Salut que valore la importancia de la profesi\u00f3n veterinaria, y pedimos que mantenga el cuerpo de veterinarios por sus particularidades dentro de la Ag\u00e8ncia de Salut P\u00fablica de Catalunya, con una identidad propia y transversal entre los distintos Departamentos, porque la salud de los animales y el control de las zoonosis son fundamentales para garantizar la Seguridad Alimentaria, y por tanto la salud P\u00fablica.<\/p>\n<p style=\"font-weight: 400;\">El cuerpo de veterinarios es, sin lugar a dudas, un pilar para la prevenci\u00f3n y protecci\u00f3n de la salud de las personas de nuestro pa\u00eds; un pilar que hay que conservar y defender.\u00bb<\/p>\n<p style=\"font-weight: 400;\">\n<p style=\"font-weight: 400;\">\n<p style=\"font-weight: 400;\"><strong>Consell de Col\u00b7legis Veterinaris de Catalunya<\/strong><\/p>\n","protected":false},"excerpt":{"rendered":"<p>El Consell de Col\u00b7legis Veterinaris de Catalunya ha emitido, este 28 de febrero, un comunicado recogiendo la disconformidad del cuerpo de veterinarios ante la reciente propuesta del Departament de Salut de modificaci\u00f3n de las condiciones de trabajo de los colectivos funcionariales que conforman los equipos de salud p\u00fablica de la Secretaria de Salut P\u00fablica de [&hellip;]<\/p>\n","protected":false},"author":106,"featured_media":957,"comment_status":"closed","ping_status":"closed","sticky":false,"template":"","format":"standard","meta":{"_monsterinsights_skip_tracking":false,"_monsterinsights_sitenote_active":false,"_monsterinsights_sitenote_note":"","_monsterinsights_sitenote_category":0,"_jetpack_memberships_contains_paid_content":false,"footnotes":""},"categories":[17],"tags":[],"class_list":["post-2331","post","type-post","status-publish","format-standard","has-post-thumbnail","hentry","category-general"],"yoast_head":"<!-- This site is optimized with the Yoast SEO plugin v27.0 - https:\/\/yoast.com\/product\/yoast-seo-wordpress\/ -->\n<title>Comunicado del Consell de Col\u00b7legis Veterinaris de Catalunya de rechazo a la propuesta de modificaci\u00f3n de los equipos de salud p\u00fablica por parte de la Generalitat - COVB - Col\u00b7legi Oficial de Veterinaris de Barcelona<\/title>\n<meta name=\"description\" content=\"El Consell de Col\u00b7legis Veterinaris de Catalunya ha emitido, este 28 de febrero, un comunicado recogiendo la disconformidad del cuerpo de veterinarios\" \/>\n<meta name=\"robots\" content=\"index, follow, max-snippet:-1, max-image-preview:large, max-video-preview:-1\" \/>\n<link rel=\"canonical\" href=\"https:\/\/www.covb.cat\/es\/actualitat\/noticies\/general\/comunicado-del-consell-de-collegis-veterinaris-de-catalunya-de-rechazo-a-la-propuesta-de-modificacion-de-los-equipos-de-salud-publica-por-parte-de-la-generalitat\/\" \/>\n<meta property=\"og:locale\" content=\"es_ES\" \/>\n<meta property=\"og:type\" content=\"article\" \/>\n<meta property=\"og:title\" content=\"Comunicado del Consell de Col\u00b7legis Veterinaris de Catalunya de rechazo a la propuesta de modificaci\u00f3n de los equipos de salud p\u00fablica por parte de la Generalitat - COVB - Col\u00b7legi Oficial de Veterinaris de Barcelona\" \/>\n<meta property=\"og:description\" content=\"El Consell de Col\u00b7legis Veterinaris de Catalunya ha emitido, este 28 de febrero, un comunicado recogiendo la disconformidad del cuerpo de veterinarios\" \/>\n<meta property=\"og:url\" content=\"https:\/\/www.covb.cat\/es\/actualitat\/noticies\/general\/comunicado-del-consell-de-collegis-veterinaris-de-catalunya-de-rechazo-a-la-propuesta-de-modificacion-de-los-equipos-de-salud-publica-por-parte-de-la-generalitat\/\" \/>\n<meta property=\"og:site_name\" content=\"COVB\" \/>\n<meta property=\"article:publisher\" content=\"https:\/\/www.facebook.com\/COVBcat\/\" \/>\n<meta property=\"article:published_time\" content=\"2020-09-15T06:04:58+00:00\" \/>\n<meta property=\"og:image\" content=\"https:\/\/www.covb.cat\/wp-content\/uploads\/2020\/04\/ccvc.jpg\" \/>\n\t<meta property=\"og:image:width\" content=\"945\" \/>\n\t<meta property=\"og:image:height\" content=\"945\" \/>\n\t<meta property=\"og:image:type\" content=\"image\/jpeg\" \/>\n<meta name=\"twitter:card\" content=\"summary_large_image\" \/>\n<meta name=\"twitter:creator\" content=\"@COVBcat\" \/>\n<meta name=\"twitter:site\" content=\"@COVBcat\" \/>\n<meta name=\"twitter:label1\" content=\"Escrito por\" \/>\n\t<meta name=\"twitter:data1\" content=\"\" \/>\n\t<meta name=\"twitter:label2\" content=\"Tiempo de lectura\" \/>\n\t<meta name=\"twitter:data2\" content=\"4 minutos\" \/>\n<script type=\"application\/ld+json\" class=\"yoast-schema-graph\">{\"@context\":\"https:\/\/schema.org\",\"@graph\":[{\"@type\":\"Article\",\"@id\":\"https:\/\/www.covb.cat\/es\/actualitat\/noticies\/general\/comunicado-del-consell-de-collegis-veterinaris-de-catalunya-de-rechazo-a-la-propuesta-de-modificacion-de-los-equipos-de-salud-publica-por-parte-de-la-generalitat\/#article\",\"isPartOf\":{\"@id\":\"https:\/\/www.covb.cat\/es\/actualitat\/noticies\/general\/comunicado-del-consell-de-collegis-veterinaris-de-catalunya-de-rechazo-a-la-propuesta-de-modificacion-de-los-equipos-de-salud-publica-por-parte-de-la-generalitat\/\"},\"author\":{\"name\":\"\",\"@id\":\"\"},\"headline\":\"Comunicado del Consell de Col\u00b7legis Veterinaris de Catalunya de rechazo a la propuesta de modificaci\u00f3n de los equipos de salud p\u00fablica por parte de la Generalitat\",\"datePublished\":\"2020-09-15T06:04:58+00:00\",\"mainEntityOfPage\":{\"@id\":\"https:\/\/www.covb.cat\/es\/actualitat\/noticies\/general\/comunicado-del-consell-de-collegis-veterinaris-de-catalunya-de-rechazo-a-la-propuesta-de-modificacion-de-los-equipos-de-salud-publica-por-parte-de-la-generalitat\/\"},\"wordCount\":787,\"publisher\":{\"@id\":\"https:\/\/www.covb.cat\/es\/#organization\"},\"image\":{\"@id\":\"https:\/\/www.covb.cat\/es\/actualitat\/noticies\/general\/comunicado-del-consell-de-collegis-veterinaris-de-catalunya-de-rechazo-a-la-propuesta-de-modificacion-de-los-equipos-de-salud-publica-por-parte-de-la-generalitat\/#primaryimage\"},\"thumbnailUrl\":\"https:\/\/www.covb.cat\/wp-content\/uploads\/2020\/04\/ccvc.jpg\",\"articleSection\":[\"General\"],\"inLanguage\":\"es\"},{\"@type\":\"WebPage\",\"@id\":\"https:\/\/www.covb.cat\/es\/actualitat\/noticies\/general\/comunicado-del-consell-de-collegis-veterinaris-de-catalunya-de-rechazo-a-la-propuesta-de-modificacion-de-los-equipos-de-salud-publica-por-parte-de-la-generalitat\/\",\"url\":\"https:\/\/www.covb.cat\/es\/actualitat\/noticies\/general\/comunicado-del-consell-de-collegis-veterinaris-de-catalunya-de-rechazo-a-la-propuesta-de-modificacion-de-los-equipos-de-salud-publica-por-parte-de-la-generalitat\/\",\"name\":\"Comunicado del Consell de Col\u00b7legis Veterinaris de Catalunya de rechazo a la propuesta de modificaci\u00f3n de los equipos de salud p\u00fablica por parte de la Generalitat - COVB - Col\u00b7legi Oficial de Veterinaris de Barcelona\",\"isPartOf\":{\"@id\":\"https:\/\/www.covb.cat\/es\/#website\"},\"primaryImageOfPage\":{\"@id\":\"https:\/\/www.covb.cat\/es\/actualitat\/noticies\/general\/comunicado-del-consell-de-collegis-veterinaris-de-catalunya-de-rechazo-a-la-propuesta-de-modificacion-de-los-equipos-de-salud-publica-por-parte-de-la-generalitat\/#primaryimage\"},\"image\":{\"@id\":\"https:\/\/www.covb.cat\/es\/actualitat\/noticies\/general\/comunicado-del-consell-de-collegis-veterinaris-de-catalunya-de-rechazo-a-la-propuesta-de-modificacion-de-los-equipos-de-salud-publica-por-parte-de-la-generalitat\/#primaryimage\"},\"thumbnailUrl\":\"https:\/\/www.covb.cat\/wp-content\/uploads\/2020\/04\/ccvc.jpg\",\"datePublished\":\"2020-09-15T06:04:58+00:00\",\"description\":\"El Consell de Col\u00b7legis Veterinaris de Catalunya ha emitido, este 28 de febrero, un comunicado recogiendo la disconformidad del cuerpo de veterinarios\",\"breadcrumb\":{\"@id\":\"https:\/\/www.covb.cat\/es\/actualitat\/noticies\/general\/comunicado-del-consell-de-collegis-veterinaris-de-catalunya-de-rechazo-a-la-propuesta-de-modificacion-de-los-equipos-de-salud-publica-por-parte-de-la-generalitat\/#breadcrumb\"},\"inLanguage\":\"es\",\"potentialAction\":[{\"@type\":\"ReadAction\",\"target\":[\"https:\/\/www.covb.cat\/es\/actualitat\/noticies\/general\/comunicado-del-consell-de-collegis-veterinaris-de-catalunya-de-rechazo-a-la-propuesta-de-modificacion-de-los-equipos-de-salud-publica-por-parte-de-la-generalitat\/\"]}]},{\"@type\":\"ImageObject\",\"inLanguage\":\"es\",\"@id\":\"https:\/\/www.covb.cat\/es\/actualitat\/noticies\/general\/comunicado-del-consell-de-collegis-veterinaris-de-catalunya-de-rechazo-a-la-propuesta-de-modificacion-de-los-equipos-de-salud-publica-por-parte-de-la-generalitat\/#primaryimage\",\"url\":\"https:\/\/www.covb.cat\/wp-content\/uploads\/2020\/04\/ccvc.jpg\",\"contentUrl\":\"https:\/\/www.covb.cat\/wp-content\/uploads\/2020\/04\/ccvc.jpg\",\"width\":945,\"height\":945},{\"@type\":\"BreadcrumbList\",\"@id\":\"https:\/\/www.covb.cat\/es\/actualitat\/noticies\/general\/comunicado-del-consell-de-collegis-veterinaris-de-catalunya-de-rechazo-a-la-propuesta-de-modificacion-de-los-equipos-de-salud-publica-por-parte-de-la-generalitat\/#breadcrumb\",\"itemListElement\":[{\"@type\":\"ListItem\",\"position\":1,\"name\":\"Inici\",\"item\":\"https:\/\/www.covb.cat\/es\/\"},{\"@type\":\"ListItem\",\"position\":2,\"name\":\"Comunicado del Consell de Col\u00b7legis Veterinaris de Catalunya de rechazo a la propuesta de modificaci\u00f3n de los equipos de salud p\u00fablica por parte de la Generalitat\"}]},{\"@type\":\"WebSite\",\"@id\":\"https:\/\/www.covb.cat\/es\/#website\",\"url\":\"https:\/\/www.covb.cat\/es\/\",\"name\":\"COVB\",\"description\":\"Col\u00b7legi Oficial de Veterinaris de Barcelona\",\"publisher\":{\"@id\":\"https:\/\/www.covb.cat\/es\/#organization\"},\"potentialAction\":[{\"@type\":\"SearchAction\",\"target\":{\"@type\":\"EntryPoint\",\"urlTemplate\":\"https:\/\/www.covb.cat\/es\/?s={search_term_string}\"},\"query-input\":{\"@type\":\"PropertyValueSpecification\",\"valueRequired\":true,\"valueName\":\"search_term_string\"}}],\"inLanguage\":\"es\"},{\"@type\":\"Organization\",\"@id\":\"https:\/\/www.covb.cat\/es\/#organization\",\"name\":\"COVB\",\"url\":\"https:\/\/www.covb.cat\/es\/\",\"logo\":{\"@type\":\"ImageObject\",\"inLanguage\":\"es\",\"@id\":\"https:\/\/www.covb.cat\/es\/#\/schema\/logo\/image\/\",\"url\":\"https:\/\/www.covb.cat\/wp-content\/uploads\/2018\/07\/favicon-covb.png\",\"contentUrl\":\"https:\/\/www.covb.cat\/wp-content\/uploads\/2018\/07\/favicon-covb.png\",\"width\":512,\"height\":512,\"caption\":\"COVB\"},\"image\":{\"@id\":\"https:\/\/www.covb.cat\/es\/#\/schema\/logo\/image\/\"},\"sameAs\":[\"https:\/\/www.facebook.com\/COVBcat\/\",\"https:\/\/x.com\/COVBcat\",\"https:\/\/www.youtube.com\/user\/covbcn\"]},{\"@type\":\"Person\",\"@id\":\"\"}]}<\/script>\n<!-- \/ Yoast SEO plugin. -->","yoast_head_json":{"title":"Comunicado del Consell de Col\u00b7legis Veterinaris de Catalunya de rechazo a la propuesta de modificaci\u00f3n de los equipos de salud p\u00fablica por parte de la Generalitat - COVB - Col\u00b7legi Oficial de Veterinaris de Barcelona","description":"El Consell de Col\u00b7legis Veterinaris de Catalunya ha emitido, este 28 de febrero, un comunicado recogiendo la disconformidad del cuerpo de veterinarios","robots":{"index":"index","follow":"follow","max-snippet":"max-snippet:-1","max-image-preview":"max-image-preview:large","max-video-preview":"max-video-preview:-1"},"canonical":"https:\/\/www.covb.cat\/es\/actualitat\/noticies\/general\/comunicado-del-consell-de-collegis-veterinaris-de-catalunya-de-rechazo-a-la-propuesta-de-modificacion-de-los-equipos-de-salud-publica-por-parte-de-la-generalitat\/","og_locale":"es_ES","og_type":"article","og_title":"Comunicado del Consell de Col\u00b7legis Veterinaris de Catalunya de rechazo a la propuesta de modificaci\u00f3n de los equipos de salud p\u00fablica por parte de la Generalitat - COVB - Col\u00b7legi Oficial de Veterinaris de Barcelona","og_description":"El Consell de Col\u00b7legis Veterinaris de Catalunya ha emitido, este 28 de febrero, un comunicado recogiendo la disconformidad del cuerpo de veterinarios","og_url":"https:\/\/www.covb.cat\/es\/actualitat\/noticies\/general\/comunicado-del-consell-de-collegis-veterinaris-de-catalunya-de-rechazo-a-la-propuesta-de-modificacion-de-los-equipos-de-salud-publica-por-parte-de-la-generalitat\/","og_site_name":"COVB","article_publisher":"https:\/\/www.facebook.com\/COVBcat\/","article_published_time":"2020-09-15T06:04:58+00:00","og_image":[{"width":945,"height":945,"url":"https:\/\/www.covb.cat\/wp-content\/uploads\/2020\/04\/ccvc.jpg","type":"image\/jpeg"}],"twitter_card":"summary_large_image","twitter_creator":"@COVBcat","twitter_site":"@COVBcat","twitter_misc":{"Escrito por":"","Tiempo de lectura":"4 minutos"},"schema":{"@context":"https:\/\/schema.org","@graph":[{"@type":"Article","@id":"https:\/\/www.covb.cat\/es\/actualitat\/noticies\/general\/comunicado-del-consell-de-collegis-veterinaris-de-catalunya-de-rechazo-a-la-propuesta-de-modificacion-de-los-equipos-de-salud-publica-por-parte-de-la-generalitat\/#article","isPartOf":{"@id":"https:\/\/www.covb.cat\/es\/actualitat\/noticies\/general\/comunicado-del-consell-de-collegis-veterinaris-de-catalunya-de-rechazo-a-la-propuesta-de-modificacion-de-los-equipos-de-salud-publica-por-parte-de-la-generalitat\/"},"author":{"name":"","@id":""},"headline":"Comunicado del Consell de Col\u00b7legis Veterinaris de Catalunya de rechazo a la propuesta de modificaci\u00f3n de los equipos de salud p\u00fablica por parte de la Generalitat","datePublished":"2020-09-15T06:04:58+00:00","mainEntityOfPage":{"@id":"https:\/\/www.covb.cat\/es\/actualitat\/noticies\/general\/comunicado-del-consell-de-collegis-veterinaris-de-catalunya-de-rechazo-a-la-propuesta-de-modificacion-de-los-equipos-de-salud-publica-por-parte-de-la-generalitat\/"},"wordCount":787,"publisher":{"@id":"https:\/\/www.covb.cat\/es\/#organization"},"image":{"@id":"https:\/\/www.covb.cat\/es\/actualitat\/noticies\/general\/comunicado-del-consell-de-collegis-veterinaris-de-catalunya-de-rechazo-a-la-propuesta-de-modificacion-de-los-equipos-de-salud-publica-por-parte-de-la-generalitat\/#primaryimage"},"thumbnailUrl":"https:\/\/www.covb.cat\/wp-content\/uploads\/2020\/04\/ccvc.jpg","articleSection":["General"],"inLanguage":"es"},{"@type":"WebPage","@id":"https:\/\/www.covb.cat\/es\/actualitat\/noticies\/general\/comunicado-del-consell-de-collegis-veterinaris-de-catalunya-de-rechazo-a-la-propuesta-de-modificacion-de-los-equipos-de-salud-publica-por-parte-de-la-generalitat\/","url":"https:\/\/www.covb.cat\/es\/actualitat\/noticies\/general\/comunicado-del-consell-de-collegis-veterinaris-de-catalunya-de-rechazo-a-la-propuesta-de-modificacion-de-los-equipos-de-salud-publica-por-parte-de-la-generalitat\/","name":"Comunicado del Consell de Col\u00b7legis Veterinaris de Catalunya de rechazo a la propuesta de modificaci\u00f3n de los equipos de salud p\u00fablica por parte de la Generalitat - COVB - Col\u00b7legi Oficial de Veterinaris de Barcelona","isPartOf":{"@id":"https:\/\/www.covb.cat\/es\/#website"},"primaryImageOfPage":{"@id":"https:\/\/www.covb.cat\/es\/actualitat\/noticies\/general\/comunicado-del-consell-de-collegis-veterinaris-de-catalunya-de-rechazo-a-la-propuesta-de-modificacion-de-los-equipos-de-salud-publica-por-parte-de-la-generalitat\/#primaryimage"},"image":{"@id":"https:\/\/www.covb.cat\/es\/actualitat\/noticies\/general\/comunicado-del-consell-de-collegis-veterinaris-de-catalunya-de-rechazo-a-la-propuesta-de-modificacion-de-los-equipos-de-salud-publica-por-parte-de-la-generalitat\/#primaryimage"},"thumbnailUrl":"https:\/\/www.covb.cat\/wp-content\/uploads\/2020\/04\/ccvc.jpg","datePublished":"2020-09-15T06:04:58+00:00","description":"El Consell de Col\u00b7legis Veterinaris de Catalunya ha emitido, este 28 de febrero, un comunicado recogiendo la disconformidad del cuerpo de veterinarios","breadcrumb":{"@id":"https:\/\/www.covb.cat\/es\/actualitat\/noticies\/general\/comunicado-del-consell-de-collegis-veterinaris-de-catalunya-de-rechazo-a-la-propuesta-de-modificacion-de-los-equipos-de-salud-publica-por-parte-de-la-generalitat\/#breadcrumb"},"inLanguage":"es","potentialAction":[{"@type":"ReadAction","target":["https:\/\/www.covb.cat\/es\/actualitat\/noticies\/general\/comunicado-del-consell-de-collegis-veterinaris-de-catalunya-de-rechazo-a-la-propuesta-de-modificacion-de-los-equipos-de-salud-publica-por-parte-de-la-generalitat\/"]}]},{"@type":"ImageObject","inLanguage":"es","@id":"https:\/\/www.covb.cat\/es\/actualitat\/noticies\/general\/comunicado-del-consell-de-collegis-veterinaris-de-catalunya-de-rechazo-a-la-propuesta-de-modificacion-de-los-equipos-de-salud-publica-por-parte-de-la-generalitat\/#primaryimage","url":"https:\/\/www.covb.cat\/wp-content\/uploads\/2020\/04\/ccvc.jpg","contentUrl":"https:\/\/www.covb.cat\/wp-content\/uploads\/2020\/04\/ccvc.jpg","width":945,"height":945},{"@type":"BreadcrumbList","@id":"https:\/\/www.covb.cat\/es\/actualitat\/noticies\/general\/comunicado-del-consell-de-collegis-veterinaris-de-catalunya-de-rechazo-a-la-propuesta-de-modificacion-de-los-equipos-de-salud-publica-por-parte-de-la-generalitat\/#breadcrumb","itemListElement":[{"@type":"ListItem","position":1,"name":"Inici","item":"https:\/\/www.covb.cat\/es\/"},{"@type":"ListItem","position":2,"name":"Comunicado del Consell de Col\u00b7legis Veterinaris de Catalunya de rechazo a la propuesta de modificaci\u00f3n de los equipos de salud p\u00fablica por parte de la Generalitat"}]},{"@type":"WebSite","@id":"https:\/\/www.covb.cat\/es\/#website","url":"https:\/\/www.covb.cat\/es\/","name":"COVB","description":"Col\u00b7legi Oficial de Veterinaris de Barcelona","publisher":{"@id":"https:\/\/www.covb.cat\/es\/#organization"},"potentialAction":[{"@type":"SearchAction","target":{"@type":"EntryPoint","urlTemplate":"https:\/\/www.covb.cat\/es\/?s={search_term_string}"},"query-input":{"@type":"PropertyValueSpecification","valueRequired":true,"valueName":"search_term_string"}}],"inLanguage":"es"},{"@type":"Organization","@id":"https:\/\/www.covb.cat\/es\/#organization","name":"COVB","url":"https:\/\/www.covb.cat\/es\/","logo":{"@type":"ImageObject","inLanguage":"es","@id":"https:\/\/www.covb.cat\/es\/#\/schema\/logo\/image\/","url":"https:\/\/www.covb.cat\/wp-content\/uploads\/2018\/07\/favicon-covb.png","contentUrl":"https:\/\/www.covb.cat\/wp-content\/uploads\/2018\/07\/favicon-covb.png","width":512,"height":512,"caption":"COVB"},"image":{"@id":"https:\/\/www.covb.cat\/es\/#\/schema\/logo\/image\/"},"sameAs":["https:\/\/www.facebook.com\/COVBcat\/","https:\/\/x.com\/COVBcat","https:\/\/www.youtube.com\/user\/covbcn"]},{"@type":"Person","@id":""}]}},"jetpack_featured_media_url":"https:\/\/www.covb.cat\/wp-content\/uploads\/2020\/04\/ccvc.jpg","jetpack_sharing_enabled":true,"_links":{"self":[{"href":"https:\/\/www.covb.cat\/es\/wp-json\/wp\/v2\/posts\/2331","targetHints":{"allow":["GET"]}}],"collection":[{"href":"https:\/\/www.covb.cat\/es\/wp-json\/wp\/v2\/posts"}],"about":[{"href":"https:\/\/www.covb.cat\/es\/wp-json\/wp\/v2\/types\/post"}],"author":[{"embeddable":true,"href":"https:\/\/www.covb.cat\/es\/wp-json\/wp\/v2\/users\/106"}],"replies":[{"embeddable":true,"href":"https:\/\/www.covb.cat\/es\/wp-json\/wp\/v2\/comments?post=2331"}],"version-history":[{"count":0,"href":"https:\/\/www.covb.cat\/es\/wp-json\/wp\/v2\/posts\/2331\/revisions"}],"wp:featuredmedia":[{"embeddable":true,"href":"https:\/\/www.covb.cat\/es\/wp-json\/wp\/v2\/media\/957"}],"wp:attachment":[{"href":"https:\/\/www.covb.cat\/es\/wp-json\/wp\/v2\/media?parent=2331"}],"wp:term":[{"taxonomy":"category","embeddable":true,"href":"https:\/\/www.covb.cat\/es\/wp-json\/wp\/v2\/categories?post=2331"},{"taxonomy":"post_tag","embeddable":true,"href":"https:\/\/www.covb.cat\/es\/wp-json\/wp\/v2\/tags?post=2331"}],"curies":[{"name":"wp","href":"https:\/\/api.w.org\/{rel}","templated":true}]}}