{"id":2324,"date":"2020-09-14T21:19:49","date_gmt":"2020-09-14T19:19:49","guid":{"rendered":"https:\/\/www.covb.cat\/?p=2324"},"modified":"2020-09-14T21:20:26","modified_gmt":"2020-09-14T19:20:26","slug":"sesion-informativa-sobre-salidas-profesionales-de-la-medicina-manual-veterinaria-el-27-de-febrero-en-la-facultad-de-veterinaria-de-la-uab","status":"publish","type":"post","link":"https:\/\/www.covb.cat\/es\/actualitat\/noticies\/general\/sesion-informativa-sobre-salidas-profesionales-de-la-medicina-manual-veterinaria-el-27-de-febrero-en-la-facultad-de-veterinaria-de-la-uab\/","title":{"rendered":"Sesi\u00f3n informativa sobre salidas profesionales de la medicina manual veterinaria, el 27 de febrero en la Facultad de Veterinaria de la UAB"},"content":{"rendered":"<p>La Facultad de Veterinaria de la Universitat Aut\u00f2noma de Barcelona (UAB) ha programado por este jueves, 27 de febrero, la sesi\u00f3n informativa Salidas profesionales de la medicina manual veterinaria. Tendr\u00e1 lugar entre las 18 y las 19:30 en la Sala de Grados de la facultad.<\/p>\n<p>Ir\u00e1 a cargo de Marta Prades Robles, Doctora en Medicina Veterinaria y miembro de los colegios europeo y americano de Medicina Veterinaria; de\u00a0Fabrice\u00a0Bosse, Doctor y M\u00e1ster en Medicina Veterinaria y fundador de\u00a0AVETAO; y de Alejandro Climent, Doctor en Medicina Veterinaria, oste\u00f3pata y miembro de\u00a0ESVO.<\/p>\n","protected":false},"excerpt":{"rendered":"<p>La Facultad de Veterinaria de la Universitat Aut\u00f2noma de Barcelona (UAB) ha programado por este jueves, 27 de febrero, la sesi\u00f3n informativa Salidas profesionales de la medicina manual veterinaria. Tendr\u00e1 lugar entre las 18 y las 19:30 en la Sala de Grados de la facultad. Ir\u00e1 a cargo de Marta Prades Robles, Doctora en Medicina [&hellip;]<\/p>\n","protected":false},"author":106,"featured_media":945,"comment_status":"closed","ping_status":"closed","sticky":false,"template":"","format":"standard","meta":{"_monsterinsights_skip_tracking":false,"_monsterinsights_sitenote_active":false,"_monsterinsights_sitenote_note":"","_monsterinsights_sitenote_category":0,"_jetpack_memberships_contains_paid_content":false,"footnotes":""},"categories":[17],"tags":[],"class_list":["post-2324","post","type-post","status-publish","format-standard","has-post-thumbnail","hentry","category-general"],"yoast_head":"<!-- This site is optimized with the Yoast SEO plugin v27.0 - https:\/\/yoast.com\/product\/yoast-seo-wordpress\/ -->\n<title>Sesi\u00f3n informativa sobre salidas profesionales de la medicina manual veterinaria, el 27 de febrero en la Facultad de Veterinaria de la UAB - COVB - Col\u00b7legi Oficial de Veterinaris de Barcelona<\/title>\n<meta name=\"description\" content=\"La Facultad de Veterinaria de la Universitat Aut\u00f2noma de Barcelona (UAB) ha programado por este jueves, 27 de febrero, la sesi\u00f3n informativa Salidas\" \/>\n<meta name=\"robots\" content=\"index, follow, max-snippet:-1, max-image-preview:large, max-video-preview:-1\" \/>\n<link rel=\"canonical\" href=\"https:\/\/www.covb.cat\/es\/actualitat\/noticies\/general\/sesion-informativa-sobre-salidas-profesionales-de-la-medicina-manual-veterinaria-el-27-de-febrero-en-la-facultad-de-veterinaria-de-la-uab\/\" \/>\n<meta property=\"og:locale\" content=\"es_ES\" \/>\n<meta property=\"og:type\" content=\"article\" \/>\n<meta property=\"og:title\" content=\"Sesi\u00f3n informativa sobre salidas profesionales de la medicina manual veterinaria, el 27 de febrero en la Facultad de Veterinaria de la UAB - COVB - Col\u00b7legi Oficial de Veterinaris de Barcelona\" \/>\n<meta property=\"og:description\" content=\"La Facultad de Veterinaria de la Universitat Aut\u00f2noma de Barcelona (UAB) ha programado por este jueves, 27 de febrero, la sesi\u00f3n informativa Salidas\" \/>\n<meta property=\"og:url\" content=\"https:\/\/www.covb.cat\/es\/actualitat\/noticies\/general\/sesion-informativa-sobre-salidas-profesionales-de-la-medicina-manual-veterinaria-el-27-de-febrero-en-la-facultad-de-veterinaria-de-la-uab\/\" \/>\n<meta property=\"og:site_name\" content=\"COVB\" \/>\n<meta property=\"article:publisher\" content=\"https:\/\/www.facebook.com\/COVBcat\/\" \/>\n<meta property=\"article:published_time\" content=\"2020-09-14T19:19:49+00:00\" \/>\n<meta property=\"article:modified_time\" content=\"2020-09-14T19:20:26+00:00\" \/>\n<meta property=\"og:image\" content=\"https:\/\/www.covb.cat\/wp-content\/uploads\/2020\/04\/uab.png\" \/>\n\t<meta property=\"og:image:width\" content=\"756\" \/>\n\t<meta property=\"og:image:height\" content=\"350\" \/>\n\t<meta property=\"og:image:type\" content=\"image\/png\" \/>\n<meta name=\"twitter:card\" content=\"summary_large_image\" \/>\n<meta name=\"twitter:creator\" content=\"@COVBcat\" \/>\n<meta name=\"twitter:site\" content=\"@COVBcat\" \/>\n<meta name=\"twitter:label1\" content=\"Escrito por\" \/>\n\t<meta name=\"twitter:data1\" content=\"\" \/>\n<script type=\"application\/ld+json\" class=\"yoast-schema-graph\">{\"@context\":\"https:\/\/schema.org\",\"@graph\":[{\"@type\":\"Article\",\"@id\":\"https:\/\/www.covb.cat\/es\/actualitat\/noticies\/general\/sesion-informativa-sobre-salidas-profesionales-de-la-medicina-manual-veterinaria-el-27-de-febrero-en-la-facultad-de-veterinaria-de-la-uab\/#article\",\"isPartOf\":{\"@id\":\"https:\/\/www.covb.cat\/es\/actualitat\/noticies\/general\/sesion-informativa-sobre-salidas-profesionales-de-la-medicina-manual-veterinaria-el-27-de-febrero-en-la-facultad-de-veterinaria-de-la-uab\/\"},\"author\":{\"name\":\"\",\"@id\":\"\"},\"headline\":\"Sesi\u00f3n informativa sobre salidas profesionales de la medicina manual veterinaria, el 27 de febrero en la Facultad de Veterinaria de la UAB\",\"datePublished\":\"2020-09-14T19:19:49+00:00\",\"dateModified\":\"2020-09-14T19:20:26+00:00\",\"mainEntityOfPage\":{\"@id\":\"https:\/\/www.covb.cat\/es\/actualitat\/noticies\/general\/sesion-informativa-sobre-salidas-profesionales-de-la-medicina-manual-veterinaria-el-27-de-febrero-en-la-facultad-de-veterinaria-de-la-uab\/\"},\"wordCount\":116,\"publisher\":{\"@id\":\"https:\/\/www.covb.cat\/es\/#organization\"},\"image\":{\"@id\":\"https:\/\/www.covb.cat\/es\/actualitat\/noticies\/general\/sesion-informativa-sobre-salidas-profesionales-de-la-medicina-manual-veterinaria-el-27-de-febrero-en-la-facultad-de-veterinaria-de-la-uab\/#primaryimage\"},\"thumbnailUrl\":\"https:\/\/www.covb.cat\/wp-content\/uploads\/2020\/04\/uab.png\",\"articleSection\":[\"General\"],\"inLanguage\":\"es\"},{\"@type\":\"WebPage\",\"@id\":\"https:\/\/www.covb.cat\/es\/actualitat\/noticies\/general\/sesion-informativa-sobre-salidas-profesionales-de-la-medicina-manual-veterinaria-el-27-de-febrero-en-la-facultad-de-veterinaria-de-la-uab\/\",\"url\":\"https:\/\/www.covb.cat\/es\/actualitat\/noticies\/general\/sesion-informativa-sobre-salidas-profesionales-de-la-medicina-manual-veterinaria-el-27-de-febrero-en-la-facultad-de-veterinaria-de-la-uab\/\",\"name\":\"Sesi\u00f3n informativa sobre salidas profesionales de la medicina manual veterinaria, el 27 de febrero en la Facultad de Veterinaria de la UAB - COVB - Col\u00b7legi Oficial de Veterinaris de Barcelona\",\"isPartOf\":{\"@id\":\"https:\/\/www.covb.cat\/es\/#website\"},\"primaryImageOfPage\":{\"@id\":\"https:\/\/www.covb.cat\/es\/actualitat\/noticies\/general\/sesion-informativa-sobre-salidas-profesionales-de-la-medicina-manual-veterinaria-el-27-de-febrero-en-la-facultad-de-veterinaria-de-la-uab\/#primaryimage\"},\"image\":{\"@id\":\"https:\/\/www.covb.cat\/es\/actualitat\/noticies\/general\/sesion-informativa-sobre-salidas-profesionales-de-la-medicina-manual-veterinaria-el-27-de-febrero-en-la-facultad-de-veterinaria-de-la-uab\/#primaryimage\"},\"thumbnailUrl\":\"https:\/\/www.covb.cat\/wp-content\/uploads\/2020\/04\/uab.png\",\"datePublished\":\"2020-09-14T19:19:49+00:00\",\"dateModified\":\"2020-09-14T19:20:26+00:00\",\"description\":\"La Facultad de Veterinaria de la Universitat Aut\u00f2noma de Barcelona (UAB) ha programado por este jueves, 27 de febrero, la sesi\u00f3n informativa Salidas\",\"breadcrumb\":{\"@id\":\"https:\/\/www.covb.cat\/es\/actualitat\/noticies\/general\/sesion-informativa-sobre-salidas-profesionales-de-la-medicina-manual-veterinaria-el-27-de-febrero-en-la-facultad-de-veterinaria-de-la-uab\/#breadcrumb\"},\"inLanguage\":\"es\",\"potentialAction\":[{\"@type\":\"ReadAction\",\"target\":[\"https:\/\/www.covb.cat\/es\/actualitat\/noticies\/general\/sesion-informativa-sobre-salidas-profesionales-de-la-medicina-manual-veterinaria-el-27-de-febrero-en-la-facultad-de-veterinaria-de-la-uab\/\"]}]},{\"@type\":\"ImageObject\",\"inLanguage\":\"es\",\"@id\":\"https:\/\/www.covb.cat\/es\/actualitat\/noticies\/general\/sesion-informativa-sobre-salidas-profesionales-de-la-medicina-manual-veterinaria-el-27-de-febrero-en-la-facultad-de-veterinaria-de-la-uab\/#primaryimage\",\"url\":\"https:\/\/www.covb.cat\/wp-content\/uploads\/2020\/04\/uab.png\",\"contentUrl\":\"https:\/\/www.covb.cat\/wp-content\/uploads\/2020\/04\/uab.png\",\"width\":756,\"height\":350},{\"@type\":\"BreadcrumbList\",\"@id\":\"https:\/\/www.covb.cat\/es\/actualitat\/noticies\/general\/sesion-informativa-sobre-salidas-profesionales-de-la-medicina-manual-veterinaria-el-27-de-febrero-en-la-facultad-de-veterinaria-de-la-uab\/#breadcrumb\",\"itemListElement\":[{\"@type\":\"ListItem\",\"position\":1,\"name\":\"Inici\",\"item\":\"https:\/\/www.covb.cat\/es\/\"},{\"@type\":\"ListItem\",\"position\":2,\"name\":\"Sesi\u00f3n informativa sobre salidas profesionales de la medicina manual veterinaria, el 27 de febrero en la Facultad de Veterinaria de la UAB\"}]},{\"@type\":\"WebSite\",\"@id\":\"https:\/\/www.covb.cat\/es\/#website\",\"url\":\"https:\/\/www.covb.cat\/es\/\",\"name\":\"COVB\",\"description\":\"Col\u00b7legi Oficial de Veterinaris de Barcelona\",\"publisher\":{\"@id\":\"https:\/\/www.covb.cat\/es\/#organization\"},\"potentialAction\":[{\"@type\":\"SearchAction\",\"target\":{\"@type\":\"EntryPoint\",\"urlTemplate\":\"https:\/\/www.covb.cat\/es\/?s={search_term_string}\"},\"query-input\":{\"@type\":\"PropertyValueSpecification\",\"valueRequired\":true,\"valueName\":\"search_term_string\"}}],\"inLanguage\":\"es\"},{\"@type\":\"Organization\",\"@id\":\"https:\/\/www.covb.cat\/es\/#organization\",\"name\":\"COVB\",\"url\":\"https:\/\/www.covb.cat\/es\/\",\"logo\":{\"@type\":\"ImageObject\",\"inLanguage\":\"es\",\"@id\":\"https:\/\/www.covb.cat\/es\/#\/schema\/logo\/image\/\",\"url\":\"https:\/\/www.covb.cat\/wp-content\/uploads\/2018\/07\/favicon-covb.png\",\"contentUrl\":\"https:\/\/www.covb.cat\/wp-content\/uploads\/2018\/07\/favicon-covb.png\",\"width\":512,\"height\":512,\"caption\":\"COVB\"},\"image\":{\"@id\":\"https:\/\/www.covb.cat\/es\/#\/schema\/logo\/image\/\"},\"sameAs\":[\"https:\/\/www.facebook.com\/COVBcat\/\",\"https:\/\/x.com\/COVBcat\",\"https:\/\/www.youtube.com\/user\/covbcn\"]},{\"@type\":\"Person\",\"@id\":\"\"}]}<\/script>\n<!-- \/ Yoast SEO plugin. -->","yoast_head_json":{"title":"Sesi\u00f3n informativa sobre salidas profesionales de la medicina manual veterinaria, el 27 de febrero en la Facultad de Veterinaria de la UAB - COVB - Col\u00b7legi Oficial de Veterinaris de Barcelona","description":"La Facultad de Veterinaria de la Universitat Aut\u00f2noma de Barcelona (UAB) ha programado por este jueves, 27 de febrero, la sesi\u00f3n informativa Salidas","robots":{"index":"index","follow":"follow","max-snippet":"max-snippet:-1","max-image-preview":"max-image-preview:large","max-video-preview":"max-video-preview:-1"},"canonical":"https:\/\/www.covb.cat\/es\/actualitat\/noticies\/general\/sesion-informativa-sobre-salidas-profesionales-de-la-medicina-manual-veterinaria-el-27-de-febrero-en-la-facultad-de-veterinaria-de-la-uab\/","og_locale":"es_ES","og_type":"article","og_title":"Sesi\u00f3n informativa sobre salidas profesionales de la medicina manual veterinaria, el 27 de febrero en la Facultad de Veterinaria de la UAB - COVB - Col\u00b7legi Oficial de Veterinaris de Barcelona","og_description":"La Facultad de Veterinaria de la Universitat Aut\u00f2noma de Barcelona (UAB) ha programado por este jueves, 27 de febrero, la sesi\u00f3n informativa Salidas","og_url":"https:\/\/www.covb.cat\/es\/actualitat\/noticies\/general\/sesion-informativa-sobre-salidas-profesionales-de-la-medicina-manual-veterinaria-el-27-de-febrero-en-la-facultad-de-veterinaria-de-la-uab\/","og_site_name":"COVB","article_publisher":"https:\/\/www.facebook.com\/COVBcat\/","article_published_time":"2020-09-14T19:19:49+00:00","article_modified_time":"2020-09-14T19:20:26+00:00","og_image":[{"width":756,"height":350,"url":"https:\/\/www.covb.cat\/wp-content\/uploads\/2020\/04\/uab.png","type":"image\/png"}],"twitter_card":"summary_large_image","twitter_creator":"@COVBcat","twitter_site":"@COVBcat","twitter_misc":{"Escrito por":""},"schema":{"@context":"https:\/\/schema.org","@graph":[{"@type":"Article","@id":"https:\/\/www.covb.cat\/es\/actualitat\/noticies\/general\/sesion-informativa-sobre-salidas-profesionales-de-la-medicina-manual-veterinaria-el-27-de-febrero-en-la-facultad-de-veterinaria-de-la-uab\/#article","isPartOf":{"@id":"https:\/\/www.covb.cat\/es\/actualitat\/noticies\/general\/sesion-informativa-sobre-salidas-profesionales-de-la-medicina-manual-veterinaria-el-27-de-febrero-en-la-facultad-de-veterinaria-de-la-uab\/"},"author":{"name":"","@id":""},"headline":"Sesi\u00f3n informativa sobre salidas profesionales de la medicina manual veterinaria, el 27 de febrero en la Facultad de Veterinaria de la UAB","datePublished":"2020-09-14T19:19:49+00:00","dateModified":"2020-09-14T19:20:26+00:00","mainEntityOfPage":{"@id":"https:\/\/www.covb.cat\/es\/actualitat\/noticies\/general\/sesion-informativa-sobre-salidas-profesionales-de-la-medicina-manual-veterinaria-el-27-de-febrero-en-la-facultad-de-veterinaria-de-la-uab\/"},"wordCount":116,"publisher":{"@id":"https:\/\/www.covb.cat\/es\/#organization"},"image":{"@id":"https:\/\/www.covb.cat\/es\/actualitat\/noticies\/general\/sesion-informativa-sobre-salidas-profesionales-de-la-medicina-manual-veterinaria-el-27-de-febrero-en-la-facultad-de-veterinaria-de-la-uab\/#primaryimage"},"thumbnailUrl":"https:\/\/www.covb.cat\/wp-content\/uploads\/2020\/04\/uab.png","articleSection":["General"],"inLanguage":"es"},{"@type":"WebPage","@id":"https:\/\/www.covb.cat\/es\/actualitat\/noticies\/general\/sesion-informativa-sobre-salidas-profesionales-de-la-medicina-manual-veterinaria-el-27-de-febrero-en-la-facultad-de-veterinaria-de-la-uab\/","url":"https:\/\/www.covb.cat\/es\/actualitat\/noticies\/general\/sesion-informativa-sobre-salidas-profesionales-de-la-medicina-manual-veterinaria-el-27-de-febrero-en-la-facultad-de-veterinaria-de-la-uab\/","name":"Sesi\u00f3n informativa sobre salidas profesionales de la medicina manual veterinaria, el 27 de febrero en la Facultad de Veterinaria de la UAB - COVB - Col\u00b7legi Oficial de Veterinaris de Barcelona","isPartOf":{"@id":"https:\/\/www.covb.cat\/es\/#website"},"primaryImageOfPage":{"@id":"https:\/\/www.covb.cat\/es\/actualitat\/noticies\/general\/sesion-informativa-sobre-salidas-profesionales-de-la-medicina-manual-veterinaria-el-27-de-febrero-en-la-facultad-de-veterinaria-de-la-uab\/#primaryimage"},"image":{"@id":"https:\/\/www.covb.cat\/es\/actualitat\/noticies\/general\/sesion-informativa-sobre-salidas-profesionales-de-la-medicina-manual-veterinaria-el-27-de-febrero-en-la-facultad-de-veterinaria-de-la-uab\/#primaryimage"},"thumbnailUrl":"https:\/\/www.covb.cat\/wp-content\/uploads\/2020\/04\/uab.png","datePublished":"2020-09-14T19:19:49+00:00","dateModified":"2020-09-14T19:20:26+00:00","description":"La Facultad de Veterinaria de la Universitat Aut\u00f2noma de Barcelona (UAB) ha programado por este jueves, 27 de febrero, la sesi\u00f3n informativa Salidas","breadcrumb":{"@id":"https:\/\/www.covb.cat\/es\/actualitat\/noticies\/general\/sesion-informativa-sobre-salidas-profesionales-de-la-medicina-manual-veterinaria-el-27-de-febrero-en-la-facultad-de-veterinaria-de-la-uab\/#breadcrumb"},"inLanguage":"es","potentialAction":[{"@type":"ReadAction","target":["https:\/\/www.covb.cat\/es\/actualitat\/noticies\/general\/sesion-informativa-sobre-salidas-profesionales-de-la-medicina-manual-veterinaria-el-27-de-febrero-en-la-facultad-de-veterinaria-de-la-uab\/"]}]},{"@type":"ImageObject","inLanguage":"es","@id":"https:\/\/www.covb.cat\/es\/actualitat\/noticies\/general\/sesion-informativa-sobre-salidas-profesionales-de-la-medicina-manual-veterinaria-el-27-de-febrero-en-la-facultad-de-veterinaria-de-la-uab\/#primaryimage","url":"https:\/\/www.covb.cat\/wp-content\/uploads\/2020\/04\/uab.png","contentUrl":"https:\/\/www.covb.cat\/wp-content\/uploads\/2020\/04\/uab.png","width":756,"height":350},{"@type":"BreadcrumbList","@id":"https:\/\/www.covb.cat\/es\/actualitat\/noticies\/general\/sesion-informativa-sobre-salidas-profesionales-de-la-medicina-manual-veterinaria-el-27-de-febrero-en-la-facultad-de-veterinaria-de-la-uab\/#breadcrumb","itemListElement":[{"@type":"ListItem","position":1,"name":"Inici","item":"https:\/\/www.covb.cat\/es\/"},{"@type":"ListItem","position":2,"name":"Sesi\u00f3n informativa sobre salidas profesionales de la medicina manual veterinaria, el 27 de febrero en la Facultad de Veterinaria de la UAB"}]},{"@type":"WebSite","@id":"https:\/\/www.covb.cat\/es\/#website","url":"https:\/\/www.covb.cat\/es\/","name":"COVB","description":"Col\u00b7legi Oficial de Veterinaris de Barcelona","publisher":{"@id":"https:\/\/www.covb.cat\/es\/#organization"},"potentialAction":[{"@type":"SearchAction","target":{"@type":"EntryPoint","urlTemplate":"https:\/\/www.covb.cat\/es\/?s={search_term_string}"},"query-input":{"@type":"PropertyValueSpecification","valueRequired":true,"valueName":"search_term_string"}}],"inLanguage":"es"},{"@type":"Organization","@id":"https:\/\/www.covb.cat\/es\/#organization","name":"COVB","url":"https:\/\/www.covb.cat\/es\/","logo":{"@type":"ImageObject","inLanguage":"es","@id":"https:\/\/www.covb.cat\/es\/#\/schema\/logo\/image\/","url":"https:\/\/www.covb.cat\/wp-content\/uploads\/2018\/07\/favicon-covb.png","contentUrl":"https:\/\/www.covb.cat\/wp-content\/uploads\/2018\/07\/favicon-covb.png","width":512,"height":512,"caption":"COVB"},"image":{"@id":"https:\/\/www.covb.cat\/es\/#\/schema\/logo\/image\/"},"sameAs":["https:\/\/www.facebook.com\/COVBcat\/","https:\/\/x.com\/COVBcat","https:\/\/www.youtube.com\/user\/covbcn"]},{"@type":"Person","@id":""}]}},"jetpack_featured_media_url":"https:\/\/www.covb.cat\/wp-content\/uploads\/2020\/04\/uab.png","jetpack_sharing_enabled":true,"_links":{"self":[{"href":"https:\/\/www.covb.cat\/es\/wp-json\/wp\/v2\/posts\/2324","targetHints":{"allow":["GET"]}}],"collection":[{"href":"https:\/\/www.covb.cat\/es\/wp-json\/wp\/v2\/posts"}],"about":[{"href":"https:\/\/www.covb.cat\/es\/wp-json\/wp\/v2\/types\/post"}],"author":[{"embeddable":true,"href":"https:\/\/www.covb.cat\/es\/wp-json\/wp\/v2\/users\/106"}],"replies":[{"embeddable":true,"href":"https:\/\/www.covb.cat\/es\/wp-json\/wp\/v2\/comments?post=2324"}],"version-history":[{"count":0,"href":"https:\/\/www.covb.cat\/es\/wp-json\/wp\/v2\/posts\/2324\/revisions"}],"wp:featuredmedia":[{"embeddable":true,"href":"https:\/\/www.covb.cat\/es\/wp-json\/wp\/v2\/media\/945"}],"wp:attachment":[{"href":"https:\/\/www.covb.cat\/es\/wp-json\/wp\/v2\/media?parent=2324"}],"wp:term":[{"taxonomy":"category","embeddable":true,"href":"https:\/\/www.covb.cat\/es\/wp-json\/wp\/v2\/categories?post=2324"},{"taxonomy":"post_tag","embeddable":true,"href":"https:\/\/www.covb.cat\/es\/wp-json\/wp\/v2\/tags?post=2324"}],"curies":[{"name":"wp","href":"https:\/\/api.w.org\/{rel}","templated":true}]}}