{"id":2303,"date":"2020-09-14T18:55:49","date_gmt":"2020-09-14T16:55:49","guid":{"rendered":"https:\/\/www.covb.cat\/?p=2303"},"modified":"2020-09-14T18:56:00","modified_gmt":"2020-09-14T16:56:00","slug":"todos-los-colegiados-ya-se-pueden-inscribir-de-manera-independiente-a-las-capsulas-del-modulo-formativo-sobre-busqueda-activa-de-empleo","status":"publish","type":"post","link":"https:\/\/www.covb.cat\/es\/actualitat\/noticies\/general\/todos-los-colegiados-ya-se-pueden-inscribir-de-manera-independiente-a-las-capsulas-del-modulo-formativo-sobre-busqueda-activa-de-empleo\/","title":{"rendered":"Todos los colegiados ya se pueden inscribir, de manera independiente, a las c\u00e1psulas del m\u00f3dulo formativo sobre b\u00fasqueda activa de empleo"},"content":{"rendered":"<p>La primera edici\u00f3n ha arrancado este mes de febrero y consta de siete c\u00e1psulas formativas con un posterior seguimiento virtual<\/p>\n<p><strong>\u00a0<\/strong><\/p>\n<p>A partir de este mes de febrero, el Col\u00b7legi Oficial de Veterinaris de Barcelona (COVB) imparte el m\u00f3dulo <em>Formaci\u00f3n para la b\u00fasqueda activa de empleo<\/em>, con siete c\u00e1psulas formativas presenciales, reforzadas con un seguimiento virtual v\u00eda la nueva herramienta <em>Moodle<\/em> del \u00e1rea de Formaci\u00f3n, un nuevo recurso implementado por la empresa de formaci\u00f3n que colabora con el COVB. Con esta iniciativa se quiere dotar a los profesionales, de una manera sencilla e interactiva, de nuevas capacidades en este \u00e1mbito.<\/p>\n<p>&nbsp;<\/p>\n<p>Las c\u00e1psulas, de una hora de duraci\u00f3n, tratan temas como <em>La carta de presentaci\u00f3n y el curr\u00edculum, unos escaparates siempre de moda<\/em> (3 de febrero, ya completada); <em>Linkedin \u00bfVirtualmente me s\u00e9 vender?<\/em> (12 de febrero); <em>Fuentes de b\u00fasqueda de empleo: cl\u00e1sicas y con valor a\u00f1adido<\/em> (24 de febrero); <em>La entrevista de trabajo \u00bfMis cualidades destacan o se ocultan?<\/em> (4 de marzo); <em>La din\u00e1mica de grupos como parte del proceso de selecci\u00f3n \u00bfSabes que es una oportunidad?<\/em> (16 de marzo); <em>Autoan\u00e1lisis positivo, mi perfil y el elevator pitch<\/em> (25 de marzo); y <em>Hacemos red, el networking como oportunidad de confianza<\/em> (20 de abril). Todas las sesiones se llevan a cabo entre las 14:30 y las 15:30h en la sede del Col\u00b7legi.<\/p>\n<p>&nbsp;<\/p>\n<p>El m\u00f3dulo est\u00e1 limitado a 30 participantes, para primar la eficacia y el seguimiento personalizado a los asistentes, y va a cargo de Clara Verg\u00e9s, psic\u00f3loga y <em>coach<\/em> con experiencia como formadora y asesora de empresas privadas, administraci\u00f3n p\u00fablica y tercer sector, en tem\u00e1ticas de desarrollo personal y t\u00e9cnicas de gesti\u00f3n de equipos.<\/p>\n<p>&nbsp;<\/p>\n<p>La inscripci\u00f3n independiente para cada una de las c\u00e1psulas, al margen de si se completa o no todo el m\u00f3dulo, es gratuita y se pueden apuntar todos los colegiados.<\/p>\n<p>&nbsp;<\/p>\n<p>Se puede obtener m\u00e1s informaci\u00f3n e inscribirse contactando con el Departamento de Formaci\u00f3n, al correo electr\u00f3nico <a href=\"mailto:depformacio@covb.cat\">depformacio@covb.cat<\/a> oa tel\u00e9fono 93 211 24 66, extensi\u00f3n 3.<\/p>\n","protected":false},"excerpt":{"rendered":"<p>La primera edici\u00f3n ha arrancado este mes de febrero y consta de siete c\u00e1psulas formativas con un posterior seguimiento virtual \u00a0 A partir de este mes de febrero, el Col\u00b7legi Oficial de Veterinaris de Barcelona (COVB) imparte el m\u00f3dulo Formaci\u00f3n para la b\u00fasqueda activa de empleo, con siete c\u00e1psulas formativas presenciales, reforzadas con un seguimiento [&hellip;]<\/p>\n","protected":false},"author":106,"featured_media":795,"comment_status":"closed","ping_status":"closed","sticky":false,"template":"","format":"standard","meta":{"_monsterinsights_skip_tracking":false,"_monsterinsights_sitenote_active":false,"_monsterinsights_sitenote_note":"","_monsterinsights_sitenote_category":0,"_jetpack_memberships_contains_paid_content":false,"footnotes":""},"categories":[17],"tags":[],"class_list":["post-2303","post","type-post","status-publish","format-standard","has-post-thumbnail","hentry","category-general"],"yoast_head":"<!-- This site is optimized with the Yoast SEO plugin v27.0 - https:\/\/yoast.com\/product\/yoast-seo-wordpress\/ -->\n<title>Todos los colegiados ya se pueden inscribir, de manera independiente, a las c\u00e1psulas del m\u00f3dulo formativo sobre b\u00fasqueda activa de empleo - COVB - Col\u00b7legi Oficial de Veterinaris de Barcelona<\/title>\n<meta name=\"description\" content=\"La primera edici\u00f3n ha arrancado este mes de febrero y consta de siete c\u00e1psulas formativas con un posterior seguimiento virtual \u00a0 A partir de este mes de\" \/>\n<meta name=\"robots\" content=\"index, follow, max-snippet:-1, max-image-preview:large, max-video-preview:-1\" \/>\n<link rel=\"canonical\" href=\"https:\/\/www.covb.cat\/es\/actualitat\/noticies\/general\/todos-los-colegiados-ya-se-pueden-inscribir-de-manera-independiente-a-las-capsulas-del-modulo-formativo-sobre-busqueda-activa-de-empleo\/\" \/>\n<meta property=\"og:locale\" content=\"es_ES\" \/>\n<meta property=\"og:type\" content=\"article\" \/>\n<meta property=\"og:title\" content=\"Todos los colegiados ya se pueden inscribir, de manera independiente, a las c\u00e1psulas del m\u00f3dulo formativo sobre b\u00fasqueda activa de empleo - COVB - Col\u00b7legi Oficial de Veterinaris de Barcelona\" \/>\n<meta property=\"og:description\" content=\"La primera edici\u00f3n ha arrancado este mes de febrero y consta de siete c\u00e1psulas formativas con un posterior seguimiento virtual \u00a0 A partir de este mes de\" \/>\n<meta property=\"og:url\" content=\"https:\/\/www.covb.cat\/es\/actualitat\/noticies\/general\/todos-los-colegiados-ya-se-pueden-inscribir-de-manera-independiente-a-las-capsulas-del-modulo-formativo-sobre-busqueda-activa-de-empleo\/\" \/>\n<meta property=\"og:site_name\" content=\"COVB\" \/>\n<meta property=\"article:publisher\" content=\"https:\/\/www.facebook.com\/COVBcat\/\" \/>\n<meta property=\"article:published_time\" content=\"2020-09-14T16:55:49+00:00\" \/>\n<meta property=\"article:modified_time\" content=\"2020-09-14T16:56:00+00:00\" \/>\n<meta property=\"og:image\" content=\"https:\/\/www.covb.cat\/wp-content\/uploads\/2020\/02\/pexels-photo-627530.jpeg\" \/>\n\t<meta property=\"og:image:width\" content=\"1880\" \/>\n\t<meta property=\"og:image:height\" content=\"1245\" \/>\n\t<meta property=\"og:image:type\" content=\"image\/jpeg\" \/>\n<meta name=\"twitter:card\" content=\"summary_large_image\" \/>\n<meta name=\"twitter:creator\" content=\"@COVBcat\" \/>\n<meta name=\"twitter:site\" content=\"@COVBcat\" \/>\n<meta name=\"twitter:label1\" content=\"Escrito por\" \/>\n\t<meta name=\"twitter:data1\" content=\"\" \/>\n\t<meta name=\"twitter:label2\" content=\"Tiempo de lectura\" \/>\n\t<meta name=\"twitter:data2\" content=\"2 minutos\" \/>\n<script type=\"application\/ld+json\" class=\"yoast-schema-graph\">{\"@context\":\"https:\/\/schema.org\",\"@graph\":[{\"@type\":\"Article\",\"@id\":\"https:\/\/www.covb.cat\/es\/actualitat\/noticies\/general\/todos-los-colegiados-ya-se-pueden-inscribir-de-manera-independiente-a-las-capsulas-del-modulo-formativo-sobre-busqueda-activa-de-empleo\/#article\",\"isPartOf\":{\"@id\":\"https:\/\/www.covb.cat\/es\/actualitat\/noticies\/general\/todos-los-colegiados-ya-se-pueden-inscribir-de-manera-independiente-a-las-capsulas-del-modulo-formativo-sobre-busqueda-activa-de-empleo\/\"},\"author\":{\"name\":\"\",\"@id\":\"\"},\"headline\":\"Todos los colegiados ya se pueden inscribir, de manera independiente, a las c\u00e1psulas del m\u00f3dulo formativo sobre b\u00fasqueda activa de empleo\",\"datePublished\":\"2020-09-14T16:55:49+00:00\",\"dateModified\":\"2020-09-14T16:56:00+00:00\",\"mainEntityOfPage\":{\"@id\":\"https:\/\/www.covb.cat\/es\/actualitat\/noticies\/general\/todos-los-colegiados-ya-se-pueden-inscribir-de-manera-independiente-a-las-capsulas-del-modulo-formativo-sobre-busqueda-activa-de-empleo\/\"},\"wordCount\":380,\"publisher\":{\"@id\":\"https:\/\/www.covb.cat\/es\/#organization\"},\"image\":{\"@id\":\"https:\/\/www.covb.cat\/es\/actualitat\/noticies\/general\/todos-los-colegiados-ya-se-pueden-inscribir-de-manera-independiente-a-las-capsulas-del-modulo-formativo-sobre-busqueda-activa-de-empleo\/#primaryimage\"},\"thumbnailUrl\":\"https:\/\/www.covb.cat\/wp-content\/uploads\/2020\/02\/pexels-photo-627530.jpeg\",\"articleSection\":[\"General\"],\"inLanguage\":\"es\"},{\"@type\":\"WebPage\",\"@id\":\"https:\/\/www.covb.cat\/es\/actualitat\/noticies\/general\/todos-los-colegiados-ya-se-pueden-inscribir-de-manera-independiente-a-las-capsulas-del-modulo-formativo-sobre-busqueda-activa-de-empleo\/\",\"url\":\"https:\/\/www.covb.cat\/es\/actualitat\/noticies\/general\/todos-los-colegiados-ya-se-pueden-inscribir-de-manera-independiente-a-las-capsulas-del-modulo-formativo-sobre-busqueda-activa-de-empleo\/\",\"name\":\"Todos los colegiados ya se pueden inscribir, de manera independiente, a las c\u00e1psulas del m\u00f3dulo formativo sobre b\u00fasqueda activa de empleo - COVB - Col\u00b7legi Oficial de Veterinaris de Barcelona\",\"isPartOf\":{\"@id\":\"https:\/\/www.covb.cat\/es\/#website\"},\"primaryImageOfPage\":{\"@id\":\"https:\/\/www.covb.cat\/es\/actualitat\/noticies\/general\/todos-los-colegiados-ya-se-pueden-inscribir-de-manera-independiente-a-las-capsulas-del-modulo-formativo-sobre-busqueda-activa-de-empleo\/#primaryimage\"},\"image\":{\"@id\":\"https:\/\/www.covb.cat\/es\/actualitat\/noticies\/general\/todos-los-colegiados-ya-se-pueden-inscribir-de-manera-independiente-a-las-capsulas-del-modulo-formativo-sobre-busqueda-activa-de-empleo\/#primaryimage\"},\"thumbnailUrl\":\"https:\/\/www.covb.cat\/wp-content\/uploads\/2020\/02\/pexels-photo-627530.jpeg\",\"datePublished\":\"2020-09-14T16:55:49+00:00\",\"dateModified\":\"2020-09-14T16:56:00+00:00\",\"description\":\"La primera edici\u00f3n ha arrancado este mes de febrero y consta de siete c\u00e1psulas formativas con un posterior seguimiento virtual \u00a0 A partir de este mes de\",\"breadcrumb\":{\"@id\":\"https:\/\/www.covb.cat\/es\/actualitat\/noticies\/general\/todos-los-colegiados-ya-se-pueden-inscribir-de-manera-independiente-a-las-capsulas-del-modulo-formativo-sobre-busqueda-activa-de-empleo\/#breadcrumb\"},\"inLanguage\":\"es\",\"potentialAction\":[{\"@type\":\"ReadAction\",\"target\":[\"https:\/\/www.covb.cat\/es\/actualitat\/noticies\/general\/todos-los-colegiados-ya-se-pueden-inscribir-de-manera-independiente-a-las-capsulas-del-modulo-formativo-sobre-busqueda-activa-de-empleo\/\"]}]},{\"@type\":\"ImageObject\",\"inLanguage\":\"es\",\"@id\":\"https:\/\/www.covb.cat\/es\/actualitat\/noticies\/general\/todos-los-colegiados-ya-se-pueden-inscribir-de-manera-independiente-a-las-capsulas-del-modulo-formativo-sobre-busqueda-activa-de-empleo\/#primaryimage\",\"url\":\"https:\/\/www.covb.cat\/wp-content\/uploads\/2020\/02\/pexels-photo-627530.jpeg\",\"contentUrl\":\"https:\/\/www.covb.cat\/wp-content\/uploads\/2020\/02\/pexels-photo-627530.jpeg\",\"width\":1880,\"height\":1245},{\"@type\":\"BreadcrumbList\",\"@id\":\"https:\/\/www.covb.cat\/es\/actualitat\/noticies\/general\/todos-los-colegiados-ya-se-pueden-inscribir-de-manera-independiente-a-las-capsulas-del-modulo-formativo-sobre-busqueda-activa-de-empleo\/#breadcrumb\",\"itemListElement\":[{\"@type\":\"ListItem\",\"position\":1,\"name\":\"Inici\",\"item\":\"https:\/\/www.covb.cat\/es\/\"},{\"@type\":\"ListItem\",\"position\":2,\"name\":\"Todos los colegiados ya se pueden inscribir, de manera independiente, a las c\u00e1psulas del m\u00f3dulo formativo sobre b\u00fasqueda activa de empleo\"}]},{\"@type\":\"WebSite\",\"@id\":\"https:\/\/www.covb.cat\/es\/#website\",\"url\":\"https:\/\/www.covb.cat\/es\/\",\"name\":\"COVB\",\"description\":\"Col\u00b7legi Oficial de Veterinaris de Barcelona\",\"publisher\":{\"@id\":\"https:\/\/www.covb.cat\/es\/#organization\"},\"potentialAction\":[{\"@type\":\"SearchAction\",\"target\":{\"@type\":\"EntryPoint\",\"urlTemplate\":\"https:\/\/www.covb.cat\/es\/?s={search_term_string}\"},\"query-input\":{\"@type\":\"PropertyValueSpecification\",\"valueRequired\":true,\"valueName\":\"search_term_string\"}}],\"inLanguage\":\"es\"},{\"@type\":\"Organization\",\"@id\":\"https:\/\/www.covb.cat\/es\/#organization\",\"name\":\"COVB\",\"url\":\"https:\/\/www.covb.cat\/es\/\",\"logo\":{\"@type\":\"ImageObject\",\"inLanguage\":\"es\",\"@id\":\"https:\/\/www.covb.cat\/es\/#\/schema\/logo\/image\/\",\"url\":\"https:\/\/www.covb.cat\/wp-content\/uploads\/2018\/07\/favicon-covb.png\",\"contentUrl\":\"https:\/\/www.covb.cat\/wp-content\/uploads\/2018\/07\/favicon-covb.png\",\"width\":512,\"height\":512,\"caption\":\"COVB\"},\"image\":{\"@id\":\"https:\/\/www.covb.cat\/es\/#\/schema\/logo\/image\/\"},\"sameAs\":[\"https:\/\/www.facebook.com\/COVBcat\/\",\"https:\/\/x.com\/COVBcat\",\"https:\/\/www.youtube.com\/user\/covbcn\"]},{\"@type\":\"Person\",\"@id\":\"\"}]}<\/script>\n<!-- \/ Yoast SEO plugin. -->","yoast_head_json":{"title":"Todos los colegiados ya se pueden inscribir, de manera independiente, a las c\u00e1psulas del m\u00f3dulo formativo sobre b\u00fasqueda activa de empleo - COVB - Col\u00b7legi Oficial de Veterinaris de Barcelona","description":"La primera edici\u00f3n ha arrancado este mes de febrero y consta de siete c\u00e1psulas formativas con un posterior seguimiento virtual \u00a0 A partir de este mes de","robots":{"index":"index","follow":"follow","max-snippet":"max-snippet:-1","max-image-preview":"max-image-preview:large","max-video-preview":"max-video-preview:-1"},"canonical":"https:\/\/www.covb.cat\/es\/actualitat\/noticies\/general\/todos-los-colegiados-ya-se-pueden-inscribir-de-manera-independiente-a-las-capsulas-del-modulo-formativo-sobre-busqueda-activa-de-empleo\/","og_locale":"es_ES","og_type":"article","og_title":"Todos los colegiados ya se pueden inscribir, de manera independiente, a las c\u00e1psulas del m\u00f3dulo formativo sobre b\u00fasqueda activa de empleo - COVB - Col\u00b7legi Oficial de Veterinaris de Barcelona","og_description":"La primera edici\u00f3n ha arrancado este mes de febrero y consta de siete c\u00e1psulas formativas con un posterior seguimiento virtual \u00a0 A partir de este mes de","og_url":"https:\/\/www.covb.cat\/es\/actualitat\/noticies\/general\/todos-los-colegiados-ya-se-pueden-inscribir-de-manera-independiente-a-las-capsulas-del-modulo-formativo-sobre-busqueda-activa-de-empleo\/","og_site_name":"COVB","article_publisher":"https:\/\/www.facebook.com\/COVBcat\/","article_published_time":"2020-09-14T16:55:49+00:00","article_modified_time":"2020-09-14T16:56:00+00:00","og_image":[{"width":1880,"height":1245,"url":"https:\/\/www.covb.cat\/wp-content\/uploads\/2020\/02\/pexels-photo-627530.jpeg","type":"image\/jpeg"}],"twitter_card":"summary_large_image","twitter_creator":"@COVBcat","twitter_site":"@COVBcat","twitter_misc":{"Escrito por":"","Tiempo de lectura":"2 minutos"},"schema":{"@context":"https:\/\/schema.org","@graph":[{"@type":"Article","@id":"https:\/\/www.covb.cat\/es\/actualitat\/noticies\/general\/todos-los-colegiados-ya-se-pueden-inscribir-de-manera-independiente-a-las-capsulas-del-modulo-formativo-sobre-busqueda-activa-de-empleo\/#article","isPartOf":{"@id":"https:\/\/www.covb.cat\/es\/actualitat\/noticies\/general\/todos-los-colegiados-ya-se-pueden-inscribir-de-manera-independiente-a-las-capsulas-del-modulo-formativo-sobre-busqueda-activa-de-empleo\/"},"author":{"name":"","@id":""},"headline":"Todos los colegiados ya se pueden inscribir, de manera independiente, a las c\u00e1psulas del m\u00f3dulo formativo sobre b\u00fasqueda activa de empleo","datePublished":"2020-09-14T16:55:49+00:00","dateModified":"2020-09-14T16:56:00+00:00","mainEntityOfPage":{"@id":"https:\/\/www.covb.cat\/es\/actualitat\/noticies\/general\/todos-los-colegiados-ya-se-pueden-inscribir-de-manera-independiente-a-las-capsulas-del-modulo-formativo-sobre-busqueda-activa-de-empleo\/"},"wordCount":380,"publisher":{"@id":"https:\/\/www.covb.cat\/es\/#organization"},"image":{"@id":"https:\/\/www.covb.cat\/es\/actualitat\/noticies\/general\/todos-los-colegiados-ya-se-pueden-inscribir-de-manera-independiente-a-las-capsulas-del-modulo-formativo-sobre-busqueda-activa-de-empleo\/#primaryimage"},"thumbnailUrl":"https:\/\/www.covb.cat\/wp-content\/uploads\/2020\/02\/pexels-photo-627530.jpeg","articleSection":["General"],"inLanguage":"es"},{"@type":"WebPage","@id":"https:\/\/www.covb.cat\/es\/actualitat\/noticies\/general\/todos-los-colegiados-ya-se-pueden-inscribir-de-manera-independiente-a-las-capsulas-del-modulo-formativo-sobre-busqueda-activa-de-empleo\/","url":"https:\/\/www.covb.cat\/es\/actualitat\/noticies\/general\/todos-los-colegiados-ya-se-pueden-inscribir-de-manera-independiente-a-las-capsulas-del-modulo-formativo-sobre-busqueda-activa-de-empleo\/","name":"Todos los colegiados ya se pueden inscribir, de manera independiente, a las c\u00e1psulas del m\u00f3dulo formativo sobre b\u00fasqueda activa de empleo - COVB - Col\u00b7legi Oficial de Veterinaris de Barcelona","isPartOf":{"@id":"https:\/\/www.covb.cat\/es\/#website"},"primaryImageOfPage":{"@id":"https:\/\/www.covb.cat\/es\/actualitat\/noticies\/general\/todos-los-colegiados-ya-se-pueden-inscribir-de-manera-independiente-a-las-capsulas-del-modulo-formativo-sobre-busqueda-activa-de-empleo\/#primaryimage"},"image":{"@id":"https:\/\/www.covb.cat\/es\/actualitat\/noticies\/general\/todos-los-colegiados-ya-se-pueden-inscribir-de-manera-independiente-a-las-capsulas-del-modulo-formativo-sobre-busqueda-activa-de-empleo\/#primaryimage"},"thumbnailUrl":"https:\/\/www.covb.cat\/wp-content\/uploads\/2020\/02\/pexels-photo-627530.jpeg","datePublished":"2020-09-14T16:55:49+00:00","dateModified":"2020-09-14T16:56:00+00:00","description":"La primera edici\u00f3n ha arrancado este mes de febrero y consta de siete c\u00e1psulas formativas con un posterior seguimiento virtual \u00a0 A partir de este mes de","breadcrumb":{"@id":"https:\/\/www.covb.cat\/es\/actualitat\/noticies\/general\/todos-los-colegiados-ya-se-pueden-inscribir-de-manera-independiente-a-las-capsulas-del-modulo-formativo-sobre-busqueda-activa-de-empleo\/#breadcrumb"},"inLanguage":"es","potentialAction":[{"@type":"ReadAction","target":["https:\/\/www.covb.cat\/es\/actualitat\/noticies\/general\/todos-los-colegiados-ya-se-pueden-inscribir-de-manera-independiente-a-las-capsulas-del-modulo-formativo-sobre-busqueda-activa-de-empleo\/"]}]},{"@type":"ImageObject","inLanguage":"es","@id":"https:\/\/www.covb.cat\/es\/actualitat\/noticies\/general\/todos-los-colegiados-ya-se-pueden-inscribir-de-manera-independiente-a-las-capsulas-del-modulo-formativo-sobre-busqueda-activa-de-empleo\/#primaryimage","url":"https:\/\/www.covb.cat\/wp-content\/uploads\/2020\/02\/pexels-photo-627530.jpeg","contentUrl":"https:\/\/www.covb.cat\/wp-content\/uploads\/2020\/02\/pexels-photo-627530.jpeg","width":1880,"height":1245},{"@type":"BreadcrumbList","@id":"https:\/\/www.covb.cat\/es\/actualitat\/noticies\/general\/todos-los-colegiados-ya-se-pueden-inscribir-de-manera-independiente-a-las-capsulas-del-modulo-formativo-sobre-busqueda-activa-de-empleo\/#breadcrumb","itemListElement":[{"@type":"ListItem","position":1,"name":"Inici","item":"https:\/\/www.covb.cat\/es\/"},{"@type":"ListItem","position":2,"name":"Todos los colegiados ya se pueden inscribir, de manera independiente, a las c\u00e1psulas del m\u00f3dulo formativo sobre b\u00fasqueda activa de empleo"}]},{"@type":"WebSite","@id":"https:\/\/www.covb.cat\/es\/#website","url":"https:\/\/www.covb.cat\/es\/","name":"COVB","description":"Col\u00b7legi Oficial de Veterinaris de Barcelona","publisher":{"@id":"https:\/\/www.covb.cat\/es\/#organization"},"potentialAction":[{"@type":"SearchAction","target":{"@type":"EntryPoint","urlTemplate":"https:\/\/www.covb.cat\/es\/?s={search_term_string}"},"query-input":{"@type":"PropertyValueSpecification","valueRequired":true,"valueName":"search_term_string"}}],"inLanguage":"es"},{"@type":"Organization","@id":"https:\/\/www.covb.cat\/es\/#organization","name":"COVB","url":"https:\/\/www.covb.cat\/es\/","logo":{"@type":"ImageObject","inLanguage":"es","@id":"https:\/\/www.covb.cat\/es\/#\/schema\/logo\/image\/","url":"https:\/\/www.covb.cat\/wp-content\/uploads\/2018\/07\/favicon-covb.png","contentUrl":"https:\/\/www.covb.cat\/wp-content\/uploads\/2018\/07\/favicon-covb.png","width":512,"height":512,"caption":"COVB"},"image":{"@id":"https:\/\/www.covb.cat\/es\/#\/schema\/logo\/image\/"},"sameAs":["https:\/\/www.facebook.com\/COVBcat\/","https:\/\/x.com\/COVBcat","https:\/\/www.youtube.com\/user\/covbcn"]},{"@type":"Person","@id":""}]}},"jetpack_featured_media_url":"https:\/\/www.covb.cat\/wp-content\/uploads\/2020\/02\/pexels-photo-627530.jpeg","jetpack_sharing_enabled":true,"_links":{"self":[{"href":"https:\/\/www.covb.cat\/es\/wp-json\/wp\/v2\/posts\/2303","targetHints":{"allow":["GET"]}}],"collection":[{"href":"https:\/\/www.covb.cat\/es\/wp-json\/wp\/v2\/posts"}],"about":[{"href":"https:\/\/www.covb.cat\/es\/wp-json\/wp\/v2\/types\/post"}],"author":[{"embeddable":true,"href":"https:\/\/www.covb.cat\/es\/wp-json\/wp\/v2\/users\/106"}],"replies":[{"embeddable":true,"href":"https:\/\/www.covb.cat\/es\/wp-json\/wp\/v2\/comments?post=2303"}],"version-history":[{"count":0,"href":"https:\/\/www.covb.cat\/es\/wp-json\/wp\/v2\/posts\/2303\/revisions"}],"wp:featuredmedia":[{"embeddable":true,"href":"https:\/\/www.covb.cat\/es\/wp-json\/wp\/v2\/media\/795"}],"wp:attachment":[{"href":"https:\/\/www.covb.cat\/es\/wp-json\/wp\/v2\/media?parent=2303"}],"wp:term":[{"taxonomy":"category","embeddable":true,"href":"https:\/\/www.covb.cat\/es\/wp-json\/wp\/v2\/categories?post=2303"},{"taxonomy":"post_tag","embeddable":true,"href":"https:\/\/www.covb.cat\/es\/wp-json\/wp\/v2\/tags?post=2303"}],"curies":[{"name":"wp","href":"https:\/\/api.w.org\/{rel}","templated":true}]}}