{"id":2298,"date":"2020-09-14T18:51:03","date_gmt":"2020-09-14T16:51:03","guid":{"rendered":"https:\/\/www.covb.cat\/?p=2298"},"modified":"2020-09-14T18:51:03","modified_gmt":"2020-09-14T16:51:03","slug":"el-covb-lucha-por-el-reconocimiento-del-papel-de-los-veterinarios-en-la-salvaguardia-de-la-salud-publica","status":"publish","type":"post","link":"https:\/\/www.covb.cat\/es\/actualitat\/noticies\/general\/el-covb-lucha-por-el-reconocimiento-del-papel-de-los-veterinarios-en-la-salvaguardia-de-la-salud-publica\/","title":{"rendered":"El\u00a0COVB\u00a0lucha por el reconocimiento del papel de los veterinarios en la salvaguardia de la salud p\u00fablica"},"content":{"rendered":"<p>El pasado mi\u00e9rcoles, 29 de enero, el vicepresidente del Colegio Oficial de Veterinarios de Barcelona (COVB), Ricard\u00a0Par\u00e9s, y el presidente del Colegio Oficial de M\u00e9dicos de Barcelona (CoMB), Jaume\u00a0Padr\u00f3s, mantuvieron un encuentro en qu\u00e9 trataron temas de inter\u00e9s para las profesiones que representan sus respectivas instituciones.<\/p>\n<p>Parara y\u00a0Padr\u00f3s\u00a0abordaron varios aspectos, como por ejemplo la importancia de reconocer el papel imprescindible que juegan los profesionales de la veterinaria en el control de las zoonosis y en la salvaguardia de la salud p\u00fablica, la necesidad de explicar al consumidor la vigilancia que realizan los veterinarios sobre la producci\u00f3n de los alimentos y tambi\u00e9n el papel positivo que pueden jugar las mascotas en las terapias de salud humana.<\/p>\n<p>Los representantes de los dos colegios acordaron establecer contactos peri\u00f3dicos y explorar posibles v\u00edas de colaboraci\u00f3n futuras en temas que afecten transversalmente los profesionales de la medicina y la veterinaria.<\/p>\n","protected":false},"excerpt":{"rendered":"<p>El pasado mi\u00e9rcoles, 29 de enero, el vicepresidente del Colegio Oficial de Veterinarios de Barcelona (COVB), Ricard\u00a0Par\u00e9s, y el presidente del Colegio Oficial de M\u00e9dicos de Barcelona (CoMB), Jaume\u00a0Padr\u00f3s, mantuvieron un encuentro en qu\u00e9 trataron temas de inter\u00e9s para las profesiones que representan sus respectivas instituciones. Parara y\u00a0Padr\u00f3s\u00a0abordaron varios aspectos, como por ejemplo la importancia [&hellip;]<\/p>\n","protected":false},"author":106,"featured_media":787,"comment_status":"closed","ping_status":"closed","sticky":false,"template":"","format":"standard","meta":{"_monsterinsights_skip_tracking":false,"_monsterinsights_sitenote_active":false,"_monsterinsights_sitenote_note":"","_monsterinsights_sitenote_category":0,"_jetpack_memberships_contains_paid_content":false,"footnotes":""},"categories":[17],"tags":[],"class_list":["post-2298","post","type-post","status-publish","format-standard","has-post-thumbnail","hentry","category-general"],"yoast_head":"<!-- This site is optimized with the Yoast SEO plugin v27.0 - https:\/\/yoast.com\/product\/yoast-seo-wordpress\/ -->\n<title>El\u00a0COVB\u00a0lucha por el reconocimiento del papel de los veterinarios en la salvaguardia de la salud p\u00fablica - COVB - Col\u00b7legi Oficial de Veterinaris de Barcelona<\/title>\n<meta name=\"description\" content=\"El pasado mi\u00e9rcoles, 29 de enero, el vicepresidente del Colegio Oficial de Veterinarios de Barcelona (COVB), Ricard\u00a0Par\u00e9s, y el presidente del Colegio\" \/>\n<meta name=\"robots\" content=\"index, follow, max-snippet:-1, max-image-preview:large, max-video-preview:-1\" \/>\n<link rel=\"canonical\" href=\"https:\/\/www.covb.cat\/es\/actualitat\/noticies\/general\/el-covb-lucha-por-el-reconocimiento-del-papel-de-los-veterinarios-en-la-salvaguardia-de-la-salud-publica\/\" \/>\n<meta property=\"og:locale\" content=\"es_ES\" \/>\n<meta property=\"og:type\" content=\"article\" \/>\n<meta property=\"og:title\" content=\"El\u00a0COVB\u00a0lucha por el reconocimiento del papel de los veterinarios en la salvaguardia de la salud p\u00fablica - COVB - Col\u00b7legi Oficial de Veterinaris de Barcelona\" \/>\n<meta property=\"og:description\" content=\"El pasado mi\u00e9rcoles, 29 de enero, el vicepresidente del Colegio Oficial de Veterinarios de Barcelona (COVB), Ricard\u00a0Par\u00e9s, y el presidente del Colegio\" \/>\n<meta property=\"og:url\" content=\"https:\/\/www.covb.cat\/es\/actualitat\/noticies\/general\/el-covb-lucha-por-el-reconocimiento-del-papel-de-los-veterinarios-en-la-salvaguardia-de-la-salud-publica\/\" \/>\n<meta property=\"og:site_name\" content=\"COVB\" \/>\n<meta property=\"article:publisher\" content=\"https:\/\/www.facebook.com\/COVBcat\/\" \/>\n<meta property=\"article:published_time\" content=\"2020-09-14T16:51:03+00:00\" \/>\n<meta property=\"og:image\" content=\"https:\/\/www.covb.cat\/wp-content\/uploads\/2020\/02\/comb_covb.jpg\" \/>\n\t<meta property=\"og:image:width\" content=\"2560\" \/>\n\t<meta property=\"og:image:height\" content=\"1920\" \/>\n\t<meta property=\"og:image:type\" content=\"image\/jpeg\" \/>\n<meta name=\"twitter:card\" content=\"summary_large_image\" \/>\n<meta name=\"twitter:creator\" content=\"@COVBcat\" \/>\n<meta name=\"twitter:site\" content=\"@COVBcat\" \/>\n<meta name=\"twitter:label1\" content=\"Escrito por\" \/>\n\t<meta name=\"twitter:data1\" content=\"\" \/>\n\t<meta name=\"twitter:label2\" content=\"Tiempo de lectura\" \/>\n\t<meta name=\"twitter:data2\" content=\"1 minuto\" \/>\n<script type=\"application\/ld+json\" class=\"yoast-schema-graph\">{\"@context\":\"https:\/\/schema.org\",\"@graph\":[{\"@type\":\"Article\",\"@id\":\"https:\/\/www.covb.cat\/es\/actualitat\/noticies\/general\/el-covb-lucha-por-el-reconocimiento-del-papel-de-los-veterinarios-en-la-salvaguardia-de-la-salud-publica\/#article\",\"isPartOf\":{\"@id\":\"https:\/\/www.covb.cat\/es\/actualitat\/noticies\/general\/el-covb-lucha-por-el-reconocimiento-del-papel-de-los-veterinarios-en-la-salvaguardia-de-la-salud-publica\/\"},\"author\":{\"name\":\"\",\"@id\":\"\"},\"headline\":\"El\u00a0COVB\u00a0lucha por el reconocimiento del papel de los veterinarios en la salvaguardia de la salud p\u00fablica\",\"datePublished\":\"2020-09-14T16:51:03+00:00\",\"mainEntityOfPage\":{\"@id\":\"https:\/\/www.covb.cat\/es\/actualitat\/noticies\/general\/el-covb-lucha-por-el-reconocimiento-del-papel-de-los-veterinarios-en-la-salvaguardia-de-la-salud-publica\/\"},\"wordCount\":179,\"publisher\":{\"@id\":\"https:\/\/www.covb.cat\/es\/#organization\"},\"image\":{\"@id\":\"https:\/\/www.covb.cat\/es\/actualitat\/noticies\/general\/el-covb-lucha-por-el-reconocimiento-del-papel-de-los-veterinarios-en-la-salvaguardia-de-la-salud-publica\/#primaryimage\"},\"thumbnailUrl\":\"https:\/\/www.covb.cat\/wp-content\/uploads\/2020\/02\/comb_covb.jpg\",\"articleSection\":[\"General\"],\"inLanguage\":\"es\"},{\"@type\":\"WebPage\",\"@id\":\"https:\/\/www.covb.cat\/es\/actualitat\/noticies\/general\/el-covb-lucha-por-el-reconocimiento-del-papel-de-los-veterinarios-en-la-salvaguardia-de-la-salud-publica\/\",\"url\":\"https:\/\/www.covb.cat\/es\/actualitat\/noticies\/general\/el-covb-lucha-por-el-reconocimiento-del-papel-de-los-veterinarios-en-la-salvaguardia-de-la-salud-publica\/\",\"name\":\"El\u00a0COVB\u00a0lucha por el reconocimiento del papel de los veterinarios en la salvaguardia de la salud p\u00fablica - COVB - Col\u00b7legi Oficial de Veterinaris de Barcelona\",\"isPartOf\":{\"@id\":\"https:\/\/www.covb.cat\/es\/#website\"},\"primaryImageOfPage\":{\"@id\":\"https:\/\/www.covb.cat\/es\/actualitat\/noticies\/general\/el-covb-lucha-por-el-reconocimiento-del-papel-de-los-veterinarios-en-la-salvaguardia-de-la-salud-publica\/#primaryimage\"},\"image\":{\"@id\":\"https:\/\/www.covb.cat\/es\/actualitat\/noticies\/general\/el-covb-lucha-por-el-reconocimiento-del-papel-de-los-veterinarios-en-la-salvaguardia-de-la-salud-publica\/#primaryimage\"},\"thumbnailUrl\":\"https:\/\/www.covb.cat\/wp-content\/uploads\/2020\/02\/comb_covb.jpg\",\"datePublished\":\"2020-09-14T16:51:03+00:00\",\"description\":\"El pasado mi\u00e9rcoles, 29 de enero, el vicepresidente del Colegio Oficial de Veterinarios de Barcelona (COVB), Ricard\u00a0Par\u00e9s, y el presidente del Colegio\",\"breadcrumb\":{\"@id\":\"https:\/\/www.covb.cat\/es\/actualitat\/noticies\/general\/el-covb-lucha-por-el-reconocimiento-del-papel-de-los-veterinarios-en-la-salvaguardia-de-la-salud-publica\/#breadcrumb\"},\"inLanguage\":\"es\",\"potentialAction\":[{\"@type\":\"ReadAction\",\"target\":[\"https:\/\/www.covb.cat\/es\/actualitat\/noticies\/general\/el-covb-lucha-por-el-reconocimiento-del-papel-de-los-veterinarios-en-la-salvaguardia-de-la-salud-publica\/\"]}]},{\"@type\":\"ImageObject\",\"inLanguage\":\"es\",\"@id\":\"https:\/\/www.covb.cat\/es\/actualitat\/noticies\/general\/el-covb-lucha-por-el-reconocimiento-del-papel-de-los-veterinarios-en-la-salvaguardia-de-la-salud-publica\/#primaryimage\",\"url\":\"https:\/\/www.covb.cat\/wp-content\/uploads\/2020\/02\/comb_covb.jpg\",\"contentUrl\":\"https:\/\/www.covb.cat\/wp-content\/uploads\/2020\/02\/comb_covb.jpg\",\"width\":2560,\"height\":1920},{\"@type\":\"BreadcrumbList\",\"@id\":\"https:\/\/www.covb.cat\/es\/actualitat\/noticies\/general\/el-covb-lucha-por-el-reconocimiento-del-papel-de-los-veterinarios-en-la-salvaguardia-de-la-salud-publica\/#breadcrumb\",\"itemListElement\":[{\"@type\":\"ListItem\",\"position\":1,\"name\":\"Inici\",\"item\":\"https:\/\/www.covb.cat\/es\/\"},{\"@type\":\"ListItem\",\"position\":2,\"name\":\"El\u00a0COVB\u00a0lucha por el reconocimiento del papel de los veterinarios en la salvaguardia de la salud p\u00fablica\"}]},{\"@type\":\"WebSite\",\"@id\":\"https:\/\/www.covb.cat\/es\/#website\",\"url\":\"https:\/\/www.covb.cat\/es\/\",\"name\":\"COVB\",\"description\":\"Col\u00b7legi Oficial de Veterinaris de Barcelona\",\"publisher\":{\"@id\":\"https:\/\/www.covb.cat\/es\/#organization\"},\"potentialAction\":[{\"@type\":\"SearchAction\",\"target\":{\"@type\":\"EntryPoint\",\"urlTemplate\":\"https:\/\/www.covb.cat\/es\/?s={search_term_string}\"},\"query-input\":{\"@type\":\"PropertyValueSpecification\",\"valueRequired\":true,\"valueName\":\"search_term_string\"}}],\"inLanguage\":\"es\"},{\"@type\":\"Organization\",\"@id\":\"https:\/\/www.covb.cat\/es\/#organization\",\"name\":\"COVB\",\"url\":\"https:\/\/www.covb.cat\/es\/\",\"logo\":{\"@type\":\"ImageObject\",\"inLanguage\":\"es\",\"@id\":\"https:\/\/www.covb.cat\/es\/#\/schema\/logo\/image\/\",\"url\":\"https:\/\/www.covb.cat\/wp-content\/uploads\/2018\/07\/favicon-covb.png\",\"contentUrl\":\"https:\/\/www.covb.cat\/wp-content\/uploads\/2018\/07\/favicon-covb.png\",\"width\":512,\"height\":512,\"caption\":\"COVB\"},\"image\":{\"@id\":\"https:\/\/www.covb.cat\/es\/#\/schema\/logo\/image\/\"},\"sameAs\":[\"https:\/\/www.facebook.com\/COVBcat\/\",\"https:\/\/x.com\/COVBcat\",\"https:\/\/www.youtube.com\/user\/covbcn\"]},{\"@type\":\"Person\",\"@id\":\"\"}]}<\/script>\n<!-- \/ Yoast SEO plugin. -->","yoast_head_json":{"title":"El\u00a0COVB\u00a0lucha por el reconocimiento del papel de los veterinarios en la salvaguardia de la salud p\u00fablica - COVB - Col\u00b7legi Oficial de Veterinaris de Barcelona","description":"El pasado mi\u00e9rcoles, 29 de enero, el vicepresidente del Colegio Oficial de Veterinarios de Barcelona (COVB), Ricard\u00a0Par\u00e9s, y el presidente del Colegio","robots":{"index":"index","follow":"follow","max-snippet":"max-snippet:-1","max-image-preview":"max-image-preview:large","max-video-preview":"max-video-preview:-1"},"canonical":"https:\/\/www.covb.cat\/es\/actualitat\/noticies\/general\/el-covb-lucha-por-el-reconocimiento-del-papel-de-los-veterinarios-en-la-salvaguardia-de-la-salud-publica\/","og_locale":"es_ES","og_type":"article","og_title":"El\u00a0COVB\u00a0lucha por el reconocimiento del papel de los veterinarios en la salvaguardia de la salud p\u00fablica - COVB - Col\u00b7legi Oficial de Veterinaris de Barcelona","og_description":"El pasado mi\u00e9rcoles, 29 de enero, el vicepresidente del Colegio Oficial de Veterinarios de Barcelona (COVB), Ricard\u00a0Par\u00e9s, y el presidente del Colegio","og_url":"https:\/\/www.covb.cat\/es\/actualitat\/noticies\/general\/el-covb-lucha-por-el-reconocimiento-del-papel-de-los-veterinarios-en-la-salvaguardia-de-la-salud-publica\/","og_site_name":"COVB","article_publisher":"https:\/\/www.facebook.com\/COVBcat\/","article_published_time":"2020-09-14T16:51:03+00:00","og_image":[{"width":2560,"height":1920,"url":"https:\/\/www.covb.cat\/wp-content\/uploads\/2020\/02\/comb_covb.jpg","type":"image\/jpeg"}],"twitter_card":"summary_large_image","twitter_creator":"@COVBcat","twitter_site":"@COVBcat","twitter_misc":{"Escrito por":"","Tiempo de lectura":"1 minuto"},"schema":{"@context":"https:\/\/schema.org","@graph":[{"@type":"Article","@id":"https:\/\/www.covb.cat\/es\/actualitat\/noticies\/general\/el-covb-lucha-por-el-reconocimiento-del-papel-de-los-veterinarios-en-la-salvaguardia-de-la-salud-publica\/#article","isPartOf":{"@id":"https:\/\/www.covb.cat\/es\/actualitat\/noticies\/general\/el-covb-lucha-por-el-reconocimiento-del-papel-de-los-veterinarios-en-la-salvaguardia-de-la-salud-publica\/"},"author":{"name":"","@id":""},"headline":"El\u00a0COVB\u00a0lucha por el reconocimiento del papel de los veterinarios en la salvaguardia de la salud p\u00fablica","datePublished":"2020-09-14T16:51:03+00:00","mainEntityOfPage":{"@id":"https:\/\/www.covb.cat\/es\/actualitat\/noticies\/general\/el-covb-lucha-por-el-reconocimiento-del-papel-de-los-veterinarios-en-la-salvaguardia-de-la-salud-publica\/"},"wordCount":179,"publisher":{"@id":"https:\/\/www.covb.cat\/es\/#organization"},"image":{"@id":"https:\/\/www.covb.cat\/es\/actualitat\/noticies\/general\/el-covb-lucha-por-el-reconocimiento-del-papel-de-los-veterinarios-en-la-salvaguardia-de-la-salud-publica\/#primaryimage"},"thumbnailUrl":"https:\/\/www.covb.cat\/wp-content\/uploads\/2020\/02\/comb_covb.jpg","articleSection":["General"],"inLanguage":"es"},{"@type":"WebPage","@id":"https:\/\/www.covb.cat\/es\/actualitat\/noticies\/general\/el-covb-lucha-por-el-reconocimiento-del-papel-de-los-veterinarios-en-la-salvaguardia-de-la-salud-publica\/","url":"https:\/\/www.covb.cat\/es\/actualitat\/noticies\/general\/el-covb-lucha-por-el-reconocimiento-del-papel-de-los-veterinarios-en-la-salvaguardia-de-la-salud-publica\/","name":"El\u00a0COVB\u00a0lucha por el reconocimiento del papel de los veterinarios en la salvaguardia de la salud p\u00fablica - COVB - Col\u00b7legi Oficial de Veterinaris de Barcelona","isPartOf":{"@id":"https:\/\/www.covb.cat\/es\/#website"},"primaryImageOfPage":{"@id":"https:\/\/www.covb.cat\/es\/actualitat\/noticies\/general\/el-covb-lucha-por-el-reconocimiento-del-papel-de-los-veterinarios-en-la-salvaguardia-de-la-salud-publica\/#primaryimage"},"image":{"@id":"https:\/\/www.covb.cat\/es\/actualitat\/noticies\/general\/el-covb-lucha-por-el-reconocimiento-del-papel-de-los-veterinarios-en-la-salvaguardia-de-la-salud-publica\/#primaryimage"},"thumbnailUrl":"https:\/\/www.covb.cat\/wp-content\/uploads\/2020\/02\/comb_covb.jpg","datePublished":"2020-09-14T16:51:03+00:00","description":"El pasado mi\u00e9rcoles, 29 de enero, el vicepresidente del Colegio Oficial de Veterinarios de Barcelona (COVB), Ricard\u00a0Par\u00e9s, y el presidente del Colegio","breadcrumb":{"@id":"https:\/\/www.covb.cat\/es\/actualitat\/noticies\/general\/el-covb-lucha-por-el-reconocimiento-del-papel-de-los-veterinarios-en-la-salvaguardia-de-la-salud-publica\/#breadcrumb"},"inLanguage":"es","potentialAction":[{"@type":"ReadAction","target":["https:\/\/www.covb.cat\/es\/actualitat\/noticies\/general\/el-covb-lucha-por-el-reconocimiento-del-papel-de-los-veterinarios-en-la-salvaguardia-de-la-salud-publica\/"]}]},{"@type":"ImageObject","inLanguage":"es","@id":"https:\/\/www.covb.cat\/es\/actualitat\/noticies\/general\/el-covb-lucha-por-el-reconocimiento-del-papel-de-los-veterinarios-en-la-salvaguardia-de-la-salud-publica\/#primaryimage","url":"https:\/\/www.covb.cat\/wp-content\/uploads\/2020\/02\/comb_covb.jpg","contentUrl":"https:\/\/www.covb.cat\/wp-content\/uploads\/2020\/02\/comb_covb.jpg","width":2560,"height":1920},{"@type":"BreadcrumbList","@id":"https:\/\/www.covb.cat\/es\/actualitat\/noticies\/general\/el-covb-lucha-por-el-reconocimiento-del-papel-de-los-veterinarios-en-la-salvaguardia-de-la-salud-publica\/#breadcrumb","itemListElement":[{"@type":"ListItem","position":1,"name":"Inici","item":"https:\/\/www.covb.cat\/es\/"},{"@type":"ListItem","position":2,"name":"El\u00a0COVB\u00a0lucha por el reconocimiento del papel de los veterinarios en la salvaguardia de la salud p\u00fablica"}]},{"@type":"WebSite","@id":"https:\/\/www.covb.cat\/es\/#website","url":"https:\/\/www.covb.cat\/es\/","name":"COVB","description":"Col\u00b7legi Oficial de Veterinaris de Barcelona","publisher":{"@id":"https:\/\/www.covb.cat\/es\/#organization"},"potentialAction":[{"@type":"SearchAction","target":{"@type":"EntryPoint","urlTemplate":"https:\/\/www.covb.cat\/es\/?s={search_term_string}"},"query-input":{"@type":"PropertyValueSpecification","valueRequired":true,"valueName":"search_term_string"}}],"inLanguage":"es"},{"@type":"Organization","@id":"https:\/\/www.covb.cat\/es\/#organization","name":"COVB","url":"https:\/\/www.covb.cat\/es\/","logo":{"@type":"ImageObject","inLanguage":"es","@id":"https:\/\/www.covb.cat\/es\/#\/schema\/logo\/image\/","url":"https:\/\/www.covb.cat\/wp-content\/uploads\/2018\/07\/favicon-covb.png","contentUrl":"https:\/\/www.covb.cat\/wp-content\/uploads\/2018\/07\/favicon-covb.png","width":512,"height":512,"caption":"COVB"},"image":{"@id":"https:\/\/www.covb.cat\/es\/#\/schema\/logo\/image\/"},"sameAs":["https:\/\/www.facebook.com\/COVBcat\/","https:\/\/x.com\/COVBcat","https:\/\/www.youtube.com\/user\/covbcn"]},{"@type":"Person","@id":""}]}},"jetpack_featured_media_url":"https:\/\/www.covb.cat\/wp-content\/uploads\/2020\/02\/comb_covb.jpg","jetpack_sharing_enabled":true,"_links":{"self":[{"href":"https:\/\/www.covb.cat\/es\/wp-json\/wp\/v2\/posts\/2298","targetHints":{"allow":["GET"]}}],"collection":[{"href":"https:\/\/www.covb.cat\/es\/wp-json\/wp\/v2\/posts"}],"about":[{"href":"https:\/\/www.covb.cat\/es\/wp-json\/wp\/v2\/types\/post"}],"author":[{"embeddable":true,"href":"https:\/\/www.covb.cat\/es\/wp-json\/wp\/v2\/users\/106"}],"replies":[{"embeddable":true,"href":"https:\/\/www.covb.cat\/es\/wp-json\/wp\/v2\/comments?post=2298"}],"version-history":[{"count":0,"href":"https:\/\/www.covb.cat\/es\/wp-json\/wp\/v2\/posts\/2298\/revisions"}],"wp:featuredmedia":[{"embeddable":true,"href":"https:\/\/www.covb.cat\/es\/wp-json\/wp\/v2\/media\/787"}],"wp:attachment":[{"href":"https:\/\/www.covb.cat\/es\/wp-json\/wp\/v2\/media?parent=2298"}],"wp:term":[{"taxonomy":"category","embeddable":true,"href":"https:\/\/www.covb.cat\/es\/wp-json\/wp\/v2\/categories?post=2298"},{"taxonomy":"post_tag","embeddable":true,"href":"https:\/\/www.covb.cat\/es\/wp-json\/wp\/v2\/tags?post=2298"}],"curies":[{"name":"wp","href":"https:\/\/api.w.org\/{rel}","templated":true}]}}